{"id":31225,"date":"2026-02-09T08:22:44","date_gmt":"2026-02-09T07:22:44","guid":{"rendered":"https:\/\/veritasinfo.org\/?p=31225"},"modified":"2026-02-09T08:22:54","modified_gmt":"2026-02-09T07:22:54","slug":"lumi-i-shales-si-tajlanda-perle-natyrore-evropiane","status":"publish","type":"post","link":"https:\/\/veritasinfo.org\/?p=31225","title":{"rendered":"Lumi i Shal\u00ebs si Tajlanda, perl\u00eb natyrore evropiane"},"content":{"rendered":"<p>Prishtin\u00eb 9 Shkurt 2026 08:21<\/p>\n<p>Uj\u00ebra t\u00eb kristalta q\u00eb t\u00eb rr\u00ebmbejn\u00eb, shk\u00ebmbinj t\u00eb lart\u00eb, natyr\u00eb e paprekur: Ajo q\u00eb ju pret n\u00eb lumin e Shal\u00ebs n\u00eb veri t\u00eb Shqip\u00ebris\u00eb konkurron edhe Tajland\u00ebn\u201d, shkruan agjencia gjermane e udh\u00ebtimeve \u201cReise Reporter\u201d, duke e konsideruar at\u00eb nj\u00eb \u201cperl\u00eb t\u00eb natyr\u00ebs evropiane\u201d.<\/p>\n<p>Sipas \u201cReise Reporter\u201d, Shala \u00ebsht\u00eb nj\u00eb lum\u00eb q\u00eb nuk mund t\u00eb jet\u00eb m\u00eb i past\u00ebr, duke gjarp\u00ebruar n\u00ebp\u00ebr natyr\u00ebn e paprekur. Formacione t\u00eb larta shk\u00ebmbore t\u00eb gjelbra rrethojn\u00eb uj\u00ebrat e smeralda, dhe varka shum\u00ebngjyr\u00ebshe dhe plazhe t\u00eb vogla shp\u00ebrndajn\u00eb mesazhin: Mir\u00eb se vini n\u00eb lumin e Shal\u00ebs n\u00eb Shqip\u00ebri!<\/p>\n<p>\u201cKy vend natyror n\u00eb Alpet Shqiptare \u00ebsht\u00eb aq piktoresk, saq\u00eb shpesh quhet Tajlanda e Evrop\u00ebs\u201d, shkruan agjencia gjermane e udh\u00ebtimeve.<br \/>\n\u201cReise Reporter\u201d tregon se si mund t\u00eb arrihet dhe \u00e7far\u00eb pritshm\u00ebrish mund t\u00eb ket\u00eb nj\u00eb turist nga kjo mrekulli natyrore n\u00eb veri t\u00eb Shqip\u00ebris\u00eb, shkruan atsh, transmeton KosovaPress.<\/p>\n<p>Lexo po ashtu<br \/>\nLumi i Shal\u00ebs: Nj\u00eb idil natyror<br \/>\nLumi i Shal\u00ebs rrjedh n\u00ebp\u00ebr Alpet n\u00eb veri t\u00eb Shqip\u00ebris\u00eb, duke krijuar nj\u00eb vend idilik. \u00cbsht\u00eb nj\u00eb deg\u00eb e liqenit t\u00eb Komanit, n\u00eb t\u00eb cilin derdhet pas 35 kilometrash, dhe krenohet me nj\u00eb peizazh v\u00ebrtet marramend\u00ebs: Lumi gjarp\u00ebron n\u00ebp\u00ebr gryka n\u00eb vetmi t\u00eb plot\u00eb, duke magjepsur aventurier\u00ebt dhe dashamir\u00ebsit e natyr\u00ebs.<br \/>\nP\u00ebr t\u00eb shijuar lumin unik n\u00eb lugin\u00ebn e Shal\u00ebs dhe formacionet mbres\u00ebl\u00ebn\u00ebse shk\u00ebmbore p\u00ebrgjat\u00eb brigjeve t\u00eb tij p\u00ebr m\u00eb shum\u00eb sesa vet\u00ebm nj\u00eb udh\u00ebtim ditor, sht\u00ebpit\u00eb e mysafir\u00ebve t\u00eb vendosura direkt n\u00eb bregun e lumit dhe t\u00eb fshehura n\u00eb natyr\u00eb jan\u00eb ideale. K\u00ebto sht\u00ebpi mysafir\u00ebsh ofrojn\u00eb dhoma t\u00eb thjeshta gjat\u00eb sezonit t\u00eb ver\u00ebs dhe duhet t\u00eb rezervohen paraprakisht.<\/p>\n<p>Not, rreze dielli dhe lundrim me vark\u00eb<\/p>\n<p>Adhuruesit e ujit mund t\u00eb arg\u00ebtohen n\u00eb lumin mikprit\u00ebs t\u00eb Shal\u00ebs. Freskimi n\u00eb uj\u00ebrat ngjyr\u00eb bruz \u00ebsht\u00eb nj\u00eb aktivitet popullor. Shumica e sht\u00ebpizave t\u00eb mysafir\u00ebve t\u00eb vendosura p\u00ebrgjat\u00eb bregut t\u00eb lumit kan\u00eb zona plazhi t\u00eb pajisura me shezlong\u00eb dhe \u00e7adra, perfekte p\u00ebr t\u00eb marr\u00eb rreze dielli.<br \/>\nLexo po ashtu<br \/>\nP\u00ebr t\u00eb eksploruar lumin e Shal\u00ebs dhe p\u00ebr t\u00eb zbuluar grykat, uj\u00ebvarat dhe burimet e tij natyrore, organizohen ture me kajak dhe ture me varka.<\/p>\n","protected":false},"excerpt":{"rendered":"<p>Prishtin\u00eb 9 Shkurt 2026 08:21 Uj\u00ebra t\u00eb kristalta q\u00eb t\u00eb rr\u00ebmbejn\u00eb, shk\u00ebmbinj t\u00eb lart\u00eb, natyr\u00eb e paprekur: Ajo q\u00eb ju pret n\u00eb lumin e Shal\u00ebs<\/p>\n","protected":false},"author":6,"featured_media":31226,"comment_status":"open","ping_status":"open","sticky":false,"template":"","format":"standard","meta":{"footnotes":""},"categories":[54],"tags":[],"class_list":["post-31225","post","type-post","status-publish","format-standard","has-post-thumbnail","hentry","category-kulture-sq"],"yoast_head":"<!-- This site is optimized with the Yoast SEO plugin v25.3.1 - https:\/\/yoast.com\/wordpress\/plugins\/seo\/ -->\n<title>Lumi i Shal\u00ebs si Tajlanda, perl\u00eb natyrore evropiane -<\/title>\n<meta name=\"robots\" content=\"index, follow, max-snippet:-1, max-image-preview:large, max-video-preview:-1\" \/>\n<link rel=\"canonical\" href=\"https:\/\/veritasinfo.org\/?p=31225\" \/>\n<meta property=\"og:locale\" content=\"en_US\" \/>\n<meta property=\"og:type\" content=\"article\" \/>\n<meta property=\"og:title\" content=\"Lumi i Shal\u00ebs si Tajlanda, perl\u00eb natyrore evropiane -\" \/>\n<meta property=\"og:description\" content=\"Prishtin\u00eb 9 Shkurt 2026 08:21 Uj\u00ebra t\u00eb kristalta q\u00eb t\u00eb rr\u00ebmbejn\u00eb, shk\u00ebmbinj t\u00eb lart\u00eb, natyr\u00eb e paprekur: Ajo q\u00eb ju pret n\u00eb lumin e Shal\u00ebs\" \/>\n<meta property=\"og:url\" content=\"https:\/\/veritasinfo.org\/?p=31225\" \/>\n<meta property=\"article:published_time\" content=\"2026-02-09T07:22:44+00:00\" \/>\n<meta property=\"article:modified_time\" content=\"2026-02-09T07:22:54+00:00\" \/>\n<meta property=\"og:image\" content=\"https:\/\/veritasinfo.org\/wp-content\/uploads\/2026\/02\/702009_Lumi-i-Shales.webp\" \/>\n\t<meta property=\"og:image:width\" content=\"900\" \/>\n\t<meta property=\"og:image:height\" content=\"600\" \/>\n\t<meta property=\"og:image:type\" content=\"image\/webp\" \/>\n<meta name=\"author\" content=\"US5\" \/>\n<meta name=\"twitter:card\" content=\"summary_large_image\" \/>\n<meta name=\"twitter:label1\" content=\"Written by\" \/>\n\t<meta name=\"twitter:data1\" content=\"US5\" \/>\n\t<meta name=\"twitter:label2\" content=\"Est. reading time\" \/>\n\t<meta name=\"twitter:data2\" content=\"2 minutes\" \/>\n<script type=\"application\/ld+json\" class=\"yoast-schema-graph\">{\"@context\":\"https:\/\/schema.org\",\"@graph\":[{\"@type\":\"WebPage\",\"@id\":\"https:\/\/veritasinfo.org\/?p=31225\",\"url\":\"https:\/\/veritasinfo.org\/?p=31225\",\"name\":\"Lumi i Shal\u00ebs si Tajlanda, perl\u00eb natyrore evropiane -\",\"isPartOf\":{\"@id\":\"https:\/\/veritasinfo.org\/#website\"},\"primaryImageOfPage\":{\"@id\":\"https:\/\/veritasinfo.org\/?p=31225#primaryimage\"},\"image\":{\"@id\":\"https:\/\/veritasinfo.org\/?p=31225#primaryimage\"},\"thumbnailUrl\":\"https:\/\/veritasinfo.org\/wp-content\/uploads\/2026\/02\/702009_Lumi-i-Shales.webp\",\"datePublished\":\"2026-02-09T07:22:44+00:00\",\"dateModified\":\"2026-02-09T07:22:54+00:00\",\"author\":{\"@id\":\"https:\/\/veritasinfo.org\/#\/schema\/person\/bc442336e35414d04494ab8fb45db4c6\"},\"breadcrumb\":{\"@id\":\"https:\/\/veritasinfo.org\/?p=31225#breadcrumb\"},\"inLanguage\":\"en-US\",\"potentialAction\":[{\"@type\":\"ReadAction\",\"target\":[\"https:\/\/veritasinfo.org\/?p=31225\"]}]},{\"@type\":\"ImageObject\",\"inLanguage\":\"en-US\",\"@id\":\"https:\/\/veritasinfo.org\/?p=31225#primaryimage\",\"url\":\"https:\/\/veritasinfo.org\/wp-content\/uploads\/2026\/02\/702009_Lumi-i-Shales.webp\",\"contentUrl\":\"https:\/\/veritasinfo.org\/wp-content\/uploads\/2026\/02\/702009_Lumi-i-Shales.webp\",\"width\":900,\"height\":600},{\"@type\":\"BreadcrumbList\",\"@id\":\"https:\/\/veritasinfo.org\/?p=31225#breadcrumb\",\"itemListElement\":[{\"@type\":\"ListItem\",\"position\":1,\"name\":\"Home\",\"item\":\"https:\/\/veritasinfo.org\/\"},{\"@type\":\"ListItem\",\"position\":2,\"name\":\"Lumi i Shal\u00ebs si Tajlanda, perl\u00eb natyrore evropiane\"}]},{\"@type\":\"WebSite\",\"@id\":\"https:\/\/veritasinfo.org\/#website\",\"url\":\"https:\/\/veritasinfo.org\/\",\"name\":\"\",\"description\":\"\",\"potentialAction\":[{\"@type\":\"SearchAction\",\"target\":{\"@type\":\"EntryPoint\",\"urlTemplate\":\"https:\/\/veritasinfo.org\/?s={search_term_string}\"},\"query-input\":{\"@type\":\"PropertyValueSpecification\",\"valueRequired\":true,\"valueName\":\"search_term_string\"}}],\"inLanguage\":\"en-US\"},{\"@type\":\"Person\",\"@id\":\"https:\/\/veritasinfo.org\/#\/schema\/person\/bc442336e35414d04494ab8fb45db4c6\",\"name\":\"US5\",\"image\":{\"@type\":\"ImageObject\",\"inLanguage\":\"en-US\",\"@id\":\"https:\/\/veritasinfo.org\/#\/schema\/person\/image\/\",\"url\":\"https:\/\/secure.gravatar.com\/avatar\/16a61e7272a0c5d001121ebb9e60e925d5816e4ac1e443ed3e640d9a6ae55d0c?s=96&d=mm&r=g\",\"contentUrl\":\"https:\/\/secure.gravatar.com\/avatar\/16a61e7272a0c5d001121ebb9e60e925d5816e4ac1e443ed3e640d9a6ae55d0c?s=96&d=mm&r=g\",\"caption\":\"US5\"},\"url\":\"https:\/\/veritasinfo.org\/?author=6\"}]}<\/script>\n<!-- \/ Yoast SEO plugin. -->","yoast_head_json":{"title":"Lumi i Shal\u00ebs si Tajlanda, perl\u00eb natyrore evropiane -","robots":{"index":"index","follow":"follow","max-snippet":"max-snippet:-1","max-image-preview":"max-image-preview:large","max-video-preview":"max-video-preview:-1"},"canonical":"https:\/\/veritasinfo.org\/?p=31225","og_locale":"en_US","og_type":"article","og_title":"Lumi i Shal\u00ebs si Tajlanda, perl\u00eb natyrore evropiane -","og_description":"Prishtin\u00eb 9 Shkurt 2026 08:21 Uj\u00ebra t\u00eb kristalta q\u00eb t\u00eb rr\u00ebmbejn\u00eb, shk\u00ebmbinj t\u00eb lart\u00eb, natyr\u00eb e paprekur: Ajo q\u00eb ju pret n\u00eb lumin e Shal\u00ebs","og_url":"https:\/\/veritasinfo.org\/?p=31225","article_published_time":"2026-02-09T07:22:44+00:00","article_modified_time":"2026-02-09T07:22:54+00:00","og_image":[{"width":900,"height":600,"url":"https:\/\/veritasinfo.org\/wp-content\/uploads\/2026\/02\/702009_Lumi-i-Shales.webp","type":"image\/webp"}],"author":"US5","twitter_card":"summary_large_image","twitter_misc":{"Written by":"US5","Est. reading time":"2 minutes"},"schema":{"@context":"https:\/\/schema.org","@graph":[{"@type":"WebPage","@id":"https:\/\/veritasinfo.org\/?p=31225","url":"https:\/\/veritasinfo.org\/?p=31225","name":"Lumi i Shal\u00ebs si Tajlanda, perl\u00eb natyrore evropiane -","isPartOf":{"@id":"https:\/\/veritasinfo.org\/#website"},"primaryImageOfPage":{"@id":"https:\/\/veritasinfo.org\/?p=31225#primaryimage"},"image":{"@id":"https:\/\/veritasinfo.org\/?p=31225#primaryimage"},"thumbnailUrl":"https:\/\/veritasinfo.org\/wp-content\/uploads\/2026\/02\/702009_Lumi-i-Shales.webp","datePublished":"2026-02-09T07:22:44+00:00","dateModified":"2026-02-09T07:22:54+00:00","author":{"@id":"https:\/\/veritasinfo.org\/#\/schema\/person\/bc442336e35414d04494ab8fb45db4c6"},"breadcrumb":{"@id":"https:\/\/veritasinfo.org\/?p=31225#breadcrumb"},"inLanguage":"en-US","potentialAction":[{"@type":"ReadAction","target":["https:\/\/veritasinfo.org\/?p=31225"]}]},{"@type":"ImageObject","inLanguage":"en-US","@id":"https:\/\/veritasinfo.org\/?p=31225#primaryimage","url":"https:\/\/veritasinfo.org\/wp-content\/uploads\/2026\/02\/702009_Lumi-i-Shales.webp","contentUrl":"https:\/\/veritasinfo.org\/wp-content\/uploads\/2026\/02\/702009_Lumi-i-Shales.webp","width":900,"height":600},{"@type":"BreadcrumbList","@id":"https:\/\/veritasinfo.org\/?p=31225#breadcrumb","itemListElement":[{"@type":"ListItem","position":1,"name":"Home","item":"https:\/\/veritasinfo.org\/"},{"@type":"ListItem","position":2,"name":"Lumi i Shal\u00ebs si Tajlanda, perl\u00eb natyrore evropiane"}]},{"@type":"WebSite","@id":"https:\/\/veritasinfo.org\/#website","url":"https:\/\/veritasinfo.org\/","name":"","description":"","potentialAction":[{"@type":"SearchAction","target":{"@type":"EntryPoint","urlTemplate":"https:\/\/veritasinfo.org\/?s={search_term_string}"},"query-input":{"@type":"PropertyValueSpecification","valueRequired":true,"valueName":"search_term_string"}}],"inLanguage":"en-US"},{"@type":"Person","@id":"https:\/\/veritasinfo.org\/#\/schema\/person\/bc442336e35414d04494ab8fb45db4c6","name":"US5","image":{"@type":"ImageObject","inLanguage":"en-US","@id":"https:\/\/veritasinfo.org\/#\/schema\/person\/image\/","url":"https:\/\/secure.gravatar.com\/avatar\/16a61e7272a0c5d001121ebb9e60e925d5816e4ac1e443ed3e640d9a6ae55d0c?s=96&d=mm&r=g","contentUrl":"https:\/\/secure.gravatar.com\/avatar\/16a61e7272a0c5d001121ebb9e60e925d5816e4ac1e443ed3e640d9a6ae55d0c?s=96&d=mm&r=g","caption":"US5"},"url":"https:\/\/veritasinfo.org\/?author=6"}]}},"featured_image_urls":{"full":["https:\/\/veritasinfo.org\/wp-content\/uploads\/2026\/02\/702009_Lumi-i-Shales.webp",900,600,false],"thumbnail":["https:\/\/veritasinfo.org\/wp-content\/uploads\/2026\/02\/702009_Lumi-i-Shales-150x150.webp",150,150,true],"medium":["https:\/\/veritasinfo.org\/wp-content\/uploads\/2026\/02\/702009_Lumi-i-Shales-300x200.webp",300,200,true],"medium_large":["https:\/\/veritasinfo.org\/wp-content\/uploads\/2026\/02\/702009_Lumi-i-Shales-768x512.webp",640,427,true],"large":["https:\/\/veritasinfo.org\/wp-content\/uploads\/2026\/02\/702009_Lumi-i-Shales.webp",640,427,false],"1536x1536":["https:\/\/veritasinfo.org\/wp-content\/uploads\/2026\/02\/702009_Lumi-i-Shales.webp",900,600,false],"2048x2048":["https:\/\/veritasinfo.org\/wp-content\/uploads\/2026\/02\/702009_Lumi-i-Shales.webp",900,600,false],"kreeti-slider-full":["https:\/\/veritasinfo.org\/wp-content\/uploads\/2026\/02\/702009_Lumi-i-Shales.webp",900,600,false],"kreeti-featured":["https:\/\/veritasinfo.org\/wp-content\/uploads\/2026\/02\/702009_Lumi-i-Shales.webp",900,600,false],"kreeti-medium":["https:\/\/veritasinfo.org\/wp-content\/uploads\/2026\/02\/702009_Lumi-i-Shales.webp",720,480,false],"kreeti-medium-square":["https:\/\/veritasinfo.org\/wp-content\/uploads\/2026\/02\/702009_Lumi-i-Shales.webp",350,233,false]},"author_info":{"info":["US5"]},"category_info":"<a href=\"https:\/\/veritasinfo.org\/?cat=54\" rel=\"category\">Kultur\u00eb<\/a>","tag_info":"Kultur\u00eb","comment_count":"0","_links":{"self":[{"href":"https:\/\/veritasinfo.org\/index.php?rest_route=\/wp\/v2\/posts\/31225","targetHints":{"allow":["GET"]}}],"collection":[{"href":"https:\/\/veritasinfo.org\/index.php?rest_route=\/wp\/v2\/posts"}],"about":[{"href":"https:\/\/veritasinfo.org\/index.php?rest_route=\/wp\/v2\/types\/post"}],"author":[{"embeddable":true,"href":"https:\/\/veritasinfo.org\/index.php?rest_route=\/wp\/v2\/users\/6"}],"replies":[{"embeddable":true,"href":"https:\/\/veritasinfo.org\/index.php?rest_route=%2Fwp%2Fv2%2Fcomments&post=31225"}],"version-history":[{"count":2,"href":"https:\/\/veritasinfo.org\/index.php?rest_route=\/wp\/v2\/posts\/31225\/revisions"}],"predecessor-version":[{"id":31228,"href":"https:\/\/veritasinfo.org\/index.php?rest_route=\/wp\/v2\/posts\/31225\/revisions\/31228"}],"wp:featuredmedia":[{"embeddable":true,"href":"https:\/\/veritasinfo.org\/index.php?rest_route=\/wp\/v2\/media\/31226"}],"wp:attachment":[{"href":"https:\/\/veritasinfo.org\/index.php?rest_route=%2Fwp%2Fv2%2Fmedia&parent=31225"}],"wp:term":[{"taxonomy":"category","embeddable":true,"href":"https:\/\/veritasinfo.org\/index.php?rest_route=%2Fwp%2Fv2%2Fcategories&post=31225"},{"taxonomy":"post_tag","embeddable":true,"href":"https:\/\/veritasinfo.org\/index.php?rest_route=%2Fwp%2Fv2%2Ftags&post=31225"}],"curies":[{"name":"wp","href":"https:\/\/api.w.org\/{rel}","templated":true}]}}