{"id":31218,"date":"2026-02-09T08:07:47","date_gmt":"2026-02-09T07:07:47","guid":{"rendered":"https:\/\/veritasinfo.org\/?p=31218"},"modified":"2026-02-09T08:07:47","modified_gmt":"2026-02-09T07:07:47","slug":"kipar-nastavlja-da-diskriminise-kosovske-karatiste","status":"publish","type":"post","link":"https:\/\/veritasinfo.org\/?p=31218&lang=sr","title":{"rendered":"Kipar nastavlja da diskrimini\u0161e kosovske karatiste"},"content":{"rendered":"<p>Pri\u0161tina, 9. februar 2026. 08:06<\/p>\n<p>Preko 1000 takmi\u010dara u\u010destvovalo je na Evropskom prvenstvu u karateu za kadete, juniore i mla\u0111e od 21 godine, koje je odr\u017eano u Limasolu, na Kipru, tokom vikenda.<\/p>\n<p>Ali ne i kosovski karatisti.<\/p>\n<p>Kosovu nije bilo dozvoljeno da u\u010destvuje sa dr\u017eavnim simbolima na Evropskom prvenstvu na Kipru. U\u010de\u0161c\u0301e bez simbola nije bila opcija.<\/p>\n<p>Potvrdu da kosovskim karatistima nec\u0301e biti dozvoljeno da se takmi\u010de ravnopravno sa takmi\u010darima iz drugih zemalja, Kosovski savez je dobio pre nekoliko nedelja.<\/p>\n<p>KOHA je obezbedila komunikaciju koju je Kosovski karate savez imao sa Ministarstvom spoljnih poslova Kipra, Karate savezom ove zemlje i Evropskom karate savezom.<\/p>\n<p>Predstavniku Kosova nije bilo dozvoljeno da se pojavi sa ravnopravnim pravima i iz tog razloga je odlu\u010deno da karatisti nec\u0301e putovati da u\u010destvuju na glavnom kontinentalnom doga\u0111aju.<br \/>\nVlada Kipra je odlu\u010dila da kosovski sportisti ne mogu da se takmi\u010de sa dr\u017eavnim simbolima na Evropskom prvenstvu. Odluku Vlade Kipra prihvatila je Evropska karate federacija i tako su kosovski karatisti ostali van takmi\u010denja koje je po\u010delo u petak, a zavr\u0161ilo se u nedelju.<br \/>\nKipar ne priznaje dr\u017eavu Kosovo i odlu\u010dio je da nastavi sa diskriminatorskim stavom prema kosovskim sportistima.<\/p>\n<p>Pismo Ministarstva spoljnih poslova Kipra jasno navodi za\u0161to kosovski sportisti nisu mogli da u\u010destvuju sa dr\u017eavnim simbolima na Evropskom prvenstvu.<\/p>\n<p>\u201eRepublika Kipar ne priznaje jednostrano progla\u0161enu nezavisnost Kosova. Uzimajuc\u0301i to u obzir, Republika Kipar ne dozvoljava upotrebu simbola koji bi mogli da impliciraju priznanje\u201c, navodi se u pismu od 16. januara.<\/p>\n<p>Komunikacija generalnog sekretara Kosovske federacije, Nazmija Ga\u0161ija, po\u010dela je 12. januara.<\/p>\n<p>Ga\u0161i je pisao sekretaru Evropske karate federacije, Davoru Cipeku, koji je jasno stavio do znanja da Kosovo mo\u017ee da u\u010destvuje u skladu sa pravilima koja je postavilo \u201enadle\u017eno ministarstvo Kipra\u201c.<\/p>\n<p>20. januara, Kosovska federacija je primila pismo od predsednika Kiparske karate federacije, Fotisa Maratovuniotisa.<\/p>\n<p>U pismu se navodi da vlada Kipra ne dozvoljava karatekama da prikazuju dr\u017eavne simbole Kosova.<\/p>\n<p>\u201eKiparska karate federacija, strogo se pridr\u017eavajuc\u0301i uputstava i propisa Republike Kipar, nije u moguc\u0301nosti da prikazuje bilo koji simbol, zastavu ili himnu Kosova. Me\u0111utim, va\u0161e u\u010de\u0161c\u0301e mo\u017ee biti dozvoljeno pod simbolom Kosovske karate federacije, \u0161to ne podle\u017ee nikakvim ograni\u010denjima. \u017deleli bismo da naglasimo da je Kosovska karate federacija dobrodo\u0161la da normalno u\u010destvuje na Evropskim prvenstvima\u201c, navodi se u pismu Kiparske karate federacije.<\/p>\n<p>Tri dana kasnije, Kosovska federacija je primila jo\u0161 jedno pismo kojim je obave\u0161tena da ne mo\u017ee ravnopravno u\u010destvovati sa drugim zemljama na Evropskom prvenstvu.<\/p>\n<p>Predsednik Organizacionog odbora Evropske karate federacije, Marton Falusi, pisao je Kosovskoj federaciji 23. januara da je du\u017ena da po\u0161tuje zakone Kipra.<\/p>\n<p>\u201eEKF nije igrao nikakvu ulogu u odre\u0111ivanju ovih pravnih uslova i nema ovla\u0161c\u0301enja da ih menja. Glavni cilj EKF-a ostaje da obezbedi u\u010de\u0161c\u0301e takmi\u010dara kad god je to moguc\u0301e, uz potpuno po\u0161tovanje va\u017eec\u0301ih pravnih okolnosti. U tom kontekstu, EKF nastoji da ponudi Karate federaciji Kosova i njenim sportistima priliku da se takmi\u010de, a moguc\u0301e re\u0161enje &#8211; ako je prihvatljivo va\u0161oj federaciji &#8211; bilo bi u\u010de\u0161c\u0301e pod imenom i zastavom Karate federacije Kosova. Na\u0161 cilj ostaje da pru\u017eimo podr\u0161ku i odr\u017eimo konstruktivnu saradnju. \u010cekamo va\u0161 pozitivan odgovor.\u201c<\/p>\n<p>Ali ovaj neravnopravni na\u010din predstavljanja nisu prihvatili \u010delnici kosovskog karatea.<br \/>\nPre tri godine, Kosovu nije bilo dozvoljeno da u\u010destvuje sa jednakim pravima na Evropskom prvenstvu za kadete, juniore i starosnu grupu U21. Evropsko prvenstvo je tako\u0111e organizovano na Kipru.<br \/>\nKaratisti su, umesto da budu u areni, stajali na tribinama.<\/p>\n<p>\u201eNismo \u017eeleli da idemo, da imamo tro\u0161kove kao 2023. godine i da se vratimo bez takmi\u010denja. Doneli smo odluku u izvr\u0161nom odboru da nec\u0301emo u\u010destvovati bez simbola. Istu odluku smo odobrili i u Skup\u0161tini rada. Nismo oti\u0161li \u200b\u200bbez simbola. Isto c\u0301e biti slu\u010daj i na Balkanskom prvenstvu za seniore koje c\u0301e se odr\u017eati u Banjaluci. Tamo ga organizuje Federacija Republike Srpske Bosne i Hercegovine. Gde tvrdimo da nec\u0301e biti dozvoljeno predstavljanje sa dr\u017eavnim simbolima, odlu\u010dili smo da ne u\u010destvujemo\u201c, rekao je Nazmi Ga\u0161i.<\/p>\n<p>Seniorski i selektor kosovske reprezentacije do 21 godine, Isak Kuri, misli druga\u010dije. On smatra da Kosovo treba da u\u010destvuje na kontinentalnim doga\u0111ajima \u010dak i kada im nije dozvoljeno da nose simbole.<\/p>\n<p>\u201eRusija, kao supersila, danas se takmi\u010di bez zastave i himne, pod neutralnim imenima kao \u0161to su WKF ili EKF. Dok mi, koji mo\u017eemo da se predstavimo imenom Kosovo, ali bez zastave, biramo potpuno odsustvo. Ovo ne ka\u017enjava zemlje koje nas ne priznaju.\u201c<\/p>\n","protected":false},"excerpt":{"rendered":"<p>Pri\u0161tina, 9. februar 2026. 08:06 Preko 1000 takmi\u010dara u\u010destvovalo je na Evropskom prvenstvu u karateu za kadete, juniore i mla\u0111e od 21 godine, koje je<\/p>\n","protected":false},"author":6,"featured_media":31216,"comment_status":"open","ping_status":"open","sticky":false,"template":"","format":"standard","meta":{"footnotes":""},"categories":[36],"tags":[],"class_list":["post-31218","post","type-post","status-publish","format-standard","has-post-thumbnail","hentry","category-sport-sr"],"yoast_head":"<!-- This site is optimized with the Yoast SEO plugin v25.3.1 - https:\/\/yoast.com\/wordpress\/plugins\/seo\/ -->\n<title>Kipar nastavlja da diskrimini\u0161e kosovske karatiste -<\/title>\n<meta name=\"robots\" content=\"index, follow, max-snippet:-1, max-image-preview:large, max-video-preview:-1\" \/>\n<link rel=\"canonical\" href=\"https:\/\/veritasinfo.org\/?p=31218&lang=sr\" \/>\n<meta property=\"og:locale\" content=\"en_US\" \/>\n<meta property=\"og:type\" content=\"article\" \/>\n<meta property=\"og:title\" content=\"Kipar nastavlja da diskrimini\u0161e kosovske karatiste -\" \/>\n<meta property=\"og:description\" content=\"Pri\u0161tina, 9. februar 2026. 08:06 Preko 1000 takmi\u010dara u\u010destvovalo je na Evropskom prvenstvu u karateu za kadete, juniore i mla\u0111e od 21 godine, koje je\" \/>\n<meta property=\"og:url\" content=\"https:\/\/veritasinfo.org\/?p=31218&amp;lang=sr\" \/>\n<meta property=\"article:published_time\" content=\"2026-02-09T07:07:47+00:00\" \/>\n<meta property=\"og:image\" content=\"https:\/\/veritasinfo.org\/wp-content\/uploads\/2026\/02\/1f28b65e-e682-4d14-b063-a171e6a9edfc.webp\" \/>\n\t<meta property=\"og:image:width\" content=\"1305\" \/>\n\t<meta property=\"og:image:height\" content=\"718\" \/>\n\t<meta property=\"og:image:type\" content=\"image\/webp\" \/>\n<meta name=\"author\" content=\"US5\" \/>\n<meta name=\"twitter:card\" content=\"summary_large_image\" \/>\n<meta name=\"twitter:label1\" content=\"Written by\" \/>\n\t<meta name=\"twitter:data1\" content=\"US5\" \/>\n\t<meta name=\"twitter:label2\" content=\"Est. reading time\" \/>\n\t<meta name=\"twitter:data2\" content=\"1 minute\" \/>\n<script type=\"application\/ld+json\" class=\"yoast-schema-graph\">{\"@context\":\"https:\/\/schema.org\",\"@graph\":[{\"@type\":\"WebPage\",\"@id\":\"https:\/\/veritasinfo.org\/?p=31218&lang=sr\",\"url\":\"https:\/\/veritasinfo.org\/?p=31218&lang=sr\",\"name\":\"Kipar nastavlja da diskrimini\u0161e kosovske karatiste -\",\"isPartOf\":{\"@id\":\"https:\/\/veritasinfo.org\/#website\"},\"primaryImageOfPage\":{\"@id\":\"https:\/\/veritasinfo.org\/?p=31218&lang=sr#primaryimage\"},\"image\":{\"@id\":\"https:\/\/veritasinfo.org\/?p=31218&lang=sr#primaryimage\"},\"thumbnailUrl\":\"https:\/\/veritasinfo.org\/wp-content\/uploads\/2026\/02\/1f28b65e-e682-4d14-b063-a171e6a9edfc.webp\",\"datePublished\":\"2026-02-09T07:07:47+00:00\",\"author\":{\"@id\":\"https:\/\/veritasinfo.org\/#\/schema\/person\/bc442336e35414d04494ab8fb45db4c6\"},\"breadcrumb\":{\"@id\":\"https:\/\/veritasinfo.org\/?p=31218&lang=sr#breadcrumb\"},\"inLanguage\":\"en-US\",\"potentialAction\":[{\"@type\":\"ReadAction\",\"target\":[\"https:\/\/veritasinfo.org\/?p=31218&lang=sr\"]}]},{\"@type\":\"ImageObject\",\"inLanguage\":\"en-US\",\"@id\":\"https:\/\/veritasinfo.org\/?p=31218&lang=sr#primaryimage\",\"url\":\"https:\/\/veritasinfo.org\/wp-content\/uploads\/2026\/02\/1f28b65e-e682-4d14-b063-a171e6a9edfc.webp\",\"contentUrl\":\"https:\/\/veritasinfo.org\/wp-content\/uploads\/2026\/02\/1f28b65e-e682-4d14-b063-a171e6a9edfc.webp\",\"width\":1305,\"height\":718},{\"@type\":\"BreadcrumbList\",\"@id\":\"https:\/\/veritasinfo.org\/?p=31218&lang=sr#breadcrumb\",\"itemListElement\":[{\"@type\":\"ListItem\",\"position\":1,\"name\":\"Home\",\"item\":\"https:\/\/veritasinfo.org\/\"},{\"@type\":\"ListItem\",\"position\":2,\"name\":\"Kipar nastavlja da diskrimini\u0161e kosovske karatiste\"}]},{\"@type\":\"WebSite\",\"@id\":\"https:\/\/veritasinfo.org\/#website\",\"url\":\"https:\/\/veritasinfo.org\/\",\"name\":\"\",\"description\":\"\",\"potentialAction\":[{\"@type\":\"SearchAction\",\"target\":{\"@type\":\"EntryPoint\",\"urlTemplate\":\"https:\/\/veritasinfo.org\/?s={search_term_string}\"},\"query-input\":{\"@type\":\"PropertyValueSpecification\",\"valueRequired\":true,\"valueName\":\"search_term_string\"}}],\"inLanguage\":\"en-US\"},{\"@type\":\"Person\",\"@id\":\"https:\/\/veritasinfo.org\/#\/schema\/person\/bc442336e35414d04494ab8fb45db4c6\",\"name\":\"US5\",\"image\":{\"@type\":\"ImageObject\",\"inLanguage\":\"en-US\",\"@id\":\"https:\/\/veritasinfo.org\/#\/schema\/person\/image\/\",\"url\":\"https:\/\/secure.gravatar.com\/avatar\/16a61e7272a0c5d001121ebb9e60e925d5816e4ac1e443ed3e640d9a6ae55d0c?s=96&d=mm&r=g\",\"contentUrl\":\"https:\/\/secure.gravatar.com\/avatar\/16a61e7272a0c5d001121ebb9e60e925d5816e4ac1e443ed3e640d9a6ae55d0c?s=96&d=mm&r=g\",\"caption\":\"US5\"},\"url\":\"https:\/\/veritasinfo.org\/?author=6\"}]}<\/script>\n<!-- \/ Yoast SEO plugin. -->","yoast_head_json":{"title":"Kipar nastavlja da diskrimini\u0161e kosovske karatiste -","robots":{"index":"index","follow":"follow","max-snippet":"max-snippet:-1","max-image-preview":"max-image-preview:large","max-video-preview":"max-video-preview:-1"},"canonical":"https:\/\/veritasinfo.org\/?p=31218&lang=sr","og_locale":"en_US","og_type":"article","og_title":"Kipar nastavlja da diskrimini\u0161e kosovske karatiste -","og_description":"Pri\u0161tina, 9. februar 2026. 08:06 Preko 1000 takmi\u010dara u\u010destvovalo je na Evropskom prvenstvu u karateu za kadete, juniore i mla\u0111e od 21 godine, koje je","og_url":"https:\/\/veritasinfo.org\/?p=31218&lang=sr","article_published_time":"2026-02-09T07:07:47+00:00","og_image":[{"width":1305,"height":718,"url":"https:\/\/veritasinfo.org\/wp-content\/uploads\/2026\/02\/1f28b65e-e682-4d14-b063-a171e6a9edfc.webp","type":"image\/webp"}],"author":"US5","twitter_card":"summary_large_image","twitter_misc":{"Written by":"US5","Est. reading time":"1 minute"},"schema":{"@context":"https:\/\/schema.org","@graph":[{"@type":"WebPage","@id":"https:\/\/veritasinfo.org\/?p=31218&lang=sr","url":"https:\/\/veritasinfo.org\/?p=31218&lang=sr","name":"Kipar nastavlja da diskrimini\u0161e kosovske karatiste -","isPartOf":{"@id":"https:\/\/veritasinfo.org\/#website"},"primaryImageOfPage":{"@id":"https:\/\/veritasinfo.org\/?p=31218&lang=sr#primaryimage"},"image":{"@id":"https:\/\/veritasinfo.org\/?p=31218&lang=sr#primaryimage"},"thumbnailUrl":"https:\/\/veritasinfo.org\/wp-content\/uploads\/2026\/02\/1f28b65e-e682-4d14-b063-a171e6a9edfc.webp","datePublished":"2026-02-09T07:07:47+00:00","author":{"@id":"https:\/\/veritasinfo.org\/#\/schema\/person\/bc442336e35414d04494ab8fb45db4c6"},"breadcrumb":{"@id":"https:\/\/veritasinfo.org\/?p=31218&lang=sr#breadcrumb"},"inLanguage":"en-US","potentialAction":[{"@type":"ReadAction","target":["https:\/\/veritasinfo.org\/?p=31218&lang=sr"]}]},{"@type":"ImageObject","inLanguage":"en-US","@id":"https:\/\/veritasinfo.org\/?p=31218&lang=sr#primaryimage","url":"https:\/\/veritasinfo.org\/wp-content\/uploads\/2026\/02\/1f28b65e-e682-4d14-b063-a171e6a9edfc.webp","contentUrl":"https:\/\/veritasinfo.org\/wp-content\/uploads\/2026\/02\/1f28b65e-e682-4d14-b063-a171e6a9edfc.webp","width":1305,"height":718},{"@type":"BreadcrumbList","@id":"https:\/\/veritasinfo.org\/?p=31218&lang=sr#breadcrumb","itemListElement":[{"@type":"ListItem","position":1,"name":"Home","item":"https:\/\/veritasinfo.org\/"},{"@type":"ListItem","position":2,"name":"Kipar nastavlja da diskrimini\u0161e kosovske karatiste"}]},{"@type":"WebSite","@id":"https:\/\/veritasinfo.org\/#website","url":"https:\/\/veritasinfo.org\/","name":"","description":"","potentialAction":[{"@type":"SearchAction","target":{"@type":"EntryPoint","urlTemplate":"https:\/\/veritasinfo.org\/?s={search_term_string}"},"query-input":{"@type":"PropertyValueSpecification","valueRequired":true,"valueName":"search_term_string"}}],"inLanguage":"en-US"},{"@type":"Person","@id":"https:\/\/veritasinfo.org\/#\/schema\/person\/bc442336e35414d04494ab8fb45db4c6","name":"US5","image":{"@type":"ImageObject","inLanguage":"en-US","@id":"https:\/\/veritasinfo.org\/#\/schema\/person\/image\/","url":"https:\/\/secure.gravatar.com\/avatar\/16a61e7272a0c5d001121ebb9e60e925d5816e4ac1e443ed3e640d9a6ae55d0c?s=96&d=mm&r=g","contentUrl":"https:\/\/secure.gravatar.com\/avatar\/16a61e7272a0c5d001121ebb9e60e925d5816e4ac1e443ed3e640d9a6ae55d0c?s=96&d=mm&r=g","caption":"US5"},"url":"https:\/\/veritasinfo.org\/?author=6"}]}},"featured_image_urls":{"full":["https:\/\/veritasinfo.org\/wp-content\/uploads\/2026\/02\/1f28b65e-e682-4d14-b063-a171e6a9edfc.webp",1305,718,false],"thumbnail":["https:\/\/veritasinfo.org\/wp-content\/uploads\/2026\/02\/1f28b65e-e682-4d14-b063-a171e6a9edfc-150x150.webp",150,150,true],"medium":["https:\/\/veritasinfo.org\/wp-content\/uploads\/2026\/02\/1f28b65e-e682-4d14-b063-a171e6a9edfc-300x165.webp",300,165,true],"medium_large":["https:\/\/veritasinfo.org\/wp-content\/uploads\/2026\/02\/1f28b65e-e682-4d14-b063-a171e6a9edfc-768x423.webp",640,353,true],"large":["https:\/\/veritasinfo.org\/wp-content\/uploads\/2026\/02\/1f28b65e-e682-4d14-b063-a171e6a9edfc-1024x563.webp",640,352,true],"1536x1536":["https:\/\/veritasinfo.org\/wp-content\/uploads\/2026\/02\/1f28b65e-e682-4d14-b063-a171e6a9edfc.webp",1305,718,false],"2048x2048":["https:\/\/veritasinfo.org\/wp-content\/uploads\/2026\/02\/1f28b65e-e682-4d14-b063-a171e6a9edfc.webp",1305,718,false],"kreeti-slider-full":["https:\/\/veritasinfo.org\/wp-content\/uploads\/2026\/02\/1f28b65e-e682-4d14-b063-a171e6a9edfc.webp",1280,704,false],"kreeti-featured":["https:\/\/veritasinfo.org\/wp-content\/uploads\/2026\/02\/1f28b65e-e682-4d14-b063-a171e6a9edfc.webp",1024,563,false],"kreeti-medium":["https:\/\/veritasinfo.org\/wp-content\/uploads\/2026\/02\/1f28b65e-e682-4d14-b063-a171e6a9edfc.webp",720,396,false],"kreeti-medium-square":["https:\/\/veritasinfo.org\/wp-content\/uploads\/2026\/02\/1f28b65e-e682-4d14-b063-a171e6a9edfc.webp",350,193,false]},"author_info":{"info":["US5"]},"category_info":"<a href=\"https:\/\/veritasinfo.org\/?cat=36&#038;lang=sr\" rel=\"category\">Sport<\/a>","tag_info":"Sport","comment_count":"0","_links":{"self":[{"href":"https:\/\/veritasinfo.org\/index.php?rest_route=\/wp\/v2\/posts\/31218","targetHints":{"allow":["GET"]}}],"collection":[{"href":"https:\/\/veritasinfo.org\/index.php?rest_route=\/wp\/v2\/posts"}],"about":[{"href":"https:\/\/veritasinfo.org\/index.php?rest_route=\/wp\/v2\/types\/post"}],"author":[{"embeddable":true,"href":"https:\/\/veritasinfo.org\/index.php?rest_route=\/wp\/v2\/users\/6"}],"replies":[{"embeddable":true,"href":"https:\/\/veritasinfo.org\/index.php?rest_route=%2Fwp%2Fv2%2Fcomments&post=31218"}],"version-history":[{"count":1,"href":"https:\/\/veritasinfo.org\/index.php?rest_route=\/wp\/v2\/posts\/31218\/revisions"}],"predecessor-version":[{"id":31219,"href":"https:\/\/veritasinfo.org\/index.php?rest_route=\/wp\/v2\/posts\/31218\/revisions\/31219"}],"wp:featuredmedia":[{"embeddable":true,"href":"https:\/\/veritasinfo.org\/index.php?rest_route=\/wp\/v2\/media\/31216"}],"wp:attachment":[{"href":"https:\/\/veritasinfo.org\/index.php?rest_route=%2Fwp%2Fv2%2Fmedia&parent=31218"}],"wp:term":[{"taxonomy":"category","embeddable":true,"href":"https:\/\/veritasinfo.org\/index.php?rest_route=%2Fwp%2Fv2%2Fcategories&post=31218"},{"taxonomy":"post_tag","embeddable":true,"href":"https:\/\/veritasinfo.org\/index.php?rest_route=%2Fwp%2Fv2%2Ftags&post=31218"}],"curies":[{"name":"wp","href":"https:\/\/api.w.org\/{rel}","templated":true}]}}