{"id":31215,"date":"2026-02-09T08:06:10","date_gmt":"2026-02-09T07:06:10","guid":{"rendered":"https:\/\/veritasinfo.org\/?p=31215"},"modified":"2026-02-09T08:06:10","modified_gmt":"2026-02-09T07:06:10","slug":"qiproja-vazhdon-diskriminimin-ndaj-karateisteve-te-kosoves","status":"publish","type":"post","link":"https:\/\/veritasinfo.org\/?p=31215","title":{"rendered":"Qiproja vazhdon diskriminimin ndaj karateist\u00ebve t\u00eb Kosov\u00ebs"},"content":{"rendered":"<p>Prishtin\u00eb 9 Shkurt 2026 08:06<\/p>\n<p>Mbi 1000 garues mor\u00ebn pjes\u00eb n\u00eb Kampionatin Evropian t\u00eb karates\u00eb p\u00ebr kadet\u00eb, junior\u00eb dhe grupmosh\u00ebn U21 q\u00eb u mbajt n\u00eb Limasol t\u00eb Qipros n\u00eb fundjav\u00eb. <\/p>\n<p>Por jo edhe karateist\u00ebt e Kosov\u00ebs.<\/p>\n<p>Kosova nuk u lejua t\u00eb marr\u00eb pjes\u00eb me simbole shtet\u00ebrore n\u00eb Evropianin n\u00eb Qipro. Pjes\u00ebmarrja pa simbole nuk ishte opsion. <\/p>\n<p>Konfirmimin se karateist\u00ebt e Kosov\u00ebs nuk do t\u00eb lejohen t\u00eb garojn\u00eb t\u00eb barabart\u00eb me garuesit e vendeve t\u00eb tjera, Federata kosovare e mori jav\u00eb m\u00eb par\u00eb.<\/p>\n<p>KOHA ka siguruar komunikimin q\u00eb Federata e Karates\u00eb e Kosov\u00ebs ka pasur me Ministrin\u00eb e Pun\u00ebve t\u00eb Jashtme t\u00eb Qipros, Federat\u00ebn e Karates\u00eb t\u00eb k\u00ebtij vendi dhe Federat\u00ebn Evropiane t\u00eb Karates\u00eb.<\/p>\n<p>P\u00ebrfaq\u00ebsueses s\u00eb Kosov\u00ebs nuk i \u00ebsht\u00eb lejuar paraqitja me t\u00eb drejta t\u00eb barabarta dhe p\u00ebr k\u00ebt\u00eb arsye \u00ebsht\u00eb vendosur q\u00eb karateist\u00ebt t\u00eb mos udh\u00ebtojn\u00eb p\u00ebr t\u00eb marr\u00eb pjes\u00eb n\u00eb ngjarjen kryesore kontinentale.<br \/>\nIshte Qeveria e Qipros q\u00eb vendosi se garuesit e Kosov\u00ebs nuk mund t\u00eb garojn\u00eb me simbole shtet\u00ebrore n\u00eb Evropian. Vendimi i Qeveris\u00eb s\u00eb Qipros ishte pranuar nga Federata Evropiane e Karates\u00eb dhe k\u00ebshtu karateist\u00ebt kosovar\u00eb mbet\u00ebn jasht\u00eb gar\u00ebs q\u00eb nisi t\u00eb premten dhe p\u00ebrfundoi t\u00eb diel\u00ebn.<br \/>\nQiproja nuk e njeh shtetin e Kosov\u00ebs dhe ka vendosur t\u00eb vazhdoj\u00eb me q\u00ebndrim diskriminues ndaj sportist\u00ebve kosovar\u00eb. <\/p>\n<p>N\u00eb letr\u00ebn e Ministris\u00eb s\u00eb Pun\u00ebve t\u00eb Jashtme t\u00eb Qipros b\u00ebhet e qart\u00eb arsyeja pse sportist\u00ebt e Kosov\u00ebs nuk mund\u00ebn t\u00eb merrnin pjes\u00eb me simbole shtet\u00ebrore n\u00eb Evropian.<\/p>\n<p>\u201cRepublika e Qipros nuk e njeh pavar\u00ebsin\u00eb e shpallur n\u00eb m\u00ebnyr\u00eb t\u00eb nj\u00ebanshme t\u00eb Kosov\u00ebs. Marr\u00eb n\u00eb konsiderat\u00eb k\u00ebt\u00eb, Republika e Qipros nuk lejon p\u00ebrdorimin e simboleve q\u00eb mund t\u00eb n\u00ebnkuptoj\u00eb njohje\u201d, shkruan n\u00eb letr\u00ebn e 16 janarit.<\/p>\n<p>Komunikimi i sekretarit t\u00eb p\u00ebrgjithsh\u00ebm t\u00eb Federat\u00ebs kosovare, Nazmi Gashi, kishte nisur m\u00eb 12 janar.<br \/>\nGashi i kishte shkruar sekretarit t\u00eb Federat\u00ebs Evropiane t\u00eb Karates\u00eb, Davor Cipek, i cili ia kishte b\u00ebr\u00eb t\u00eb qart\u00eb se Kosova mund t\u00eb marr\u00eb pjes\u00eb n\u00eb p\u00ebrputhje me rregullat e p\u00ebrcaktuara nga \u201cministria kompetente e Qipros\u201d.<\/p>\n<p>M\u00eb 20 janar, Federata kosovare pranoi let\u00ebr nga president i Federat\u00ebs s\u00eb Karates\u00eb t\u00eb Qipros, Fotis Marathovouniotis.<\/p>\n<p>N\u00eb let\u00ebr shkruan se paraqitjen me simbole shtet\u00ebrore t\u00eb Kosov\u00ebs, karateist\u00ebve nuk ua lejon qeveria e Qipros.<\/p>\n<p>\u201cFederata e Karates\u00eb s\u00eb Qipros duke iu p\u00ebrmbajtur n\u00eb m\u00ebnyr\u00eb strikte udh\u00ebzimeve dhe rregulloreve t\u00eb Republik\u00ebs s\u00eb Qipros, nuk \u00ebsht\u00eb n\u00eb gjendje t\u00eb shfaq\u00eb asnj\u00eb simbol, flamur apo himn komb\u00ebtar t\u00eb Kosov\u00ebs. Megjithat\u00eb, pjes\u00ebmarrja juaj mund t\u00eb lejohet n\u00ebn simbolin e Federat\u00ebs s\u00eb Karates\u00eb s\u00eb Kosov\u00ebs, q\u00eb nuk bie n\u00ebn asnj\u00eb kufizim. D\u00ebshirojm\u00eb t\u00eb theksojm\u00eb se Federata e Karates\u00eb e Kosov\u00ebs \u00ebsht\u00eb e mir\u00ebpritur t\u00eb marr\u00eb pjes\u00eb normalisht n\u00eb Kampionatin Evropian\u201d, shkruan n\u00eb letr\u00ebn e Federat\u00ebs s\u00eb Karates\u00eb t\u00eb Qipros.<\/p>\n<p>Tri dit\u00eb m\u00eb pas Federata kosovare mori tjet\u00ebr let\u00ebr ku i b\u00ebhej me dije se nuk mund t\u00eb marr\u00eb pjes\u00eb e barabart\u00eb me shtetet tjera n\u00eb Evropian.<\/p>\n<p>Kryetar i Komitetit Organizativ t\u00eb Federat\u00ebs Evropiane t\u00eb Karates\u00eb, Marton Falusi, i shkroi federat\u00ebs kosovare m\u00eb 23 janar se \u00ebsht\u00eb e obliguar t\u2019i respektoj\u00eb ligjet e Qipros.<\/p>\n<p>\u201cEKF nuk ka luajtur asnj\u00eb rol n\u00eb p\u00ebrcaktimin e k\u00ebtyre kushteve ligjore dhe nuk ka autoritet p\u00ebr t\u2019i ndryshuar ato. Objektivi kryesor i EKF mbetet t\u00eb siguroj\u00eb pjes\u00ebmarrjen e garuesve sa her\u00eb q\u00eb \u00ebsht\u00eb e mundur, duke respektuar plot\u00ebsisht rrethanat ligjore mbizot\u00ebruese. N\u00eb k\u00ebt\u00eb kontekst, EKF k\u00ebrkon t\u2019i ofroj\u00eb Federat\u00ebs s\u00eb Karates\u00eb s\u00eb Kosov\u00ebs dhe sportist\u00ebve t\u00eb saj mund\u00ebsin\u00eb p\u00ebr t\u00eb garuar, dhe nj\u00eb zgjidhje e mundshme &#8211; n\u00ebse \u00ebsht\u00eb e pranueshme p\u00ebr Federat\u00ebn tuaj &#8211; do t\u00eb ishte pjes\u00ebmarrja n\u00ebn emrin dhe flamurin e Federat\u00ebs s\u00eb Karates\u00eb s\u00eb Kosov\u00ebs. Q\u00ebllimi yn\u00eb mbetet t\u00eb ofrojm\u00eb mb\u00ebshtetje dhe t\u00eb ruajm\u00eb bashk\u00ebpunim konstruktiv. Presim p\u00ebrgjigjen tuaj pozitive\u201d.<\/p>\n<p>Por kjo m\u00ebnyr\u00eb e pabarabart\u00eb e p\u00ebrfaq\u00ebsimit nuk \u00ebsht\u00eb pranuar nga drejtuesit e karates\u00eb kosovare.<br \/>\nKosova edhe tri vjet m\u00eb par\u00eb nuk u lejua t\u00eb paraqitej me t\u00eb drejta t\u00eb barabarta n\u00eb Evropianin p\u00ebr kadet\u00eb, junior\u00eb dhe p\u00ebr grupmosh\u00ebn U21. Edhe ai Evropian ishte organizuar n\u00eb Qipro.<br \/>\nKarateist\u00ebt n\u00eb vend se n\u00eb aren\u00eb kishin q\u00ebndruar n\u00eb tribuna.<\/p>\n<p>\u201cNuk kemi dashur t\u00eb shkojm\u00eb, t\u00eb b\u00ebjm\u00eb shpenzime si n\u00eb vitin 2023 dhe t\u00eb kthehemi pa garuar. Kemi marr\u00eb vendim n\u00eb bord ekzekutiv q\u00eb pa simbole nuk do t\u00eb marrim pjes\u00eb. T\u00eb nj\u00ebjtin vendim e kemi miratuar edhe n\u00eb Kuvendin e Pun\u00ebs. Pa simbole nuk kemi shkuar. Ashtu do t\u00eb jet\u00eb edhe n\u00eb Kampionatin Ballkanik p\u00ebr senior\u00eb q\u00eb do t\u00eb mbahet n\u00eb Banjalluk\u00eb. Atje \u00ebsht\u00eb organizatore Federata e Republika Srpskas t\u00eb Bosnj\u00eb-Hercegovin\u00ebs. Atje ku pretendojm\u00eb se nuk do t\u00eb lejohet paraqitja me simbole shtet\u00ebrore, kemi vendosur t\u00eb mos marrim pjes\u00eb\u201d, ka th\u00ebn\u00eb Nazmi Gashi.<\/p>\n<p>Ndryshe mendon selektori i Kosov\u00ebs p\u00ebr senior\u00eb dhe U21, Isak Curri. Ai vler\u00ebson se Kosova duhet t\u00eb paraqitet n\u00eb ngjarjet kontinentale edhe kur nuk u lejohen simbolet.<\/p>\n<p>\u201cRusia, si superfuqi, sot garon pa flamur dhe himn, n\u00ebn emra neutral\u00eb si WKF ose EKF. Nd\u00ebrsa ne, q\u00eb mund t\u00eb prezantohemi me emrin Kosov\u00eb, por pa flamur, zgjedhim munges\u00ebn totale. Kjo nuk i nd\u00ebshkon shtetet q\u00eb nuk na njohin \u2014 kjo i nd\u00ebshkon sportist\u00ebt tan\u00eb. N\u00ebse vazhdojm\u00eb k\u00ebshtu, do t\u00eb humbim jo vet\u00ebm gara, por edhe gjenerata, \u00ebndrra dhe shpresa. Un\u00eb besoj se edhe pa simbole, prezenca jon\u00eb fizike \u00ebsht\u00eb forma m\u00eb e fort\u00eb e afirmimit t\u00eb shtetit ton\u00eb. Prandaj b\u00ebj thirrje publike q\u00eb sportist\u00ebt tan\u00eb t\u00eb mos privohen m\u00eb nga kampionatet evropiane dhe bot\u00ebrore p\u00ebr arsye politike. Le t\u00eb mos b\u00ebhet bojkoti praktik\u00eb. Uroj q\u00eb Federata, Komiteti Olimpik dhe MKRS-ja t\u00eb gjejn\u00eb nj\u00eb zgjidhje t\u00eb men\u00e7ur, t\u00eb drejt\u00eb dhe mbi t\u00eb gjitha n\u00eb interes t\u00eb sportist\u00ebve tan\u00eb\u201d, shkruan Curri.<\/p>\n","protected":false},"excerpt":{"rendered":"<p>Prishtin\u00eb 9 Shkurt 2026 08:06 Mbi 1000 garues mor\u00ebn pjes\u00eb n\u00eb Kampionatin Evropian t\u00eb karates\u00eb p\u00ebr kadet\u00eb, junior\u00eb dhe grupmosh\u00ebn U21 q\u00eb u mbajt n\u00eb<\/p>\n","protected":false},"author":6,"featured_media":31216,"comment_status":"open","ping_status":"open","sticky":false,"template":"","format":"standard","meta":{"footnotes":""},"categories":[5],"tags":[],"class_list":["post-31215","post","type-post","status-publish","format-standard","has-post-thumbnail","hentry","category-sport-sq"],"yoast_head":"<!-- This site is optimized with the Yoast SEO plugin v25.3.1 - https:\/\/yoast.com\/wordpress\/plugins\/seo\/ -->\n<title>Qiproja vazhdon diskriminimin ndaj karateist\u00ebve t\u00eb Kosov\u00ebs -<\/title>\n<meta name=\"robots\" content=\"index, follow, max-snippet:-1, max-image-preview:large, max-video-preview:-1\" \/>\n<link rel=\"canonical\" href=\"https:\/\/veritasinfo.org\/?p=31215\" \/>\n<meta property=\"og:locale\" content=\"en_US\" \/>\n<meta property=\"og:type\" content=\"article\" \/>\n<meta property=\"og:title\" content=\"Qiproja vazhdon diskriminimin ndaj karateist\u00ebve t\u00eb Kosov\u00ebs -\" \/>\n<meta property=\"og:description\" content=\"Prishtin\u00eb 9 Shkurt 2026 08:06 Mbi 1000 garues mor\u00ebn pjes\u00eb n\u00eb Kampionatin Evropian t\u00eb karates\u00eb p\u00ebr kadet\u00eb, junior\u00eb dhe grupmosh\u00ebn U21 q\u00eb u mbajt n\u00eb\" \/>\n<meta property=\"og:url\" content=\"https:\/\/veritasinfo.org\/?p=31215\" \/>\n<meta property=\"article:published_time\" content=\"2026-02-09T07:06:10+00:00\" \/>\n<meta property=\"og:image\" content=\"https:\/\/veritasinfo.org\/wp-content\/uploads\/2026\/02\/1f28b65e-e682-4d14-b063-a171e6a9edfc.webp\" \/>\n\t<meta property=\"og:image:width\" content=\"1305\" \/>\n\t<meta property=\"og:image:height\" content=\"718\" \/>\n\t<meta property=\"og:image:type\" content=\"image\/webp\" \/>\n<meta name=\"author\" content=\"US5\" \/>\n<meta name=\"twitter:card\" content=\"summary_large_image\" \/>\n<meta name=\"twitter:label1\" content=\"Written by\" \/>\n\t<meta name=\"twitter:data1\" content=\"US5\" \/>\n\t<meta name=\"twitter:label2\" content=\"Est. reading time\" \/>\n\t<meta name=\"twitter:data2\" content=\"1 minute\" \/>\n<script type=\"application\/ld+json\" class=\"yoast-schema-graph\">{\"@context\":\"https:\/\/schema.org\",\"@graph\":[{\"@type\":\"WebPage\",\"@id\":\"https:\/\/veritasinfo.org\/?p=31215\",\"url\":\"https:\/\/veritasinfo.org\/?p=31215\",\"name\":\"Qiproja vazhdon diskriminimin ndaj karateist\u00ebve t\u00eb Kosov\u00ebs -\",\"isPartOf\":{\"@id\":\"https:\/\/veritasinfo.org\/#website\"},\"primaryImageOfPage\":{\"@id\":\"https:\/\/veritasinfo.org\/?p=31215#primaryimage\"},\"image\":{\"@id\":\"https:\/\/veritasinfo.org\/?p=31215#primaryimage\"},\"thumbnailUrl\":\"https:\/\/veritasinfo.org\/wp-content\/uploads\/2026\/02\/1f28b65e-e682-4d14-b063-a171e6a9edfc.webp\",\"datePublished\":\"2026-02-09T07:06:10+00:00\",\"author\":{\"@id\":\"https:\/\/veritasinfo.org\/#\/schema\/person\/bc442336e35414d04494ab8fb45db4c6\"},\"breadcrumb\":{\"@id\":\"https:\/\/veritasinfo.org\/?p=31215#breadcrumb\"},\"inLanguage\":\"en-US\",\"potentialAction\":[{\"@type\":\"ReadAction\",\"target\":[\"https:\/\/veritasinfo.org\/?p=31215\"]}]},{\"@type\":\"ImageObject\",\"inLanguage\":\"en-US\",\"@id\":\"https:\/\/veritasinfo.org\/?p=31215#primaryimage\",\"url\":\"https:\/\/veritasinfo.org\/wp-content\/uploads\/2026\/02\/1f28b65e-e682-4d14-b063-a171e6a9edfc.webp\",\"contentUrl\":\"https:\/\/veritasinfo.org\/wp-content\/uploads\/2026\/02\/1f28b65e-e682-4d14-b063-a171e6a9edfc.webp\",\"width\":1305,\"height\":718},{\"@type\":\"BreadcrumbList\",\"@id\":\"https:\/\/veritasinfo.org\/?p=31215#breadcrumb\",\"itemListElement\":[{\"@type\":\"ListItem\",\"position\":1,\"name\":\"Home\",\"item\":\"https:\/\/veritasinfo.org\/\"},{\"@type\":\"ListItem\",\"position\":2,\"name\":\"Qiproja vazhdon diskriminimin ndaj karateist\u00ebve t\u00eb Kosov\u00ebs\"}]},{\"@type\":\"WebSite\",\"@id\":\"https:\/\/veritasinfo.org\/#website\",\"url\":\"https:\/\/veritasinfo.org\/\",\"name\":\"\",\"description\":\"\",\"potentialAction\":[{\"@type\":\"SearchAction\",\"target\":{\"@type\":\"EntryPoint\",\"urlTemplate\":\"https:\/\/veritasinfo.org\/?s={search_term_string}\"},\"query-input\":{\"@type\":\"PropertyValueSpecification\",\"valueRequired\":true,\"valueName\":\"search_term_string\"}}],\"inLanguage\":\"en-US\"},{\"@type\":\"Person\",\"@id\":\"https:\/\/veritasinfo.org\/#\/schema\/person\/bc442336e35414d04494ab8fb45db4c6\",\"name\":\"US5\",\"image\":{\"@type\":\"ImageObject\",\"inLanguage\":\"en-US\",\"@id\":\"https:\/\/veritasinfo.org\/#\/schema\/person\/image\/\",\"url\":\"https:\/\/secure.gravatar.com\/avatar\/16a61e7272a0c5d001121ebb9e60e925d5816e4ac1e443ed3e640d9a6ae55d0c?s=96&d=mm&r=g\",\"contentUrl\":\"https:\/\/secure.gravatar.com\/avatar\/16a61e7272a0c5d001121ebb9e60e925d5816e4ac1e443ed3e640d9a6ae55d0c?s=96&d=mm&r=g\",\"caption\":\"US5\"},\"url\":\"https:\/\/veritasinfo.org\/?author=6\"}]}<\/script>\n<!-- \/ Yoast SEO plugin. -->","yoast_head_json":{"title":"Qiproja vazhdon diskriminimin ndaj karateist\u00ebve t\u00eb Kosov\u00ebs -","robots":{"index":"index","follow":"follow","max-snippet":"max-snippet:-1","max-image-preview":"max-image-preview:large","max-video-preview":"max-video-preview:-1"},"canonical":"https:\/\/veritasinfo.org\/?p=31215","og_locale":"en_US","og_type":"article","og_title":"Qiproja vazhdon diskriminimin ndaj karateist\u00ebve t\u00eb Kosov\u00ebs -","og_description":"Prishtin\u00eb 9 Shkurt 2026 08:06 Mbi 1000 garues mor\u00ebn pjes\u00eb n\u00eb Kampionatin Evropian t\u00eb karates\u00eb p\u00ebr kadet\u00eb, junior\u00eb dhe grupmosh\u00ebn U21 q\u00eb u mbajt n\u00eb","og_url":"https:\/\/veritasinfo.org\/?p=31215","article_published_time":"2026-02-09T07:06:10+00:00","og_image":[{"width":1305,"height":718,"url":"https:\/\/veritasinfo.org\/wp-content\/uploads\/2026\/02\/1f28b65e-e682-4d14-b063-a171e6a9edfc.webp","type":"image\/webp"}],"author":"US5","twitter_card":"summary_large_image","twitter_misc":{"Written by":"US5","Est. reading time":"1 minute"},"schema":{"@context":"https:\/\/schema.org","@graph":[{"@type":"WebPage","@id":"https:\/\/veritasinfo.org\/?p=31215","url":"https:\/\/veritasinfo.org\/?p=31215","name":"Qiproja vazhdon diskriminimin ndaj karateist\u00ebve t\u00eb Kosov\u00ebs -","isPartOf":{"@id":"https:\/\/veritasinfo.org\/#website"},"primaryImageOfPage":{"@id":"https:\/\/veritasinfo.org\/?p=31215#primaryimage"},"image":{"@id":"https:\/\/veritasinfo.org\/?p=31215#primaryimage"},"thumbnailUrl":"https:\/\/veritasinfo.org\/wp-content\/uploads\/2026\/02\/1f28b65e-e682-4d14-b063-a171e6a9edfc.webp","datePublished":"2026-02-09T07:06:10+00:00","author":{"@id":"https:\/\/veritasinfo.org\/#\/schema\/person\/bc442336e35414d04494ab8fb45db4c6"},"breadcrumb":{"@id":"https:\/\/veritasinfo.org\/?p=31215#breadcrumb"},"inLanguage":"en-US","potentialAction":[{"@type":"ReadAction","target":["https:\/\/veritasinfo.org\/?p=31215"]}]},{"@type":"ImageObject","inLanguage":"en-US","@id":"https:\/\/veritasinfo.org\/?p=31215#primaryimage","url":"https:\/\/veritasinfo.org\/wp-content\/uploads\/2026\/02\/1f28b65e-e682-4d14-b063-a171e6a9edfc.webp","contentUrl":"https:\/\/veritasinfo.org\/wp-content\/uploads\/2026\/02\/1f28b65e-e682-4d14-b063-a171e6a9edfc.webp","width":1305,"height":718},{"@type":"BreadcrumbList","@id":"https:\/\/veritasinfo.org\/?p=31215#breadcrumb","itemListElement":[{"@type":"ListItem","position":1,"name":"Home","item":"https:\/\/veritasinfo.org\/"},{"@type":"ListItem","position":2,"name":"Qiproja vazhdon diskriminimin ndaj karateist\u00ebve t\u00eb Kosov\u00ebs"}]},{"@type":"WebSite","@id":"https:\/\/veritasinfo.org\/#website","url":"https:\/\/veritasinfo.org\/","name":"","description":"","potentialAction":[{"@type":"SearchAction","target":{"@type":"EntryPoint","urlTemplate":"https:\/\/veritasinfo.org\/?s={search_term_string}"},"query-input":{"@type":"PropertyValueSpecification","valueRequired":true,"valueName":"search_term_string"}}],"inLanguage":"en-US"},{"@type":"Person","@id":"https:\/\/veritasinfo.org\/#\/schema\/person\/bc442336e35414d04494ab8fb45db4c6","name":"US5","image":{"@type":"ImageObject","inLanguage":"en-US","@id":"https:\/\/veritasinfo.org\/#\/schema\/person\/image\/","url":"https:\/\/secure.gravatar.com\/avatar\/16a61e7272a0c5d001121ebb9e60e925d5816e4ac1e443ed3e640d9a6ae55d0c?s=96&d=mm&r=g","contentUrl":"https:\/\/secure.gravatar.com\/avatar\/16a61e7272a0c5d001121ebb9e60e925d5816e4ac1e443ed3e640d9a6ae55d0c?s=96&d=mm&r=g","caption":"US5"},"url":"https:\/\/veritasinfo.org\/?author=6"}]}},"featured_image_urls":{"full":["https:\/\/veritasinfo.org\/wp-content\/uploads\/2026\/02\/1f28b65e-e682-4d14-b063-a171e6a9edfc.webp",1305,718,false],"thumbnail":["https:\/\/veritasinfo.org\/wp-content\/uploads\/2026\/02\/1f28b65e-e682-4d14-b063-a171e6a9edfc-150x150.webp",150,150,true],"medium":["https:\/\/veritasinfo.org\/wp-content\/uploads\/2026\/02\/1f28b65e-e682-4d14-b063-a171e6a9edfc-300x165.webp",300,165,true],"medium_large":["https:\/\/veritasinfo.org\/wp-content\/uploads\/2026\/02\/1f28b65e-e682-4d14-b063-a171e6a9edfc-768x423.webp",640,353,true],"large":["https:\/\/veritasinfo.org\/wp-content\/uploads\/2026\/02\/1f28b65e-e682-4d14-b063-a171e6a9edfc-1024x563.webp",640,352,true],"1536x1536":["https:\/\/veritasinfo.org\/wp-content\/uploads\/2026\/02\/1f28b65e-e682-4d14-b063-a171e6a9edfc.webp",1305,718,false],"2048x2048":["https:\/\/veritasinfo.org\/wp-content\/uploads\/2026\/02\/1f28b65e-e682-4d14-b063-a171e6a9edfc.webp",1305,718,false],"kreeti-slider-full":["https:\/\/veritasinfo.org\/wp-content\/uploads\/2026\/02\/1f28b65e-e682-4d14-b063-a171e6a9edfc.webp",1280,704,false],"kreeti-featured":["https:\/\/veritasinfo.org\/wp-content\/uploads\/2026\/02\/1f28b65e-e682-4d14-b063-a171e6a9edfc.webp",1024,563,false],"kreeti-medium":["https:\/\/veritasinfo.org\/wp-content\/uploads\/2026\/02\/1f28b65e-e682-4d14-b063-a171e6a9edfc.webp",720,396,false],"kreeti-medium-square":["https:\/\/veritasinfo.org\/wp-content\/uploads\/2026\/02\/1f28b65e-e682-4d14-b063-a171e6a9edfc.webp",350,193,false]},"author_info":{"info":["US5"]},"category_info":"<a href=\"https:\/\/veritasinfo.org\/?cat=5\" rel=\"category\">Sport<\/a>","tag_info":"Sport","comment_count":"0","_links":{"self":[{"href":"https:\/\/veritasinfo.org\/index.php?rest_route=\/wp\/v2\/posts\/31215","targetHints":{"allow":["GET"]}}],"collection":[{"href":"https:\/\/veritasinfo.org\/index.php?rest_route=\/wp\/v2\/posts"}],"about":[{"href":"https:\/\/veritasinfo.org\/index.php?rest_route=\/wp\/v2\/types\/post"}],"author":[{"embeddable":true,"href":"https:\/\/veritasinfo.org\/index.php?rest_route=\/wp\/v2\/users\/6"}],"replies":[{"embeddable":true,"href":"https:\/\/veritasinfo.org\/index.php?rest_route=%2Fwp%2Fv2%2Fcomments&post=31215"}],"version-history":[{"count":1,"href":"https:\/\/veritasinfo.org\/index.php?rest_route=\/wp\/v2\/posts\/31215\/revisions"}],"predecessor-version":[{"id":31217,"href":"https:\/\/veritasinfo.org\/index.php?rest_route=\/wp\/v2\/posts\/31215\/revisions\/31217"}],"wp:featuredmedia":[{"embeddable":true,"href":"https:\/\/veritasinfo.org\/index.php?rest_route=\/wp\/v2\/media\/31216"}],"wp:attachment":[{"href":"https:\/\/veritasinfo.org\/index.php?rest_route=%2Fwp%2Fv2%2Fmedia&parent=31215"}],"wp:term":[{"taxonomy":"category","embeddable":true,"href":"https:\/\/veritasinfo.org\/index.php?rest_route=%2Fwp%2Fv2%2Fcategories&post=31215"},{"taxonomy":"post_tag","embeddable":true,"href":"https:\/\/veritasinfo.org\/index.php?rest_route=%2Fwp%2Fv2%2Ftags&post=31215"}],"curies":[{"name":"wp","href":"https:\/\/api.w.org\/{rel}","templated":true}]}}