{"id":31208,"date":"2026-02-09T08:01:50","date_gmt":"2026-02-09T07:01:50","guid":{"rendered":"https:\/\/veritasinfo.org\/?p=31208"},"modified":"2026-02-09T08:01:50","modified_gmt":"2026-02-09T07:01:50","slug":"termet-ne-kosove-epiqendra-ne-prizren","status":"publish","type":"post","link":"https:\/\/veritasinfo.org\/?p=31208","title":{"rendered":"T\u00ebrmet n\u00eb Kosov\u00eb, epiqendra n\u00eb Prizren"},"content":{"rendered":"<p>Prishtin\u00eb 9 Shkurt 2026 08:01<br \/>\nNj\u00eb t\u00ebrmet me magnitud\u00eb 3.2 ball\u00eb ka goditur Kosov\u00ebn mbr\u00ebmjen e s\u00eb diel\u00ebs, rreth or\u00ebs 23:09 sipas koh\u00ebs lokale.<\/p>\n<p>Sipas t\u00eb dh\u00ebnave sizmologjike t\u00eb EMSC, epiqendra e t\u00ebrmetit ka qen\u00eb rreth 15 kilometra n\u00eb jugper\u00ebndim t\u00eb Prizrenit, nd\u00ebrsa thell\u00ebsia e tij ka qen\u00eb 5 kilometra, \u00e7ka e b\u00ebn at\u00eb nj\u00eb t\u00ebrmet t\u00eb cek\u00ebt<\/p>\n<p>L\u00ebkundjet jan\u00eb ndjer\u00eb leht\u00eb nga qytetar\u00ebt n\u00eb zon\u00ebn p\u00ebrreth, por nuk raportohet p\u00ebr d\u00ebme materiale apo t\u00eb l\u00ebnduar. T\u00ebrmeti konsiderohet i dob\u00ebt dhe nuk paraqet rrezik p\u00ebr popullat\u00ebn. <\/p>\n","protected":false},"excerpt":{"rendered":"<p>Prishtin\u00eb 9 Shkurt 2026 08:01 Nj\u00eb t\u00ebrmet me magnitud\u00eb 3.2 ball\u00eb ka goditur Kosov\u00ebn mbr\u00ebmjen e s\u00eb diel\u00ebs, rreth or\u00ebs 23:09 sipas koh\u00ebs lokale. Sipas<\/p>\n","protected":false},"author":6,"featured_media":31209,"comment_status":"open","ping_status":"open","sticky":false,"template":"","format":"standard","meta":{"footnotes":""},"categories":[60],"tags":[],"class_list":["post-31208","post","type-post","status-publish","format-standard","has-post-thumbnail","hentry","category-shoqerore-sq"],"yoast_head":"<!-- This site is optimized with the Yoast SEO plugin v25.3.1 - https:\/\/yoast.com\/wordpress\/plugins\/seo\/ -->\n<title>T\u00ebrmet n\u00eb Kosov\u00eb, epiqendra n\u00eb Prizren -<\/title>\n<meta name=\"robots\" content=\"index, follow, max-snippet:-1, max-image-preview:large, max-video-preview:-1\" \/>\n<link rel=\"canonical\" href=\"https:\/\/veritasinfo.org\/?p=31208\" \/>\n<meta property=\"og:locale\" content=\"en_US\" \/>\n<meta property=\"og:type\" content=\"article\" \/>\n<meta property=\"og:title\" content=\"T\u00ebrmet n\u00eb Kosov\u00eb, epiqendra n\u00eb Prizren -\" \/>\n<meta property=\"og:description\" content=\"Prishtin\u00eb 9 Shkurt 2026 08:01 Nj\u00eb t\u00ebrmet me magnitud\u00eb 3.2 ball\u00eb ka goditur Kosov\u00ebn mbr\u00ebmjen e s\u00eb diel\u00ebs, rreth or\u00ebs 23:09 sipas koh\u00ebs lokale. Sipas\" \/>\n<meta property=\"og:url\" content=\"https:\/\/veritasinfo.org\/?p=31208\" \/>\n<meta property=\"article:published_time\" content=\"2026-02-09T07:01:50+00:00\" \/>\n<meta property=\"og:image\" content=\"https:\/\/veritasinfo.org\/wp-content\/uploads\/2026\/02\/termeti.jpg\" \/>\n\t<meta property=\"og:image:width\" content=\"1200\" \/>\n\t<meta property=\"og:image:height\" content=\"674\" \/>\n\t<meta property=\"og:image:type\" content=\"image\/jpeg\" \/>\n<meta name=\"author\" content=\"US5\" \/>\n<meta name=\"twitter:card\" content=\"summary_large_image\" \/>\n<meta name=\"twitter:label1\" content=\"Written by\" \/>\n\t<meta name=\"twitter:data1\" content=\"US5\" \/>\n\t<meta name=\"twitter:label2\" content=\"Est. reading time\" \/>\n\t<meta name=\"twitter:data2\" content=\"1 minute\" \/>\n<script type=\"application\/ld+json\" class=\"yoast-schema-graph\">{\"@context\":\"https:\/\/schema.org\",\"@graph\":[{\"@type\":\"WebPage\",\"@id\":\"https:\/\/veritasinfo.org\/?p=31208\",\"url\":\"https:\/\/veritasinfo.org\/?p=31208\",\"name\":\"T\u00ebrmet n\u00eb Kosov\u00eb, epiqendra n\u00eb Prizren -\",\"isPartOf\":{\"@id\":\"https:\/\/veritasinfo.org\/#website\"},\"primaryImageOfPage\":{\"@id\":\"https:\/\/veritasinfo.org\/?p=31208#primaryimage\"},\"image\":{\"@id\":\"https:\/\/veritasinfo.org\/?p=31208#primaryimage\"},\"thumbnailUrl\":\"https:\/\/veritasinfo.org\/wp-content\/uploads\/2026\/02\/termeti.jpg\",\"datePublished\":\"2026-02-09T07:01:50+00:00\",\"author\":{\"@id\":\"https:\/\/veritasinfo.org\/#\/schema\/person\/bc442336e35414d04494ab8fb45db4c6\"},\"breadcrumb\":{\"@id\":\"https:\/\/veritasinfo.org\/?p=31208#breadcrumb\"},\"inLanguage\":\"en-US\",\"potentialAction\":[{\"@type\":\"ReadAction\",\"target\":[\"https:\/\/veritasinfo.org\/?p=31208\"]}]},{\"@type\":\"ImageObject\",\"inLanguage\":\"en-US\",\"@id\":\"https:\/\/veritasinfo.org\/?p=31208#primaryimage\",\"url\":\"https:\/\/veritasinfo.org\/wp-content\/uploads\/2026\/02\/termeti.jpg\",\"contentUrl\":\"https:\/\/veritasinfo.org\/wp-content\/uploads\/2026\/02\/termeti.jpg\",\"width\":1200,\"height\":674},{\"@type\":\"BreadcrumbList\",\"@id\":\"https:\/\/veritasinfo.org\/?p=31208#breadcrumb\",\"itemListElement\":[{\"@type\":\"ListItem\",\"position\":1,\"name\":\"Home\",\"item\":\"https:\/\/veritasinfo.org\/\"},{\"@type\":\"ListItem\",\"position\":2,\"name\":\"T\u00ebrmet n\u00eb Kosov\u00eb, epiqendra n\u00eb Prizren\"}]},{\"@type\":\"WebSite\",\"@id\":\"https:\/\/veritasinfo.org\/#website\",\"url\":\"https:\/\/veritasinfo.org\/\",\"name\":\"\",\"description\":\"\",\"potentialAction\":[{\"@type\":\"SearchAction\",\"target\":{\"@type\":\"EntryPoint\",\"urlTemplate\":\"https:\/\/veritasinfo.org\/?s={search_term_string}\"},\"query-input\":{\"@type\":\"PropertyValueSpecification\",\"valueRequired\":true,\"valueName\":\"search_term_string\"}}],\"inLanguage\":\"en-US\"},{\"@type\":\"Person\",\"@id\":\"https:\/\/veritasinfo.org\/#\/schema\/person\/bc442336e35414d04494ab8fb45db4c6\",\"name\":\"US5\",\"image\":{\"@type\":\"ImageObject\",\"inLanguage\":\"en-US\",\"@id\":\"https:\/\/veritasinfo.org\/#\/schema\/person\/image\/\",\"url\":\"https:\/\/secure.gravatar.com\/avatar\/16a61e7272a0c5d001121ebb9e60e925d5816e4ac1e443ed3e640d9a6ae55d0c?s=96&d=mm&r=g\",\"contentUrl\":\"https:\/\/secure.gravatar.com\/avatar\/16a61e7272a0c5d001121ebb9e60e925d5816e4ac1e443ed3e640d9a6ae55d0c?s=96&d=mm&r=g\",\"caption\":\"US5\"},\"url\":\"https:\/\/veritasinfo.org\/?author=6\"}]}<\/script>\n<!-- \/ Yoast SEO plugin. -->","yoast_head_json":{"title":"T\u00ebrmet n\u00eb Kosov\u00eb, epiqendra n\u00eb Prizren -","robots":{"index":"index","follow":"follow","max-snippet":"max-snippet:-1","max-image-preview":"max-image-preview:large","max-video-preview":"max-video-preview:-1"},"canonical":"https:\/\/veritasinfo.org\/?p=31208","og_locale":"en_US","og_type":"article","og_title":"T\u00ebrmet n\u00eb Kosov\u00eb, epiqendra n\u00eb Prizren -","og_description":"Prishtin\u00eb 9 Shkurt 2026 08:01 Nj\u00eb t\u00ebrmet me magnitud\u00eb 3.2 ball\u00eb ka goditur Kosov\u00ebn mbr\u00ebmjen e s\u00eb diel\u00ebs, rreth or\u00ebs 23:09 sipas koh\u00ebs lokale. Sipas","og_url":"https:\/\/veritasinfo.org\/?p=31208","article_published_time":"2026-02-09T07:01:50+00:00","og_image":[{"width":1200,"height":674,"url":"https:\/\/veritasinfo.org\/wp-content\/uploads\/2026\/02\/termeti.jpg","type":"image\/jpeg"}],"author":"US5","twitter_card":"summary_large_image","twitter_misc":{"Written by":"US5","Est. reading time":"1 minute"},"schema":{"@context":"https:\/\/schema.org","@graph":[{"@type":"WebPage","@id":"https:\/\/veritasinfo.org\/?p=31208","url":"https:\/\/veritasinfo.org\/?p=31208","name":"T\u00ebrmet n\u00eb Kosov\u00eb, epiqendra n\u00eb Prizren -","isPartOf":{"@id":"https:\/\/veritasinfo.org\/#website"},"primaryImageOfPage":{"@id":"https:\/\/veritasinfo.org\/?p=31208#primaryimage"},"image":{"@id":"https:\/\/veritasinfo.org\/?p=31208#primaryimage"},"thumbnailUrl":"https:\/\/veritasinfo.org\/wp-content\/uploads\/2026\/02\/termeti.jpg","datePublished":"2026-02-09T07:01:50+00:00","author":{"@id":"https:\/\/veritasinfo.org\/#\/schema\/person\/bc442336e35414d04494ab8fb45db4c6"},"breadcrumb":{"@id":"https:\/\/veritasinfo.org\/?p=31208#breadcrumb"},"inLanguage":"en-US","potentialAction":[{"@type":"ReadAction","target":["https:\/\/veritasinfo.org\/?p=31208"]}]},{"@type":"ImageObject","inLanguage":"en-US","@id":"https:\/\/veritasinfo.org\/?p=31208#primaryimage","url":"https:\/\/veritasinfo.org\/wp-content\/uploads\/2026\/02\/termeti.jpg","contentUrl":"https:\/\/veritasinfo.org\/wp-content\/uploads\/2026\/02\/termeti.jpg","width":1200,"height":674},{"@type":"BreadcrumbList","@id":"https:\/\/veritasinfo.org\/?p=31208#breadcrumb","itemListElement":[{"@type":"ListItem","position":1,"name":"Home","item":"https:\/\/veritasinfo.org\/"},{"@type":"ListItem","position":2,"name":"T\u00ebrmet n\u00eb Kosov\u00eb, epiqendra n\u00eb Prizren"}]},{"@type":"WebSite","@id":"https:\/\/veritasinfo.org\/#website","url":"https:\/\/veritasinfo.org\/","name":"","description":"","potentialAction":[{"@type":"SearchAction","target":{"@type":"EntryPoint","urlTemplate":"https:\/\/veritasinfo.org\/?s={search_term_string}"},"query-input":{"@type":"PropertyValueSpecification","valueRequired":true,"valueName":"search_term_string"}}],"inLanguage":"en-US"},{"@type":"Person","@id":"https:\/\/veritasinfo.org\/#\/schema\/person\/bc442336e35414d04494ab8fb45db4c6","name":"US5","image":{"@type":"ImageObject","inLanguage":"en-US","@id":"https:\/\/veritasinfo.org\/#\/schema\/person\/image\/","url":"https:\/\/secure.gravatar.com\/avatar\/16a61e7272a0c5d001121ebb9e60e925d5816e4ac1e443ed3e640d9a6ae55d0c?s=96&d=mm&r=g","contentUrl":"https:\/\/secure.gravatar.com\/avatar\/16a61e7272a0c5d001121ebb9e60e925d5816e4ac1e443ed3e640d9a6ae55d0c?s=96&d=mm&r=g","caption":"US5"},"url":"https:\/\/veritasinfo.org\/?author=6"}]}},"featured_image_urls":{"full":["https:\/\/veritasinfo.org\/wp-content\/uploads\/2026\/02\/termeti.jpg",1200,674,false],"thumbnail":["https:\/\/veritasinfo.org\/wp-content\/uploads\/2026\/02\/termeti-150x150.jpg",150,150,true],"medium":["https:\/\/veritasinfo.org\/wp-content\/uploads\/2026\/02\/termeti-300x169.jpg",300,169,true],"medium_large":["https:\/\/veritasinfo.org\/wp-content\/uploads\/2026\/02\/termeti-768x431.jpg",640,359,true],"large":["https:\/\/veritasinfo.org\/wp-content\/uploads\/2026\/02\/termeti-1024x575.jpg",640,359,true],"1536x1536":["https:\/\/veritasinfo.org\/wp-content\/uploads\/2026\/02\/termeti.jpg",1200,674,false],"2048x2048":["https:\/\/veritasinfo.org\/wp-content\/uploads\/2026\/02\/termeti.jpg",1200,674,false],"kreeti-slider-full":["https:\/\/veritasinfo.org\/wp-content\/uploads\/2026\/02\/termeti.jpg",1200,674,false],"kreeti-featured":["https:\/\/veritasinfo.org\/wp-content\/uploads\/2026\/02\/termeti.jpg",1024,575,false],"kreeti-medium":["https:\/\/veritasinfo.org\/wp-content\/uploads\/2026\/02\/termeti.jpg",720,404,false],"kreeti-medium-square":["https:\/\/veritasinfo.org\/wp-content\/uploads\/2026\/02\/termeti.jpg",350,197,false]},"author_info":{"info":["US5"]},"category_info":"<a href=\"https:\/\/veritasinfo.org\/?cat=60\" rel=\"category\">Shoq\u00ebrore<\/a>","tag_info":"Shoq\u00ebrore","comment_count":"0","_links":{"self":[{"href":"https:\/\/veritasinfo.org\/index.php?rest_route=\/wp\/v2\/posts\/31208","targetHints":{"allow":["GET"]}}],"collection":[{"href":"https:\/\/veritasinfo.org\/index.php?rest_route=\/wp\/v2\/posts"}],"about":[{"href":"https:\/\/veritasinfo.org\/index.php?rest_route=\/wp\/v2\/types\/post"}],"author":[{"embeddable":true,"href":"https:\/\/veritasinfo.org\/index.php?rest_route=\/wp\/v2\/users\/6"}],"replies":[{"embeddable":true,"href":"https:\/\/veritasinfo.org\/index.php?rest_route=%2Fwp%2Fv2%2Fcomments&post=31208"}],"version-history":[{"count":1,"href":"https:\/\/veritasinfo.org\/index.php?rest_route=\/wp\/v2\/posts\/31208\/revisions"}],"predecessor-version":[{"id":31210,"href":"https:\/\/veritasinfo.org\/index.php?rest_route=\/wp\/v2\/posts\/31208\/revisions\/31210"}],"wp:featuredmedia":[{"embeddable":true,"href":"https:\/\/veritasinfo.org\/index.php?rest_route=\/wp\/v2\/media\/31209"}],"wp:attachment":[{"href":"https:\/\/veritasinfo.org\/index.php?rest_route=%2Fwp%2Fv2%2Fmedia&parent=31208"}],"wp:term":[{"taxonomy":"category","embeddable":true,"href":"https:\/\/veritasinfo.org\/index.php?rest_route=%2Fwp%2Fv2%2Fcategories&post=31208"},{"taxonomy":"post_tag","embeddable":true,"href":"https:\/\/veritasinfo.org\/index.php?rest_route=%2Fwp%2Fv2%2Ftags&post=31208"}],"curies":[{"name":"wp","href":"https:\/\/api.w.org\/{rel}","templated":true}]}}