{"id":31191,"date":"2026-02-08T23:14:15","date_gmt":"2026-02-08T22:14:15","guid":{"rendered":"https:\/\/veritasinfo.org\/?p=31191"},"modified":"2026-02-08T23:14:15","modified_gmt":"2026-02-08T22:14:15","slug":"milan-radoiciq-behet-miliarder-por-e-humb-pushtetin-ne-veriun-e-mitrovices","status":"publish","type":"post","link":"https:\/\/veritasinfo.org\/?p=31191","title":{"rendered":"\u201cMilan Radoi\u00e7iq b\u00ebhet miliarder, por e humb pushtetin n\u00eb Veriun e Mitrovic\u00ebs\u201d"},"content":{"rendered":"<p><strong>Prishtin\u00eb, 08 shkurt 2026 23:12<\/strong><\/p>\n<p>Aleanca m\u00eb e madhe ushtarake, NATO s\u00ebrish ka k\u00ebrkuar dor\u00ebzimin e kryeterroristit, Millan Radojiciq.<\/p>\n<p>Dit\u00eb m\u00eb par\u00eb, sekretari i NATO-s, Mark Rutte b\u00ebri thirrje q\u00eb Radojiciq dhe grupi i tij, t\u00eb dalin para drejt\u00ebsis\u00eb dhe se p\u00ebr k\u00ebt\u00eb, q\u00eb nga sulmi n\u00eb Banjsk\u00eb t\u00eb Zvecanit m\u00eb 24-shtator, Rutte i k\u00ebrkon presidentit serb, Aleksand\u00ebr Vuciq, p\u00ebrgjegj\u00ebsi.<\/p>\n<p>Gazetari nga Beogradi, Slobodan Georgiev, thot\u00eb p\u00ebr T\u00ebv\u00eb1 se Millan Radojiciq po vazhdon nd\u00ebrtimet e hoteleve p\u00ebrreth Kapaonikut.<\/p>\n<p>Sipas tij, nuk do t\u00eb ket\u00eb dor\u00ebzim t\u00eb tij nga ana e presidentit Vuciq.<\/p>\n<p>\u201cKur ka ndodhur kjo, dhe ka ardhur k\u00ebrc\u00ebnimi nga SHBA-t\u00eb kur Blinkeni ka thirrur\u00a0 Vu\u00e7i\u00e7in, kan\u00eb reaguar sikur e soll\u00ebn n\u00eb gjykat\u00eb, e d\u00ebgjuan, e ai erdhi (Radoj\u00e7i\u00e7i) erdhi me krejt ekipin e tij, me automobila e krejt, dhe kaq.<\/p>\n<p>Asgj\u00eb nuk ndodh n\u00eb k\u00ebt\u00eb drejtim, nuk ka asnj\u00eb proces ndaj, e Millan Radoj\u00e7i\u00e7, sa e di un\u00eb, viteve t\u00eb fundit ka p\u00ebrfunduar disa hotele n\u00ebp\u00ebr rajonin e Kopaonikut. Nga k\u00ebtu duket se nuk ka m\u00eb pushtet n\u00ebp\u00ebr veriun e Kosov\u00ebs, dhe \u00ebsht\u00eb p\u00ebrqendruar n\u00eb pun\u00ebt n\u00eb Serbin\u00eb qendrore. E kan\u00eb firm\u00ebn e madhe n\u00eb Novi Pazar, \u201cNovi Pazar Put,\u201d punojn\u00eb shum\u00eb, dhe ai me Zvonko Veselinovi\u00e7in jan\u00eb b\u00ebr\u00eb miliarder\u00eb. Kjo \u00ebsht\u00eb situata\u201d, thot\u00eb ai.<\/p>\n<p>E njoh\u00ebsi i siguris\u00eb, Arben Dashevci vler\u00ebson se k\u00ebt\u00eb vit sulmi n\u00eb Banjsk\u00eb do t\u00eb zgjidhet.<\/p>\n<p>\u201cAjo p\u00ebrk\u00ebdhelja ose politika e but\u00eb ndaj Serbis\u00eb, po mbaron pra Banjska, dor\u00ebzimi i kriminel\u00ebve t\u00eb Banjsk\u00ebs nuk ka ku shkon. Ata do t\u00eb dor\u00ebzohen deshi ose nuk deshti sepse n\u00ebse e keni shikuar edhe Bashkimi Evropian nuk e ka at\u00eb qasjen karshi Serbis\u00eb, pra qasjen e but\u00eb ndaj Serbis\u00eb, k\u00ebrkon llogari dhe Banjska ose problemi i Banjsk\u00ebs un\u00eb mendoj se k\u00ebt\u00eb vit do t\u00eb zgjidhet. Presioni vet\u00ebm se po rritet \u00e7do dit\u00eb e m\u00eb shum\u00eb\u201d, shprehet Dashevci.<\/p>\n<p>Sipas Dashevcit, grupi i Millan Radojiciq vazhdon t\u00eb q\u00ebndron pran\u00eb parlamentit duke ruajtur pushtetin e presidentit serb, Vuciq.<\/p>\n<p>\u201cAta q\u00ebndrojn\u00eb pran\u00eb parlamentit t\u00eb Serbis\u00eb, q\u00ebndrojn\u00eb kund\u00ebr qytetar\u00ebve t\u00eb Serbis\u00eb atje, merren me aktivitete, \u00e7far\u00eb \u00ebsht\u00eb m\u00eb e keqja, marrin tender\u00eb dhe ka ende p\u00ebrfitime, para t\u00eb pista q\u00eb quhet n\u00eb aspektin e krimit ekonomik. Andaj mendoj se bota k\u00ebt\u00eb po e sheh, sidomos aspekti i siguris\u00eb dhe inteligjenc\u00ebs\u201d, thot\u00eb ai.<\/p>\n<p>N\u00eb an\u00ebn tjet\u00ebr, kryeministri, Albin Kurti s\u00ebrish i ka k\u00ebrkuar faktorit nd\u00ebrkomb\u00ebtar, dor\u00ebzimin e Millan Radojiciq tek institucionet e Drejt\u00ebsis\u00eb n\u00eb Kosov\u00eb.<\/p>\n","protected":false},"excerpt":{"rendered":"<p>Prishtin\u00eb, 08 shkurt 2026 23:12 Aleanca m\u00eb e madhe ushtarake, NATO s\u00ebrish ka k\u00ebrkuar dor\u00ebzimin e kryeterroristit, Millan Radojiciq. Dit\u00eb m\u00eb par\u00eb, sekretari i NATO-s,<\/p>\n","protected":false},"author":2,"featured_media":31192,"comment_status":"open","ping_status":"open","sticky":false,"template":"","format":"standard","meta":{"footnotes":""},"categories":[58],"tags":[],"class_list":["post-31191","post","type-post","status-publish","format-standard","has-post-thumbnail","hentry","category-politike-sq"],"yoast_head":"<!-- This site is optimized with the Yoast SEO plugin v25.3.1 - https:\/\/yoast.com\/wordpress\/plugins\/seo\/ -->\n<title>\u201cMilan Radoi\u00e7iq b\u00ebhet miliarder, por e humb pushtetin n\u00eb Veriun e Mitrovic\u00ebs\u201d -<\/title>\n<meta name=\"robots\" content=\"index, follow, max-snippet:-1, max-image-preview:large, max-video-preview:-1\" \/>\n<link rel=\"canonical\" href=\"https:\/\/veritasinfo.org\/?p=31191\" \/>\n<meta property=\"og:locale\" content=\"en_US\" \/>\n<meta property=\"og:type\" content=\"article\" \/>\n<meta property=\"og:title\" content=\"\u201cMilan Radoi\u00e7iq b\u00ebhet miliarder, por e humb pushtetin n\u00eb Veriun e Mitrovic\u00ebs\u201d -\" \/>\n<meta property=\"og:description\" content=\"Prishtin\u00eb, 08 shkurt 2026 23:12 Aleanca m\u00eb e madhe ushtarake, NATO s\u00ebrish ka k\u00ebrkuar dor\u00ebzimin e kryeterroristit, Millan Radojiciq. Dit\u00eb m\u00eb par\u00eb, sekretari i NATO-s,\" \/>\n<meta property=\"og:url\" content=\"https:\/\/veritasinfo.org\/?p=31191\" \/>\n<meta property=\"article:published_time\" content=\"2026-02-08T22:14:15+00:00\" \/>\n<meta property=\"og:image\" content=\"https:\/\/veritasinfo.org\/wp-content\/uploads\/2026\/02\/SlobodanGeorgiev-foto-N1.jpg\" \/>\n\t<meta property=\"og:image:width\" content=\"940\" \/>\n\t<meta property=\"og:image:height\" content=\"529\" \/>\n\t<meta property=\"og:image:type\" content=\"image\/jpeg\" \/>\n<meta name=\"author\" content=\"US1\" \/>\n<meta name=\"twitter:card\" content=\"summary_large_image\" \/>\n<meta name=\"twitter:label1\" content=\"Written by\" \/>\n\t<meta name=\"twitter:data1\" content=\"US1\" \/>\n\t<meta name=\"twitter:label2\" content=\"Est. reading time\" \/>\n\t<meta name=\"twitter:data2\" content=\"2 minutes\" \/>\n<script type=\"application\/ld+json\" class=\"yoast-schema-graph\">{\"@context\":\"https:\/\/schema.org\",\"@graph\":[{\"@type\":\"WebPage\",\"@id\":\"https:\/\/veritasinfo.org\/?p=31191\",\"url\":\"https:\/\/veritasinfo.org\/?p=31191\",\"name\":\"\u201cMilan Radoi\u00e7iq b\u00ebhet miliarder, por e humb pushtetin n\u00eb Veriun e Mitrovic\u00ebs\u201d -\",\"isPartOf\":{\"@id\":\"https:\/\/veritasinfo.org\/#website\"},\"primaryImageOfPage\":{\"@id\":\"https:\/\/veritasinfo.org\/?p=31191#primaryimage\"},\"image\":{\"@id\":\"https:\/\/veritasinfo.org\/?p=31191#primaryimage\"},\"thumbnailUrl\":\"https:\/\/veritasinfo.org\/wp-content\/uploads\/2026\/02\/SlobodanGeorgiev-foto-N1.jpg\",\"datePublished\":\"2026-02-08T22:14:15+00:00\",\"author\":{\"@id\":\"https:\/\/veritasinfo.org\/#\/schema\/person\/c2b8be262ea994d0995addca692c5e98\"},\"breadcrumb\":{\"@id\":\"https:\/\/veritasinfo.org\/?p=31191#breadcrumb\"},\"inLanguage\":\"en-US\",\"potentialAction\":[{\"@type\":\"ReadAction\",\"target\":[\"https:\/\/veritasinfo.org\/?p=31191\"]}]},{\"@type\":\"ImageObject\",\"inLanguage\":\"en-US\",\"@id\":\"https:\/\/veritasinfo.org\/?p=31191#primaryimage\",\"url\":\"https:\/\/veritasinfo.org\/wp-content\/uploads\/2026\/02\/SlobodanGeorgiev-foto-N1.jpg\",\"contentUrl\":\"https:\/\/veritasinfo.org\/wp-content\/uploads\/2026\/02\/SlobodanGeorgiev-foto-N1.jpg\",\"width\":940,\"height\":529},{\"@type\":\"BreadcrumbList\",\"@id\":\"https:\/\/veritasinfo.org\/?p=31191#breadcrumb\",\"itemListElement\":[{\"@type\":\"ListItem\",\"position\":1,\"name\":\"Home\",\"item\":\"https:\/\/veritasinfo.org\/\"},{\"@type\":\"ListItem\",\"position\":2,\"name\":\"\u201cMilan Radoi\u00e7iq b\u00ebhet miliarder, por e humb pushtetin n\u00eb Veriun e Mitrovic\u00ebs\u201d\"}]},{\"@type\":\"WebSite\",\"@id\":\"https:\/\/veritasinfo.org\/#website\",\"url\":\"https:\/\/veritasinfo.org\/\",\"name\":\"\",\"description\":\"\",\"potentialAction\":[{\"@type\":\"SearchAction\",\"target\":{\"@type\":\"EntryPoint\",\"urlTemplate\":\"https:\/\/veritasinfo.org\/?s={search_term_string}\"},\"query-input\":{\"@type\":\"PropertyValueSpecification\",\"valueRequired\":true,\"valueName\":\"search_term_string\"}}],\"inLanguage\":\"en-US\"},{\"@type\":\"Person\",\"@id\":\"https:\/\/veritasinfo.org\/#\/schema\/person\/c2b8be262ea994d0995addca692c5e98\",\"name\":\"US1\",\"image\":{\"@type\":\"ImageObject\",\"inLanguage\":\"en-US\",\"@id\":\"https:\/\/veritasinfo.org\/#\/schema\/person\/image\/\",\"url\":\"https:\/\/secure.gravatar.com\/avatar\/4e96a59bd256abf9956eb9963ac891a47461ffb364d47b0e9aab113328fdb75b?s=96&d=mm&r=g\",\"contentUrl\":\"https:\/\/secure.gravatar.com\/avatar\/4e96a59bd256abf9956eb9963ac891a47461ffb364d47b0e9aab113328fdb75b?s=96&d=mm&r=g\",\"caption\":\"US1\"},\"url\":\"https:\/\/veritasinfo.org\/?author=2\"}]}<\/script>\n<!-- \/ Yoast SEO plugin. -->","yoast_head_json":{"title":"\u201cMilan Radoi\u00e7iq b\u00ebhet miliarder, por e humb pushtetin n\u00eb Veriun e Mitrovic\u00ebs\u201d -","robots":{"index":"index","follow":"follow","max-snippet":"max-snippet:-1","max-image-preview":"max-image-preview:large","max-video-preview":"max-video-preview:-1"},"canonical":"https:\/\/veritasinfo.org\/?p=31191","og_locale":"en_US","og_type":"article","og_title":"\u201cMilan Radoi\u00e7iq b\u00ebhet miliarder, por e humb pushtetin n\u00eb Veriun e Mitrovic\u00ebs\u201d -","og_description":"Prishtin\u00eb, 08 shkurt 2026 23:12 Aleanca m\u00eb e madhe ushtarake, NATO s\u00ebrish ka k\u00ebrkuar dor\u00ebzimin e kryeterroristit, Millan Radojiciq. Dit\u00eb m\u00eb par\u00eb, sekretari i NATO-s,","og_url":"https:\/\/veritasinfo.org\/?p=31191","article_published_time":"2026-02-08T22:14:15+00:00","og_image":[{"width":940,"height":529,"url":"https:\/\/veritasinfo.org\/wp-content\/uploads\/2026\/02\/SlobodanGeorgiev-foto-N1.jpg","type":"image\/jpeg"}],"author":"US1","twitter_card":"summary_large_image","twitter_misc":{"Written by":"US1","Est. reading time":"2 minutes"},"schema":{"@context":"https:\/\/schema.org","@graph":[{"@type":"WebPage","@id":"https:\/\/veritasinfo.org\/?p=31191","url":"https:\/\/veritasinfo.org\/?p=31191","name":"\u201cMilan Radoi\u00e7iq b\u00ebhet miliarder, por e humb pushtetin n\u00eb Veriun e Mitrovic\u00ebs\u201d -","isPartOf":{"@id":"https:\/\/veritasinfo.org\/#website"},"primaryImageOfPage":{"@id":"https:\/\/veritasinfo.org\/?p=31191#primaryimage"},"image":{"@id":"https:\/\/veritasinfo.org\/?p=31191#primaryimage"},"thumbnailUrl":"https:\/\/veritasinfo.org\/wp-content\/uploads\/2026\/02\/SlobodanGeorgiev-foto-N1.jpg","datePublished":"2026-02-08T22:14:15+00:00","author":{"@id":"https:\/\/veritasinfo.org\/#\/schema\/person\/c2b8be262ea994d0995addca692c5e98"},"breadcrumb":{"@id":"https:\/\/veritasinfo.org\/?p=31191#breadcrumb"},"inLanguage":"en-US","potentialAction":[{"@type":"ReadAction","target":["https:\/\/veritasinfo.org\/?p=31191"]}]},{"@type":"ImageObject","inLanguage":"en-US","@id":"https:\/\/veritasinfo.org\/?p=31191#primaryimage","url":"https:\/\/veritasinfo.org\/wp-content\/uploads\/2026\/02\/SlobodanGeorgiev-foto-N1.jpg","contentUrl":"https:\/\/veritasinfo.org\/wp-content\/uploads\/2026\/02\/SlobodanGeorgiev-foto-N1.jpg","width":940,"height":529},{"@type":"BreadcrumbList","@id":"https:\/\/veritasinfo.org\/?p=31191#breadcrumb","itemListElement":[{"@type":"ListItem","position":1,"name":"Home","item":"https:\/\/veritasinfo.org\/"},{"@type":"ListItem","position":2,"name":"\u201cMilan Radoi\u00e7iq b\u00ebhet miliarder, por e humb pushtetin n\u00eb Veriun e Mitrovic\u00ebs\u201d"}]},{"@type":"WebSite","@id":"https:\/\/veritasinfo.org\/#website","url":"https:\/\/veritasinfo.org\/","name":"","description":"","potentialAction":[{"@type":"SearchAction","target":{"@type":"EntryPoint","urlTemplate":"https:\/\/veritasinfo.org\/?s={search_term_string}"},"query-input":{"@type":"PropertyValueSpecification","valueRequired":true,"valueName":"search_term_string"}}],"inLanguage":"en-US"},{"@type":"Person","@id":"https:\/\/veritasinfo.org\/#\/schema\/person\/c2b8be262ea994d0995addca692c5e98","name":"US1","image":{"@type":"ImageObject","inLanguage":"en-US","@id":"https:\/\/veritasinfo.org\/#\/schema\/person\/image\/","url":"https:\/\/secure.gravatar.com\/avatar\/4e96a59bd256abf9956eb9963ac891a47461ffb364d47b0e9aab113328fdb75b?s=96&d=mm&r=g","contentUrl":"https:\/\/secure.gravatar.com\/avatar\/4e96a59bd256abf9956eb9963ac891a47461ffb364d47b0e9aab113328fdb75b?s=96&d=mm&r=g","caption":"US1"},"url":"https:\/\/veritasinfo.org\/?author=2"}]}},"featured_image_urls":{"full":["https:\/\/veritasinfo.org\/wp-content\/uploads\/2026\/02\/SlobodanGeorgiev-foto-N1.jpg",940,529,false],"thumbnail":["https:\/\/veritasinfo.org\/wp-content\/uploads\/2026\/02\/SlobodanGeorgiev-foto-N1-150x150.jpg",150,150,true],"medium":["https:\/\/veritasinfo.org\/wp-content\/uploads\/2026\/02\/SlobodanGeorgiev-foto-N1-300x169.jpg",300,169,true],"medium_large":["https:\/\/veritasinfo.org\/wp-content\/uploads\/2026\/02\/SlobodanGeorgiev-foto-N1-768x432.jpg",640,360,true],"large":["https:\/\/veritasinfo.org\/wp-content\/uploads\/2026\/02\/SlobodanGeorgiev-foto-N1.jpg",640,360,false],"1536x1536":["https:\/\/veritasinfo.org\/wp-content\/uploads\/2026\/02\/SlobodanGeorgiev-foto-N1.jpg",940,529,false],"2048x2048":["https:\/\/veritasinfo.org\/wp-content\/uploads\/2026\/02\/SlobodanGeorgiev-foto-N1.jpg",940,529,false],"kreeti-slider-full":["https:\/\/veritasinfo.org\/wp-content\/uploads\/2026\/02\/SlobodanGeorgiev-foto-N1.jpg",940,529,false],"kreeti-featured":["https:\/\/veritasinfo.org\/wp-content\/uploads\/2026\/02\/SlobodanGeorgiev-foto-N1.jpg",940,529,false],"kreeti-medium":["https:\/\/veritasinfo.org\/wp-content\/uploads\/2026\/02\/SlobodanGeorgiev-foto-N1.jpg",720,405,false],"kreeti-medium-square":["https:\/\/veritasinfo.org\/wp-content\/uploads\/2026\/02\/SlobodanGeorgiev-foto-N1.jpg",350,197,false]},"author_info":{"info":["US1"]},"category_info":"<a href=\"https:\/\/veritasinfo.org\/?cat=58\" rel=\"category\">Politik\u00eb<\/a>","tag_info":"Politik\u00eb","comment_count":"0","_links":{"self":[{"href":"https:\/\/veritasinfo.org\/index.php?rest_route=\/wp\/v2\/posts\/31191","targetHints":{"allow":["GET"]}}],"collection":[{"href":"https:\/\/veritasinfo.org\/index.php?rest_route=\/wp\/v2\/posts"}],"about":[{"href":"https:\/\/veritasinfo.org\/index.php?rest_route=\/wp\/v2\/types\/post"}],"author":[{"embeddable":true,"href":"https:\/\/veritasinfo.org\/index.php?rest_route=\/wp\/v2\/users\/2"}],"replies":[{"embeddable":true,"href":"https:\/\/veritasinfo.org\/index.php?rest_route=%2Fwp%2Fv2%2Fcomments&post=31191"}],"version-history":[{"count":1,"href":"https:\/\/veritasinfo.org\/index.php?rest_route=\/wp\/v2\/posts\/31191\/revisions"}],"predecessor-version":[{"id":31193,"href":"https:\/\/veritasinfo.org\/index.php?rest_route=\/wp\/v2\/posts\/31191\/revisions\/31193"}],"wp:featuredmedia":[{"embeddable":true,"href":"https:\/\/veritasinfo.org\/index.php?rest_route=\/wp\/v2\/media\/31192"}],"wp:attachment":[{"href":"https:\/\/veritasinfo.org\/index.php?rest_route=%2Fwp%2Fv2%2Fmedia&parent=31191"}],"wp:term":[{"taxonomy":"category","embeddable":true,"href":"https:\/\/veritasinfo.org\/index.php?rest_route=%2Fwp%2Fv2%2Fcategories&post=31191"},{"taxonomy":"post_tag","embeddable":true,"href":"https:\/\/veritasinfo.org\/index.php?rest_route=%2Fwp%2Fv2%2Ftags&post=31191"}],"curies":[{"name":"wp","href":"https:\/\/api.w.org\/{rel}","templated":true}]}}