{"id":3119,"date":"2025-07-09T13:29:40","date_gmt":"2025-07-09T11:29:40","guid":{"rendered":"https:\/\/veritasinfo.org\/?p=3119"},"modified":"2025-07-09T13:29:40","modified_gmt":"2025-07-09T11:29:40","slug":"zyrtare-muriqi-rinovon-me-mallorcen-deri-ne-vitin-2029","status":"publish","type":"post","link":"https:\/\/veritasinfo.org\/?p=3119","title":{"rendered":"Zyrtare: Muriqi rinovon me Mallorc\u00ebn deri n\u00eb vitin 2029"},"content":{"rendered":"<p>Mallorca, 9 Korrik 2025<\/p>\n<p>Historia e \u201cPiratit\u201d vazhdon n\u00eb ishullin spanjoll.<\/p>\n<p>Vedat Muriqi ka firmosur kontrat\u00eb t\u00eb re me RCD Mallorc\u00ebn, duke zgjatur q\u00ebndrimin e tij deri n\u00eb vitin 2029.<\/p>\n<p>Klubi dhe sulmuesi kosovar kan\u00eb arritur marr\u00ebveshje t\u00eb plot\u00eb, duke treguar besim t\u00eb nd\u00ebrsjell\u00eb p\u00ebr t\u00eb ardhmen.<\/p>\n<p>Muriqi mbetet lider i padiskutuesh\u00ebm n\u00eb ofensiv\u00ebn e Mallorc\u00ebs.<\/p>\n<p><img fetchpriority=\"high\" decoding=\"async\" class=\"alignnone size-medium wp-image-3124\" src=\"https:\/\/veritasinfo.org\/wp-content\/uploads\/2025\/07\/IMG_0908-225x300.jpeg\" alt=\"\" width=\"225\" height=\"300\" srcset=\"https:\/\/veritasinfo.org\/wp-content\/uploads\/2025\/07\/IMG_0908-225x300.jpeg 225w, https:\/\/veritasinfo.org\/wp-content\/uploads\/2025\/07\/IMG_0908-768x1024.jpeg 768w, https:\/\/veritasinfo.org\/wp-content\/uploads\/2025\/07\/IMG_0908-1152x1536.jpeg 1152w, https:\/\/veritasinfo.org\/wp-content\/uploads\/2025\/07\/IMG_0908.jpeg 1440w\" sizes=\"(max-width: 225px) 100vw, 225px\" \/><\/p>\n","protected":false},"excerpt":{"rendered":"<p>Mallorca, 9 Korrik 2025 Historia e \u201cPiratit\u201d vazhdon n\u00eb ishullin spanjoll. Vedat Muriqi ka firmosur kontrat\u00eb t\u00eb re me RCD Mallorc\u00ebn, duke zgjatur q\u00ebndrimin e<\/p>\n","protected":false},"author":1,"featured_media":3126,"comment_status":"open","ping_status":"open","sticky":false,"template":"","format":"standard","meta":{"footnotes":""},"categories":[5],"tags":[],"class_list":["post-3119","post","type-post","status-publish","format-standard","has-post-thumbnail","hentry","category-sport-sq"],"yoast_head":"<!-- This site is optimized with the Yoast SEO plugin v25.3.1 - https:\/\/yoast.com\/wordpress\/plugins\/seo\/ -->\n<title>Zyrtare: Muriqi rinovon me Mallorc\u00ebn deri n\u00eb vitin 2029 -<\/title>\n<meta name=\"robots\" content=\"index, follow, max-snippet:-1, max-image-preview:large, max-video-preview:-1\" \/>\n<link rel=\"canonical\" href=\"https:\/\/veritasinfo.org\/?p=3119\" \/>\n<meta property=\"og:locale\" content=\"en_US\" \/>\n<meta property=\"og:type\" content=\"article\" \/>\n<meta property=\"og:title\" content=\"Zyrtare: Muriqi rinovon me Mallorc\u00ebn deri n\u00eb vitin 2029 -\" \/>\n<meta property=\"og:description\" content=\"Mallorca, 9 Korrik 2025 Historia e \u201cPiratit\u201d vazhdon n\u00eb ishullin spanjoll. Vedat Muriqi ka firmosur kontrat\u00eb t\u00eb re me RCD Mallorc\u00ebn, duke zgjatur q\u00ebndrimin e\" \/>\n<meta property=\"og:url\" content=\"https:\/\/veritasinfo.org\/?p=3119\" \/>\n<meta property=\"article:published_time\" content=\"2025-07-09T11:29:40+00:00\" \/>\n<meta property=\"og:image\" content=\"https:\/\/veritasinfo.org\/wp-content\/uploads\/2025\/07\/IMG_0909.jpeg\" \/>\n\t<meta property=\"og:image:width\" content=\"1440\" \/>\n\t<meta property=\"og:image:height\" content=\"1800\" \/>\n\t<meta property=\"og:image:type\" content=\"image\/jpeg\" \/>\n<meta name=\"author\" content=\"admin\" \/>\n<meta name=\"twitter:card\" content=\"summary_large_image\" \/>\n<meta name=\"twitter:label1\" content=\"Written by\" \/>\n\t<meta name=\"twitter:data1\" content=\"admin\" \/>\n\t<meta name=\"twitter:label2\" content=\"Est. reading time\" \/>\n\t<meta name=\"twitter:data2\" content=\"1 minute\" \/>\n<script type=\"application\/ld+json\" class=\"yoast-schema-graph\">{\"@context\":\"https:\/\/schema.org\",\"@graph\":[{\"@type\":\"WebPage\",\"@id\":\"https:\/\/veritasinfo.org\/?p=3119\",\"url\":\"https:\/\/veritasinfo.org\/?p=3119\",\"name\":\"Zyrtare: Muriqi rinovon me Mallorc\u00ebn deri n\u00eb vitin 2029 -\",\"isPartOf\":{\"@id\":\"https:\/\/veritasinfo.org\/#website\"},\"primaryImageOfPage\":{\"@id\":\"https:\/\/veritasinfo.org\/?p=3119#primaryimage\"},\"image\":{\"@id\":\"https:\/\/veritasinfo.org\/?p=3119#primaryimage\"},\"thumbnailUrl\":\"https:\/\/veritasinfo.org\/wp-content\/uploads\/2025\/07\/IMG_0909.jpeg\",\"datePublished\":\"2025-07-09T11:29:40+00:00\",\"author\":{\"@id\":\"https:\/\/veritasinfo.org\/#\/schema\/person\/7701f8c088bece422266b100a712374f\"},\"breadcrumb\":{\"@id\":\"https:\/\/veritasinfo.org\/?p=3119#breadcrumb\"},\"inLanguage\":\"en-US\",\"potentialAction\":[{\"@type\":\"ReadAction\",\"target\":[\"https:\/\/veritasinfo.org\/?p=3119\"]}]},{\"@type\":\"ImageObject\",\"inLanguage\":\"en-US\",\"@id\":\"https:\/\/veritasinfo.org\/?p=3119#primaryimage\",\"url\":\"https:\/\/veritasinfo.org\/wp-content\/uploads\/2025\/07\/IMG_0909.jpeg\",\"contentUrl\":\"https:\/\/veritasinfo.org\/wp-content\/uploads\/2025\/07\/IMG_0909.jpeg\",\"width\":1440,\"height\":1800},{\"@type\":\"BreadcrumbList\",\"@id\":\"https:\/\/veritasinfo.org\/?p=3119#breadcrumb\",\"itemListElement\":[{\"@type\":\"ListItem\",\"position\":1,\"name\":\"Home\",\"item\":\"https:\/\/veritasinfo.org\/\"},{\"@type\":\"ListItem\",\"position\":2,\"name\":\"Zyrtare: Muriqi rinovon me Mallorc\u00ebn deri n\u00eb vitin 2029\"}]},{\"@type\":\"WebSite\",\"@id\":\"https:\/\/veritasinfo.org\/#website\",\"url\":\"https:\/\/veritasinfo.org\/\",\"name\":\"\",\"description\":\"\",\"potentialAction\":[{\"@type\":\"SearchAction\",\"target\":{\"@type\":\"EntryPoint\",\"urlTemplate\":\"https:\/\/veritasinfo.org\/?s={search_term_string}\"},\"query-input\":{\"@type\":\"PropertyValueSpecification\",\"valueRequired\":true,\"valueName\":\"search_term_string\"}}],\"inLanguage\":\"en-US\"},{\"@type\":\"Person\",\"@id\":\"https:\/\/veritasinfo.org\/#\/schema\/person\/7701f8c088bece422266b100a712374f\",\"name\":\"admin\",\"image\":{\"@type\":\"ImageObject\",\"inLanguage\":\"en-US\",\"@id\":\"https:\/\/veritasinfo.org\/#\/schema\/person\/image\/\",\"url\":\"https:\/\/secure.gravatar.com\/avatar\/ea53aa3bf6c9a12d5fde8ce4deff43fef3885ae33cf60184161a50d6987cfd2f?s=96&d=mm&r=g\",\"contentUrl\":\"https:\/\/secure.gravatar.com\/avatar\/ea53aa3bf6c9a12d5fde8ce4deff43fef3885ae33cf60184161a50d6987cfd2f?s=96&d=mm&r=g\",\"caption\":\"admin\"},\"sameAs\":[\"https:\/\/veritasinfo.org\"],\"url\":\"https:\/\/veritasinfo.org\/?author=1\"}]}<\/script>\n<!-- \/ Yoast SEO plugin. -->","yoast_head_json":{"title":"Zyrtare: Muriqi rinovon me Mallorc\u00ebn deri n\u00eb vitin 2029 -","robots":{"index":"index","follow":"follow","max-snippet":"max-snippet:-1","max-image-preview":"max-image-preview:large","max-video-preview":"max-video-preview:-1"},"canonical":"https:\/\/veritasinfo.org\/?p=3119","og_locale":"en_US","og_type":"article","og_title":"Zyrtare: Muriqi rinovon me Mallorc\u00ebn deri n\u00eb vitin 2029 -","og_description":"Mallorca, 9 Korrik 2025 Historia e \u201cPiratit\u201d vazhdon n\u00eb ishullin spanjoll. Vedat Muriqi ka firmosur kontrat\u00eb t\u00eb re me RCD Mallorc\u00ebn, duke zgjatur q\u00ebndrimin e","og_url":"https:\/\/veritasinfo.org\/?p=3119","article_published_time":"2025-07-09T11:29:40+00:00","og_image":[{"width":1440,"height":1800,"url":"https:\/\/veritasinfo.org\/wp-content\/uploads\/2025\/07\/IMG_0909.jpeg","type":"image\/jpeg"}],"author":"admin","twitter_card":"summary_large_image","twitter_misc":{"Written by":"admin","Est. reading time":"1 minute"},"schema":{"@context":"https:\/\/schema.org","@graph":[{"@type":"WebPage","@id":"https:\/\/veritasinfo.org\/?p=3119","url":"https:\/\/veritasinfo.org\/?p=3119","name":"Zyrtare: Muriqi rinovon me Mallorc\u00ebn deri n\u00eb vitin 2029 -","isPartOf":{"@id":"https:\/\/veritasinfo.org\/#website"},"primaryImageOfPage":{"@id":"https:\/\/veritasinfo.org\/?p=3119#primaryimage"},"image":{"@id":"https:\/\/veritasinfo.org\/?p=3119#primaryimage"},"thumbnailUrl":"https:\/\/veritasinfo.org\/wp-content\/uploads\/2025\/07\/IMG_0909.jpeg","datePublished":"2025-07-09T11:29:40+00:00","author":{"@id":"https:\/\/veritasinfo.org\/#\/schema\/person\/7701f8c088bece422266b100a712374f"},"breadcrumb":{"@id":"https:\/\/veritasinfo.org\/?p=3119#breadcrumb"},"inLanguage":"en-US","potentialAction":[{"@type":"ReadAction","target":["https:\/\/veritasinfo.org\/?p=3119"]}]},{"@type":"ImageObject","inLanguage":"en-US","@id":"https:\/\/veritasinfo.org\/?p=3119#primaryimage","url":"https:\/\/veritasinfo.org\/wp-content\/uploads\/2025\/07\/IMG_0909.jpeg","contentUrl":"https:\/\/veritasinfo.org\/wp-content\/uploads\/2025\/07\/IMG_0909.jpeg","width":1440,"height":1800},{"@type":"BreadcrumbList","@id":"https:\/\/veritasinfo.org\/?p=3119#breadcrumb","itemListElement":[{"@type":"ListItem","position":1,"name":"Home","item":"https:\/\/veritasinfo.org\/"},{"@type":"ListItem","position":2,"name":"Zyrtare: Muriqi rinovon me Mallorc\u00ebn deri n\u00eb vitin 2029"}]},{"@type":"WebSite","@id":"https:\/\/veritasinfo.org\/#website","url":"https:\/\/veritasinfo.org\/","name":"","description":"","potentialAction":[{"@type":"SearchAction","target":{"@type":"EntryPoint","urlTemplate":"https:\/\/veritasinfo.org\/?s={search_term_string}"},"query-input":{"@type":"PropertyValueSpecification","valueRequired":true,"valueName":"search_term_string"}}],"inLanguage":"en-US"},{"@type":"Person","@id":"https:\/\/veritasinfo.org\/#\/schema\/person\/7701f8c088bece422266b100a712374f","name":"admin","image":{"@type":"ImageObject","inLanguage":"en-US","@id":"https:\/\/veritasinfo.org\/#\/schema\/person\/image\/","url":"https:\/\/secure.gravatar.com\/avatar\/ea53aa3bf6c9a12d5fde8ce4deff43fef3885ae33cf60184161a50d6987cfd2f?s=96&d=mm&r=g","contentUrl":"https:\/\/secure.gravatar.com\/avatar\/ea53aa3bf6c9a12d5fde8ce4deff43fef3885ae33cf60184161a50d6987cfd2f?s=96&d=mm&r=g","caption":"admin"},"sameAs":["https:\/\/veritasinfo.org"],"url":"https:\/\/veritasinfo.org\/?author=1"}]}},"featured_image_urls":{"full":["https:\/\/veritasinfo.org\/wp-content\/uploads\/2025\/07\/IMG_0909.jpeg",1440,1800,false],"thumbnail":["https:\/\/veritasinfo.org\/wp-content\/uploads\/2025\/07\/IMG_0909-150x150.jpeg",150,150,true],"medium":["https:\/\/veritasinfo.org\/wp-content\/uploads\/2025\/07\/IMG_0909-240x300.jpeg",240,300,true],"medium_large":["https:\/\/veritasinfo.org\/wp-content\/uploads\/2025\/07\/IMG_0909-768x960.jpeg",640,800,true],"large":["https:\/\/veritasinfo.org\/wp-content\/uploads\/2025\/07\/IMG_0909-819x1024.jpeg",640,800,true],"1536x1536":["https:\/\/veritasinfo.org\/wp-content\/uploads\/2025\/07\/IMG_0909-1229x1536.jpeg",1229,1536,true],"2048x2048":["https:\/\/veritasinfo.org\/wp-content\/uploads\/2025\/07\/IMG_0909.jpeg",1440,1800,false],"kreeti-slider-full":["https:\/\/veritasinfo.org\/wp-content\/uploads\/2025\/07\/IMG_0909.jpeg",576,720,false],"kreeti-featured":["https:\/\/veritasinfo.org\/wp-content\/uploads\/2025\/07\/IMG_0909.jpeg",1024,1280,false],"kreeti-medium":["https:\/\/veritasinfo.org\/wp-content\/uploads\/2025\/07\/IMG_0909.jpeg",424,530,false],"kreeti-medium-square":["https:\/\/veritasinfo.org\/wp-content\/uploads\/2025\/07\/IMG_0909.jpeg",280,350,false]},"author_info":{"info":["admin"]},"category_info":"<a href=\"https:\/\/veritasinfo.org\/?cat=5\" rel=\"category\">Sport<\/a>","tag_info":"Sport","comment_count":"0","_links":{"self":[{"href":"https:\/\/veritasinfo.org\/index.php?rest_route=\/wp\/v2\/posts\/3119","targetHints":{"allow":["GET"]}}],"collection":[{"href":"https:\/\/veritasinfo.org\/index.php?rest_route=\/wp\/v2\/posts"}],"about":[{"href":"https:\/\/veritasinfo.org\/index.php?rest_route=\/wp\/v2\/types\/post"}],"author":[{"embeddable":true,"href":"https:\/\/veritasinfo.org\/index.php?rest_route=\/wp\/v2\/users\/1"}],"replies":[{"embeddable":true,"href":"https:\/\/veritasinfo.org\/index.php?rest_route=%2Fwp%2Fv2%2Fcomments&post=3119"}],"version-history":[{"count":2,"href":"https:\/\/veritasinfo.org\/index.php?rest_route=\/wp\/v2\/posts\/3119\/revisions"}],"predecessor-version":[{"id":3129,"href":"https:\/\/veritasinfo.org\/index.php?rest_route=\/wp\/v2\/posts\/3119\/revisions\/3129"}],"wp:featuredmedia":[{"embeddable":true,"href":"https:\/\/veritasinfo.org\/index.php?rest_route=\/wp\/v2\/media\/3126"}],"wp:attachment":[{"href":"https:\/\/veritasinfo.org\/index.php?rest_route=%2Fwp%2Fv2%2Fmedia&parent=3119"}],"wp:term":[{"taxonomy":"category","embeddable":true,"href":"https:\/\/veritasinfo.org\/index.php?rest_route=%2Fwp%2Fv2%2Fcategories&post=3119"},{"taxonomy":"post_tag","embeddable":true,"href":"https:\/\/veritasinfo.org\/index.php?rest_route=%2Fwp%2Fv2%2Ftags&post=3119"}],"curies":[{"name":"wp","href":"https:\/\/api.w.org\/{rel}","templated":true}]}}