{"id":31151,"date":"2026-02-08T18:27:15","date_gmt":"2026-02-08T17:27:15","guid":{"rendered":"https:\/\/veritasinfo.org\/?p=31151"},"modified":"2026-02-08T18:27:15","modified_gmt":"2026-02-08T17:27:15","slug":"shqiperia-mbeshtet-kerkesat-e-studenteve-per-gjuhen-shqipe-ne-maqedonine-e-veriut","status":"publish","type":"post","link":"https:\/\/veritasinfo.org\/?p=31151","title":{"rendered":"Shqip\u00ebria mb\u00ebshtet k\u00ebrkesat e student\u00ebve p\u00ebr gjuh\u00ebn shqipe n\u00eb Maqedonin\u00eb e Veriut"},"content":{"rendered":"<p><strong>Tiran\u00eb, 08 shkurt 2026 18:26<\/strong><\/p>\n<p>Ministrja p\u00ebr Evrop\u00ebn dhe Pun\u00ebt e Jashtme, Elisa Spiropali, ka p\u00ebrg\u00ebzuar student\u00ebt shqiptar\u00eb t\u00eb Maqedonis\u00eb s\u00eb Veriut p\u00ebr angazhimin e tyre p\u00ebr p\u00ebrdorimin e gjuh\u00ebs shqipe, n\u00eb p\u00ebrputhje me t\u00eb drejtat e garantuara nga Kushtetuta dhe legjislacioni n\u00eb fuqi.<\/p>\n<p>\u201cP\u00ebrg\u00ebzojm\u00eb student\u00ebt shqiptar\u00eb t\u00eb Maqedonis\u00eb s\u00eb Veriut p\u00ebr angazhimin qytetar dhe m\u00ebnyr\u00ebn demokratike me t\u00eb cil\u00ebn kan\u00eb artikuluar k\u00ebrkes\u00ebn e tyre p\u00ebr p\u00ebrdorimin e gjuh\u00ebs shqipe n\u00eb p\u00ebrputhje me t\u00eb drejtat e garantuara nga Kushtetuta dhe legjislacioni n\u00eb fuqi\u201d, shkruan Spiropali.<\/p>\n<p>Sipas saj, dialogu konstruktiv, zgjidhjet institucionale dhe respektimi i t\u00eb drejtave t\u00eb njeriut mbeten rruga m\u00eb e sigurt p\u00ebr forcimin e besimit nd\u00ebrmjet komuniteteve dhe p\u00ebr p\u00ebrmir\u00ebsimin e standardeve demokratike n\u00eb vend.<\/p>\n<p>Spiropali ka vler\u00ebsuar gjithashtu gatishm\u00ebrin\u00eb e institucioneve t\u00eb Maqedonis\u00eb s\u00eb Veriut p\u00ebr ta trajtuar k\u00ebt\u00eb \u00e7\u00ebshtje me seriozitet dhe n\u00eb p\u00ebrputhje me kuadrin kushtetues dhe ligjor t\u00eb vendit.<\/p>\n<p>Pak dit\u00eb m\u00eb par\u00eb, 385 student\u00eb shqiptar\u00eb n\u00eb Maqedonin\u00eb e Veriut kan\u00eb dor\u00ebzuar nj\u00eb peticion p\u00ebr zhvillimin e provimit t\u00eb jurisprudenc\u00ebs edhe n\u00eb gjuh\u00ebn shqipe, krahas maqedonishtes, duke theksuar se kjo e drejt\u00eb u garantohet me ligj, pasi studimet i ndjekin n\u00eb shqip dhe shqipja \u00ebsht\u00eb gjuh\u00eb zyrtare n\u00eb vend.<\/p>\n<p>Ministria e Drejt\u00ebsis\u00eb e ka refuzuar k\u00ebrkes\u00ebn, duke argumentuar se provimi sh\u00ebrben edhe si test p\u00ebr njohjen e gjuh\u00ebs maqedonase, e cila \u00ebsht\u00eb kusht ligjor p\u00ebr ushtrimin e profesioneve juridike.<\/p>\n","protected":false},"excerpt":{"rendered":"<p>Tiran\u00eb, 08 shkurt 2026 18:26 Ministrja p\u00ebr Evrop\u00ebn dhe Pun\u00ebt e Jashtme, Elisa Spiropali, ka p\u00ebrg\u00ebzuar student\u00ebt shqiptar\u00eb t\u00eb Maqedonis\u00eb s\u00eb Veriut p\u00ebr angazhimin e<\/p>\n","protected":false},"author":2,"featured_media":31152,"comment_status":"open","ping_status":"open","sticky":false,"template":"","format":"standard","meta":{"footnotes":""},"categories":[58],"tags":[],"class_list":["post-31151","post","type-post","status-publish","format-standard","has-post-thumbnail","hentry","category-politike-sq"],"yoast_head":"<!-- This site is optimized with the Yoast SEO plugin v25.3.1 - https:\/\/yoast.com\/wordpress\/plugins\/seo\/ -->\n<title>Shqip\u00ebria mb\u00ebshtet k\u00ebrkesat e student\u00ebve p\u00ebr gjuh\u00ebn shqipe n\u00eb Maqedonin\u00eb e Veriut -<\/title>\n<meta name=\"robots\" content=\"index, follow, max-snippet:-1, max-image-preview:large, max-video-preview:-1\" \/>\n<link rel=\"canonical\" href=\"https:\/\/veritasinfo.org\/?p=31151\" \/>\n<meta property=\"og:locale\" content=\"en_US\" \/>\n<meta property=\"og:type\" content=\"article\" \/>\n<meta property=\"og:title\" content=\"Shqip\u00ebria mb\u00ebshtet k\u00ebrkesat e student\u00ebve p\u00ebr gjuh\u00ebn shqipe n\u00eb Maqedonin\u00eb e Veriut -\" \/>\n<meta property=\"og:description\" content=\"Tiran\u00eb, 08 shkurt 2026 18:26 Ministrja p\u00ebr Evrop\u00ebn dhe Pun\u00ebt e Jashtme, Elisa Spiropali, ka p\u00ebrg\u00ebzuar student\u00ebt shqiptar\u00eb t\u00eb Maqedonis\u00eb s\u00eb Veriut p\u00ebr angazhimin e\" \/>\n<meta property=\"og:url\" content=\"https:\/\/veritasinfo.org\/?p=31151\" \/>\n<meta property=\"article:published_time\" content=\"2026-02-08T17:27:15+00:00\" \/>\n<meta property=\"og:image\" content=\"https:\/\/veritasinfo.org\/wp-content\/uploads\/2026\/02\/elisa.jpg\" \/>\n\t<meta property=\"og:image:width\" content=\"940\" \/>\n\t<meta property=\"og:image:height\" content=\"645\" \/>\n\t<meta property=\"og:image:type\" content=\"image\/jpeg\" \/>\n<meta name=\"author\" content=\"US1\" \/>\n<meta name=\"twitter:card\" content=\"summary_large_image\" \/>\n<meta name=\"twitter:label1\" content=\"Written by\" \/>\n\t<meta name=\"twitter:data1\" content=\"US1\" \/>\n\t<meta name=\"twitter:label2\" content=\"Est. reading time\" \/>\n\t<meta name=\"twitter:data2\" content=\"1 minute\" \/>\n<script type=\"application\/ld+json\" class=\"yoast-schema-graph\">{\"@context\":\"https:\/\/schema.org\",\"@graph\":[{\"@type\":\"WebPage\",\"@id\":\"https:\/\/veritasinfo.org\/?p=31151\",\"url\":\"https:\/\/veritasinfo.org\/?p=31151\",\"name\":\"Shqip\u00ebria mb\u00ebshtet k\u00ebrkesat e student\u00ebve p\u00ebr gjuh\u00ebn shqipe n\u00eb Maqedonin\u00eb e Veriut -\",\"isPartOf\":{\"@id\":\"https:\/\/veritasinfo.org\/#website\"},\"primaryImageOfPage\":{\"@id\":\"https:\/\/veritasinfo.org\/?p=31151#primaryimage\"},\"image\":{\"@id\":\"https:\/\/veritasinfo.org\/?p=31151#primaryimage\"},\"thumbnailUrl\":\"https:\/\/veritasinfo.org\/wp-content\/uploads\/2026\/02\/elisa.jpg\",\"datePublished\":\"2026-02-08T17:27:15+00:00\",\"author\":{\"@id\":\"https:\/\/veritasinfo.org\/#\/schema\/person\/c2b8be262ea994d0995addca692c5e98\"},\"breadcrumb\":{\"@id\":\"https:\/\/veritasinfo.org\/?p=31151#breadcrumb\"},\"inLanguage\":\"en-US\",\"potentialAction\":[{\"@type\":\"ReadAction\",\"target\":[\"https:\/\/veritasinfo.org\/?p=31151\"]}]},{\"@type\":\"ImageObject\",\"inLanguage\":\"en-US\",\"@id\":\"https:\/\/veritasinfo.org\/?p=31151#primaryimage\",\"url\":\"https:\/\/veritasinfo.org\/wp-content\/uploads\/2026\/02\/elisa.jpg\",\"contentUrl\":\"https:\/\/veritasinfo.org\/wp-content\/uploads\/2026\/02\/elisa.jpg\",\"width\":940,\"height\":645},{\"@type\":\"BreadcrumbList\",\"@id\":\"https:\/\/veritasinfo.org\/?p=31151#breadcrumb\",\"itemListElement\":[{\"@type\":\"ListItem\",\"position\":1,\"name\":\"Home\",\"item\":\"https:\/\/veritasinfo.org\/\"},{\"@type\":\"ListItem\",\"position\":2,\"name\":\"Shqip\u00ebria mb\u00ebshtet k\u00ebrkesat e student\u00ebve p\u00ebr gjuh\u00ebn shqipe n\u00eb Maqedonin\u00eb e Veriut\"}]},{\"@type\":\"WebSite\",\"@id\":\"https:\/\/veritasinfo.org\/#website\",\"url\":\"https:\/\/veritasinfo.org\/\",\"name\":\"\",\"description\":\"\",\"potentialAction\":[{\"@type\":\"SearchAction\",\"target\":{\"@type\":\"EntryPoint\",\"urlTemplate\":\"https:\/\/veritasinfo.org\/?s={search_term_string}\"},\"query-input\":{\"@type\":\"PropertyValueSpecification\",\"valueRequired\":true,\"valueName\":\"search_term_string\"}}],\"inLanguage\":\"en-US\"},{\"@type\":\"Person\",\"@id\":\"https:\/\/veritasinfo.org\/#\/schema\/person\/c2b8be262ea994d0995addca692c5e98\",\"name\":\"US1\",\"image\":{\"@type\":\"ImageObject\",\"inLanguage\":\"en-US\",\"@id\":\"https:\/\/veritasinfo.org\/#\/schema\/person\/image\/\",\"url\":\"https:\/\/secure.gravatar.com\/avatar\/4e96a59bd256abf9956eb9963ac891a47461ffb364d47b0e9aab113328fdb75b?s=96&d=mm&r=g\",\"contentUrl\":\"https:\/\/secure.gravatar.com\/avatar\/4e96a59bd256abf9956eb9963ac891a47461ffb364d47b0e9aab113328fdb75b?s=96&d=mm&r=g\",\"caption\":\"US1\"},\"url\":\"https:\/\/veritasinfo.org\/?author=2\"}]}<\/script>\n<!-- \/ Yoast SEO plugin. -->","yoast_head_json":{"title":"Shqip\u00ebria mb\u00ebshtet k\u00ebrkesat e student\u00ebve p\u00ebr gjuh\u00ebn shqipe n\u00eb Maqedonin\u00eb e Veriut -","robots":{"index":"index","follow":"follow","max-snippet":"max-snippet:-1","max-image-preview":"max-image-preview:large","max-video-preview":"max-video-preview:-1"},"canonical":"https:\/\/veritasinfo.org\/?p=31151","og_locale":"en_US","og_type":"article","og_title":"Shqip\u00ebria mb\u00ebshtet k\u00ebrkesat e student\u00ebve p\u00ebr gjuh\u00ebn shqipe n\u00eb Maqedonin\u00eb e Veriut -","og_description":"Tiran\u00eb, 08 shkurt 2026 18:26 Ministrja p\u00ebr Evrop\u00ebn dhe Pun\u00ebt e Jashtme, Elisa Spiropali, ka p\u00ebrg\u00ebzuar student\u00ebt shqiptar\u00eb t\u00eb Maqedonis\u00eb s\u00eb Veriut p\u00ebr angazhimin e","og_url":"https:\/\/veritasinfo.org\/?p=31151","article_published_time":"2026-02-08T17:27:15+00:00","og_image":[{"width":940,"height":645,"url":"https:\/\/veritasinfo.org\/wp-content\/uploads\/2026\/02\/elisa.jpg","type":"image\/jpeg"}],"author":"US1","twitter_card":"summary_large_image","twitter_misc":{"Written by":"US1","Est. reading time":"1 minute"},"schema":{"@context":"https:\/\/schema.org","@graph":[{"@type":"WebPage","@id":"https:\/\/veritasinfo.org\/?p=31151","url":"https:\/\/veritasinfo.org\/?p=31151","name":"Shqip\u00ebria mb\u00ebshtet k\u00ebrkesat e student\u00ebve p\u00ebr gjuh\u00ebn shqipe n\u00eb Maqedonin\u00eb e Veriut -","isPartOf":{"@id":"https:\/\/veritasinfo.org\/#website"},"primaryImageOfPage":{"@id":"https:\/\/veritasinfo.org\/?p=31151#primaryimage"},"image":{"@id":"https:\/\/veritasinfo.org\/?p=31151#primaryimage"},"thumbnailUrl":"https:\/\/veritasinfo.org\/wp-content\/uploads\/2026\/02\/elisa.jpg","datePublished":"2026-02-08T17:27:15+00:00","author":{"@id":"https:\/\/veritasinfo.org\/#\/schema\/person\/c2b8be262ea994d0995addca692c5e98"},"breadcrumb":{"@id":"https:\/\/veritasinfo.org\/?p=31151#breadcrumb"},"inLanguage":"en-US","potentialAction":[{"@type":"ReadAction","target":["https:\/\/veritasinfo.org\/?p=31151"]}]},{"@type":"ImageObject","inLanguage":"en-US","@id":"https:\/\/veritasinfo.org\/?p=31151#primaryimage","url":"https:\/\/veritasinfo.org\/wp-content\/uploads\/2026\/02\/elisa.jpg","contentUrl":"https:\/\/veritasinfo.org\/wp-content\/uploads\/2026\/02\/elisa.jpg","width":940,"height":645},{"@type":"BreadcrumbList","@id":"https:\/\/veritasinfo.org\/?p=31151#breadcrumb","itemListElement":[{"@type":"ListItem","position":1,"name":"Home","item":"https:\/\/veritasinfo.org\/"},{"@type":"ListItem","position":2,"name":"Shqip\u00ebria mb\u00ebshtet k\u00ebrkesat e student\u00ebve p\u00ebr gjuh\u00ebn shqipe n\u00eb Maqedonin\u00eb e Veriut"}]},{"@type":"WebSite","@id":"https:\/\/veritasinfo.org\/#website","url":"https:\/\/veritasinfo.org\/","name":"","description":"","potentialAction":[{"@type":"SearchAction","target":{"@type":"EntryPoint","urlTemplate":"https:\/\/veritasinfo.org\/?s={search_term_string}"},"query-input":{"@type":"PropertyValueSpecification","valueRequired":true,"valueName":"search_term_string"}}],"inLanguage":"en-US"},{"@type":"Person","@id":"https:\/\/veritasinfo.org\/#\/schema\/person\/c2b8be262ea994d0995addca692c5e98","name":"US1","image":{"@type":"ImageObject","inLanguage":"en-US","@id":"https:\/\/veritasinfo.org\/#\/schema\/person\/image\/","url":"https:\/\/secure.gravatar.com\/avatar\/4e96a59bd256abf9956eb9963ac891a47461ffb364d47b0e9aab113328fdb75b?s=96&d=mm&r=g","contentUrl":"https:\/\/secure.gravatar.com\/avatar\/4e96a59bd256abf9956eb9963ac891a47461ffb364d47b0e9aab113328fdb75b?s=96&d=mm&r=g","caption":"US1"},"url":"https:\/\/veritasinfo.org\/?author=2"}]}},"featured_image_urls":{"full":["https:\/\/veritasinfo.org\/wp-content\/uploads\/2026\/02\/elisa.jpg",940,645,false],"thumbnail":["https:\/\/veritasinfo.org\/wp-content\/uploads\/2026\/02\/elisa-150x150.jpg",150,150,true],"medium":["https:\/\/veritasinfo.org\/wp-content\/uploads\/2026\/02\/elisa-300x206.jpg",300,206,true],"medium_large":["https:\/\/veritasinfo.org\/wp-content\/uploads\/2026\/02\/elisa-768x527.jpg",640,439,true],"large":["https:\/\/veritasinfo.org\/wp-content\/uploads\/2026\/02\/elisa.jpg",640,439,false],"1536x1536":["https:\/\/veritasinfo.org\/wp-content\/uploads\/2026\/02\/elisa.jpg",940,645,false],"2048x2048":["https:\/\/veritasinfo.org\/wp-content\/uploads\/2026\/02\/elisa.jpg",940,645,false],"kreeti-slider-full":["https:\/\/veritasinfo.org\/wp-content\/uploads\/2026\/02\/elisa.jpg",940,645,false],"kreeti-featured":["https:\/\/veritasinfo.org\/wp-content\/uploads\/2026\/02\/elisa.jpg",940,645,false],"kreeti-medium":["https:\/\/veritasinfo.org\/wp-content\/uploads\/2026\/02\/elisa.jpg",720,494,false],"kreeti-medium-square":["https:\/\/veritasinfo.org\/wp-content\/uploads\/2026\/02\/elisa.jpg",350,240,false]},"author_info":{"info":["US1"]},"category_info":"<a href=\"https:\/\/veritasinfo.org\/?cat=58\" rel=\"category\">Politik\u00eb<\/a>","tag_info":"Politik\u00eb","comment_count":"0","_links":{"self":[{"href":"https:\/\/veritasinfo.org\/index.php?rest_route=\/wp\/v2\/posts\/31151","targetHints":{"allow":["GET"]}}],"collection":[{"href":"https:\/\/veritasinfo.org\/index.php?rest_route=\/wp\/v2\/posts"}],"about":[{"href":"https:\/\/veritasinfo.org\/index.php?rest_route=\/wp\/v2\/types\/post"}],"author":[{"embeddable":true,"href":"https:\/\/veritasinfo.org\/index.php?rest_route=\/wp\/v2\/users\/2"}],"replies":[{"embeddable":true,"href":"https:\/\/veritasinfo.org\/index.php?rest_route=%2Fwp%2Fv2%2Fcomments&post=31151"}],"version-history":[{"count":1,"href":"https:\/\/veritasinfo.org\/index.php?rest_route=\/wp\/v2\/posts\/31151\/revisions"}],"predecessor-version":[{"id":31153,"href":"https:\/\/veritasinfo.org\/index.php?rest_route=\/wp\/v2\/posts\/31151\/revisions\/31153"}],"wp:featuredmedia":[{"embeddable":true,"href":"https:\/\/veritasinfo.org\/index.php?rest_route=\/wp\/v2\/media\/31152"}],"wp:attachment":[{"href":"https:\/\/veritasinfo.org\/index.php?rest_route=%2Fwp%2Fv2%2Fmedia&parent=31151"}],"wp:term":[{"taxonomy":"category","embeddable":true,"href":"https:\/\/veritasinfo.org\/index.php?rest_route=%2Fwp%2Fv2%2Fcategories&post=31151"},{"taxonomy":"post_tag","embeddable":true,"href":"https:\/\/veritasinfo.org\/index.php?rest_route=%2Fwp%2Fv2%2Ftags&post=31151"}],"curies":[{"name":"wp","href":"https:\/\/api.w.org\/{rel}","templated":true}]}}