{"id":31123,"date":"2026-02-07T22:07:34","date_gmt":"2026-02-07T21:07:34","guid":{"rendered":"https:\/\/veritasinfo.org\/?p=31123"},"modified":"2026-02-07T22:07:34","modified_gmt":"2026-02-07T21:07:34","slug":"arrestimet-dhe-keqtrajtimet-ne-kufi-te-qytetareve-te-kosoves-serbia-sfidon-normat-nderkombetare","status":"publish","type":"post","link":"https:\/\/veritasinfo.org\/?p=31123","title":{"rendered":"Arrestimet dhe keqtrajtimet n\u00eb kufi t\u00eb qytetar\u00ebve t\u00eb Kosov\u00ebs, Serbia sfidon normat nd\u00ebrkomb\u00ebtare"},"content":{"rendered":"<p>Prishtin\u00eb, 7 shkurt 2026 23:03<\/p>\n<p>P\u00ebr shtetasit e Kosov\u00ebs, kalimi transit nga Serbia edhe m\u00eb tej po vazhdon t\u00eb jet\u00eb i pasigurt. Dit\u00eb m\u00eb par\u00eb, autoritetet serbe arrestuan Mit&#8217;hat Llozhanin. Rasti nxiti reagimin e institucioneve vendore. Duke e par\u00eb k\u00ebt\u00eb praktik\u00eb t\u00eb Serbis\u00eb, nga Organizata e Veteran\u00ebve t\u00eb Luft\u00ebs b\u00ebjn\u00eb thirrje q\u00eb mos t\u00eb udh\u00ebtohet n\u00ebp\u00ebrmjet shtetit serb. Nd\u00ebrkaq, bashk\u00ebsis\u00eb nd\u00ebrkomb\u00ebtare iu k\u00ebrkua t\u00eb jet\u00eb m\u00eb e ashp\u00ebr me Serbin\u00eb.<\/p>\n<p>Udh\u00ebtimi transit p\u00ebrmes Serbis\u00eb vazhdon t\u00eb mbetet i pasigurt p\u00ebr shum\u00eb shqiptar\u00eb t\u00eb Kosov\u00ebs, ve\u00e7an\u00ebrisht ish-pjes\u00ebtar\u00eb t\u00eb Ushtris\u00eb \u00c7lirimtare t\u00eb Kosov\u00ebs.<\/p>\n<p>Nj\u00eb pasaport\u00eb e Republik\u00ebs s\u00eb Kosov\u00ebs, nj\u00eb em\u00ebr n\u00eb listat serbe, apo ndonj\u00eb simbol komb\u00ebtar, kan\u00eb mjaftuar q\u00eb shqiptar\u00ebt e Kosov\u00ebs, t\u00eb bien n\u00eb prangat e autoriteteve serbe.<\/p>\n<p>Me t\u00eb hyr\u00eb n\u00eb Serbi, n\u00eb kufi me Kroacin\u00eb dit\u00eb m\u00eb par\u00eb u arrestua edhe shtetasi Mit&#8217;hat Llozhani, veprim ky q\u00eb vulos faktin se Serbia po vazhdon me praktik\u00ebn e keqtrajtimit dhe arrestimit.<\/p>\n<p>Ministria e Pun\u00ebve t\u00eb Jashtme ka th\u00ebn\u00eb se Serbia po cenon normat dhe standardet nd\u00ebrkomb\u00ebtare p\u00ebr t\u00eb drejtat e njeriut, p\u00ebr \u00e7ka ka k\u00ebrkuar nga bashk\u00ebsia nd\u00ebrkomb\u00ebtare q\u00eb t\u00eb ushtroj presion ndaj saj.<\/p>\n<p>Organizatat e dala nga lufta, vazhdojn\u00eb t\u00eb b\u00ebjn\u00eb thirrje q\u00eb veteran\u00ebt e luft\u00ebs mos t\u00eb udh\u00ebtojn\u00eb nga shteti serb.<\/p>\n<p>\u201cJu kemi b\u00ebr\u00eb thirrje veteran\u00ebve q\u00eb mos t\u00eb kalojn\u00eb nga Serbia sepse Serbia ka lista dhe i ndalon njer\u00ebzit. P\u00ebr ne \u00ebsht\u00eb e papranueshme p\u00ebr shkak se l\u00ebvizja \u00ebsht\u00eb e lir\u00eb n\u00eb gjith\u00eb Evrop\u00ebn. Por ne e dim\u00eb mentalitetin e Serbis\u00eb. I ftoj veteran\u00ebt e U\u00c7K-s\u00eb q\u00eb mos t\u00eb kalojn\u00eb nga Serbia duke e ditur se Serbia \u00ebsht\u00eb duke i ndaluar dhe mbajtur nga 2-3 vite n\u00eb burg\u201d, tha Hysni Gucati, kryetar i OVL-U\u00c7K-s\u00eb<\/p>\n<p>Nd\u00ebrkoh\u00eb njoh\u00ebs t\u00eb siguris\u00eb k\u00ebrkojn\u00eb nga bashk\u00ebsia nd\u00ebrkomb\u00ebtare t\u00eb jet\u00eb m\u00eb e ashp\u00ebr me Serbin\u00eb.<\/p>\n<p>\u201cDuhet nj\u00eb her\u00eb e p\u00ebrgjithmon\u00eb t\u00eb mendoj dhe t\u00eb filloj tashm\u00eb me sankisone ose me nj\u00eb qasje shum\u00eb reale dhe shum\u00eb t\u00eb ashp\u00ebr q\u00eb t&#8217;ju mund\u00ebsohet t\u00eb gjith\u00ebve n\u00eb Ballkan q\u00eb t\u00eb udh\u00ebtojn\u00eb t\u00eb lir\u00eb\u201d, thot\u00eb Arben Dashevci, njoh\u00ebs i siguris\u00eb.<\/p>\n<p>N\u00ebn arsyetimet p\u00ebr krime t\u00eb lufte, shtetas t\u00eb Kosov\u00ebs vit pas viti ndalen n\u00eb pikat kufitare nga autoritetet serbe, n\u00eb disa raste edhe keqtrajtohen e mbahen n\u00eb paraburgim.<\/p>\n","protected":false},"excerpt":{"rendered":"<p>Prishtin\u00eb, 7 shkurt 2026 23:03 P\u00ebr shtetasit e Kosov\u00ebs, kalimi transit nga Serbia edhe m\u00eb tej po vazhdon t\u00eb jet\u00eb i pasigurt. Dit\u00eb m\u00eb par\u00eb,<\/p>\n","protected":false},"author":7,"featured_media":31124,"comment_status":"open","ping_status":"open","sticky":false,"template":"","format":"standard","meta":{"footnotes":""},"categories":[58],"tags":[],"class_list":["post-31123","post","type-post","status-publish","format-standard","has-post-thumbnail","hentry","category-politike-sq"],"yoast_head":"<!-- This site is optimized with the Yoast SEO plugin v25.3.1 - https:\/\/yoast.com\/wordpress\/plugins\/seo\/ -->\n<title>Arrestimet dhe keqtrajtimet n\u00eb kufi t\u00eb qytetar\u00ebve t\u00eb Kosov\u00ebs, Serbia sfidon normat nd\u00ebrkomb\u00ebtare -<\/title>\n<meta name=\"robots\" content=\"index, follow, max-snippet:-1, max-image-preview:large, max-video-preview:-1\" \/>\n<link rel=\"canonical\" href=\"https:\/\/veritasinfo.org\/?p=31123\" \/>\n<meta property=\"og:locale\" content=\"en_US\" \/>\n<meta property=\"og:type\" content=\"article\" \/>\n<meta property=\"og:title\" content=\"Arrestimet dhe keqtrajtimet n\u00eb kufi t\u00eb qytetar\u00ebve t\u00eb Kosov\u00ebs, Serbia sfidon normat nd\u00ebrkomb\u00ebtare -\" \/>\n<meta property=\"og:description\" content=\"Prishtin\u00eb, 7 shkurt 2026 23:03 P\u00ebr shtetasit e Kosov\u00ebs, kalimi transit nga Serbia edhe m\u00eb tej po vazhdon t\u00eb jet\u00eb i pasigurt. Dit\u00eb m\u00eb par\u00eb,\" \/>\n<meta property=\"og:url\" content=\"https:\/\/veritasinfo.org\/?p=31123\" \/>\n<meta property=\"article:published_time\" content=\"2026-02-07T21:07:34+00:00\" \/>\n<meta property=\"og:image\" content=\"https:\/\/veritasinfo.org\/wp-content\/uploads\/2026\/02\/image-1-4.webp\" \/>\n\t<meta property=\"og:image:width\" content=\"1245\" \/>\n\t<meta property=\"og:image:height\" content=\"700\" \/>\n\t<meta property=\"og:image:type\" content=\"image\/webp\" \/>\n<meta name=\"author\" content=\"US6\" \/>\n<meta name=\"twitter:card\" content=\"summary_large_image\" \/>\n<meta name=\"twitter:label1\" content=\"Written by\" \/>\n\t<meta name=\"twitter:data1\" content=\"US6\" \/>\n\t<meta name=\"twitter:label2\" content=\"Est. reading time\" \/>\n\t<meta name=\"twitter:data2\" content=\"2 minutes\" \/>\n<script type=\"application\/ld+json\" class=\"yoast-schema-graph\">{\"@context\":\"https:\/\/schema.org\",\"@graph\":[{\"@type\":\"WebPage\",\"@id\":\"https:\/\/veritasinfo.org\/?p=31123\",\"url\":\"https:\/\/veritasinfo.org\/?p=31123\",\"name\":\"Arrestimet dhe keqtrajtimet n\u00eb kufi t\u00eb qytetar\u00ebve t\u00eb Kosov\u00ebs, Serbia sfidon normat nd\u00ebrkomb\u00ebtare -\",\"isPartOf\":{\"@id\":\"https:\/\/veritasinfo.org\/#website\"},\"primaryImageOfPage\":{\"@id\":\"https:\/\/veritasinfo.org\/?p=31123#primaryimage\"},\"image\":{\"@id\":\"https:\/\/veritasinfo.org\/?p=31123#primaryimage\"},\"thumbnailUrl\":\"https:\/\/veritasinfo.org\/wp-content\/uploads\/2026\/02\/image-1-4.webp\",\"datePublished\":\"2026-02-07T21:07:34+00:00\",\"author\":{\"@id\":\"https:\/\/veritasinfo.org\/#\/schema\/person\/fe199eede04c3937362892b7444747cc\"},\"breadcrumb\":{\"@id\":\"https:\/\/veritasinfo.org\/?p=31123#breadcrumb\"},\"inLanguage\":\"en-US\",\"potentialAction\":[{\"@type\":\"ReadAction\",\"target\":[\"https:\/\/veritasinfo.org\/?p=31123\"]}]},{\"@type\":\"ImageObject\",\"inLanguage\":\"en-US\",\"@id\":\"https:\/\/veritasinfo.org\/?p=31123#primaryimage\",\"url\":\"https:\/\/veritasinfo.org\/wp-content\/uploads\/2026\/02\/image-1-4.webp\",\"contentUrl\":\"https:\/\/veritasinfo.org\/wp-content\/uploads\/2026\/02\/image-1-4.webp\",\"width\":1245,\"height\":700},{\"@type\":\"BreadcrumbList\",\"@id\":\"https:\/\/veritasinfo.org\/?p=31123#breadcrumb\",\"itemListElement\":[{\"@type\":\"ListItem\",\"position\":1,\"name\":\"Home\",\"item\":\"https:\/\/veritasinfo.org\/\"},{\"@type\":\"ListItem\",\"position\":2,\"name\":\"Arrestimet dhe keqtrajtimet n\u00eb kufi t\u00eb qytetar\u00ebve t\u00eb Kosov\u00ebs, Serbia sfidon normat nd\u00ebrkomb\u00ebtare\"}]},{\"@type\":\"WebSite\",\"@id\":\"https:\/\/veritasinfo.org\/#website\",\"url\":\"https:\/\/veritasinfo.org\/\",\"name\":\"\",\"description\":\"\",\"potentialAction\":[{\"@type\":\"SearchAction\",\"target\":{\"@type\":\"EntryPoint\",\"urlTemplate\":\"https:\/\/veritasinfo.org\/?s={search_term_string}\"},\"query-input\":{\"@type\":\"PropertyValueSpecification\",\"valueRequired\":true,\"valueName\":\"search_term_string\"}}],\"inLanguage\":\"en-US\"},{\"@type\":\"Person\",\"@id\":\"https:\/\/veritasinfo.org\/#\/schema\/person\/fe199eede04c3937362892b7444747cc\",\"name\":\"US6\",\"image\":{\"@type\":\"ImageObject\",\"inLanguage\":\"en-US\",\"@id\":\"https:\/\/veritasinfo.org\/#\/schema\/person\/image\/\",\"url\":\"https:\/\/secure.gravatar.com\/avatar\/cb16c3c31c9d23b9b8c705964598220b3014e42ff51eb540ff23cefa3ae8c15f?s=96&d=mm&r=g\",\"contentUrl\":\"https:\/\/secure.gravatar.com\/avatar\/cb16c3c31c9d23b9b8c705964598220b3014e42ff51eb540ff23cefa3ae8c15f?s=96&d=mm&r=g\",\"caption\":\"US6\"},\"url\":\"https:\/\/veritasinfo.org\/?author=7\"}]}<\/script>\n<!-- \/ Yoast SEO plugin. -->","yoast_head_json":{"title":"Arrestimet dhe keqtrajtimet n\u00eb kufi t\u00eb qytetar\u00ebve t\u00eb Kosov\u00ebs, Serbia sfidon normat nd\u00ebrkomb\u00ebtare -","robots":{"index":"index","follow":"follow","max-snippet":"max-snippet:-1","max-image-preview":"max-image-preview:large","max-video-preview":"max-video-preview:-1"},"canonical":"https:\/\/veritasinfo.org\/?p=31123","og_locale":"en_US","og_type":"article","og_title":"Arrestimet dhe keqtrajtimet n\u00eb kufi t\u00eb qytetar\u00ebve t\u00eb Kosov\u00ebs, Serbia sfidon normat nd\u00ebrkomb\u00ebtare -","og_description":"Prishtin\u00eb, 7 shkurt 2026 23:03 P\u00ebr shtetasit e Kosov\u00ebs, kalimi transit nga Serbia edhe m\u00eb tej po vazhdon t\u00eb jet\u00eb i pasigurt. Dit\u00eb m\u00eb par\u00eb,","og_url":"https:\/\/veritasinfo.org\/?p=31123","article_published_time":"2026-02-07T21:07:34+00:00","og_image":[{"width":1245,"height":700,"url":"https:\/\/veritasinfo.org\/wp-content\/uploads\/2026\/02\/image-1-4.webp","type":"image\/webp"}],"author":"US6","twitter_card":"summary_large_image","twitter_misc":{"Written by":"US6","Est. reading time":"2 minutes"},"schema":{"@context":"https:\/\/schema.org","@graph":[{"@type":"WebPage","@id":"https:\/\/veritasinfo.org\/?p=31123","url":"https:\/\/veritasinfo.org\/?p=31123","name":"Arrestimet dhe keqtrajtimet n\u00eb kufi t\u00eb qytetar\u00ebve t\u00eb Kosov\u00ebs, Serbia sfidon normat nd\u00ebrkomb\u00ebtare -","isPartOf":{"@id":"https:\/\/veritasinfo.org\/#website"},"primaryImageOfPage":{"@id":"https:\/\/veritasinfo.org\/?p=31123#primaryimage"},"image":{"@id":"https:\/\/veritasinfo.org\/?p=31123#primaryimage"},"thumbnailUrl":"https:\/\/veritasinfo.org\/wp-content\/uploads\/2026\/02\/image-1-4.webp","datePublished":"2026-02-07T21:07:34+00:00","author":{"@id":"https:\/\/veritasinfo.org\/#\/schema\/person\/fe199eede04c3937362892b7444747cc"},"breadcrumb":{"@id":"https:\/\/veritasinfo.org\/?p=31123#breadcrumb"},"inLanguage":"en-US","potentialAction":[{"@type":"ReadAction","target":["https:\/\/veritasinfo.org\/?p=31123"]}]},{"@type":"ImageObject","inLanguage":"en-US","@id":"https:\/\/veritasinfo.org\/?p=31123#primaryimage","url":"https:\/\/veritasinfo.org\/wp-content\/uploads\/2026\/02\/image-1-4.webp","contentUrl":"https:\/\/veritasinfo.org\/wp-content\/uploads\/2026\/02\/image-1-4.webp","width":1245,"height":700},{"@type":"BreadcrumbList","@id":"https:\/\/veritasinfo.org\/?p=31123#breadcrumb","itemListElement":[{"@type":"ListItem","position":1,"name":"Home","item":"https:\/\/veritasinfo.org\/"},{"@type":"ListItem","position":2,"name":"Arrestimet dhe keqtrajtimet n\u00eb kufi t\u00eb qytetar\u00ebve t\u00eb Kosov\u00ebs, Serbia sfidon normat nd\u00ebrkomb\u00ebtare"}]},{"@type":"WebSite","@id":"https:\/\/veritasinfo.org\/#website","url":"https:\/\/veritasinfo.org\/","name":"","description":"","potentialAction":[{"@type":"SearchAction","target":{"@type":"EntryPoint","urlTemplate":"https:\/\/veritasinfo.org\/?s={search_term_string}"},"query-input":{"@type":"PropertyValueSpecification","valueRequired":true,"valueName":"search_term_string"}}],"inLanguage":"en-US"},{"@type":"Person","@id":"https:\/\/veritasinfo.org\/#\/schema\/person\/fe199eede04c3937362892b7444747cc","name":"US6","image":{"@type":"ImageObject","inLanguage":"en-US","@id":"https:\/\/veritasinfo.org\/#\/schema\/person\/image\/","url":"https:\/\/secure.gravatar.com\/avatar\/cb16c3c31c9d23b9b8c705964598220b3014e42ff51eb540ff23cefa3ae8c15f?s=96&d=mm&r=g","contentUrl":"https:\/\/secure.gravatar.com\/avatar\/cb16c3c31c9d23b9b8c705964598220b3014e42ff51eb540ff23cefa3ae8c15f?s=96&d=mm&r=g","caption":"US6"},"url":"https:\/\/veritasinfo.org\/?author=7"}]}},"featured_image_urls":{"full":["https:\/\/veritasinfo.org\/wp-content\/uploads\/2026\/02\/image-1-4.webp",1245,700,false],"thumbnail":["https:\/\/veritasinfo.org\/wp-content\/uploads\/2026\/02\/image-1-4-150x150.webp",150,150,true],"medium":["https:\/\/veritasinfo.org\/wp-content\/uploads\/2026\/02\/image-1-4-300x169.webp",300,169,true],"medium_large":["https:\/\/veritasinfo.org\/wp-content\/uploads\/2026\/02\/image-1-4-768x432.webp",640,360,true],"large":["https:\/\/veritasinfo.org\/wp-content\/uploads\/2026\/02\/image-1-4-1024x576.webp",640,360,true],"1536x1536":["https:\/\/veritasinfo.org\/wp-content\/uploads\/2026\/02\/image-1-4.webp",1245,700,false],"2048x2048":["https:\/\/veritasinfo.org\/wp-content\/uploads\/2026\/02\/image-1-4.webp",1245,700,false],"kreeti-slider-full":["https:\/\/veritasinfo.org\/wp-content\/uploads\/2026\/02\/image-1-4.webp",1245,700,false],"kreeti-featured":["https:\/\/veritasinfo.org\/wp-content\/uploads\/2026\/02\/image-1-4.webp",1024,576,false],"kreeti-medium":["https:\/\/veritasinfo.org\/wp-content\/uploads\/2026\/02\/image-1-4.webp",720,405,false],"kreeti-medium-square":["https:\/\/veritasinfo.org\/wp-content\/uploads\/2026\/02\/image-1-4.webp",350,197,false]},"author_info":{"info":["US6"]},"category_info":"<a href=\"https:\/\/veritasinfo.org\/?cat=58\" rel=\"category\">Politik\u00eb<\/a>","tag_info":"Politik\u00eb","comment_count":"0","_links":{"self":[{"href":"https:\/\/veritasinfo.org\/index.php?rest_route=\/wp\/v2\/posts\/31123","targetHints":{"allow":["GET"]}}],"collection":[{"href":"https:\/\/veritasinfo.org\/index.php?rest_route=\/wp\/v2\/posts"}],"about":[{"href":"https:\/\/veritasinfo.org\/index.php?rest_route=\/wp\/v2\/types\/post"}],"author":[{"embeddable":true,"href":"https:\/\/veritasinfo.org\/index.php?rest_route=\/wp\/v2\/users\/7"}],"replies":[{"embeddable":true,"href":"https:\/\/veritasinfo.org\/index.php?rest_route=%2Fwp%2Fv2%2Fcomments&post=31123"}],"version-history":[{"count":1,"href":"https:\/\/veritasinfo.org\/index.php?rest_route=\/wp\/v2\/posts\/31123\/revisions"}],"predecessor-version":[{"id":31125,"href":"https:\/\/veritasinfo.org\/index.php?rest_route=\/wp\/v2\/posts\/31123\/revisions\/31125"}],"wp:featuredmedia":[{"embeddable":true,"href":"https:\/\/veritasinfo.org\/index.php?rest_route=\/wp\/v2\/media\/31124"}],"wp:attachment":[{"href":"https:\/\/veritasinfo.org\/index.php?rest_route=%2Fwp%2Fv2%2Fmedia&parent=31123"}],"wp:term":[{"taxonomy":"category","embeddable":true,"href":"https:\/\/veritasinfo.org\/index.php?rest_route=%2Fwp%2Fv2%2Fcategories&post=31123"},{"taxonomy":"post_tag","embeddable":true,"href":"https:\/\/veritasinfo.org\/index.php?rest_route=%2Fwp%2Fv2%2Ftags&post=31123"}],"curies":[{"name":"wp","href":"https:\/\/api.w.org\/{rel}","templated":true}]}}