{"id":3110,"date":"2025-07-09T11:47:17","date_gmt":"2025-07-09T09:47:17","guid":{"rendered":"https:\/\/veritasinfo.org\/?p=3110"},"modified":"2025-07-09T11:47:17","modified_gmt":"2025-07-09T09:47:17","slug":"kurti-o-smrti-27-godisnjeg-mladica-u-lipljanu-antikampanja-protiv-policije-kosova-je-stetna","status":"publish","type":"post","link":"https:\/\/veritasinfo.org\/?p=3110&lang=sr","title":{"rendered":"Kurti o smrti 27-godi\u0161njeg mladi\u0107a u Lipljanu: Antikampanja protiv Policije Kosova je \u0161tetna"},"content":{"rendered":"<p>Vr\u0161ioc du\u017enosti premijera Kosova, Aljbin Kurti, prvi put se oglasio povodom slu\u010daja smrti 27-godi\u0161njeg Agona Zejnullahua u ponedeljak u Lipljanu, u koji su, kako se sumnja, ume\u0161ani petorica policajaca. On je poru\u010dio da se mora sa\u010dekati kona\u010dna odluka nadle\u017enih institucija, i kritikovao poku\u0161aje da se okalja ugled cele Policije Kosova, nagla\u0161avaju\u0107i da takav pristup ne donosi re\u0161enja.<\/p>\n<p>\u201e\u017delim da izrazim sau\u010de\u0161\u0107e porodici Zejnullahu. Vest o njegovoj smrti nas je sve potresla\u201c, izjavio je Kurti na po\u010detku sednice Vlade u sredu.<\/p>\n<p>Naglasio je da je za potpuno razumevanje onoga \u0161to se dogodilo u no\u0107i 7. jula neophodna profesionalna i nezavisna istraga svih nadle\u017enih institucija.<\/p>\n<p>Prema Kurtijevim re\u010dima, saradnja izme\u0111u Policije, Policijskog inspektorata Kosova (IPK), Instituta za sudsku medicinu (IML) i Tu\u017eila\u0161tva klju\u010dna je za rasvetljavanje istine.<\/p>\n<p>\u201eO\u010dekujem temeljnu i brzu istragu koja \u0107e razjasniti sve okolnosti, kako bi se obezbedila pravda i odgovornost. Ne\u0107e biti uto\u010di\u0161ta za one koji su prekora\u010dili ovla\u0161\u0107enja ili prekr\u0161ili zakon tokom slu\u017ebene du\u017enosti\u201c, rekao je Kurti.<\/p>\n<p>Me\u0111utim, kritikovao je tendenciju pokretanja antikampanje protiv Policije Kosova, ocenjuju\u0107i je kao \u0161tetnu i beskorisnu.<\/p>\n<p>\u201eJavne rasprave i presude koje se iznose posebno su te\u0161ke za porodicu i prijatelje. Tendencija da se zapo\u010dne antikampanja protiv Policije Kosova je \u0161tetna i nije re\u0161enje. Zahtevi za pravdom i odgovorno\u0161\u0107u su opravdani, ali moraju se zasnivati na rezultatima istrage i profesionalnim zaklju\u010dcima\u201c, dodao je.<\/p>\n<p>Kurti je zaklju\u010dio da se pravda mo\u017ee posti\u0107i i spre\u010diti ponavljanje sli\u010dnih slu\u010dajeva samo potpunom istragom i institucionalnim odlukama.<\/p>\n<p>Petorica policajaca se sumnji\u010de za \u201eubistvo iz nehata\u201c. O\u010dekuje se da im bude odre\u0111en jednomese\u010dni pritvor.<\/p>\n<p>Agon Zejnullahu je preminuo u ranim jutarnjim \u010dasovima u ponedeljak, nakon \u0161to je uhap\u0161en pod sumnjom da je napadao prolaznike i vozila na ulicama Lipljana. Njegova porodica tvrdi da je preminuo usled nasilja koje su nad njim primenili policijski slu\u017ebenici tokom hap\u0161enja.<\/p>\n<p>&nbsp;<\/p>\n","protected":false},"excerpt":{"rendered":"<p>Vr\u0161ioc du\u017enosti premijera Kosova, Aljbin Kurti, prvi put se oglasio povodom slu\u010daja smrti 27-godi\u0161njeg Agona Zejnullahua u ponedeljak u Lipljanu, u koji su, kako se<\/p>\n","protected":false},"author":1,"featured_media":3107,"comment_status":"open","ping_status":"open","sticky":false,"template":"","format":"standard","meta":{"footnotes":""},"categories":[30],"tags":[],"class_list":["post-3110","post","type-post","status-publish","format-standard","has-post-thumbnail","hentry","category-drustvo"],"yoast_head":"<!-- This site is optimized with the Yoast SEO plugin v25.3.1 - https:\/\/yoast.com\/wordpress\/plugins\/seo\/ -->\n<title>Kurti o smrti 27-godi\u0161njeg mladi\u0107a u Lipljanu: Antikampanja protiv Policije Kosova je \u0161tetna -<\/title>\n<meta name=\"robots\" content=\"index, follow, max-snippet:-1, max-image-preview:large, max-video-preview:-1\" \/>\n<link rel=\"canonical\" href=\"https:\/\/veritasinfo.org\/?p=3110&lang=sr\" \/>\n<meta property=\"og:locale\" content=\"en_US\" \/>\n<meta property=\"og:type\" content=\"article\" \/>\n<meta property=\"og:title\" content=\"Kurti o smrti 27-godi\u0161njeg mladi\u0107a u Lipljanu: Antikampanja protiv Policije Kosova je \u0161tetna -\" \/>\n<meta property=\"og:description\" content=\"Vr\u0161ioc du\u017enosti premijera Kosova, Aljbin Kurti, prvi put se oglasio povodom slu\u010daja smrti 27-godi\u0161njeg Agona Zejnullahua u ponedeljak u Lipljanu, u koji su, kako se\" \/>\n<meta property=\"og:url\" content=\"https:\/\/veritasinfo.org\/?p=3110&amp;lang=sr\" \/>\n<meta property=\"article:published_time\" content=\"2025-07-09T09:47:17+00:00\" \/>\n<meta property=\"og:image\" content=\"https:\/\/veritasinfo.org\/wp-content\/uploads\/2025\/07\/IMG_1795.webp\" \/>\n\t<meta property=\"og:image:width\" content=\"1360\" \/>\n\t<meta property=\"og:image:height\" content=\"870\" \/>\n\t<meta property=\"og:image:type\" content=\"image\/webp\" \/>\n<meta name=\"author\" content=\"admin\" \/>\n<meta name=\"twitter:card\" content=\"summary_large_image\" \/>\n<meta name=\"twitter:label1\" content=\"Written by\" \/>\n\t<meta name=\"twitter:data1\" content=\"admin\" \/>\n\t<meta name=\"twitter:label2\" content=\"Est. reading time\" \/>\n\t<meta name=\"twitter:data2\" content=\"2 minutes\" \/>\n<script type=\"application\/ld+json\" class=\"yoast-schema-graph\">{\"@context\":\"https:\/\/schema.org\",\"@graph\":[{\"@type\":\"WebPage\",\"@id\":\"https:\/\/veritasinfo.org\/?p=3110&lang=sr\",\"url\":\"https:\/\/veritasinfo.org\/?p=3110&lang=sr\",\"name\":\"Kurti o smrti 27-godi\u0161njeg mladi\u0107a u Lipljanu: Antikampanja protiv Policije Kosova je \u0161tetna -\",\"isPartOf\":{\"@id\":\"https:\/\/veritasinfo.org\/#website\"},\"primaryImageOfPage\":{\"@id\":\"https:\/\/veritasinfo.org\/?p=3110&lang=sr#primaryimage\"},\"image\":{\"@id\":\"https:\/\/veritasinfo.org\/?p=3110&lang=sr#primaryimage\"},\"thumbnailUrl\":\"https:\/\/veritasinfo.org\/wp-content\/uploads\/2025\/07\/IMG_1795.webp\",\"datePublished\":\"2025-07-09T09:47:17+00:00\",\"author\":{\"@id\":\"https:\/\/veritasinfo.org\/#\/schema\/person\/7701f8c088bece422266b100a712374f\"},\"breadcrumb\":{\"@id\":\"https:\/\/veritasinfo.org\/?p=3110&lang=sr#breadcrumb\"},\"inLanguage\":\"en-US\",\"potentialAction\":[{\"@type\":\"ReadAction\",\"target\":[\"https:\/\/veritasinfo.org\/?p=3110&lang=sr\"]}]},{\"@type\":\"ImageObject\",\"inLanguage\":\"en-US\",\"@id\":\"https:\/\/veritasinfo.org\/?p=3110&lang=sr#primaryimage\",\"url\":\"https:\/\/veritasinfo.org\/wp-content\/uploads\/2025\/07\/IMG_1795.webp\",\"contentUrl\":\"https:\/\/veritasinfo.org\/wp-content\/uploads\/2025\/07\/IMG_1795.webp\",\"width\":1360,\"height\":870},{\"@type\":\"BreadcrumbList\",\"@id\":\"https:\/\/veritasinfo.org\/?p=3110&lang=sr#breadcrumb\",\"itemListElement\":[{\"@type\":\"ListItem\",\"position\":1,\"name\":\"Home\",\"item\":\"https:\/\/veritasinfo.org\/\"},{\"@type\":\"ListItem\",\"position\":2,\"name\":\"Kurti o smrti 27-godi\u0161njeg mladi\u0107a u Lipljanu: Antikampanja protiv Policije Kosova je \u0161tetna\"}]},{\"@type\":\"WebSite\",\"@id\":\"https:\/\/veritasinfo.org\/#website\",\"url\":\"https:\/\/veritasinfo.org\/\",\"name\":\"\",\"description\":\"\",\"potentialAction\":[{\"@type\":\"SearchAction\",\"target\":{\"@type\":\"EntryPoint\",\"urlTemplate\":\"https:\/\/veritasinfo.org\/?s={search_term_string}\"},\"query-input\":{\"@type\":\"PropertyValueSpecification\",\"valueRequired\":true,\"valueName\":\"search_term_string\"}}],\"inLanguage\":\"en-US\"},{\"@type\":\"Person\",\"@id\":\"https:\/\/veritasinfo.org\/#\/schema\/person\/7701f8c088bece422266b100a712374f\",\"name\":\"admin\",\"image\":{\"@type\":\"ImageObject\",\"inLanguage\":\"en-US\",\"@id\":\"https:\/\/veritasinfo.org\/#\/schema\/person\/image\/\",\"url\":\"https:\/\/secure.gravatar.com\/avatar\/ea53aa3bf6c9a12d5fde8ce4deff43fef3885ae33cf60184161a50d6987cfd2f?s=96&d=mm&r=g\",\"contentUrl\":\"https:\/\/secure.gravatar.com\/avatar\/ea53aa3bf6c9a12d5fde8ce4deff43fef3885ae33cf60184161a50d6987cfd2f?s=96&d=mm&r=g\",\"caption\":\"admin\"},\"sameAs\":[\"https:\/\/veritasinfo.org\"],\"url\":\"https:\/\/veritasinfo.org\/?author=1\"}]}<\/script>\n<!-- \/ Yoast SEO plugin. -->","yoast_head_json":{"title":"Kurti o smrti 27-godi\u0161njeg mladi\u0107a u Lipljanu: Antikampanja protiv Policije Kosova je \u0161tetna -","robots":{"index":"index","follow":"follow","max-snippet":"max-snippet:-1","max-image-preview":"max-image-preview:large","max-video-preview":"max-video-preview:-1"},"canonical":"https:\/\/veritasinfo.org\/?p=3110&lang=sr","og_locale":"en_US","og_type":"article","og_title":"Kurti o smrti 27-godi\u0161njeg mladi\u0107a u Lipljanu: Antikampanja protiv Policije Kosova je \u0161tetna -","og_description":"Vr\u0161ioc du\u017enosti premijera Kosova, Aljbin Kurti, prvi put se oglasio povodom slu\u010daja smrti 27-godi\u0161njeg Agona Zejnullahua u ponedeljak u Lipljanu, u koji su, kako se","og_url":"https:\/\/veritasinfo.org\/?p=3110&lang=sr","article_published_time":"2025-07-09T09:47:17+00:00","og_image":[{"width":1360,"height":870,"url":"https:\/\/veritasinfo.org\/wp-content\/uploads\/2025\/07\/IMG_1795.webp","type":"image\/webp"}],"author":"admin","twitter_card":"summary_large_image","twitter_misc":{"Written by":"admin","Est. reading time":"2 minutes"},"schema":{"@context":"https:\/\/schema.org","@graph":[{"@type":"WebPage","@id":"https:\/\/veritasinfo.org\/?p=3110&lang=sr","url":"https:\/\/veritasinfo.org\/?p=3110&lang=sr","name":"Kurti o smrti 27-godi\u0161njeg mladi\u0107a u Lipljanu: Antikampanja protiv Policije Kosova je \u0161tetna -","isPartOf":{"@id":"https:\/\/veritasinfo.org\/#website"},"primaryImageOfPage":{"@id":"https:\/\/veritasinfo.org\/?p=3110&lang=sr#primaryimage"},"image":{"@id":"https:\/\/veritasinfo.org\/?p=3110&lang=sr#primaryimage"},"thumbnailUrl":"https:\/\/veritasinfo.org\/wp-content\/uploads\/2025\/07\/IMG_1795.webp","datePublished":"2025-07-09T09:47:17+00:00","author":{"@id":"https:\/\/veritasinfo.org\/#\/schema\/person\/7701f8c088bece422266b100a712374f"},"breadcrumb":{"@id":"https:\/\/veritasinfo.org\/?p=3110&lang=sr#breadcrumb"},"inLanguage":"en-US","potentialAction":[{"@type":"ReadAction","target":["https:\/\/veritasinfo.org\/?p=3110&lang=sr"]}]},{"@type":"ImageObject","inLanguage":"en-US","@id":"https:\/\/veritasinfo.org\/?p=3110&lang=sr#primaryimage","url":"https:\/\/veritasinfo.org\/wp-content\/uploads\/2025\/07\/IMG_1795.webp","contentUrl":"https:\/\/veritasinfo.org\/wp-content\/uploads\/2025\/07\/IMG_1795.webp","width":1360,"height":870},{"@type":"BreadcrumbList","@id":"https:\/\/veritasinfo.org\/?p=3110&lang=sr#breadcrumb","itemListElement":[{"@type":"ListItem","position":1,"name":"Home","item":"https:\/\/veritasinfo.org\/"},{"@type":"ListItem","position":2,"name":"Kurti o smrti 27-godi\u0161njeg mladi\u0107a u Lipljanu: Antikampanja protiv Policije Kosova je \u0161tetna"}]},{"@type":"WebSite","@id":"https:\/\/veritasinfo.org\/#website","url":"https:\/\/veritasinfo.org\/","name":"","description":"","potentialAction":[{"@type":"SearchAction","target":{"@type":"EntryPoint","urlTemplate":"https:\/\/veritasinfo.org\/?s={search_term_string}"},"query-input":{"@type":"PropertyValueSpecification","valueRequired":true,"valueName":"search_term_string"}}],"inLanguage":"en-US"},{"@type":"Person","@id":"https:\/\/veritasinfo.org\/#\/schema\/person\/7701f8c088bece422266b100a712374f","name":"admin","image":{"@type":"ImageObject","inLanguage":"en-US","@id":"https:\/\/veritasinfo.org\/#\/schema\/person\/image\/","url":"https:\/\/secure.gravatar.com\/avatar\/ea53aa3bf6c9a12d5fde8ce4deff43fef3885ae33cf60184161a50d6987cfd2f?s=96&d=mm&r=g","contentUrl":"https:\/\/secure.gravatar.com\/avatar\/ea53aa3bf6c9a12d5fde8ce4deff43fef3885ae33cf60184161a50d6987cfd2f?s=96&d=mm&r=g","caption":"admin"},"sameAs":["https:\/\/veritasinfo.org"],"url":"https:\/\/veritasinfo.org\/?author=1"}]}},"featured_image_urls":{"full":["https:\/\/veritasinfo.org\/wp-content\/uploads\/2025\/07\/IMG_1795.webp",1360,870,false],"thumbnail":["https:\/\/veritasinfo.org\/wp-content\/uploads\/2025\/07\/IMG_1795-150x150.webp",150,150,true],"medium":["https:\/\/veritasinfo.org\/wp-content\/uploads\/2025\/07\/IMG_1795-300x192.webp",300,192,true],"medium_large":["https:\/\/veritasinfo.org\/wp-content\/uploads\/2025\/07\/IMG_1795-768x491.webp",640,409,true],"large":["https:\/\/veritasinfo.org\/wp-content\/uploads\/2025\/07\/IMG_1795-1024x655.webp",640,409,true],"1536x1536":["https:\/\/veritasinfo.org\/wp-content\/uploads\/2025\/07\/IMG_1795.webp",1360,870,false],"2048x2048":["https:\/\/veritasinfo.org\/wp-content\/uploads\/2025\/07\/IMG_1795.webp",1360,870,false],"kreeti-slider-full":["https:\/\/veritasinfo.org\/wp-content\/uploads\/2025\/07\/IMG_1795.webp",1126,720,false],"kreeti-featured":["https:\/\/veritasinfo.org\/wp-content\/uploads\/2025\/07\/IMG_1795.webp",1024,655,false],"kreeti-medium":["https:\/\/veritasinfo.org\/wp-content\/uploads\/2025\/07\/IMG_1795.webp",720,461,false],"kreeti-medium-square":["https:\/\/veritasinfo.org\/wp-content\/uploads\/2025\/07\/IMG_1795.webp",350,224,false]},"author_info":{"info":["admin"]},"category_info":"<a href=\"https:\/\/veritasinfo.org\/?cat=30&#038;lang=sr\" rel=\"category\">Dru\u0161tvo<\/a>","tag_info":"Dru\u0161tvo","comment_count":"0","_links":{"self":[{"href":"https:\/\/veritasinfo.org\/index.php?rest_route=\/wp\/v2\/posts\/3110","targetHints":{"allow":["GET"]}}],"collection":[{"href":"https:\/\/veritasinfo.org\/index.php?rest_route=\/wp\/v2\/posts"}],"about":[{"href":"https:\/\/veritasinfo.org\/index.php?rest_route=\/wp\/v2\/types\/post"}],"author":[{"embeddable":true,"href":"https:\/\/veritasinfo.org\/index.php?rest_route=\/wp\/v2\/users\/1"}],"replies":[{"embeddable":true,"href":"https:\/\/veritasinfo.org\/index.php?rest_route=%2Fwp%2Fv2%2Fcomments&post=3110"}],"version-history":[{"count":1,"href":"https:\/\/veritasinfo.org\/index.php?rest_route=\/wp\/v2\/posts\/3110\/revisions"}],"predecessor-version":[{"id":3111,"href":"https:\/\/veritasinfo.org\/index.php?rest_route=\/wp\/v2\/posts\/3110\/revisions\/3111"}],"wp:featuredmedia":[{"embeddable":true,"href":"https:\/\/veritasinfo.org\/index.php?rest_route=\/wp\/v2\/media\/3107"}],"wp:attachment":[{"href":"https:\/\/veritasinfo.org\/index.php?rest_route=%2Fwp%2Fv2%2Fmedia&parent=3110"}],"wp:term":[{"taxonomy":"category","embeddable":true,"href":"https:\/\/veritasinfo.org\/index.php?rest_route=%2Fwp%2Fv2%2Fcategories&post=3110"},{"taxonomy":"post_tag","embeddable":true,"href":"https:\/\/veritasinfo.org\/index.php?rest_route=%2Fwp%2Fv2%2Ftags&post=3110"}],"curies":[{"name":"wp","href":"https:\/\/api.w.org\/{rel}","templated":true}]}}