{"id":31088,"date":"2026-02-07T14:36:37","date_gmt":"2026-02-07T13:36:37","guid":{"rendered":"https:\/\/veritasinfo.org\/?p=31088"},"modified":"2026-02-07T14:36:37","modified_gmt":"2026-02-07T13:36:37","slug":"kosova-dhe-franca-diskutojne-pervojat-e-paris-2024-per-prishtina-2030","status":"publish","type":"post","link":"https:\/\/veritasinfo.org\/?p=31088","title":{"rendered":"Kosova dhe Franca diskutojn\u00eb p\u00ebrvojat e `Paris 2024` p\u00ebr `Prishtina 2030"},"content":{"rendered":"<p>Prishtin\u00eb 07 Shtator 2026 14:35<\/p>\n<p>Ministria e Kultur\u00ebs, Rinis\u00eb dhe Sportit, n\u00eb bashk\u00ebpunim me Ambasad\u00ebn e Franc\u00ebs n\u00eb Prishtin\u00eb, organizoi ngjarjen me tem\u00eb \u201cTrash\u00ebgimia Sportive: nga Parisi 2024 drejt Prishtina 2030 \u2013 m\u00ebsime dhe sfida t\u00eb p\u00ebrbashk\u00ebta\u201d, n\u00eb kuad\u00ebr t\u00eb programit zyrtar t\u00eb Dit\u00ebve t\u00eb Biznesit Francez.<\/p>\n<p>Sipas njoftimit t\u00eb MKRS-s\u00eb, q\u00ebllimi i aktivitetit ishte nxitja e dialogut strategjik dhe forcimi i harmonizimit nd\u00ebrmjet institucioneve t\u00eb Kosov\u00ebs dhe partner\u00ebve francez\u00eb, me fokus n\u00eb zhvillimin e q\u00ebndruesh\u00ebm dhe organizimin e ngjarjeve t\u00eb m\u00ebdha multi-sportive.<\/p>\n<p>Takimi u hap nga z\u00ebvend\u00ebsministrja n\u00eb detyr\u00eb e Kultur\u00ebs, Rinis\u00eb dhe Sportit, Daulina Osmani, dhe ambasadori i Franc\u00ebs n\u00eb Kosov\u00eb, Olivier Guerot, t\u00eb cil\u00ebt theksuan r\u00ebnd\u00ebsin\u00eb e bashk\u00ebpunimit nd\u00ebrkomb\u00ebtar p\u00ebr zhvillimin e infrastruktur\u00ebs sportive dhe ngritjen e kapaciteteve organizative n\u00eb Kosov\u00eb.<\/p>\n<p>&#8220;Pjes\u00eb e ngjarjes ishte edhe eksperti i lart\u00eb francez, Gerard Wolf, i cili ka pasur rol ky\u00e7 n\u00eb organizimin dhe zbatimin e Loj\u00ebrave Olimpike dhe Paralimpike Paris 2024, duke ndar\u00eb p\u00ebrvoja dhe praktika t\u00eb vlefshme p\u00ebr akter\u00ebt e p\u00ebrfshir\u00eb n\u00eb organizimin e Loj\u00ebrave Mesdhetare &#8216;Prishtina 2030&#8242;&#8221;, thuhet tutje n\u00eb njoftim.<\/p>\n","protected":false},"excerpt":{"rendered":"<p>Prishtin\u00eb 07 Shtator 2026 14:35 Ministria e Kultur\u00ebs, Rinis\u00eb dhe Sportit, n\u00eb bashk\u00ebpunim me Ambasad\u00ebn e Franc\u00ebs n\u00eb Prishtin\u00eb, organizoi ngjarjen me tem\u00eb \u201cTrash\u00ebgimia Sportive:<\/p>\n","protected":false},"author":6,"featured_media":31089,"comment_status":"open","ping_status":"open","sticky":false,"template":"","format":"standard","meta":{"footnotes":""},"categories":[5],"tags":[],"class_list":["post-31088","post","type-post","status-publish","format-standard","has-post-thumbnail","hentry","category-sport-sq"],"yoast_head":"<!-- This site is optimized with the Yoast SEO plugin v25.3.1 - https:\/\/yoast.com\/wordpress\/plugins\/seo\/ -->\n<title>Kosova dhe Franca diskutojn\u00eb p\u00ebrvojat e `Paris 2024` p\u00ebr `Prishtina 2030 -<\/title>\n<meta name=\"robots\" content=\"index, follow, max-snippet:-1, max-image-preview:large, max-video-preview:-1\" \/>\n<link rel=\"canonical\" href=\"https:\/\/veritasinfo.org\/?p=31088\" \/>\n<meta property=\"og:locale\" content=\"en_US\" \/>\n<meta property=\"og:type\" content=\"article\" \/>\n<meta property=\"og:title\" content=\"Kosova dhe Franca diskutojn\u00eb p\u00ebrvojat e `Paris 2024` p\u00ebr `Prishtina 2030 -\" \/>\n<meta property=\"og:description\" content=\"Prishtin\u00eb 07 Shtator 2026 14:35 Ministria e Kultur\u00ebs, Rinis\u00eb dhe Sportit, n\u00eb bashk\u00ebpunim me Ambasad\u00ebn e Franc\u00ebs n\u00eb Prishtin\u00eb, organizoi ngjarjen me tem\u00eb \u201cTrash\u00ebgimia Sportive:\" \/>\n<meta property=\"og:url\" content=\"https:\/\/veritasinfo.org\/?p=31088\" \/>\n<meta property=\"article:published_time\" content=\"2026-02-07T13:36:37+00:00\" \/>\n<meta property=\"og:image\" content=\"https:\/\/veritasinfo.org\/wp-content\/uploads\/2026\/02\/716451-FFIzceYyeS.jpg\" \/>\n\t<meta property=\"og:image:width\" content=\"780\" \/>\n\t<meta property=\"og:image:height\" content=\"500\" \/>\n\t<meta property=\"og:image:type\" content=\"image\/jpeg\" \/>\n<meta name=\"author\" content=\"US5\" \/>\n<meta name=\"twitter:card\" content=\"summary_large_image\" \/>\n<meta name=\"twitter:label1\" content=\"Written by\" \/>\n\t<meta name=\"twitter:data1\" content=\"US5\" \/>\n\t<meta name=\"twitter:label2\" content=\"Est. reading time\" \/>\n\t<meta name=\"twitter:data2\" content=\"1 minute\" \/>\n<script type=\"application\/ld+json\" class=\"yoast-schema-graph\">{\"@context\":\"https:\/\/schema.org\",\"@graph\":[{\"@type\":\"WebPage\",\"@id\":\"https:\/\/veritasinfo.org\/?p=31088\",\"url\":\"https:\/\/veritasinfo.org\/?p=31088\",\"name\":\"Kosova dhe Franca diskutojn\u00eb p\u00ebrvojat e `Paris 2024` p\u00ebr `Prishtina 2030 -\",\"isPartOf\":{\"@id\":\"https:\/\/veritasinfo.org\/#website\"},\"primaryImageOfPage\":{\"@id\":\"https:\/\/veritasinfo.org\/?p=31088#primaryimage\"},\"image\":{\"@id\":\"https:\/\/veritasinfo.org\/?p=31088#primaryimage\"},\"thumbnailUrl\":\"https:\/\/veritasinfo.org\/wp-content\/uploads\/2026\/02\/716451-FFIzceYyeS.jpg\",\"datePublished\":\"2026-02-07T13:36:37+00:00\",\"author\":{\"@id\":\"https:\/\/veritasinfo.org\/#\/schema\/person\/bc442336e35414d04494ab8fb45db4c6\"},\"breadcrumb\":{\"@id\":\"https:\/\/veritasinfo.org\/?p=31088#breadcrumb\"},\"inLanguage\":\"en-US\",\"potentialAction\":[{\"@type\":\"ReadAction\",\"target\":[\"https:\/\/veritasinfo.org\/?p=31088\"]}]},{\"@type\":\"ImageObject\",\"inLanguage\":\"en-US\",\"@id\":\"https:\/\/veritasinfo.org\/?p=31088#primaryimage\",\"url\":\"https:\/\/veritasinfo.org\/wp-content\/uploads\/2026\/02\/716451-FFIzceYyeS.jpg\",\"contentUrl\":\"https:\/\/veritasinfo.org\/wp-content\/uploads\/2026\/02\/716451-FFIzceYyeS.jpg\",\"width\":780,\"height\":500},{\"@type\":\"BreadcrumbList\",\"@id\":\"https:\/\/veritasinfo.org\/?p=31088#breadcrumb\",\"itemListElement\":[{\"@type\":\"ListItem\",\"position\":1,\"name\":\"Home\",\"item\":\"https:\/\/veritasinfo.org\/\"},{\"@type\":\"ListItem\",\"position\":2,\"name\":\"Kosova dhe Franca diskutojn\u00eb p\u00ebrvojat e `Paris 2024` p\u00ebr `Prishtina 2030\"}]},{\"@type\":\"WebSite\",\"@id\":\"https:\/\/veritasinfo.org\/#website\",\"url\":\"https:\/\/veritasinfo.org\/\",\"name\":\"\",\"description\":\"\",\"potentialAction\":[{\"@type\":\"SearchAction\",\"target\":{\"@type\":\"EntryPoint\",\"urlTemplate\":\"https:\/\/veritasinfo.org\/?s={search_term_string}\"},\"query-input\":{\"@type\":\"PropertyValueSpecification\",\"valueRequired\":true,\"valueName\":\"search_term_string\"}}],\"inLanguage\":\"en-US\"},{\"@type\":\"Person\",\"@id\":\"https:\/\/veritasinfo.org\/#\/schema\/person\/bc442336e35414d04494ab8fb45db4c6\",\"name\":\"US5\",\"image\":{\"@type\":\"ImageObject\",\"inLanguage\":\"en-US\",\"@id\":\"https:\/\/veritasinfo.org\/#\/schema\/person\/image\/\",\"url\":\"https:\/\/secure.gravatar.com\/avatar\/16a61e7272a0c5d001121ebb9e60e925d5816e4ac1e443ed3e640d9a6ae55d0c?s=96&d=mm&r=g\",\"contentUrl\":\"https:\/\/secure.gravatar.com\/avatar\/16a61e7272a0c5d001121ebb9e60e925d5816e4ac1e443ed3e640d9a6ae55d0c?s=96&d=mm&r=g\",\"caption\":\"US5\"},\"url\":\"https:\/\/veritasinfo.org\/?author=6\"}]}<\/script>\n<!-- \/ Yoast SEO plugin. -->","yoast_head_json":{"title":"Kosova dhe Franca diskutojn\u00eb p\u00ebrvojat e `Paris 2024` p\u00ebr `Prishtina 2030 -","robots":{"index":"index","follow":"follow","max-snippet":"max-snippet:-1","max-image-preview":"max-image-preview:large","max-video-preview":"max-video-preview:-1"},"canonical":"https:\/\/veritasinfo.org\/?p=31088","og_locale":"en_US","og_type":"article","og_title":"Kosova dhe Franca diskutojn\u00eb p\u00ebrvojat e `Paris 2024` p\u00ebr `Prishtina 2030 -","og_description":"Prishtin\u00eb 07 Shtator 2026 14:35 Ministria e Kultur\u00ebs, Rinis\u00eb dhe Sportit, n\u00eb bashk\u00ebpunim me Ambasad\u00ebn e Franc\u00ebs n\u00eb Prishtin\u00eb, organizoi ngjarjen me tem\u00eb \u201cTrash\u00ebgimia Sportive:","og_url":"https:\/\/veritasinfo.org\/?p=31088","article_published_time":"2026-02-07T13:36:37+00:00","og_image":[{"width":780,"height":500,"url":"https:\/\/veritasinfo.org\/wp-content\/uploads\/2026\/02\/716451-FFIzceYyeS.jpg","type":"image\/jpeg"}],"author":"US5","twitter_card":"summary_large_image","twitter_misc":{"Written by":"US5","Est. reading time":"1 minute"},"schema":{"@context":"https:\/\/schema.org","@graph":[{"@type":"WebPage","@id":"https:\/\/veritasinfo.org\/?p=31088","url":"https:\/\/veritasinfo.org\/?p=31088","name":"Kosova dhe Franca diskutojn\u00eb p\u00ebrvojat e `Paris 2024` p\u00ebr `Prishtina 2030 -","isPartOf":{"@id":"https:\/\/veritasinfo.org\/#website"},"primaryImageOfPage":{"@id":"https:\/\/veritasinfo.org\/?p=31088#primaryimage"},"image":{"@id":"https:\/\/veritasinfo.org\/?p=31088#primaryimage"},"thumbnailUrl":"https:\/\/veritasinfo.org\/wp-content\/uploads\/2026\/02\/716451-FFIzceYyeS.jpg","datePublished":"2026-02-07T13:36:37+00:00","author":{"@id":"https:\/\/veritasinfo.org\/#\/schema\/person\/bc442336e35414d04494ab8fb45db4c6"},"breadcrumb":{"@id":"https:\/\/veritasinfo.org\/?p=31088#breadcrumb"},"inLanguage":"en-US","potentialAction":[{"@type":"ReadAction","target":["https:\/\/veritasinfo.org\/?p=31088"]}]},{"@type":"ImageObject","inLanguage":"en-US","@id":"https:\/\/veritasinfo.org\/?p=31088#primaryimage","url":"https:\/\/veritasinfo.org\/wp-content\/uploads\/2026\/02\/716451-FFIzceYyeS.jpg","contentUrl":"https:\/\/veritasinfo.org\/wp-content\/uploads\/2026\/02\/716451-FFIzceYyeS.jpg","width":780,"height":500},{"@type":"BreadcrumbList","@id":"https:\/\/veritasinfo.org\/?p=31088#breadcrumb","itemListElement":[{"@type":"ListItem","position":1,"name":"Home","item":"https:\/\/veritasinfo.org\/"},{"@type":"ListItem","position":2,"name":"Kosova dhe Franca diskutojn\u00eb p\u00ebrvojat e `Paris 2024` p\u00ebr `Prishtina 2030"}]},{"@type":"WebSite","@id":"https:\/\/veritasinfo.org\/#website","url":"https:\/\/veritasinfo.org\/","name":"","description":"","potentialAction":[{"@type":"SearchAction","target":{"@type":"EntryPoint","urlTemplate":"https:\/\/veritasinfo.org\/?s={search_term_string}"},"query-input":{"@type":"PropertyValueSpecification","valueRequired":true,"valueName":"search_term_string"}}],"inLanguage":"en-US"},{"@type":"Person","@id":"https:\/\/veritasinfo.org\/#\/schema\/person\/bc442336e35414d04494ab8fb45db4c6","name":"US5","image":{"@type":"ImageObject","inLanguage":"en-US","@id":"https:\/\/veritasinfo.org\/#\/schema\/person\/image\/","url":"https:\/\/secure.gravatar.com\/avatar\/16a61e7272a0c5d001121ebb9e60e925d5816e4ac1e443ed3e640d9a6ae55d0c?s=96&d=mm&r=g","contentUrl":"https:\/\/secure.gravatar.com\/avatar\/16a61e7272a0c5d001121ebb9e60e925d5816e4ac1e443ed3e640d9a6ae55d0c?s=96&d=mm&r=g","caption":"US5"},"url":"https:\/\/veritasinfo.org\/?author=6"}]}},"featured_image_urls":{"full":["https:\/\/veritasinfo.org\/wp-content\/uploads\/2026\/02\/716451-FFIzceYyeS.jpg",780,500,false],"thumbnail":["https:\/\/veritasinfo.org\/wp-content\/uploads\/2026\/02\/716451-FFIzceYyeS-150x150.jpg",150,150,true],"medium":["https:\/\/veritasinfo.org\/wp-content\/uploads\/2026\/02\/716451-FFIzceYyeS-300x192.jpg",300,192,true],"medium_large":["https:\/\/veritasinfo.org\/wp-content\/uploads\/2026\/02\/716451-FFIzceYyeS-768x492.jpg",640,410,true],"large":["https:\/\/veritasinfo.org\/wp-content\/uploads\/2026\/02\/716451-FFIzceYyeS.jpg",640,410,false],"1536x1536":["https:\/\/veritasinfo.org\/wp-content\/uploads\/2026\/02\/716451-FFIzceYyeS.jpg",780,500,false],"2048x2048":["https:\/\/veritasinfo.org\/wp-content\/uploads\/2026\/02\/716451-FFIzceYyeS.jpg",780,500,false],"kreeti-slider-full":["https:\/\/veritasinfo.org\/wp-content\/uploads\/2026\/02\/716451-FFIzceYyeS.jpg",780,500,false],"kreeti-featured":["https:\/\/veritasinfo.org\/wp-content\/uploads\/2026\/02\/716451-FFIzceYyeS.jpg",780,500,false],"kreeti-medium":["https:\/\/veritasinfo.org\/wp-content\/uploads\/2026\/02\/716451-FFIzceYyeS.jpg",720,462,false],"kreeti-medium-square":["https:\/\/veritasinfo.org\/wp-content\/uploads\/2026\/02\/716451-FFIzceYyeS.jpg",350,224,false]},"author_info":{"info":["US5"]},"category_info":"<a href=\"https:\/\/veritasinfo.org\/?cat=5\" rel=\"category\">Sport<\/a>","tag_info":"Sport","comment_count":"0","_links":{"self":[{"href":"https:\/\/veritasinfo.org\/index.php?rest_route=\/wp\/v2\/posts\/31088","targetHints":{"allow":["GET"]}}],"collection":[{"href":"https:\/\/veritasinfo.org\/index.php?rest_route=\/wp\/v2\/posts"}],"about":[{"href":"https:\/\/veritasinfo.org\/index.php?rest_route=\/wp\/v2\/types\/post"}],"author":[{"embeddable":true,"href":"https:\/\/veritasinfo.org\/index.php?rest_route=\/wp\/v2\/users\/6"}],"replies":[{"embeddable":true,"href":"https:\/\/veritasinfo.org\/index.php?rest_route=%2Fwp%2Fv2%2Fcomments&post=31088"}],"version-history":[{"count":1,"href":"https:\/\/veritasinfo.org\/index.php?rest_route=\/wp\/v2\/posts\/31088\/revisions"}],"predecessor-version":[{"id":31090,"href":"https:\/\/veritasinfo.org\/index.php?rest_route=\/wp\/v2\/posts\/31088\/revisions\/31090"}],"wp:featuredmedia":[{"embeddable":true,"href":"https:\/\/veritasinfo.org\/index.php?rest_route=\/wp\/v2\/media\/31089"}],"wp:attachment":[{"href":"https:\/\/veritasinfo.org\/index.php?rest_route=%2Fwp%2Fv2%2Fmedia&parent=31088"}],"wp:term":[{"taxonomy":"category","embeddable":true,"href":"https:\/\/veritasinfo.org\/index.php?rest_route=%2Fwp%2Fv2%2Fcategories&post=31088"},{"taxonomy":"post_tag","embeddable":true,"href":"https:\/\/veritasinfo.org\/index.php?rest_route=%2Fwp%2Fv2%2Ftags&post=31088"}],"curies":[{"name":"wp","href":"https:\/\/api.w.org\/{rel}","templated":true}]}}