{"id":31054,"date":"2026-02-07T11:24:49","date_gmt":"2026-02-07T10:24:49","guid":{"rendered":"https:\/\/veritasinfo.org\/?p=31054"},"modified":"2026-02-07T11:24:49","modified_gmt":"2026-02-07T10:24:49","slug":"osmani-kosovska-zastava-se-ponosno-vijorila-na-svecanom-otvaranju-zimskih-olimpijskih-igara","status":"publish","type":"post","link":"https:\/\/veritasinfo.org\/?p=31054","title":{"rendered":"Osmani: Kosovska zastava se ponosno vijorila na sve\u010danom otvaranju Zimskih olimpijskih igara"},"content":{"rendered":"<p>Pri\u0161tina, 7. septembar 2026. 11:22<\/p>\n<p>KORTINA D&#8217;AMPECO, ITALIJA &#8211; 6. FEBRUAR: Nosilac zastave Kiana Krjeziu iz reprezentacije Kosova ulazi sa timom na stadion tokom ceremonije otvaranja Zimskih olimpijskih igara Milano Kortina 2026. na Pjaca Dibona 6. februara 2026. u Kortini d&#8217;Ampeco, Italija. (Fotografija: Matija Ozbot\/Geti Imad\u017eis)<br \/>\nPri\u0161tina | 7. februar 2026. | 10:41 | Nga Ekonomija Onlajn<br \/>\nPredsednica Kosova, Vjosa Osmani, izrazila je podr\u0161ku dvoje skija\u0161a, Kijani Krjeziu i Drinu Kokaju, koji su predstavljali Kosovo na Zimskim olimpijskim igrama Milano-Kortina 2026. godine, gde se vijorila i zastava dr\u017eave Kosovo.<\/p>\n<p>Ona pi\u0161e da dvoje skija\u0161a predstavljaju Kosovo sa dostojanstvom, hrabro\u0161c\u0301u i velikim snovima.<\/p>\n<p>\u201eZastava Republike Kosovo ponosno se vijorila na sve\u010danom otvaranju Zimskih olimpijskih igara Milano\u2013Kortina 2026. Kiana Krjeziu i Drin Kokaj, na\u0161i dva skija\u0161a, predstavljaju Kosovo sa dostojanstvom, hrabro\u0161c\u0301u i velikim snovima. Kosovo je sa vama, danas, sutra i uvek! Neka vas sudbina blagoslovi i vrati vam belu ko\u017eu!\u201c, napisala je Osmani.<\/p>\n","protected":false},"excerpt":{"rendered":"<p>Pri\u0161tina, 7. septembar 2026. 11:22 KORTINA D&#8217;AMPECO, ITALIJA &#8211; 6. FEBRUAR: Nosilac zastave Kiana Krjeziu iz reprezentacije Kosova ulazi sa timom na stadion tokom ceremonije<\/p>\n","protected":false},"author":6,"featured_media":31052,"comment_status":"open","ping_status":"open","sticky":false,"template":"","format":"standard","meta":{"footnotes":""},"categories":[5],"tags":[],"class_list":["post-31054","post","type-post","status-publish","format-standard","has-post-thumbnail","hentry","category-sport-sq"],"yoast_head":"<!-- This site is optimized with the Yoast SEO plugin v25.3.1 - https:\/\/yoast.com\/wordpress\/plugins\/seo\/ -->\n<title>Osmani: Kosovska zastava se ponosno vijorila na sve\u010danom otvaranju Zimskih olimpijskih igara -<\/title>\n<meta name=\"robots\" content=\"index, follow, max-snippet:-1, max-image-preview:large, max-video-preview:-1\" \/>\n<link rel=\"canonical\" href=\"https:\/\/veritasinfo.org\/?p=31054\" \/>\n<meta property=\"og:locale\" content=\"en_US\" \/>\n<meta property=\"og:type\" content=\"article\" \/>\n<meta property=\"og:title\" content=\"Osmani: Kosovska zastava se ponosno vijorila na sve\u010danom otvaranju Zimskih olimpijskih igara -\" \/>\n<meta property=\"og:description\" content=\"Pri\u0161tina, 7. septembar 2026. 11:22 KORTINA D&#8217;AMPECO, ITALIJA &#8211; 6. FEBRUAR: Nosilac zastave Kiana Krjeziu iz reprezentacije Kosova ulazi sa timom na stadion tokom ceremonije\" \/>\n<meta property=\"og:url\" content=\"https:\/\/veritasinfo.org\/?p=31054\" \/>\n<meta property=\"article:published_time\" content=\"2026-02-07T10:24:49+00:00\" \/>\n<meta property=\"og:image\" content=\"https:\/\/veritasinfo.org\/wp-content\/uploads\/2026\/02\/fl-1476x1000-1.jpg\" \/>\n\t<meta property=\"og:image:width\" content=\"1476\" \/>\n\t<meta property=\"og:image:height\" content=\"1000\" \/>\n\t<meta property=\"og:image:type\" content=\"image\/jpeg\" \/>\n<meta name=\"author\" content=\"US5\" \/>\n<meta name=\"twitter:card\" content=\"summary_large_image\" \/>\n<meta name=\"twitter:label1\" content=\"Written by\" \/>\n\t<meta name=\"twitter:data1\" content=\"US5\" \/>\n<script type=\"application\/ld+json\" class=\"yoast-schema-graph\">{\"@context\":\"https:\/\/schema.org\",\"@graph\":[{\"@type\":\"WebPage\",\"@id\":\"https:\/\/veritasinfo.org\/?p=31054\",\"url\":\"https:\/\/veritasinfo.org\/?p=31054\",\"name\":\"Osmani: Kosovska zastava se ponosno vijorila na sve\u010danom otvaranju Zimskih olimpijskih igara -\",\"isPartOf\":{\"@id\":\"https:\/\/veritasinfo.org\/#website\"},\"primaryImageOfPage\":{\"@id\":\"https:\/\/veritasinfo.org\/?p=31054#primaryimage\"},\"image\":{\"@id\":\"https:\/\/veritasinfo.org\/?p=31054#primaryimage\"},\"thumbnailUrl\":\"https:\/\/veritasinfo.org\/wp-content\/uploads\/2026\/02\/fl-1476x1000-1.jpg\",\"datePublished\":\"2026-02-07T10:24:49+00:00\",\"author\":{\"@id\":\"https:\/\/veritasinfo.org\/#\/schema\/person\/bc442336e35414d04494ab8fb45db4c6\"},\"breadcrumb\":{\"@id\":\"https:\/\/veritasinfo.org\/?p=31054#breadcrumb\"},\"inLanguage\":\"en-US\",\"potentialAction\":[{\"@type\":\"ReadAction\",\"target\":[\"https:\/\/veritasinfo.org\/?p=31054\"]}]},{\"@type\":\"ImageObject\",\"inLanguage\":\"en-US\",\"@id\":\"https:\/\/veritasinfo.org\/?p=31054#primaryimage\",\"url\":\"https:\/\/veritasinfo.org\/wp-content\/uploads\/2026\/02\/fl-1476x1000-1.jpg\",\"contentUrl\":\"https:\/\/veritasinfo.org\/wp-content\/uploads\/2026\/02\/fl-1476x1000-1.jpg\",\"width\":1476,\"height\":1000,\"caption\":\"CORTINA D'AMPEZZO, ITALY - FEBRUARY 06: Flagbearer Kiana Kryeziu of Team Kosovo enters with the team into the stadium during the opening ceremony of the Milano Cortina 2026 Winter Olympics at Piazza Dibona on February 06, 2026 in Cortina d'Ampezzo, Italy. (Photo by Mattia Ozbot\/Getty Images)\"},{\"@type\":\"BreadcrumbList\",\"@id\":\"https:\/\/veritasinfo.org\/?p=31054#breadcrumb\",\"itemListElement\":[{\"@type\":\"ListItem\",\"position\":1,\"name\":\"Home\",\"item\":\"https:\/\/veritasinfo.org\/\"},{\"@type\":\"ListItem\",\"position\":2,\"name\":\"Osmani: Kosovska zastava se ponosno vijorila na sve\u010danom otvaranju Zimskih olimpijskih igara\"}]},{\"@type\":\"WebSite\",\"@id\":\"https:\/\/veritasinfo.org\/#website\",\"url\":\"https:\/\/veritasinfo.org\/\",\"name\":\"\",\"description\":\"\",\"potentialAction\":[{\"@type\":\"SearchAction\",\"target\":{\"@type\":\"EntryPoint\",\"urlTemplate\":\"https:\/\/veritasinfo.org\/?s={search_term_string}\"},\"query-input\":{\"@type\":\"PropertyValueSpecification\",\"valueRequired\":true,\"valueName\":\"search_term_string\"}}],\"inLanguage\":\"en-US\"},{\"@type\":\"Person\",\"@id\":\"https:\/\/veritasinfo.org\/#\/schema\/person\/bc442336e35414d04494ab8fb45db4c6\",\"name\":\"US5\",\"image\":{\"@type\":\"ImageObject\",\"inLanguage\":\"en-US\",\"@id\":\"https:\/\/veritasinfo.org\/#\/schema\/person\/image\/\",\"url\":\"https:\/\/secure.gravatar.com\/avatar\/16a61e7272a0c5d001121ebb9e60e925d5816e4ac1e443ed3e640d9a6ae55d0c?s=96&d=mm&r=g\",\"contentUrl\":\"https:\/\/secure.gravatar.com\/avatar\/16a61e7272a0c5d001121ebb9e60e925d5816e4ac1e443ed3e640d9a6ae55d0c?s=96&d=mm&r=g\",\"caption\":\"US5\"},\"url\":\"https:\/\/veritasinfo.org\/?author=6\"}]}<\/script>\n<!-- \/ Yoast SEO plugin. -->","yoast_head_json":{"title":"Osmani: Kosovska zastava se ponosno vijorila na sve\u010danom otvaranju Zimskih olimpijskih igara -","robots":{"index":"index","follow":"follow","max-snippet":"max-snippet:-1","max-image-preview":"max-image-preview:large","max-video-preview":"max-video-preview:-1"},"canonical":"https:\/\/veritasinfo.org\/?p=31054","og_locale":"en_US","og_type":"article","og_title":"Osmani: Kosovska zastava se ponosno vijorila na sve\u010danom otvaranju Zimskih olimpijskih igara -","og_description":"Pri\u0161tina, 7. septembar 2026. 11:22 KORTINA D&#8217;AMPECO, ITALIJA &#8211; 6. FEBRUAR: Nosilac zastave Kiana Krjeziu iz reprezentacije Kosova ulazi sa timom na stadion tokom ceremonije","og_url":"https:\/\/veritasinfo.org\/?p=31054","article_published_time":"2026-02-07T10:24:49+00:00","og_image":[{"width":1476,"height":1000,"url":"https:\/\/veritasinfo.org\/wp-content\/uploads\/2026\/02\/fl-1476x1000-1.jpg","type":"image\/jpeg"}],"author":"US5","twitter_card":"summary_large_image","twitter_misc":{"Written by":"US5"},"schema":{"@context":"https:\/\/schema.org","@graph":[{"@type":"WebPage","@id":"https:\/\/veritasinfo.org\/?p=31054","url":"https:\/\/veritasinfo.org\/?p=31054","name":"Osmani: Kosovska zastava se ponosno vijorila na sve\u010danom otvaranju Zimskih olimpijskih igara -","isPartOf":{"@id":"https:\/\/veritasinfo.org\/#website"},"primaryImageOfPage":{"@id":"https:\/\/veritasinfo.org\/?p=31054#primaryimage"},"image":{"@id":"https:\/\/veritasinfo.org\/?p=31054#primaryimage"},"thumbnailUrl":"https:\/\/veritasinfo.org\/wp-content\/uploads\/2026\/02\/fl-1476x1000-1.jpg","datePublished":"2026-02-07T10:24:49+00:00","author":{"@id":"https:\/\/veritasinfo.org\/#\/schema\/person\/bc442336e35414d04494ab8fb45db4c6"},"breadcrumb":{"@id":"https:\/\/veritasinfo.org\/?p=31054#breadcrumb"},"inLanguage":"en-US","potentialAction":[{"@type":"ReadAction","target":["https:\/\/veritasinfo.org\/?p=31054"]}]},{"@type":"ImageObject","inLanguage":"en-US","@id":"https:\/\/veritasinfo.org\/?p=31054#primaryimage","url":"https:\/\/veritasinfo.org\/wp-content\/uploads\/2026\/02\/fl-1476x1000-1.jpg","contentUrl":"https:\/\/veritasinfo.org\/wp-content\/uploads\/2026\/02\/fl-1476x1000-1.jpg","width":1476,"height":1000,"caption":"CORTINA D'AMPEZZO, ITALY - FEBRUARY 06: Flagbearer Kiana Kryeziu of Team Kosovo enters with the team into the stadium during the opening ceremony of the Milano Cortina 2026 Winter Olympics at Piazza Dibona on February 06, 2026 in Cortina d'Ampezzo, Italy. (Photo by Mattia Ozbot\/Getty Images)"},{"@type":"BreadcrumbList","@id":"https:\/\/veritasinfo.org\/?p=31054#breadcrumb","itemListElement":[{"@type":"ListItem","position":1,"name":"Home","item":"https:\/\/veritasinfo.org\/"},{"@type":"ListItem","position":2,"name":"Osmani: Kosovska zastava se ponosno vijorila na sve\u010danom otvaranju Zimskih olimpijskih igara"}]},{"@type":"WebSite","@id":"https:\/\/veritasinfo.org\/#website","url":"https:\/\/veritasinfo.org\/","name":"","description":"","potentialAction":[{"@type":"SearchAction","target":{"@type":"EntryPoint","urlTemplate":"https:\/\/veritasinfo.org\/?s={search_term_string}"},"query-input":{"@type":"PropertyValueSpecification","valueRequired":true,"valueName":"search_term_string"}}],"inLanguage":"en-US"},{"@type":"Person","@id":"https:\/\/veritasinfo.org\/#\/schema\/person\/bc442336e35414d04494ab8fb45db4c6","name":"US5","image":{"@type":"ImageObject","inLanguage":"en-US","@id":"https:\/\/veritasinfo.org\/#\/schema\/person\/image\/","url":"https:\/\/secure.gravatar.com\/avatar\/16a61e7272a0c5d001121ebb9e60e925d5816e4ac1e443ed3e640d9a6ae55d0c?s=96&d=mm&r=g","contentUrl":"https:\/\/secure.gravatar.com\/avatar\/16a61e7272a0c5d001121ebb9e60e925d5816e4ac1e443ed3e640d9a6ae55d0c?s=96&d=mm&r=g","caption":"US5"},"url":"https:\/\/veritasinfo.org\/?author=6"}]}},"featured_image_urls":{"full":["https:\/\/veritasinfo.org\/wp-content\/uploads\/2026\/02\/fl-1476x1000-1.jpg",1476,1000,false],"thumbnail":["https:\/\/veritasinfo.org\/wp-content\/uploads\/2026\/02\/fl-1476x1000-1-150x150.jpg",150,150,true],"medium":["https:\/\/veritasinfo.org\/wp-content\/uploads\/2026\/02\/fl-1476x1000-1-300x203.jpg",300,203,true],"medium_large":["https:\/\/veritasinfo.org\/wp-content\/uploads\/2026\/02\/fl-1476x1000-1-768x520.jpg",640,433,true],"large":["https:\/\/veritasinfo.org\/wp-content\/uploads\/2026\/02\/fl-1476x1000-1-1024x694.jpg",640,434,true],"1536x1536":["https:\/\/veritasinfo.org\/wp-content\/uploads\/2026\/02\/fl-1476x1000-1.jpg",1476,1000,false],"2048x2048":["https:\/\/veritasinfo.org\/wp-content\/uploads\/2026\/02\/fl-1476x1000-1.jpg",1476,1000,false],"kreeti-slider-full":["https:\/\/veritasinfo.org\/wp-content\/uploads\/2026\/02\/fl-1476x1000-1.jpg",1063,720,false],"kreeti-featured":["https:\/\/veritasinfo.org\/wp-content\/uploads\/2026\/02\/fl-1476x1000-1.jpg",1024,694,false],"kreeti-medium":["https:\/\/veritasinfo.org\/wp-content\/uploads\/2026\/02\/fl-1476x1000-1.jpg",720,488,false],"kreeti-medium-square":["https:\/\/veritasinfo.org\/wp-content\/uploads\/2026\/02\/fl-1476x1000-1.jpg",350,237,false]},"author_info":{"info":["US5"]},"category_info":"<a href=\"https:\/\/veritasinfo.org\/?cat=5\" rel=\"category\">Sport<\/a>","tag_info":"Sport","comment_count":"0","_links":{"self":[{"href":"https:\/\/veritasinfo.org\/index.php?rest_route=\/wp\/v2\/posts\/31054","targetHints":{"allow":["GET"]}}],"collection":[{"href":"https:\/\/veritasinfo.org\/index.php?rest_route=\/wp\/v2\/posts"}],"about":[{"href":"https:\/\/veritasinfo.org\/index.php?rest_route=\/wp\/v2\/types\/post"}],"author":[{"embeddable":true,"href":"https:\/\/veritasinfo.org\/index.php?rest_route=\/wp\/v2\/users\/6"}],"replies":[{"embeddable":true,"href":"https:\/\/veritasinfo.org\/index.php?rest_route=%2Fwp%2Fv2%2Fcomments&post=31054"}],"version-history":[{"count":1,"href":"https:\/\/veritasinfo.org\/index.php?rest_route=\/wp\/v2\/posts\/31054\/revisions"}],"predecessor-version":[{"id":31055,"href":"https:\/\/veritasinfo.org\/index.php?rest_route=\/wp\/v2\/posts\/31054\/revisions\/31055"}],"wp:featuredmedia":[{"embeddable":true,"href":"https:\/\/veritasinfo.org\/index.php?rest_route=\/wp\/v2\/media\/31052"}],"wp:attachment":[{"href":"https:\/\/veritasinfo.org\/index.php?rest_route=%2Fwp%2Fv2%2Fmedia&parent=31054"}],"wp:term":[{"taxonomy":"category","embeddable":true,"href":"https:\/\/veritasinfo.org\/index.php?rest_route=%2Fwp%2Fv2%2Fcategories&post=31054"},{"taxonomy":"post_tag","embeddable":true,"href":"https:\/\/veritasinfo.org\/index.php?rest_route=%2Fwp%2Fv2%2Ftags&post=31054"}],"curies":[{"name":"wp","href":"https:\/\/api.w.org\/{rel}","templated":true}]}}