{"id":31043,"date":"2026-02-07T09:43:18","date_gmt":"2026-02-07T08:43:18","guid":{"rendered":"https:\/\/veritasinfo.org\/?p=31043"},"modified":"2026-02-07T09:43:18","modified_gmt":"2026-02-07T08:43:18","slug":"moldavija-osudila-tri-osobe-zbog-planiranja-nereda-nakon-obuke-u-srbiji-i-bosni-i-hercegovini","status":"publish","type":"post","link":"https:\/\/veritasinfo.org\/?p=31043&lang=sr","title":{"rendered":"Moldavija osudila tri osobe zbog planiranja nereda nakon obuke u Srbiji i Bosni i Hercegovini"},"content":{"rendered":"<p>Pri\u0161tina, 7. februar 2026. 09:32<\/p>\n<p>Sud u Ki\u0161injevu osudio je tri osobe zbog u\u010de\u0161c\u0301a u organizovanoj kriminalnoj grupi koja je 2024. godine pripremala masovne nasilne nerede u Moldaviji i organizovala obuke u Bosni i Hercegovini i Srbiji. Prema optu\u017enici, obuke su organizovale i vodile osobe iz Rusije, u saradnji sa moldavskim dr\u017eavljanima, sa ciljem izazivanja nemira u Moldaviji, uo\u010di predsedni\u010dkih izbora i referenduma o \u010dlanstvu u Evropskoj uniji 2024. godine. Informacije o \u201eruskim kampovima\u201c u Bosni i Hercegovini pojavile su se u oktobru 2024. godine. Tada su moldavske bezbednosne agencije izjavile da su identifikovale vi\u0161e od 100 mladih ljudi, koji su navodno obu\u010davani u Rusiji, Bosni i Hercegovini i Srbiji, da destabilizuju zemlju.<\/p>\n<p>Sud u moldavskoj prestonici 6. februara osudio je Alionu Gotko i Ljudmilu Kostenko na \u010detiri godine i jedan mesec zatvora, dok je Vladimir Har\u010devnikov osu\u0111en na pet godina i \u010detiri meseca zatvora.<\/p>\n<p>Odluka je doneta u prvostepenom sudu, dok optu\u017eeni nisu bili prisutni na izricanju presude. Sud je nalo\u017eio njihovo hap\u0161enje radi slanja na izdr\u017eavanje kazne, dok se na presudu mo\u017ee ulo\u017eiti \u017ealba.<\/p>\n<p>U odluci se navodi da su optu\u017eeni delovali kao deo stabilne kriminalne strukture, kojom je koordinisala Rusija, i imali su jasno razdvojene uloge.<\/p>\n<p>Prema sudu, njihove aktivnosti su uklju\u010divale regrutovanje novih \u010dlanova, logisti\u010dku podr\u0161ku, obezbe\u0111ivanje opreme, kao i obuku za nasilne i destabilizujuc\u0301e akcije.<\/p>\n<p>Poseban deo presude odnosi se na obuku koja se, prema nalazima suda, odvijala van teritorije Moldavije, uglavnom u Bosni i Hercegovini i Srbiji.<\/p>\n<p>Sud napominje da su optu\u017eeni vi\u0161e puta boravili u Bosni i Hercegovini, uklju\u010dujuc\u0301i i podru\u010dje Glamo\u010dana, gde su u\u010destvovali u teorijskoj i prakti\u010dnoj obuci.<\/p>\n<p>Prema presudi, ova obuka je obuhvatala napredno upravljanje i kori\u0161c\u0301enje dronova, njihovo povezivanje sa komandnim centrima, vazdu\u0161no izvi\u0111anje unutar napada\u010dkih grupa, kao i simulacije ispu\u0161tanja eksplozivnih naprava uz pomoc\u0301 dronova.<\/p>\n<p>Pored toga, u odluci se navodi da je obuka obuhvatala i taktike izazivanja panike i haosa, metode za probijanje policijskih kordona, sabota\u017eno-subverzivne aktivnosti i pripremu zapaljivih i eksplozivnih naprava.<\/p>\n<p>Sud je utvrdio da su ove aktivnosti bile direktno povezane sa planovima za organizovanje nasilnih nemira u Moldaviji.<\/p>\n<p>Srbija se u sudskim dokumentima pominje kao jedna od lokacija boravka i obuke, ali i kao tranzitna zemlja na putu optu\u017eenih ka Bosni i Hercegovini.<\/p>\n<p>U presudi se navodi da je koordinator grupe bio baziran u Rusiji, odakle je davao uputstva \u010dlanovima, dok su se obuka i prakti\u010dne aktivnosti odvijale u Bosni i Hercegovini i Srbiji.<\/p>\n<p>Prema nalazima suda, optu\u017eeni su putovali na relaciji Moldavija-Srbija-Bosna i Hercegovina, dok su tokom istrage prona\u0111eni materijalni dokazi koji ukazuju na njihov boravak u obe zemlje.<\/p>\n<p>Me\u0111u njima su nov\u010danice iz Srbije i Bosne i Hercegovine, SIM kartice, telekomunikaciona oprema, kao i digitalni snimci nastali tokom njihovog boravka u kampovima za obuku.<\/p>\n<p>Sud u presudi tako\u0111e navodi da su tokom pretresa okrivljenih prona\u0111eni delovi za dronove, VR nao\u010dare, daljinski upravlja\u010di, baterije, ure\u0111aji za skladi\u0161tenje dokumenata i digitalni materijali koji, prema sudu, dokumentuju obuku i planirane aktivnosti.<\/p>\n<p>Digitalni snimci uklju\u010duju fotografije i video zapise snimljene tokom obuke, kao i uputstva za kori\u0161c\u0301enje dronova i pripremu zapaljivih i eksplozivnih naprava.<\/p>\n<p>Tokom su\u0111enja, okrivljeni su se izjasnili da nisu krivi, tvrdec\u0301i da nisu bili svesni kriminalne prirode aktivnosti u kojima su u\u010destvovali i da su svoje boravke u inostranstvu smatrali privatnim ili profesionalnim anga\u017emanima.<\/p>\n<p>Sud, me\u0111utim, nije prihvatio ove tvrdnje, zaklju\u010div\u0161i da prikupljeni dokazi pokazuju postojanje jasne svrhe i koordinacije unutar kriminalne grupe.<\/p>\n<p>Podizanje novih optu\u017enica<\/p>\n<p>Tokom su\u0111enja, moldavsko tu\u017eila\u0161tvo je tako\u0111e podiglo optu\u017enice protiv nekoliko drugih osoba povezanih sa obukom za podsticanje nemira.<\/p>\n<p>Tako\u0111e, 26. septembra pro\u0161le godine, policija u Srbiji uhapsila je dve osobe zbog sumnje da su organizovale borbeno-takti\u010dku obuku za gra\u0111ane Moldavije i Rumunije, sa ciljem podsticanja nemira u Moldaviji.<\/p>\n<p>Hap\u0161enja su usledila nakon \u0161to su vlasti u Ki\u0161injevu javno upozorile na postojanje borbenih kampova u Srbiji, navodec\u0301i da ih je organizovala ruska tajna slu\u017eba sa ciljem destabilizacije Moldavije.<\/p>\n<p>Po\u010detkom decembra 2025. godine, Moldavija je izvr\u0161ila oko 50 racija na nekoliko lokacija.<\/p>\n","protected":false},"excerpt":{"rendered":"<p>Pri\u0161tina, 7. februar 2026. 09:32 Sud u Ki\u0161injevu osudio je tri osobe zbog u\u010de\u0161c\u0301a u organizovanoj kriminalnoj grupi koja je 2024. godine pripremala masovne nasilne<\/p>\n","protected":false},"author":7,"featured_media":31041,"comment_status":"open","ping_status":"open","sticky":false,"template":"","format":"standard","meta":{"footnotes":""},"categories":[74],"tags":[],"class_list":["post-31043","post","type-post","status-publish","format-standard","has-post-thumbnail","hentry","category-svet"],"yoast_head":"<!-- This site is optimized with the Yoast SEO plugin v25.3.1 - https:\/\/yoast.com\/wordpress\/plugins\/seo\/ -->\n<title>Moldavija osudila tri osobe zbog planiranja nereda nakon obuke u Srbiji i Bosni i Hercegovini -<\/title>\n<meta name=\"robots\" content=\"index, follow, max-snippet:-1, max-image-preview:large, max-video-preview:-1\" \/>\n<link rel=\"canonical\" href=\"https:\/\/veritasinfo.org\/?p=31043&lang=sr\" \/>\n<meta property=\"og:locale\" content=\"en_US\" \/>\n<meta property=\"og:type\" content=\"article\" \/>\n<meta property=\"og:title\" content=\"Moldavija osudila tri osobe zbog planiranja nereda nakon obuke u Srbiji i Bosni i Hercegovini -\" \/>\n<meta property=\"og:description\" content=\"Pri\u0161tina, 7. februar 2026. 09:32 Sud u Ki\u0161injevu osudio je tri osobe zbog u\u010de\u0161c\u0301a u organizovanoj kriminalnoj grupi koja je 2024. godine pripremala masovne nasilne\" \/>\n<meta property=\"og:url\" content=\"https:\/\/veritasinfo.org\/?p=31043&amp;lang=sr\" \/>\n<meta property=\"article:published_time\" content=\"2026-02-07T08:43:18+00:00\" \/>\n<meta property=\"og:image\" content=\"https:\/\/veritasinfo.org\/wp-content\/uploads\/2026\/02\/Gjykate-ne-Kishinjev-te-Moldavise-foto-REL.png\" \/>\n\t<meta property=\"og:image:width\" content=\"1126\" \/>\n\t<meta property=\"og:image:height\" content=\"632\" \/>\n\t<meta property=\"og:image:type\" content=\"image\/png\" \/>\n<meta name=\"author\" content=\"US6\" \/>\n<meta name=\"twitter:card\" content=\"summary_large_image\" \/>\n<meta name=\"twitter:label1\" content=\"Written by\" \/>\n\t<meta name=\"twitter:data1\" content=\"US6\" \/>\n\t<meta name=\"twitter:label2\" content=\"Est. reading time\" \/>\n\t<meta name=\"twitter:data2\" content=\"4 minutes\" \/>\n<script type=\"application\/ld+json\" class=\"yoast-schema-graph\">{\"@context\":\"https:\/\/schema.org\",\"@graph\":[{\"@type\":\"WebPage\",\"@id\":\"https:\/\/veritasinfo.org\/?p=31043&lang=sr\",\"url\":\"https:\/\/veritasinfo.org\/?p=31043&lang=sr\",\"name\":\"Moldavija osudila tri osobe zbog planiranja nereda nakon obuke u Srbiji i Bosni i Hercegovini -\",\"isPartOf\":{\"@id\":\"https:\/\/veritasinfo.org\/#website\"},\"primaryImageOfPage\":{\"@id\":\"https:\/\/veritasinfo.org\/?p=31043&lang=sr#primaryimage\"},\"image\":{\"@id\":\"https:\/\/veritasinfo.org\/?p=31043&lang=sr#primaryimage\"},\"thumbnailUrl\":\"https:\/\/veritasinfo.org\/wp-content\/uploads\/2026\/02\/Gjykate-ne-Kishinjev-te-Moldavise-foto-REL.png\",\"datePublished\":\"2026-02-07T08:43:18+00:00\",\"author\":{\"@id\":\"https:\/\/veritasinfo.org\/#\/schema\/person\/fe199eede04c3937362892b7444747cc\"},\"breadcrumb\":{\"@id\":\"https:\/\/veritasinfo.org\/?p=31043&lang=sr#breadcrumb\"},\"inLanguage\":\"en-US\",\"potentialAction\":[{\"@type\":\"ReadAction\",\"target\":[\"https:\/\/veritasinfo.org\/?p=31043&lang=sr\"]}]},{\"@type\":\"ImageObject\",\"inLanguage\":\"en-US\",\"@id\":\"https:\/\/veritasinfo.org\/?p=31043&lang=sr#primaryimage\",\"url\":\"https:\/\/veritasinfo.org\/wp-content\/uploads\/2026\/02\/Gjykate-ne-Kishinjev-te-Moldavise-foto-REL.png\",\"contentUrl\":\"https:\/\/veritasinfo.org\/wp-content\/uploads\/2026\/02\/Gjykate-ne-Kishinjev-te-Moldavise-foto-REL.png\",\"width\":1126,\"height\":632},{\"@type\":\"BreadcrumbList\",\"@id\":\"https:\/\/veritasinfo.org\/?p=31043&lang=sr#breadcrumb\",\"itemListElement\":[{\"@type\":\"ListItem\",\"position\":1,\"name\":\"Home\",\"item\":\"https:\/\/veritasinfo.org\/\"},{\"@type\":\"ListItem\",\"position\":2,\"name\":\"Moldavija osudila tri osobe zbog planiranja nereda nakon obuke u Srbiji i Bosni i Hercegovini\"}]},{\"@type\":\"WebSite\",\"@id\":\"https:\/\/veritasinfo.org\/#website\",\"url\":\"https:\/\/veritasinfo.org\/\",\"name\":\"\",\"description\":\"\",\"potentialAction\":[{\"@type\":\"SearchAction\",\"target\":{\"@type\":\"EntryPoint\",\"urlTemplate\":\"https:\/\/veritasinfo.org\/?s={search_term_string}\"},\"query-input\":{\"@type\":\"PropertyValueSpecification\",\"valueRequired\":true,\"valueName\":\"search_term_string\"}}],\"inLanguage\":\"en-US\"},{\"@type\":\"Person\",\"@id\":\"https:\/\/veritasinfo.org\/#\/schema\/person\/fe199eede04c3937362892b7444747cc\",\"name\":\"US6\",\"image\":{\"@type\":\"ImageObject\",\"inLanguage\":\"en-US\",\"@id\":\"https:\/\/veritasinfo.org\/#\/schema\/person\/image\/\",\"url\":\"https:\/\/secure.gravatar.com\/avatar\/cb16c3c31c9d23b9b8c705964598220b3014e42ff51eb540ff23cefa3ae8c15f?s=96&d=mm&r=g\",\"contentUrl\":\"https:\/\/secure.gravatar.com\/avatar\/cb16c3c31c9d23b9b8c705964598220b3014e42ff51eb540ff23cefa3ae8c15f?s=96&d=mm&r=g\",\"caption\":\"US6\"},\"url\":\"https:\/\/veritasinfo.org\/?author=7\"}]}<\/script>\n<!-- \/ Yoast SEO plugin. -->","yoast_head_json":{"title":"Moldavija osudila tri osobe zbog planiranja nereda nakon obuke u Srbiji i Bosni i Hercegovini -","robots":{"index":"index","follow":"follow","max-snippet":"max-snippet:-1","max-image-preview":"max-image-preview:large","max-video-preview":"max-video-preview:-1"},"canonical":"https:\/\/veritasinfo.org\/?p=31043&lang=sr","og_locale":"en_US","og_type":"article","og_title":"Moldavija osudila tri osobe zbog planiranja nereda nakon obuke u Srbiji i Bosni i Hercegovini -","og_description":"Pri\u0161tina, 7. februar 2026. 09:32 Sud u Ki\u0161injevu osudio je tri osobe zbog u\u010de\u0161c\u0301a u organizovanoj kriminalnoj grupi koja je 2024. godine pripremala masovne nasilne","og_url":"https:\/\/veritasinfo.org\/?p=31043&lang=sr","article_published_time":"2026-02-07T08:43:18+00:00","og_image":[{"width":1126,"height":632,"url":"https:\/\/veritasinfo.org\/wp-content\/uploads\/2026\/02\/Gjykate-ne-Kishinjev-te-Moldavise-foto-REL.png","type":"image\/png"}],"author":"US6","twitter_card":"summary_large_image","twitter_misc":{"Written by":"US6","Est. reading time":"4 minutes"},"schema":{"@context":"https:\/\/schema.org","@graph":[{"@type":"WebPage","@id":"https:\/\/veritasinfo.org\/?p=31043&lang=sr","url":"https:\/\/veritasinfo.org\/?p=31043&lang=sr","name":"Moldavija osudila tri osobe zbog planiranja nereda nakon obuke u Srbiji i Bosni i Hercegovini -","isPartOf":{"@id":"https:\/\/veritasinfo.org\/#website"},"primaryImageOfPage":{"@id":"https:\/\/veritasinfo.org\/?p=31043&lang=sr#primaryimage"},"image":{"@id":"https:\/\/veritasinfo.org\/?p=31043&lang=sr#primaryimage"},"thumbnailUrl":"https:\/\/veritasinfo.org\/wp-content\/uploads\/2026\/02\/Gjykate-ne-Kishinjev-te-Moldavise-foto-REL.png","datePublished":"2026-02-07T08:43:18+00:00","author":{"@id":"https:\/\/veritasinfo.org\/#\/schema\/person\/fe199eede04c3937362892b7444747cc"},"breadcrumb":{"@id":"https:\/\/veritasinfo.org\/?p=31043&lang=sr#breadcrumb"},"inLanguage":"en-US","potentialAction":[{"@type":"ReadAction","target":["https:\/\/veritasinfo.org\/?p=31043&lang=sr"]}]},{"@type":"ImageObject","inLanguage":"en-US","@id":"https:\/\/veritasinfo.org\/?p=31043&lang=sr#primaryimage","url":"https:\/\/veritasinfo.org\/wp-content\/uploads\/2026\/02\/Gjykate-ne-Kishinjev-te-Moldavise-foto-REL.png","contentUrl":"https:\/\/veritasinfo.org\/wp-content\/uploads\/2026\/02\/Gjykate-ne-Kishinjev-te-Moldavise-foto-REL.png","width":1126,"height":632},{"@type":"BreadcrumbList","@id":"https:\/\/veritasinfo.org\/?p=31043&lang=sr#breadcrumb","itemListElement":[{"@type":"ListItem","position":1,"name":"Home","item":"https:\/\/veritasinfo.org\/"},{"@type":"ListItem","position":2,"name":"Moldavija osudila tri osobe zbog planiranja nereda nakon obuke u Srbiji i Bosni i Hercegovini"}]},{"@type":"WebSite","@id":"https:\/\/veritasinfo.org\/#website","url":"https:\/\/veritasinfo.org\/","name":"","description":"","potentialAction":[{"@type":"SearchAction","target":{"@type":"EntryPoint","urlTemplate":"https:\/\/veritasinfo.org\/?s={search_term_string}"},"query-input":{"@type":"PropertyValueSpecification","valueRequired":true,"valueName":"search_term_string"}}],"inLanguage":"en-US"},{"@type":"Person","@id":"https:\/\/veritasinfo.org\/#\/schema\/person\/fe199eede04c3937362892b7444747cc","name":"US6","image":{"@type":"ImageObject","inLanguage":"en-US","@id":"https:\/\/veritasinfo.org\/#\/schema\/person\/image\/","url":"https:\/\/secure.gravatar.com\/avatar\/cb16c3c31c9d23b9b8c705964598220b3014e42ff51eb540ff23cefa3ae8c15f?s=96&d=mm&r=g","contentUrl":"https:\/\/secure.gravatar.com\/avatar\/cb16c3c31c9d23b9b8c705964598220b3014e42ff51eb540ff23cefa3ae8c15f?s=96&d=mm&r=g","caption":"US6"},"url":"https:\/\/veritasinfo.org\/?author=7"}]}},"featured_image_urls":{"full":["https:\/\/veritasinfo.org\/wp-content\/uploads\/2026\/02\/Gjykate-ne-Kishinjev-te-Moldavise-foto-REL.png",1126,632,false],"thumbnail":["https:\/\/veritasinfo.org\/wp-content\/uploads\/2026\/02\/Gjykate-ne-Kishinjev-te-Moldavise-foto-REL-150x150.png",150,150,true],"medium":["https:\/\/veritasinfo.org\/wp-content\/uploads\/2026\/02\/Gjykate-ne-Kishinjev-te-Moldavise-foto-REL-300x168.png",300,168,true],"medium_large":["https:\/\/veritasinfo.org\/wp-content\/uploads\/2026\/02\/Gjykate-ne-Kishinjev-te-Moldavise-foto-REL-768x431.png",640,359,true],"large":["https:\/\/veritasinfo.org\/wp-content\/uploads\/2026\/02\/Gjykate-ne-Kishinjev-te-Moldavise-foto-REL-1024x575.png",640,359,true],"1536x1536":["https:\/\/veritasinfo.org\/wp-content\/uploads\/2026\/02\/Gjykate-ne-Kishinjev-te-Moldavise-foto-REL.png",1126,632,false],"2048x2048":["https:\/\/veritasinfo.org\/wp-content\/uploads\/2026\/02\/Gjykate-ne-Kishinjev-te-Moldavise-foto-REL.png",1126,632,false],"kreeti-slider-full":["https:\/\/veritasinfo.org\/wp-content\/uploads\/2026\/02\/Gjykate-ne-Kishinjev-te-Moldavise-foto-REL.png",1126,632,false],"kreeti-featured":["https:\/\/veritasinfo.org\/wp-content\/uploads\/2026\/02\/Gjykate-ne-Kishinjev-te-Moldavise-foto-REL.png",1024,575,false],"kreeti-medium":["https:\/\/veritasinfo.org\/wp-content\/uploads\/2026\/02\/Gjykate-ne-Kishinjev-te-Moldavise-foto-REL.png",720,404,false],"kreeti-medium-square":["https:\/\/veritasinfo.org\/wp-content\/uploads\/2026\/02\/Gjykate-ne-Kishinjev-te-Moldavise-foto-REL.png",350,196,false]},"author_info":{"info":["US6"]},"category_info":"<a href=\"https:\/\/veritasinfo.org\/?cat=74&#038;lang=sr\" rel=\"category\">Svet<\/a>","tag_info":"Svet","comment_count":"0","_links":{"self":[{"href":"https:\/\/veritasinfo.org\/index.php?rest_route=\/wp\/v2\/posts\/31043","targetHints":{"allow":["GET"]}}],"collection":[{"href":"https:\/\/veritasinfo.org\/index.php?rest_route=\/wp\/v2\/posts"}],"about":[{"href":"https:\/\/veritasinfo.org\/index.php?rest_route=\/wp\/v2\/types\/post"}],"author":[{"embeddable":true,"href":"https:\/\/veritasinfo.org\/index.php?rest_route=\/wp\/v2\/users\/7"}],"replies":[{"embeddable":true,"href":"https:\/\/veritasinfo.org\/index.php?rest_route=%2Fwp%2Fv2%2Fcomments&post=31043"}],"version-history":[{"count":1,"href":"https:\/\/veritasinfo.org\/index.php?rest_route=\/wp\/v2\/posts\/31043\/revisions"}],"predecessor-version":[{"id":31044,"href":"https:\/\/veritasinfo.org\/index.php?rest_route=\/wp\/v2\/posts\/31043\/revisions\/31044"}],"wp:featuredmedia":[{"embeddable":true,"href":"https:\/\/veritasinfo.org\/index.php?rest_route=\/wp\/v2\/media\/31041"}],"wp:attachment":[{"href":"https:\/\/veritasinfo.org\/index.php?rest_route=%2Fwp%2Fv2%2Fmedia&parent=31043"}],"wp:term":[{"taxonomy":"category","embeddable":true,"href":"https:\/\/veritasinfo.org\/index.php?rest_route=%2Fwp%2Fv2%2Fcategories&post=31043"},{"taxonomy":"post_tag","embeddable":true,"href":"https:\/\/veritasinfo.org\/index.php?rest_route=%2Fwp%2Fv2%2Ftags&post=31043"}],"curies":[{"name":"wp","href":"https:\/\/api.w.org\/{rel}","templated":true}]}}