{"id":31021,"date":"2026-02-07T09:13:25","date_gmt":"2026-02-07T08:13:25","guid":{"rendered":"https:\/\/veritasinfo.org\/?p=31021"},"modified":"2026-02-07T09:13:25","modified_gmt":"2026-02-07T08:13:25","slug":"lojerat-olimpike-dimerore-kosova-garon-ne-kater-disiplina-te-skijimit-nis-me-kiana-kryeziun-ne-super-sllallom","status":"publish","type":"post","link":"https:\/\/veritasinfo.org\/?p=31021","title":{"rendered":"Loj\u00ebrat Olimpike Dim\u00ebrore, Kosova garon n\u00eb kat\u00ebr disiplina t\u00eb skijimit, nis me Kiana Kryeziun n\u00eb super sllallom"},"content":{"rendered":"<p>Prishtin\u00eb 07 Shtator 2026 09:12<\/p>\n<p>Komiteti Olimpik i Kosov\u00ebs, ka reaguar pas hapjes tyre t\u00eb Loj\u00ebrave Olimpike Dim\u00ebrore Milano Cortina 2026, hapje t\u00eb cil\u00ebn e ky komitet e ka cil\u00ebsuar \u2018\u2019spektakolare\u2019\u2019. N\u00eb postimin e KOK theksohet se skitar\u00ebt Kiana Kryeziu dhe Drin Kokaj kan\u00eb bartur flamurin e Kosov\u00ebs.<\/p>\n<p>N\u00eb postim theksohet edhe se p\u00ebr her\u00eb t\u00eb par\u00eb ceremonia u mbajt n\u00eb kat\u00ebr vende t\u00eb ndryshme. Kryesorja ishte n\u00eb stadiumin San Siro t\u00eb Italis\u00eb, nd\u00ebrsa vendet tjera ishin Cortina D\u2019Ampezzo, Livigno dhe Predazzo.<\/p>\n<p>\u2018\u2019 Kosova garon n\u00eb kat\u00ebr disiplina t\u00eb skijimit alpin dhe gara e par\u00eb \u00ebsht\u00eb e Kian\u00ebs, q\u00eb zhvillohet m\u00eb 12 shkurt n\u00eb super sllallom t\u00eb madh\u2019\u2019, thuhet mes tjerash n\u00eb reagim, p\u00ebrcjell Gazeta Express.<\/p>\n<p>Postimi:<\/p>\n<p>U hap\u00ebn LOD MilanoCortina2026, Kiana Kryeziu dhe Drin Kokaj bart\u00ebn flamurin ton\u00eb\ud83c\uddfd\ud83c\uddf0<\/p>\n<p>P\u00ebrmes nj\u00eb ceremonie spektakolare, jan\u00eb hapur edhe zyrtarisht Loj\u00ebrat e 24-ta Olimpike Dim\u00ebrore Milano Cortina 2026, t\u00eb cilat prej sot e deri m\u00eb 22 shkurt do t\u00eb zhvillohen n\u00eb 16 sporte t\u00eb ndryshme.<\/p>\n<p>P\u00ebr her\u00eb t\u00eb par\u00eb ceremonia u mbajt n\u00eb kat\u00ebr vende t\u00eb ndryshme. Kryesorja ishte n\u00eb stadiumin San Siro t\u00eb Italis\u00eb, nd\u00ebrsa vendet tjera ishin Cortina D\u2019Ampezzo, Livigno dhe Predazzo.<\/p>\n<p>Mes 92 shteteve, parakalimin e ka b\u00ebr\u00eb edhe ekipi olimpik i Kosov\u00ebs, me flamurmbajt\u00ebsit Kiana Kryeziu e Drin Kokaj, t\u00eb dy skitar\u00eb t\u00eb skijimit alpin.<\/p>\n<p>Kryeziu bashk\u00eb me shefin e misionit, Jeton Rudari dhe trajnerin Visar Kryeziu parakaluan n\u00eb Cortina D\u2019Ampezzo, nd\u00ebrsa pjesa tjet\u00ebr e ekipit ton\u00eb me flamurmbajt\u00ebsin Drin Kokaj p\u00ebrb\u00ebhej edhe nga p\u00ebrzgjedh\u00ebsi Agim Pupovci dhe trajneri Ismajl Kokaj.<\/p>\n<p>N\u00eb San Siro ishin t\u00eb pranish\u00ebm drejtuesit e KOK-ut, presidenti Ismet Krasniqi, sekretari i p\u00ebrgjithsh\u00ebm, Besim Aliti dhe n\u00ebnpresidenti Milaim Kelmendi, nj\u00ebherit kryetar i FSK-s\u00eb, si dhe u.d. i Agjencis\u00eb p\u00ebr Sport n\u00eb MKRS, Fida Shatri.<\/p>\n<p>T\u00eb pranishme iu drejtua edhe presidentja e IOC, Kirsty Coventry, e cila p\u00ebr her\u00eb t\u00eb par\u00eb p\u00ebrjetoi Loj\u00ebrat nga kjo pozit\u00eb. \u201cMir\u00eb se vini tek Loj\u00ebrat Olimpike Dim\u00ebrore. \u00cbsht\u00eb ky momenti juaj\u201d, iu drejtua ajo t\u00eb pranishm\u00ebve.<\/p>\n<p>Kosova garon n\u00eb kat\u00ebr disiplina t\u00eb skijimit alpin dhe gara e par\u00eb \u00ebsht\u00eb e [, q\u00eb zhvillohet m\u00eb 12 shkurt n\u00eb super sllallom t\u00eb madh.<\/p>\n","protected":false},"excerpt":{"rendered":"<p>Prishtin\u00eb 07 Shtator 2026 09:12 Komiteti Olimpik i Kosov\u00ebs, ka reaguar pas hapjes tyre t\u00eb Loj\u00ebrave Olimpike Dim\u00ebrore Milano Cortina 2026, hapje t\u00eb cil\u00ebn e<\/p>\n","protected":false},"author":6,"featured_media":31022,"comment_status":"open","ping_status":"open","sticky":false,"template":"","format":"standard","meta":{"footnotes":""},"categories":[5],"tags":[],"class_list":["post-31021","post","type-post","status-publish","format-standard","has-post-thumbnail","hentry","category-sport-sq"],"yoast_head":"<!-- This site is optimized with the Yoast SEO plugin v25.3.1 - https:\/\/yoast.com\/wordpress\/plugins\/seo\/ -->\n<title>Loj\u00ebrat Olimpike Dim\u00ebrore, Kosova garon n\u00eb kat\u00ebr disiplina t\u00eb skijimit, nis me Kiana Kryeziun n\u00eb super sllallom -<\/title>\n<meta name=\"robots\" content=\"index, follow, max-snippet:-1, max-image-preview:large, max-video-preview:-1\" \/>\n<link rel=\"canonical\" href=\"https:\/\/veritasinfo.org\/?p=31021\" \/>\n<meta property=\"og:locale\" content=\"en_US\" \/>\n<meta property=\"og:type\" content=\"article\" \/>\n<meta property=\"og:title\" content=\"Loj\u00ebrat Olimpike Dim\u00ebrore, Kosova garon n\u00eb kat\u00ebr disiplina t\u00eb skijimit, nis me Kiana Kryeziun n\u00eb super sllallom -\" \/>\n<meta property=\"og:description\" content=\"Prishtin\u00eb 07 Shtator 2026 09:12 Komiteti Olimpik i Kosov\u00ebs, ka reaguar pas hapjes tyre t\u00eb Loj\u00ebrave Olimpike Dim\u00ebrore Milano Cortina 2026, hapje t\u00eb cil\u00ebn e\" \/>\n<meta property=\"og:url\" content=\"https:\/\/veritasinfo.org\/?p=31021\" \/>\n<meta property=\"article:published_time\" content=\"2026-02-07T08:13:25+00:00\" \/>\n<meta property=\"og:image\" content=\"https:\/\/veritasinfo.org\/wp-content\/uploads\/2026\/02\/627906075_1909373393071495_5646727164053324404_n-600x360-1.jpg\" \/>\n\t<meta property=\"og:image:width\" content=\"600\" \/>\n\t<meta property=\"og:image:height\" content=\"360\" \/>\n\t<meta property=\"og:image:type\" content=\"image\/jpeg\" \/>\n<meta name=\"author\" content=\"US5\" \/>\n<meta name=\"twitter:card\" content=\"summary_large_image\" \/>\n<meta name=\"twitter:label1\" content=\"Written by\" \/>\n\t<meta name=\"twitter:data1\" content=\"US5\" \/>\n<script type=\"application\/ld+json\" class=\"yoast-schema-graph\">{\"@context\":\"https:\/\/schema.org\",\"@graph\":[{\"@type\":\"WebPage\",\"@id\":\"https:\/\/veritasinfo.org\/?p=31021\",\"url\":\"https:\/\/veritasinfo.org\/?p=31021\",\"name\":\"Loj\u00ebrat Olimpike Dim\u00ebrore, Kosova garon n\u00eb kat\u00ebr disiplina t\u00eb skijimit, nis me Kiana Kryeziun n\u00eb super sllallom -\",\"isPartOf\":{\"@id\":\"https:\/\/veritasinfo.org\/#website\"},\"primaryImageOfPage\":{\"@id\":\"https:\/\/veritasinfo.org\/?p=31021#primaryimage\"},\"image\":{\"@id\":\"https:\/\/veritasinfo.org\/?p=31021#primaryimage\"},\"thumbnailUrl\":\"https:\/\/veritasinfo.org\/wp-content\/uploads\/2026\/02\/627906075_1909373393071495_5646727164053324404_n-600x360-1.jpg\",\"datePublished\":\"2026-02-07T08:13:25+00:00\",\"author\":{\"@id\":\"https:\/\/veritasinfo.org\/#\/schema\/person\/bc442336e35414d04494ab8fb45db4c6\"},\"breadcrumb\":{\"@id\":\"https:\/\/veritasinfo.org\/?p=31021#breadcrumb\"},\"inLanguage\":\"en-US\",\"potentialAction\":[{\"@type\":\"ReadAction\",\"target\":[\"https:\/\/veritasinfo.org\/?p=31021\"]}]},{\"@type\":\"ImageObject\",\"inLanguage\":\"en-US\",\"@id\":\"https:\/\/veritasinfo.org\/?p=31021#primaryimage\",\"url\":\"https:\/\/veritasinfo.org\/wp-content\/uploads\/2026\/02\/627906075_1909373393071495_5646727164053324404_n-600x360-1.jpg\",\"contentUrl\":\"https:\/\/veritasinfo.org\/wp-content\/uploads\/2026\/02\/627906075_1909373393071495_5646727164053324404_n-600x360-1.jpg\",\"width\":600,\"height\":360,\"caption\":\"CORTINA D'AMPEZZO, ITALY - FEBRUARY 06: Flagbearer Kiana Kryeziu of Team Kosovo enters with the team into the stadium during the opening ceremony of the Milano Cortina 2026 Winter Olympics at Piazza Dibona on February 06, 2026 in Cortina d'Ampezzo, Italy. (Photo by Mattia Ozbot\/Getty Images)\"},{\"@type\":\"BreadcrumbList\",\"@id\":\"https:\/\/veritasinfo.org\/?p=31021#breadcrumb\",\"itemListElement\":[{\"@type\":\"ListItem\",\"position\":1,\"name\":\"Home\",\"item\":\"https:\/\/veritasinfo.org\/\"},{\"@type\":\"ListItem\",\"position\":2,\"name\":\"Loj\u00ebrat Olimpike Dim\u00ebrore, Kosova garon n\u00eb kat\u00ebr disiplina t\u00eb skijimit, nis me Kiana Kryeziun n\u00eb super sllallom\"}]},{\"@type\":\"WebSite\",\"@id\":\"https:\/\/veritasinfo.org\/#website\",\"url\":\"https:\/\/veritasinfo.org\/\",\"name\":\"\",\"description\":\"\",\"potentialAction\":[{\"@type\":\"SearchAction\",\"target\":{\"@type\":\"EntryPoint\",\"urlTemplate\":\"https:\/\/veritasinfo.org\/?s={search_term_string}\"},\"query-input\":{\"@type\":\"PropertyValueSpecification\",\"valueRequired\":true,\"valueName\":\"search_term_string\"}}],\"inLanguage\":\"en-US\"},{\"@type\":\"Person\",\"@id\":\"https:\/\/veritasinfo.org\/#\/schema\/person\/bc442336e35414d04494ab8fb45db4c6\",\"name\":\"US5\",\"image\":{\"@type\":\"ImageObject\",\"inLanguage\":\"en-US\",\"@id\":\"https:\/\/veritasinfo.org\/#\/schema\/person\/image\/\",\"url\":\"https:\/\/secure.gravatar.com\/avatar\/16a61e7272a0c5d001121ebb9e60e925d5816e4ac1e443ed3e640d9a6ae55d0c?s=96&d=mm&r=g\",\"contentUrl\":\"https:\/\/secure.gravatar.com\/avatar\/16a61e7272a0c5d001121ebb9e60e925d5816e4ac1e443ed3e640d9a6ae55d0c?s=96&d=mm&r=g\",\"caption\":\"US5\"},\"url\":\"https:\/\/veritasinfo.org\/?author=6\"}]}<\/script>\n<!-- \/ Yoast SEO plugin. -->","yoast_head_json":{"title":"Loj\u00ebrat Olimpike Dim\u00ebrore, Kosova garon n\u00eb kat\u00ebr disiplina t\u00eb skijimit, nis me Kiana Kryeziun n\u00eb super sllallom -","robots":{"index":"index","follow":"follow","max-snippet":"max-snippet:-1","max-image-preview":"max-image-preview:large","max-video-preview":"max-video-preview:-1"},"canonical":"https:\/\/veritasinfo.org\/?p=31021","og_locale":"en_US","og_type":"article","og_title":"Loj\u00ebrat Olimpike Dim\u00ebrore, Kosova garon n\u00eb kat\u00ebr disiplina t\u00eb skijimit, nis me Kiana Kryeziun n\u00eb super sllallom -","og_description":"Prishtin\u00eb 07 Shtator 2026 09:12 Komiteti Olimpik i Kosov\u00ebs, ka reaguar pas hapjes tyre t\u00eb Loj\u00ebrave Olimpike Dim\u00ebrore Milano Cortina 2026, hapje t\u00eb cil\u00ebn e","og_url":"https:\/\/veritasinfo.org\/?p=31021","article_published_time":"2026-02-07T08:13:25+00:00","og_image":[{"width":600,"height":360,"url":"https:\/\/veritasinfo.org\/wp-content\/uploads\/2026\/02\/627906075_1909373393071495_5646727164053324404_n-600x360-1.jpg","type":"image\/jpeg"}],"author":"US5","twitter_card":"summary_large_image","twitter_misc":{"Written by":"US5"},"schema":{"@context":"https:\/\/schema.org","@graph":[{"@type":"WebPage","@id":"https:\/\/veritasinfo.org\/?p=31021","url":"https:\/\/veritasinfo.org\/?p=31021","name":"Loj\u00ebrat Olimpike Dim\u00ebrore, Kosova garon n\u00eb kat\u00ebr disiplina t\u00eb skijimit, nis me Kiana Kryeziun n\u00eb super sllallom -","isPartOf":{"@id":"https:\/\/veritasinfo.org\/#website"},"primaryImageOfPage":{"@id":"https:\/\/veritasinfo.org\/?p=31021#primaryimage"},"image":{"@id":"https:\/\/veritasinfo.org\/?p=31021#primaryimage"},"thumbnailUrl":"https:\/\/veritasinfo.org\/wp-content\/uploads\/2026\/02\/627906075_1909373393071495_5646727164053324404_n-600x360-1.jpg","datePublished":"2026-02-07T08:13:25+00:00","author":{"@id":"https:\/\/veritasinfo.org\/#\/schema\/person\/bc442336e35414d04494ab8fb45db4c6"},"breadcrumb":{"@id":"https:\/\/veritasinfo.org\/?p=31021#breadcrumb"},"inLanguage":"en-US","potentialAction":[{"@type":"ReadAction","target":["https:\/\/veritasinfo.org\/?p=31021"]}]},{"@type":"ImageObject","inLanguage":"en-US","@id":"https:\/\/veritasinfo.org\/?p=31021#primaryimage","url":"https:\/\/veritasinfo.org\/wp-content\/uploads\/2026\/02\/627906075_1909373393071495_5646727164053324404_n-600x360-1.jpg","contentUrl":"https:\/\/veritasinfo.org\/wp-content\/uploads\/2026\/02\/627906075_1909373393071495_5646727164053324404_n-600x360-1.jpg","width":600,"height":360,"caption":"CORTINA D'AMPEZZO, ITALY - FEBRUARY 06: Flagbearer Kiana Kryeziu of Team Kosovo enters with the team into the stadium during the opening ceremony of the Milano Cortina 2026 Winter Olympics at Piazza Dibona on February 06, 2026 in Cortina d'Ampezzo, Italy. (Photo by Mattia Ozbot\/Getty Images)"},{"@type":"BreadcrumbList","@id":"https:\/\/veritasinfo.org\/?p=31021#breadcrumb","itemListElement":[{"@type":"ListItem","position":1,"name":"Home","item":"https:\/\/veritasinfo.org\/"},{"@type":"ListItem","position":2,"name":"Loj\u00ebrat Olimpike Dim\u00ebrore, Kosova garon n\u00eb kat\u00ebr disiplina t\u00eb skijimit, nis me Kiana Kryeziun n\u00eb super sllallom"}]},{"@type":"WebSite","@id":"https:\/\/veritasinfo.org\/#website","url":"https:\/\/veritasinfo.org\/","name":"","description":"","potentialAction":[{"@type":"SearchAction","target":{"@type":"EntryPoint","urlTemplate":"https:\/\/veritasinfo.org\/?s={search_term_string}"},"query-input":{"@type":"PropertyValueSpecification","valueRequired":true,"valueName":"search_term_string"}}],"inLanguage":"en-US"},{"@type":"Person","@id":"https:\/\/veritasinfo.org\/#\/schema\/person\/bc442336e35414d04494ab8fb45db4c6","name":"US5","image":{"@type":"ImageObject","inLanguage":"en-US","@id":"https:\/\/veritasinfo.org\/#\/schema\/person\/image\/","url":"https:\/\/secure.gravatar.com\/avatar\/16a61e7272a0c5d001121ebb9e60e925d5816e4ac1e443ed3e640d9a6ae55d0c?s=96&d=mm&r=g","contentUrl":"https:\/\/secure.gravatar.com\/avatar\/16a61e7272a0c5d001121ebb9e60e925d5816e4ac1e443ed3e640d9a6ae55d0c?s=96&d=mm&r=g","caption":"US5"},"url":"https:\/\/veritasinfo.org\/?author=6"}]}},"featured_image_urls":{"full":["https:\/\/veritasinfo.org\/wp-content\/uploads\/2026\/02\/627906075_1909373393071495_5646727164053324404_n-600x360-1.jpg",600,360,false],"thumbnail":["https:\/\/veritasinfo.org\/wp-content\/uploads\/2026\/02\/627906075_1909373393071495_5646727164053324404_n-600x360-1-150x150.jpg",150,150,true],"medium":["https:\/\/veritasinfo.org\/wp-content\/uploads\/2026\/02\/627906075_1909373393071495_5646727164053324404_n-600x360-1-300x180.jpg",300,180,true],"medium_large":["https:\/\/veritasinfo.org\/wp-content\/uploads\/2026\/02\/627906075_1909373393071495_5646727164053324404_n-600x360-1.jpg",600,360,false],"large":["https:\/\/veritasinfo.org\/wp-content\/uploads\/2026\/02\/627906075_1909373393071495_5646727164053324404_n-600x360-1.jpg",600,360,false],"1536x1536":["https:\/\/veritasinfo.org\/wp-content\/uploads\/2026\/02\/627906075_1909373393071495_5646727164053324404_n-600x360-1.jpg",600,360,false],"2048x2048":["https:\/\/veritasinfo.org\/wp-content\/uploads\/2026\/02\/627906075_1909373393071495_5646727164053324404_n-600x360-1.jpg",600,360,false],"kreeti-slider-full":["https:\/\/veritasinfo.org\/wp-content\/uploads\/2026\/02\/627906075_1909373393071495_5646727164053324404_n-600x360-1.jpg",600,360,false],"kreeti-featured":["https:\/\/veritasinfo.org\/wp-content\/uploads\/2026\/02\/627906075_1909373393071495_5646727164053324404_n-600x360-1.jpg",600,360,false],"kreeti-medium":["https:\/\/veritasinfo.org\/wp-content\/uploads\/2026\/02\/627906075_1909373393071495_5646727164053324404_n-600x360-1.jpg",600,360,false],"kreeti-medium-square":["https:\/\/veritasinfo.org\/wp-content\/uploads\/2026\/02\/627906075_1909373393071495_5646727164053324404_n-600x360-1.jpg",350,210,false]},"author_info":{"info":["US5"]},"category_info":"<a href=\"https:\/\/veritasinfo.org\/?cat=5\" rel=\"category\">Sport<\/a>","tag_info":"Sport","comment_count":"0","_links":{"self":[{"href":"https:\/\/veritasinfo.org\/index.php?rest_route=\/wp\/v2\/posts\/31021","targetHints":{"allow":["GET"]}}],"collection":[{"href":"https:\/\/veritasinfo.org\/index.php?rest_route=\/wp\/v2\/posts"}],"about":[{"href":"https:\/\/veritasinfo.org\/index.php?rest_route=\/wp\/v2\/types\/post"}],"author":[{"embeddable":true,"href":"https:\/\/veritasinfo.org\/index.php?rest_route=\/wp\/v2\/users\/6"}],"replies":[{"embeddable":true,"href":"https:\/\/veritasinfo.org\/index.php?rest_route=%2Fwp%2Fv2%2Fcomments&post=31021"}],"version-history":[{"count":1,"href":"https:\/\/veritasinfo.org\/index.php?rest_route=\/wp\/v2\/posts\/31021\/revisions"}],"predecessor-version":[{"id":31023,"href":"https:\/\/veritasinfo.org\/index.php?rest_route=\/wp\/v2\/posts\/31021\/revisions\/31023"}],"wp:featuredmedia":[{"embeddable":true,"href":"https:\/\/veritasinfo.org\/index.php?rest_route=\/wp\/v2\/media\/31022"}],"wp:attachment":[{"href":"https:\/\/veritasinfo.org\/index.php?rest_route=%2Fwp%2Fv2%2Fmedia&parent=31021"}],"wp:term":[{"taxonomy":"category","embeddable":true,"href":"https:\/\/veritasinfo.org\/index.php?rest_route=%2Fwp%2Fv2%2Fcategories&post=31021"},{"taxonomy":"post_tag","embeddable":true,"href":"https:\/\/veritasinfo.org\/index.php?rest_route=%2Fwp%2Fv2%2Ftags&post=31021"}],"curies":[{"name":"wp","href":"https:\/\/api.w.org\/{rel}","templated":true}]}}