{"id":30988,"date":"2026-02-06T20:11:05","date_gmt":"2026-02-06T19:11:05","guid":{"rendered":"https:\/\/veritasinfo.org\/?p=30988"},"modified":"2026-02-06T20:11:05","modified_gmt":"2026-02-06T19:11:05","slug":"kerkohet-ekspertize-e-pavarur-kandiq-e-domosdoshme-marrja-ne-pyetje-e-vuciqit","status":"publish","type":"post","link":"https:\/\/veritasinfo.org\/?p=30988","title":{"rendered":"K\u00ebrkohet ekspertiz\u00eb e pavarur, Kandiq: E domosdoshme marrja n\u00eb pyetje e Vu\u00e7iqit"},"content":{"rendered":"<p>Prishtin\u00eb, 6 shkurt 2026 20:10<\/p>\n<p>Themeluesja e Fondit p\u00ebr t\u00eb Drejt\u00ebn Humanitare n\u00eb Serbi, Natasha Kandiq, ka th\u00ebn\u00eb se hetimi p\u00ebr \u201cSarajevo Safari\u201d k\u00ebrkon urgjentisht nj\u00eb ekspertiz\u00eb t\u00eb pavarur dhe se presidenti serb Aleksand\u00ebr Vu\u00e7iq duhet t\u00eb merret n\u00eb pyetje meq\u00eb shihet ne pamje q\u00eb jan\u00eb publikuar m\u00eb par\u00eb.<\/p>\n<p>N\u00eb rrjetin social \u201cX\u201d, Kandiq ka shkruar po ashtu se p\u00ebrve\u00e7 Aleksandar Vu\u00e7iqit, \u00ebsht\u00eb e domosdoshme t\u00eb merret n\u00eb pyetje edhe Vojislav Sheshelit, lidhur me deklaratat e Vu\u00e7iqit se ai kishte qen\u00eb p\u00ebrgjegj\u00ebs p\u00ebr p\u00ebrkthimin p\u00ebr t\u00eb huajt.<\/p>\n<p>K\u00ebto k\u00ebrkesa lidhen me dyshimet p\u00ebr manipulim t\u00eb provave dhe rrethanave q\u00eb shoq\u00ebrojn\u00eb ngjarjet e dokumentuara n\u00eb Sarajev\u00eb, p\u00ebrfshir\u00eb edhe rolin e aktor\u00ebve politik\u00eb dhe paramilitar\u00eb gjat\u00eb periudh\u00ebs s\u00eb luft\u00ebs.<\/p>\n<p>Ndryshe, hetimi italian p\u00ebr &#8220;Sarajevo Safari&#8221; do t\u00eb nis\u00eb me marrjen n\u00eb pyetje t\u00eb t\u00eb dyshuarit italian m\u00eb 9 shkurt 2026.<\/p>\n<p>&#8220;Gjith\u00e7ka tregon se si Shesheli ashtu edhe Aleksandar Vu\u00e7iq mund t\u00eb marrin nj\u00eb thirrje nga prokurori italian. Gjith\u00e7ka tregon gjithashtu se bashk\u00ebpunimi i prokurorive t\u00eb BeH dhe Serbis\u00eb me prokurorin italian i cili e ka filluar procedur\u00ebn \u00ebsht\u00eb i nevojsh\u00ebm\u201d, ka shkruar Kandiq.<\/p>\n","protected":false},"excerpt":{"rendered":"<p>Prishtin\u00eb, 6 shkurt 2026 20:10 Themeluesja e Fondit p\u00ebr t\u00eb Drejt\u00ebn Humanitare n\u00eb Serbi, Natasha Kandiq, ka th\u00ebn\u00eb se hetimi p\u00ebr \u201cSarajevo Safari\u201d k\u00ebrkon urgjentisht<\/p>\n","protected":false},"author":7,"featured_media":30989,"comment_status":"open","ping_status":"open","sticky":false,"template":"","format":"standard","meta":{"footnotes":""},"categories":[58],"tags":[],"class_list":["post-30988","post","type-post","status-publish","format-standard","has-post-thumbnail","hentry","category-politike-sq"],"yoast_head":"<!-- This site is optimized with the Yoast SEO plugin v25.3.1 - https:\/\/yoast.com\/wordpress\/plugins\/seo\/ -->\n<title>K\u00ebrkohet ekspertiz\u00eb e pavarur, Kandiq: E domosdoshme marrja n\u00eb pyetje e Vu\u00e7iqit -<\/title>\n<meta name=\"robots\" content=\"index, follow, max-snippet:-1, max-image-preview:large, max-video-preview:-1\" \/>\n<link rel=\"canonical\" href=\"https:\/\/veritasinfo.org\/?p=30988\" \/>\n<meta property=\"og:locale\" content=\"en_US\" \/>\n<meta property=\"og:type\" content=\"article\" \/>\n<meta property=\"og:title\" content=\"K\u00ebrkohet ekspertiz\u00eb e pavarur, Kandiq: E domosdoshme marrja n\u00eb pyetje e Vu\u00e7iqit -\" \/>\n<meta property=\"og:description\" content=\"Prishtin\u00eb, 6 shkurt 2026 20:10 Themeluesja e Fondit p\u00ebr t\u00eb Drejt\u00ebn Humanitare n\u00eb Serbi, Natasha Kandiq, ka th\u00ebn\u00eb se hetimi p\u00ebr \u201cSarajevo Safari\u201d k\u00ebrkon urgjentisht\" \/>\n<meta property=\"og:url\" content=\"https:\/\/veritasinfo.org\/?p=30988\" \/>\n<meta property=\"article:published_time\" content=\"2026-02-06T19:11:05+00:00\" \/>\n<meta property=\"og:image\" content=\"https:\/\/veritasinfo.org\/wp-content\/uploads\/2026\/02\/701626_Natasha-Kandiq.webp\" \/>\n\t<meta property=\"og:image:width\" content=\"740\" \/>\n\t<meta property=\"og:image:height\" content=\"416\" \/>\n\t<meta property=\"og:image:type\" content=\"image\/webp\" \/>\n<meta name=\"author\" content=\"US6\" \/>\n<meta name=\"twitter:card\" content=\"summary_large_image\" \/>\n<meta name=\"twitter:label1\" content=\"Written by\" \/>\n\t<meta name=\"twitter:data1\" content=\"US6\" \/>\n\t<meta name=\"twitter:label2\" content=\"Est. reading time\" \/>\n\t<meta name=\"twitter:data2\" content=\"1 minute\" \/>\n<script type=\"application\/ld+json\" class=\"yoast-schema-graph\">{\"@context\":\"https:\/\/schema.org\",\"@graph\":[{\"@type\":\"WebPage\",\"@id\":\"https:\/\/veritasinfo.org\/?p=30988\",\"url\":\"https:\/\/veritasinfo.org\/?p=30988\",\"name\":\"K\u00ebrkohet ekspertiz\u00eb e pavarur, Kandiq: E domosdoshme marrja n\u00eb pyetje e Vu\u00e7iqit -\",\"isPartOf\":{\"@id\":\"https:\/\/veritasinfo.org\/#website\"},\"primaryImageOfPage\":{\"@id\":\"https:\/\/veritasinfo.org\/?p=30988#primaryimage\"},\"image\":{\"@id\":\"https:\/\/veritasinfo.org\/?p=30988#primaryimage\"},\"thumbnailUrl\":\"https:\/\/veritasinfo.org\/wp-content\/uploads\/2026\/02\/701626_Natasha-Kandiq.webp\",\"datePublished\":\"2026-02-06T19:11:05+00:00\",\"author\":{\"@id\":\"https:\/\/veritasinfo.org\/#\/schema\/person\/fe199eede04c3937362892b7444747cc\"},\"breadcrumb\":{\"@id\":\"https:\/\/veritasinfo.org\/?p=30988#breadcrumb\"},\"inLanguage\":\"en-US\",\"potentialAction\":[{\"@type\":\"ReadAction\",\"target\":[\"https:\/\/veritasinfo.org\/?p=30988\"]}]},{\"@type\":\"ImageObject\",\"inLanguage\":\"en-US\",\"@id\":\"https:\/\/veritasinfo.org\/?p=30988#primaryimage\",\"url\":\"https:\/\/veritasinfo.org\/wp-content\/uploads\/2026\/02\/701626_Natasha-Kandiq.webp\",\"contentUrl\":\"https:\/\/veritasinfo.org\/wp-content\/uploads\/2026\/02\/701626_Natasha-Kandiq.webp\",\"width\":740,\"height\":416},{\"@type\":\"BreadcrumbList\",\"@id\":\"https:\/\/veritasinfo.org\/?p=30988#breadcrumb\",\"itemListElement\":[{\"@type\":\"ListItem\",\"position\":1,\"name\":\"Home\",\"item\":\"https:\/\/veritasinfo.org\/\"},{\"@type\":\"ListItem\",\"position\":2,\"name\":\"K\u00ebrkohet ekspertiz\u00eb e pavarur, Kandiq: E domosdoshme marrja n\u00eb pyetje e Vu\u00e7iqit\"}]},{\"@type\":\"WebSite\",\"@id\":\"https:\/\/veritasinfo.org\/#website\",\"url\":\"https:\/\/veritasinfo.org\/\",\"name\":\"\",\"description\":\"\",\"potentialAction\":[{\"@type\":\"SearchAction\",\"target\":{\"@type\":\"EntryPoint\",\"urlTemplate\":\"https:\/\/veritasinfo.org\/?s={search_term_string}\"},\"query-input\":{\"@type\":\"PropertyValueSpecification\",\"valueRequired\":true,\"valueName\":\"search_term_string\"}}],\"inLanguage\":\"en-US\"},{\"@type\":\"Person\",\"@id\":\"https:\/\/veritasinfo.org\/#\/schema\/person\/fe199eede04c3937362892b7444747cc\",\"name\":\"US6\",\"image\":{\"@type\":\"ImageObject\",\"inLanguage\":\"en-US\",\"@id\":\"https:\/\/veritasinfo.org\/#\/schema\/person\/image\/\",\"url\":\"https:\/\/secure.gravatar.com\/avatar\/cb16c3c31c9d23b9b8c705964598220b3014e42ff51eb540ff23cefa3ae8c15f?s=96&d=mm&r=g\",\"contentUrl\":\"https:\/\/secure.gravatar.com\/avatar\/cb16c3c31c9d23b9b8c705964598220b3014e42ff51eb540ff23cefa3ae8c15f?s=96&d=mm&r=g\",\"caption\":\"US6\"},\"url\":\"https:\/\/veritasinfo.org\/?author=7\"}]}<\/script>\n<!-- \/ Yoast SEO plugin. -->","yoast_head_json":{"title":"K\u00ebrkohet ekspertiz\u00eb e pavarur, Kandiq: E domosdoshme marrja n\u00eb pyetje e Vu\u00e7iqit -","robots":{"index":"index","follow":"follow","max-snippet":"max-snippet:-1","max-image-preview":"max-image-preview:large","max-video-preview":"max-video-preview:-1"},"canonical":"https:\/\/veritasinfo.org\/?p=30988","og_locale":"en_US","og_type":"article","og_title":"K\u00ebrkohet ekspertiz\u00eb e pavarur, Kandiq: E domosdoshme marrja n\u00eb pyetje e Vu\u00e7iqit -","og_description":"Prishtin\u00eb, 6 shkurt 2026 20:10 Themeluesja e Fondit p\u00ebr t\u00eb Drejt\u00ebn Humanitare n\u00eb Serbi, Natasha Kandiq, ka th\u00ebn\u00eb se hetimi p\u00ebr \u201cSarajevo Safari\u201d k\u00ebrkon urgjentisht","og_url":"https:\/\/veritasinfo.org\/?p=30988","article_published_time":"2026-02-06T19:11:05+00:00","og_image":[{"width":740,"height":416,"url":"https:\/\/veritasinfo.org\/wp-content\/uploads\/2026\/02\/701626_Natasha-Kandiq.webp","type":"image\/webp"}],"author":"US6","twitter_card":"summary_large_image","twitter_misc":{"Written by":"US6","Est. reading time":"1 minute"},"schema":{"@context":"https:\/\/schema.org","@graph":[{"@type":"WebPage","@id":"https:\/\/veritasinfo.org\/?p=30988","url":"https:\/\/veritasinfo.org\/?p=30988","name":"K\u00ebrkohet ekspertiz\u00eb e pavarur, Kandiq: E domosdoshme marrja n\u00eb pyetje e Vu\u00e7iqit -","isPartOf":{"@id":"https:\/\/veritasinfo.org\/#website"},"primaryImageOfPage":{"@id":"https:\/\/veritasinfo.org\/?p=30988#primaryimage"},"image":{"@id":"https:\/\/veritasinfo.org\/?p=30988#primaryimage"},"thumbnailUrl":"https:\/\/veritasinfo.org\/wp-content\/uploads\/2026\/02\/701626_Natasha-Kandiq.webp","datePublished":"2026-02-06T19:11:05+00:00","author":{"@id":"https:\/\/veritasinfo.org\/#\/schema\/person\/fe199eede04c3937362892b7444747cc"},"breadcrumb":{"@id":"https:\/\/veritasinfo.org\/?p=30988#breadcrumb"},"inLanguage":"en-US","potentialAction":[{"@type":"ReadAction","target":["https:\/\/veritasinfo.org\/?p=30988"]}]},{"@type":"ImageObject","inLanguage":"en-US","@id":"https:\/\/veritasinfo.org\/?p=30988#primaryimage","url":"https:\/\/veritasinfo.org\/wp-content\/uploads\/2026\/02\/701626_Natasha-Kandiq.webp","contentUrl":"https:\/\/veritasinfo.org\/wp-content\/uploads\/2026\/02\/701626_Natasha-Kandiq.webp","width":740,"height":416},{"@type":"BreadcrumbList","@id":"https:\/\/veritasinfo.org\/?p=30988#breadcrumb","itemListElement":[{"@type":"ListItem","position":1,"name":"Home","item":"https:\/\/veritasinfo.org\/"},{"@type":"ListItem","position":2,"name":"K\u00ebrkohet ekspertiz\u00eb e pavarur, Kandiq: E domosdoshme marrja n\u00eb pyetje e Vu\u00e7iqit"}]},{"@type":"WebSite","@id":"https:\/\/veritasinfo.org\/#website","url":"https:\/\/veritasinfo.org\/","name":"","description":"","potentialAction":[{"@type":"SearchAction","target":{"@type":"EntryPoint","urlTemplate":"https:\/\/veritasinfo.org\/?s={search_term_string}"},"query-input":{"@type":"PropertyValueSpecification","valueRequired":true,"valueName":"search_term_string"}}],"inLanguage":"en-US"},{"@type":"Person","@id":"https:\/\/veritasinfo.org\/#\/schema\/person\/fe199eede04c3937362892b7444747cc","name":"US6","image":{"@type":"ImageObject","inLanguage":"en-US","@id":"https:\/\/veritasinfo.org\/#\/schema\/person\/image\/","url":"https:\/\/secure.gravatar.com\/avatar\/cb16c3c31c9d23b9b8c705964598220b3014e42ff51eb540ff23cefa3ae8c15f?s=96&d=mm&r=g","contentUrl":"https:\/\/secure.gravatar.com\/avatar\/cb16c3c31c9d23b9b8c705964598220b3014e42ff51eb540ff23cefa3ae8c15f?s=96&d=mm&r=g","caption":"US6"},"url":"https:\/\/veritasinfo.org\/?author=7"}]}},"featured_image_urls":{"full":["https:\/\/veritasinfo.org\/wp-content\/uploads\/2026\/02\/701626_Natasha-Kandiq.webp",740,416,false],"thumbnail":["https:\/\/veritasinfo.org\/wp-content\/uploads\/2026\/02\/701626_Natasha-Kandiq-150x150.webp",150,150,true],"medium":["https:\/\/veritasinfo.org\/wp-content\/uploads\/2026\/02\/701626_Natasha-Kandiq-300x169.webp",300,169,true],"medium_large":["https:\/\/veritasinfo.org\/wp-content\/uploads\/2026\/02\/701626_Natasha-Kandiq.webp",640,360,false],"large":["https:\/\/veritasinfo.org\/wp-content\/uploads\/2026\/02\/701626_Natasha-Kandiq.webp",640,360,false],"1536x1536":["https:\/\/veritasinfo.org\/wp-content\/uploads\/2026\/02\/701626_Natasha-Kandiq.webp",740,416,false],"2048x2048":["https:\/\/veritasinfo.org\/wp-content\/uploads\/2026\/02\/701626_Natasha-Kandiq.webp",740,416,false],"kreeti-slider-full":["https:\/\/veritasinfo.org\/wp-content\/uploads\/2026\/02\/701626_Natasha-Kandiq.webp",740,416,false],"kreeti-featured":["https:\/\/veritasinfo.org\/wp-content\/uploads\/2026\/02\/701626_Natasha-Kandiq.webp",740,416,false],"kreeti-medium":["https:\/\/veritasinfo.org\/wp-content\/uploads\/2026\/02\/701626_Natasha-Kandiq.webp",720,405,false],"kreeti-medium-square":["https:\/\/veritasinfo.org\/wp-content\/uploads\/2026\/02\/701626_Natasha-Kandiq.webp",350,197,false]},"author_info":{"info":["US6"]},"category_info":"<a href=\"https:\/\/veritasinfo.org\/?cat=58\" rel=\"category\">Politik\u00eb<\/a>","tag_info":"Politik\u00eb","comment_count":"0","_links":{"self":[{"href":"https:\/\/veritasinfo.org\/index.php?rest_route=\/wp\/v2\/posts\/30988","targetHints":{"allow":["GET"]}}],"collection":[{"href":"https:\/\/veritasinfo.org\/index.php?rest_route=\/wp\/v2\/posts"}],"about":[{"href":"https:\/\/veritasinfo.org\/index.php?rest_route=\/wp\/v2\/types\/post"}],"author":[{"embeddable":true,"href":"https:\/\/veritasinfo.org\/index.php?rest_route=\/wp\/v2\/users\/7"}],"replies":[{"embeddable":true,"href":"https:\/\/veritasinfo.org\/index.php?rest_route=%2Fwp%2Fv2%2Fcomments&post=30988"}],"version-history":[{"count":1,"href":"https:\/\/veritasinfo.org\/index.php?rest_route=\/wp\/v2\/posts\/30988\/revisions"}],"predecessor-version":[{"id":30990,"href":"https:\/\/veritasinfo.org\/index.php?rest_route=\/wp\/v2\/posts\/30988\/revisions\/30990"}],"wp:featuredmedia":[{"embeddable":true,"href":"https:\/\/veritasinfo.org\/index.php?rest_route=\/wp\/v2\/media\/30989"}],"wp:attachment":[{"href":"https:\/\/veritasinfo.org\/index.php?rest_route=%2Fwp%2Fv2%2Fmedia&parent=30988"}],"wp:term":[{"taxonomy":"category","embeddable":true,"href":"https:\/\/veritasinfo.org\/index.php?rest_route=%2Fwp%2Fv2%2Fcategories&post=30988"},{"taxonomy":"post_tag","embeddable":true,"href":"https:\/\/veritasinfo.org\/index.php?rest_route=%2Fwp%2Fv2%2Ftags&post=30988"}],"curies":[{"name":"wp","href":"https:\/\/api.w.org\/{rel}","templated":true}]}}