{"id":30973,"date":"2026-02-06T18:09:44","date_gmt":"2026-02-06T17:09:44","guid":{"rendered":"https:\/\/veritasinfo.org\/?p=30973"},"modified":"2026-02-06T18:09:44","modified_gmt":"2026-02-06T17:09:44","slug":"kosova-kerkon-angazhimin-e-quint-it-pas-arrestimit-te-veteranit-te-uck-se-ne-serbi","status":"publish","type":"post","link":"https:\/\/veritasinfo.org\/?p=30973","title":{"rendered":"Kosova k\u00ebrkon angazhimin e QUINT-it pas arrestimit t\u00eb veteranit t\u00eb U\u00c7K-s\u00eb n\u00eb Serbi"},"content":{"rendered":"<p>Prishtin\u00eb 06 Shkurt 2026 18:08<\/p>\n<p>Ministria e Pun\u00ebve t\u00eb Jashtme dhe Diaspor\u00ebs ka b\u00ebr\u00eb thirrje p\u00ebr angazhim nd\u00ebrkomb\u00ebtar pasi Serbia arrestoi edhe nj\u00eb ish-pjes\u00ebtar t\u00eb Ushtris\u00eb \u00c7lirimtare t\u00eb Kosov\u00ebs, teksa kalonte transit n\u00eb k\u00ebt\u00eb shtet.<\/p>\n<p>Nj\u00eb dit\u00eb m\u00eb par\u00eb, autoritetet n\u00eb Serbi njoftuan p\u00ebr arrestimin e Mit\u2019hat Llozhanit. Sipas njoftimit edhe nga MPJD-ja n\u00eb Kosov\u00eb, ai u ndalua me t\u00eb hyr\u00eb n\u00eb Serbi, nga pik\u00ebkalimi kufitar Batrovc prej Kroacis\u00eb.<\/p>\n<p>N\u00eb nj\u00eb njoftim publik, MPJD-ja ka th\u00ebn\u00eb se p\u00ebrmes zyr\u00ebs nd\u00ebrlidh\u00ebse n\u00eb Serbi ka adresuar k\u00ebrkes\u00eb zyrtare tek autoritetet serbe p\u00ebr t\u00eb konfirmuar rastin dhe p\u00ebr ta sqaruar. Po ashtu \u00ebsht\u00eb th\u00ebn\u00eb se ka d\u00ebrguar not\u00eb verbale te misionet diplomatike t\u00eb vendeve t\u00eb QUINT-it n\u00eb Serbi, p\u00ebr t\u00eb siguruar angazhimin e tyre.<\/p>\n<p>\u201cZyra Nd\u00ebrlidh\u00ebse e Republik\u00ebs s\u00eb Kosov\u00ebs n\u00eb Serbi ka adresuar nj\u00eb k\u00ebrkes\u00eb zyrtare pran\u00eb Zyr\u00ebs Nd\u00ebrlidh\u00ebse t\u00eb Serbis\u00eb n\u00eb Kosov\u00eb, p\u00ebrmes s\u00eb cil\u00ebs ka k\u00ebrkuar konfirmimin e arrestimit, sqarimin e arsyeve konkrete t\u00eb ndalimit, si dhe \u00e7do t\u00eb dh\u00ebn\u00eb tjet\u00ebr relevante p\u00ebr trajtimin e m\u00ebtejm\u00eb t\u00eb rastit. Po ashtu, Zyra Nd\u00ebrlidh\u00ebse e Republik\u00ebs s\u00eb Kosov\u00ebs n\u00eb Serbi ka njoftuar p\u00ebr rastin Delegacionin e Bashkimit Evropian n\u00eb Serbi, si dhe ka d\u00ebrguar nota verbale pran\u00eb misioneve diplomatike t\u00eb vendeve t\u00eb Quint-it t\u00eb akredituara n\u00eb Serbi, me q\u00ebllim sigurimin e angazhimit t\u00eb partner\u00ebve nd\u00ebrkomb\u00ebtar\u00eb n\u00eb mbrojtje t\u00eb t\u00eb drejtave dhe siguris\u00eb s\u00eb shtetasit t\u00eb Republik\u00ebs s\u00eb Kosov\u00ebs\u201d, thuhet n\u00eb njoftim.<\/p>\n<p>Sipas njoftimit, Jetish Jashari i Zyr\u00ebs Nd\u00ebrlidh\u00ebse t\u00eb Kosov\u00ebs n\u00eb Serbi \u00ebsht\u00eb n\u00eb kontakt me familjen e t\u00eb arrestuarit dhe se do t\u00eb b\u00ebj\u00eb k\u00ebrkes\u00eb zyrtare p\u00ebr lejimin e vizit\u00ebs tek Llozhani.<\/p>\n<p>\u201cMinistria e Pun\u00ebve t\u00eb Jashtme dhe Diaspor\u00ebs i b\u00ebn thirrje Bashk\u00ebsis\u00eb Nd\u00ebrkomb\u00ebtare q\u00eb t\u00eb rris\u00eb presionin ndaj autoriteteve t\u00eb Serbis\u00eb, e cila vazhdon praktik\u00ebn e keqtrajtimit dhe arrestimit t\u00eb shtetasve t\u00eb Republik\u00ebs s\u00eb Kosov\u00ebs, duke cenuar k\u00ebshtu normat dhe standardet nd\u00ebrkomb\u00ebtare p\u00ebr t\u00eb drejtat e njeriut\u201d, thuhet n\u00eb apelin e MPJD-s\u00eb.<\/p>\n<p>Sipas ministrit t\u00eb Brendsh\u00ebm t\u00eb Serbis\u00eb, Ivica Da\u00e7iq, veterani i U\u00c7K-s\u00eb dyshohet p\u00ebr krime kund\u00ebr popullat\u00ebs serbe. Da\u00e7iq ka th\u00ebn\u00eb se Llozhani dyshohet se \u201cka marr\u00eb pjes\u00eb n\u00eb sulmet ndaj pjes\u00ebtar\u00ebve t\u00eb Ministris\u00eb s\u00eb Pun\u00ebve t\u00eb Brendshme t\u00eb Serbis\u00eb dhe t\u00eb Ushtris\u00eb s\u00eb Jugosllavis\u00eb m\u00eb 1998-1999 n\u00eb zon\u00ebn e Dukagjinit\u201d.<\/p>\n<p>\u201cSi pjes\u00ebtar i k\u00ebtij grupi, t\u00eb komanduar nga Ramush Haradinaj, ai mori pjes\u00eb n\u00eb kidnapimin dhe masakrimin e zyrtar\u00ebve policor\u00eb\u201d, ka th\u00ebn\u00eb Da\u00e7iqi.<\/p>\n<p>Nga qershori 2025 deri n\u00eb dhjetor 2025, Serbia ka arrestuar 8 qytetar\u00eb shqiptar\u00eb t\u00eb Kosov\u00ebs.<\/p>\n<p>Cak i arrestimeve kan\u00eb qen\u00eb kryesisht tri kategori: ish-pjes\u00ebtar\u00ebt e Ushtris\u00eb \u00c7lirimtare, pjes\u00ebtar\u00ebt e organeve t\u00eb siguris\u00eb s\u00eb Kosov\u00ebs si polic\u00eb e ushtar\u00eb t\u00eb FSK-s\u00eb, si dhe qytetar\u00eb serb\u00eb t\u00eb cil\u00ebt Beogradi i konsideron bashk\u00ebpun\u00ebtor\u00eb t\u00eb institucioneve t\u00eb Kosov\u00ebs.<\/p>\n","protected":false},"excerpt":{"rendered":"<p>Prishtin\u00eb 06 Shkurt 2026 18:08 Ministria e Pun\u00ebve t\u00eb Jashtme dhe Diaspor\u00ebs ka b\u00ebr\u00eb thirrje p\u00ebr angazhim nd\u00ebrkomb\u00ebtar pasi Serbia arrestoi edhe nj\u00eb ish-pjes\u00ebtar t\u00eb<\/p>\n","protected":false},"author":6,"featured_media":30974,"comment_status":"open","ping_status":"open","sticky":false,"template":"","format":"standard","meta":{"footnotes":""},"categories":[60],"tags":[],"class_list":["post-30973","post","type-post","status-publish","format-standard","has-post-thumbnail","hentry","category-shoqerore-sq"],"yoast_head":"<!-- This site is optimized with the Yoast SEO plugin v25.3.1 - https:\/\/yoast.com\/wordpress\/plugins\/seo\/ -->\n<title>Kosova k\u00ebrkon angazhimin e QUINT-it pas arrestimit t\u00eb veteranit t\u00eb U\u00c7K-s\u00eb n\u00eb Serbi -<\/title>\n<meta name=\"robots\" content=\"index, follow, max-snippet:-1, max-image-preview:large, max-video-preview:-1\" \/>\n<link rel=\"canonical\" href=\"https:\/\/veritasinfo.org\/?p=30973\" \/>\n<meta property=\"og:locale\" content=\"en_US\" \/>\n<meta property=\"og:type\" content=\"article\" \/>\n<meta property=\"og:title\" content=\"Kosova k\u00ebrkon angazhimin e QUINT-it pas arrestimit t\u00eb veteranit t\u00eb U\u00c7K-s\u00eb n\u00eb Serbi -\" \/>\n<meta property=\"og:description\" content=\"Prishtin\u00eb 06 Shkurt 2026 18:08 Ministria e Pun\u00ebve t\u00eb Jashtme dhe Diaspor\u00ebs ka b\u00ebr\u00eb thirrje p\u00ebr angazhim nd\u00ebrkomb\u00ebtar pasi Serbia arrestoi edhe nj\u00eb ish-pjes\u00ebtar t\u00eb\" \/>\n<meta property=\"og:url\" content=\"https:\/\/veritasinfo.org\/?p=30973\" \/>\n<meta property=\"article:published_time\" content=\"2026-02-06T17:09:44+00:00\" \/>\n<meta property=\"og:image\" content=\"https:\/\/veritasinfo.org\/wp-content\/uploads\/2026\/02\/0be28092-f53f-4ae0-a1f7-c688e05e8f1e.webp\" \/>\n\t<meta property=\"og:image:width\" content=\"1360\" \/>\n\t<meta property=\"og:image:height\" content=\"870\" \/>\n\t<meta property=\"og:image:type\" content=\"image\/webp\" \/>\n<meta name=\"author\" content=\"US5\" \/>\n<meta name=\"twitter:card\" content=\"summary_large_image\" \/>\n<meta name=\"twitter:label1\" content=\"Written by\" \/>\n\t<meta name=\"twitter:data1\" content=\"US5\" \/>\n<script type=\"application\/ld+json\" class=\"yoast-schema-graph\">{\"@context\":\"https:\/\/schema.org\",\"@graph\":[{\"@type\":\"WebPage\",\"@id\":\"https:\/\/veritasinfo.org\/?p=30973\",\"url\":\"https:\/\/veritasinfo.org\/?p=30973\",\"name\":\"Kosova k\u00ebrkon angazhimin e QUINT-it pas arrestimit t\u00eb veteranit t\u00eb U\u00c7K-s\u00eb n\u00eb Serbi -\",\"isPartOf\":{\"@id\":\"https:\/\/veritasinfo.org\/#website\"},\"primaryImageOfPage\":{\"@id\":\"https:\/\/veritasinfo.org\/?p=30973#primaryimage\"},\"image\":{\"@id\":\"https:\/\/veritasinfo.org\/?p=30973#primaryimage\"},\"thumbnailUrl\":\"https:\/\/veritasinfo.org\/wp-content\/uploads\/2026\/02\/0be28092-f53f-4ae0-a1f7-c688e05e8f1e.webp\",\"datePublished\":\"2026-02-06T17:09:44+00:00\",\"author\":{\"@id\":\"https:\/\/veritasinfo.org\/#\/schema\/person\/bc442336e35414d04494ab8fb45db4c6\"},\"breadcrumb\":{\"@id\":\"https:\/\/veritasinfo.org\/?p=30973#breadcrumb\"},\"inLanguage\":\"en-US\",\"potentialAction\":[{\"@type\":\"ReadAction\",\"target\":[\"https:\/\/veritasinfo.org\/?p=30973\"]}]},{\"@type\":\"ImageObject\",\"inLanguage\":\"en-US\",\"@id\":\"https:\/\/veritasinfo.org\/?p=30973#primaryimage\",\"url\":\"https:\/\/veritasinfo.org\/wp-content\/uploads\/2026\/02\/0be28092-f53f-4ae0-a1f7-c688e05e8f1e.webp\",\"contentUrl\":\"https:\/\/veritasinfo.org\/wp-content\/uploads\/2026\/02\/0be28092-f53f-4ae0-a1f7-c688e05e8f1e.webp\",\"width\":1360,\"height\":870},{\"@type\":\"BreadcrumbList\",\"@id\":\"https:\/\/veritasinfo.org\/?p=30973#breadcrumb\",\"itemListElement\":[{\"@type\":\"ListItem\",\"position\":1,\"name\":\"Home\",\"item\":\"https:\/\/veritasinfo.org\/\"},{\"@type\":\"ListItem\",\"position\":2,\"name\":\"Kosova k\u00ebrkon angazhimin e QUINT-it pas arrestimit t\u00eb veteranit t\u00eb U\u00c7K-s\u00eb n\u00eb Serbi\"}]},{\"@type\":\"WebSite\",\"@id\":\"https:\/\/veritasinfo.org\/#website\",\"url\":\"https:\/\/veritasinfo.org\/\",\"name\":\"\",\"description\":\"\",\"potentialAction\":[{\"@type\":\"SearchAction\",\"target\":{\"@type\":\"EntryPoint\",\"urlTemplate\":\"https:\/\/veritasinfo.org\/?s={search_term_string}\"},\"query-input\":{\"@type\":\"PropertyValueSpecification\",\"valueRequired\":true,\"valueName\":\"search_term_string\"}}],\"inLanguage\":\"en-US\"},{\"@type\":\"Person\",\"@id\":\"https:\/\/veritasinfo.org\/#\/schema\/person\/bc442336e35414d04494ab8fb45db4c6\",\"name\":\"US5\",\"image\":{\"@type\":\"ImageObject\",\"inLanguage\":\"en-US\",\"@id\":\"https:\/\/veritasinfo.org\/#\/schema\/person\/image\/\",\"url\":\"https:\/\/secure.gravatar.com\/avatar\/16a61e7272a0c5d001121ebb9e60e925d5816e4ac1e443ed3e640d9a6ae55d0c?s=96&d=mm&r=g\",\"contentUrl\":\"https:\/\/secure.gravatar.com\/avatar\/16a61e7272a0c5d001121ebb9e60e925d5816e4ac1e443ed3e640d9a6ae55d0c?s=96&d=mm&r=g\",\"caption\":\"US5\"},\"url\":\"https:\/\/veritasinfo.org\/?author=6\"}]}<\/script>\n<!-- \/ Yoast SEO plugin. -->","yoast_head_json":{"title":"Kosova k\u00ebrkon angazhimin e QUINT-it pas arrestimit t\u00eb veteranit t\u00eb U\u00c7K-s\u00eb n\u00eb Serbi -","robots":{"index":"index","follow":"follow","max-snippet":"max-snippet:-1","max-image-preview":"max-image-preview:large","max-video-preview":"max-video-preview:-1"},"canonical":"https:\/\/veritasinfo.org\/?p=30973","og_locale":"en_US","og_type":"article","og_title":"Kosova k\u00ebrkon angazhimin e QUINT-it pas arrestimit t\u00eb veteranit t\u00eb U\u00c7K-s\u00eb n\u00eb Serbi -","og_description":"Prishtin\u00eb 06 Shkurt 2026 18:08 Ministria e Pun\u00ebve t\u00eb Jashtme dhe Diaspor\u00ebs ka b\u00ebr\u00eb thirrje p\u00ebr angazhim nd\u00ebrkomb\u00ebtar pasi Serbia arrestoi edhe nj\u00eb ish-pjes\u00ebtar t\u00eb","og_url":"https:\/\/veritasinfo.org\/?p=30973","article_published_time":"2026-02-06T17:09:44+00:00","og_image":[{"width":1360,"height":870,"url":"https:\/\/veritasinfo.org\/wp-content\/uploads\/2026\/02\/0be28092-f53f-4ae0-a1f7-c688e05e8f1e.webp","type":"image\/webp"}],"author":"US5","twitter_card":"summary_large_image","twitter_misc":{"Written by":"US5"},"schema":{"@context":"https:\/\/schema.org","@graph":[{"@type":"WebPage","@id":"https:\/\/veritasinfo.org\/?p=30973","url":"https:\/\/veritasinfo.org\/?p=30973","name":"Kosova k\u00ebrkon angazhimin e QUINT-it pas arrestimit t\u00eb veteranit t\u00eb U\u00c7K-s\u00eb n\u00eb Serbi -","isPartOf":{"@id":"https:\/\/veritasinfo.org\/#website"},"primaryImageOfPage":{"@id":"https:\/\/veritasinfo.org\/?p=30973#primaryimage"},"image":{"@id":"https:\/\/veritasinfo.org\/?p=30973#primaryimage"},"thumbnailUrl":"https:\/\/veritasinfo.org\/wp-content\/uploads\/2026\/02\/0be28092-f53f-4ae0-a1f7-c688e05e8f1e.webp","datePublished":"2026-02-06T17:09:44+00:00","author":{"@id":"https:\/\/veritasinfo.org\/#\/schema\/person\/bc442336e35414d04494ab8fb45db4c6"},"breadcrumb":{"@id":"https:\/\/veritasinfo.org\/?p=30973#breadcrumb"},"inLanguage":"en-US","potentialAction":[{"@type":"ReadAction","target":["https:\/\/veritasinfo.org\/?p=30973"]}]},{"@type":"ImageObject","inLanguage":"en-US","@id":"https:\/\/veritasinfo.org\/?p=30973#primaryimage","url":"https:\/\/veritasinfo.org\/wp-content\/uploads\/2026\/02\/0be28092-f53f-4ae0-a1f7-c688e05e8f1e.webp","contentUrl":"https:\/\/veritasinfo.org\/wp-content\/uploads\/2026\/02\/0be28092-f53f-4ae0-a1f7-c688e05e8f1e.webp","width":1360,"height":870},{"@type":"BreadcrumbList","@id":"https:\/\/veritasinfo.org\/?p=30973#breadcrumb","itemListElement":[{"@type":"ListItem","position":1,"name":"Home","item":"https:\/\/veritasinfo.org\/"},{"@type":"ListItem","position":2,"name":"Kosova k\u00ebrkon angazhimin e QUINT-it pas arrestimit t\u00eb veteranit t\u00eb U\u00c7K-s\u00eb n\u00eb Serbi"}]},{"@type":"WebSite","@id":"https:\/\/veritasinfo.org\/#website","url":"https:\/\/veritasinfo.org\/","name":"","description":"","potentialAction":[{"@type":"SearchAction","target":{"@type":"EntryPoint","urlTemplate":"https:\/\/veritasinfo.org\/?s={search_term_string}"},"query-input":{"@type":"PropertyValueSpecification","valueRequired":true,"valueName":"search_term_string"}}],"inLanguage":"en-US"},{"@type":"Person","@id":"https:\/\/veritasinfo.org\/#\/schema\/person\/bc442336e35414d04494ab8fb45db4c6","name":"US5","image":{"@type":"ImageObject","inLanguage":"en-US","@id":"https:\/\/veritasinfo.org\/#\/schema\/person\/image\/","url":"https:\/\/secure.gravatar.com\/avatar\/16a61e7272a0c5d001121ebb9e60e925d5816e4ac1e443ed3e640d9a6ae55d0c?s=96&d=mm&r=g","contentUrl":"https:\/\/secure.gravatar.com\/avatar\/16a61e7272a0c5d001121ebb9e60e925d5816e4ac1e443ed3e640d9a6ae55d0c?s=96&d=mm&r=g","caption":"US5"},"url":"https:\/\/veritasinfo.org\/?author=6"}]}},"featured_image_urls":{"full":["https:\/\/veritasinfo.org\/wp-content\/uploads\/2026\/02\/0be28092-f53f-4ae0-a1f7-c688e05e8f1e.webp",1360,870,false],"thumbnail":["https:\/\/veritasinfo.org\/wp-content\/uploads\/2026\/02\/0be28092-f53f-4ae0-a1f7-c688e05e8f1e-150x150.webp",150,150,true],"medium":["https:\/\/veritasinfo.org\/wp-content\/uploads\/2026\/02\/0be28092-f53f-4ae0-a1f7-c688e05e8f1e-300x192.webp",300,192,true],"medium_large":["https:\/\/veritasinfo.org\/wp-content\/uploads\/2026\/02\/0be28092-f53f-4ae0-a1f7-c688e05e8f1e-768x491.webp",640,409,true],"large":["https:\/\/veritasinfo.org\/wp-content\/uploads\/2026\/02\/0be28092-f53f-4ae0-a1f7-c688e05e8f1e-1024x655.webp",640,409,true],"1536x1536":["https:\/\/veritasinfo.org\/wp-content\/uploads\/2026\/02\/0be28092-f53f-4ae0-a1f7-c688e05e8f1e.webp",1360,870,false],"2048x2048":["https:\/\/veritasinfo.org\/wp-content\/uploads\/2026\/02\/0be28092-f53f-4ae0-a1f7-c688e05e8f1e.webp",1360,870,false],"kreeti-slider-full":["https:\/\/veritasinfo.org\/wp-content\/uploads\/2026\/02\/0be28092-f53f-4ae0-a1f7-c688e05e8f1e.webp",1126,720,false],"kreeti-featured":["https:\/\/veritasinfo.org\/wp-content\/uploads\/2026\/02\/0be28092-f53f-4ae0-a1f7-c688e05e8f1e.webp",1024,655,false],"kreeti-medium":["https:\/\/veritasinfo.org\/wp-content\/uploads\/2026\/02\/0be28092-f53f-4ae0-a1f7-c688e05e8f1e.webp",720,461,false],"kreeti-medium-square":["https:\/\/veritasinfo.org\/wp-content\/uploads\/2026\/02\/0be28092-f53f-4ae0-a1f7-c688e05e8f1e.webp",350,224,false]},"author_info":{"info":["US5"]},"category_info":"<a href=\"https:\/\/veritasinfo.org\/?cat=60\" rel=\"category\">Shoq\u00ebrore<\/a>","tag_info":"Shoq\u00ebrore","comment_count":"0","_links":{"self":[{"href":"https:\/\/veritasinfo.org\/index.php?rest_route=\/wp\/v2\/posts\/30973","targetHints":{"allow":["GET"]}}],"collection":[{"href":"https:\/\/veritasinfo.org\/index.php?rest_route=\/wp\/v2\/posts"}],"about":[{"href":"https:\/\/veritasinfo.org\/index.php?rest_route=\/wp\/v2\/types\/post"}],"author":[{"embeddable":true,"href":"https:\/\/veritasinfo.org\/index.php?rest_route=\/wp\/v2\/users\/6"}],"replies":[{"embeddable":true,"href":"https:\/\/veritasinfo.org\/index.php?rest_route=%2Fwp%2Fv2%2Fcomments&post=30973"}],"version-history":[{"count":1,"href":"https:\/\/veritasinfo.org\/index.php?rest_route=\/wp\/v2\/posts\/30973\/revisions"}],"predecessor-version":[{"id":30975,"href":"https:\/\/veritasinfo.org\/index.php?rest_route=\/wp\/v2\/posts\/30973\/revisions\/30975"}],"wp:featuredmedia":[{"embeddable":true,"href":"https:\/\/veritasinfo.org\/index.php?rest_route=\/wp\/v2\/media\/30974"}],"wp:attachment":[{"href":"https:\/\/veritasinfo.org\/index.php?rest_route=%2Fwp%2Fv2%2Fmedia&parent=30973"}],"wp:term":[{"taxonomy":"category","embeddable":true,"href":"https:\/\/veritasinfo.org\/index.php?rest_route=%2Fwp%2Fv2%2Fcategories&post=30973"},{"taxonomy":"post_tag","embeddable":true,"href":"https:\/\/veritasinfo.org\/index.php?rest_route=%2Fwp%2Fv2%2Ftags&post=30973"}],"curies":[{"name":"wp","href":"https:\/\/api.w.org\/{rel}","templated":true}]}}