{"id":30939,"date":"2026-02-06T14:36:19","date_gmt":"2026-02-06T13:36:19","guid":{"rendered":"https:\/\/veritasinfo.org\/?p=30939"},"modified":"2026-02-06T14:48:59","modified_gmt":"2026-02-06T13:48:59","slug":"arrestimi-i-mitehat-llozhani-ne-serbi-ministria-e-puneve-te-jashtme-kerkon-lirimin-e-llozhanit","status":"publish","type":"post","link":"https:\/\/veritasinfo.org\/?p=30939","title":{"rendered":"MPJ e Kosov\u00ebs k\u00ebrkon lirimin e Mit\u2019hat Llozhanit"},"content":{"rendered":"<p>Prishtin\u00eb 06 Shkurt 2026 14:22<\/p>\n<p>Ministria e Pun\u00ebve t\u00eb Jashtme dhe Diaspor\u00ebs njofton se, menj\u00ebher\u00eb pas marrjes s\u00eb informacionit lidhur me arrestimin e shtetasit t\u00eb Republik\u00ebs s\u00eb Kosov\u00ebs, Mit&#8217;hat Llozhani, i cili u ndalua me t\u00eb hyr\u00eb n\u00eb Serbi, n\u00eb pik\u00ebn kufitare Batrovci, n\u00eb kufi me Kroacin\u00eb, jan\u00eb nd\u00ebrmarr\u00eb t\u00eb gjitha veprimet institucionale.<\/p>\n<p>Sipas njoftimit Zyra Nd\u00ebrlidh\u00ebse e Republik\u00ebs s\u00eb Kosov\u00ebs n\u00eb Serbi ka adresuar nj\u00eb k\u00ebrkes\u00eb zyrtare pran\u00eb Zyr\u00ebs Nd\u00ebrlidh\u00ebse t\u00eb Serbis\u00eb n\u00eb Kosov\u00eb, p\u00ebrmes s\u00eb cil\u00ebs ka k\u00ebrkuar konfirmimin e arrestimit, sqarimin e arsyeve konkrete t\u00eb ndalimit, si dhe \u00e7do t\u00eb dh\u00ebn\u00eb tjet\u00ebr relevante p\u00ebr trajtimin e m\u00ebtejm\u00eb t\u00eb rastit.<\/p>\n<p>Po ashtu, Zyra Nd\u00ebrlidh\u00ebse e Republik\u00ebs s\u00eb Kosov\u00ebs n\u00eb Serbi ka njoftuar p\u00ebr rastin Delegacionin e Bashkimit Evropian n\u00eb Serbi, si dhe ka d\u00ebrguar nota verbale pran\u00eb misioneve diplomatike t\u00eb vendeve t\u00eb Quint-it t\u00eb akredituara n\u00eb Serbi, me q\u00ebllim sigurimin e angazhimit t\u00eb partner\u00ebve nd\u00ebrkomb\u00ebtar\u00eb n\u00eb mbrojtje t\u00eb t\u00eb drejtave dhe siguris\u00eb s\u00eb shtetasit t\u00eb Republik\u00ebs s\u00eb Kosov\u00ebs.<\/p>\n<p>M\u00eb tutje thuhet se Ambasadori i Republik\u00ebs s\u00eb Kosov\u00ebs n\u00eb Serbi, z. Jetish Jashari \u00ebsht\u00eb n\u00eb kontakt t\u00eb vazhduesh\u00ebm me familjen e t\u00eb arrestuarit dhe p\u00ebrmes Zyr\u00ebs Nd\u00ebrlidh\u00ebse do t\u00eb procedoj\u00eb me paraqitjen e k\u00ebrkes\u00ebs zyrtare p\u00ebr lejimin e vizit\u00ebs ndaj shtetasit Llozhani.<\/p>\n<p>Ministria e Pun\u00ebve t\u00eb Jashtme dhe Diaspor\u00ebs i b\u00ebn thirrje Bashk\u00ebsis\u00eb Nd\u00ebrkomb\u00ebtare q\u00eb t\u00eb rris\u00eb presionin ndaj autoriteteve t\u00eb Serbis\u00eb, e cila vazhdon praktik\u00ebn e keqtrajtimit dhe arrestimit t\u00eb shtetasve t\u00eb Republik\u00ebs s\u00eb Kosov\u00ebs, duke cenuar k\u00ebshtu normat dhe standardet nd\u00ebrkomb\u00ebtare p\u00ebr t\u00eb drejtat e njeriut.<\/p>\n","protected":false},"excerpt":{"rendered":"<p>Prishtin\u00eb 06 Shkurt 2026 14:22 Ministria e Pun\u00ebve t\u00eb Jashtme dhe Diaspor\u00ebs njofton se, menj\u00ebher\u00eb pas marrjes s\u00eb informacionit lidhur me arrestimin e shtetasit t\u00eb<\/p>\n","protected":false},"author":6,"featured_media":30943,"comment_status":"open","ping_status":"open","sticky":false,"template":"","format":"standard","meta":{"footnotes":""},"categories":[60],"tags":[],"class_list":["post-30939","post","type-post","status-publish","format-standard","has-post-thumbnail","hentry","category-shoqerore-sq"],"yoast_head":"<!-- This site is optimized with the Yoast SEO plugin v25.3.1 - https:\/\/yoast.com\/wordpress\/plugins\/seo\/ -->\n<title>MPJ e Kosov\u00ebs k\u00ebrkon lirimin e Mit\u2019hat Llozhanit -<\/title>\n<meta name=\"robots\" content=\"index, follow, max-snippet:-1, max-image-preview:large, max-video-preview:-1\" \/>\n<link rel=\"canonical\" href=\"https:\/\/veritasinfo.org\/?p=30939\" \/>\n<meta property=\"og:locale\" content=\"en_US\" \/>\n<meta property=\"og:type\" content=\"article\" \/>\n<meta property=\"og:title\" content=\"MPJ e Kosov\u00ebs k\u00ebrkon lirimin e Mit\u2019hat Llozhanit -\" \/>\n<meta property=\"og:description\" content=\"Prishtin\u00eb 06 Shkurt 2026 14:22 Ministria e Pun\u00ebve t\u00eb Jashtme dhe Diaspor\u00ebs njofton se, menj\u00ebher\u00eb pas marrjes s\u00eb informacionit lidhur me arrestimin e shtetasit t\u00eb\" \/>\n<meta property=\"og:url\" content=\"https:\/\/veritasinfo.org\/?p=30939\" \/>\n<meta property=\"article:published_time\" content=\"2026-02-06T13:36:19+00:00\" \/>\n<meta property=\"article:modified_time\" content=\"2026-02-06T13:48:59+00:00\" \/>\n<meta property=\"og:image\" content=\"https:\/\/veritasinfo.org\/wp-content\/uploads\/2026\/02\/auto_mpj-ministria-e-punve-te-jashtme-6.v11582277328.jpg\" \/>\n\t<meta property=\"og:image:width\" content=\"900\" \/>\n\t<meta property=\"og:image:height\" content=\"675\" \/>\n\t<meta property=\"og:image:type\" content=\"image\/jpeg\" \/>\n<meta name=\"author\" content=\"US5\" \/>\n<meta name=\"twitter:card\" content=\"summary_large_image\" \/>\n<meta name=\"twitter:label1\" content=\"Written by\" \/>\n\t<meta name=\"twitter:data1\" content=\"US5\" \/>\n\t<meta name=\"twitter:label2\" content=\"Est. reading time\" \/>\n\t<meta name=\"twitter:data2\" content=\"2 minutes\" \/>\n<script type=\"application\/ld+json\" class=\"yoast-schema-graph\">{\"@context\":\"https:\/\/schema.org\",\"@graph\":[{\"@type\":\"WebPage\",\"@id\":\"https:\/\/veritasinfo.org\/?p=30939\",\"url\":\"https:\/\/veritasinfo.org\/?p=30939\",\"name\":\"MPJ e Kosov\u00ebs k\u00ebrkon lirimin e Mit\u2019hat Llozhanit -\",\"isPartOf\":{\"@id\":\"https:\/\/veritasinfo.org\/#website\"},\"primaryImageOfPage\":{\"@id\":\"https:\/\/veritasinfo.org\/?p=30939#primaryimage\"},\"image\":{\"@id\":\"https:\/\/veritasinfo.org\/?p=30939#primaryimage\"},\"thumbnailUrl\":\"https:\/\/veritasinfo.org\/wp-content\/uploads\/2026\/02\/auto_mpj-ministria-e-punve-te-jashtme-6.v11582277328.jpg\",\"datePublished\":\"2026-02-06T13:36:19+00:00\",\"dateModified\":\"2026-02-06T13:48:59+00:00\",\"author\":{\"@id\":\"https:\/\/veritasinfo.org\/#\/schema\/person\/bc442336e35414d04494ab8fb45db4c6\"},\"breadcrumb\":{\"@id\":\"https:\/\/veritasinfo.org\/?p=30939#breadcrumb\"},\"inLanguage\":\"en-US\",\"potentialAction\":[{\"@type\":\"ReadAction\",\"target\":[\"https:\/\/veritasinfo.org\/?p=30939\"]}]},{\"@type\":\"ImageObject\",\"inLanguage\":\"en-US\",\"@id\":\"https:\/\/veritasinfo.org\/?p=30939#primaryimage\",\"url\":\"https:\/\/veritasinfo.org\/wp-content\/uploads\/2026\/02\/auto_mpj-ministria-e-punve-te-jashtme-6.v11582277328.jpg\",\"contentUrl\":\"https:\/\/veritasinfo.org\/wp-content\/uploads\/2026\/02\/auto_mpj-ministria-e-punve-te-jashtme-6.v11582277328.jpg\",\"width\":900,\"height\":675},{\"@type\":\"BreadcrumbList\",\"@id\":\"https:\/\/veritasinfo.org\/?p=30939#breadcrumb\",\"itemListElement\":[{\"@type\":\"ListItem\",\"position\":1,\"name\":\"Home\",\"item\":\"https:\/\/veritasinfo.org\/\"},{\"@type\":\"ListItem\",\"position\":2,\"name\":\"MPJ e Kosov\u00ebs k\u00ebrkon lirimin e Mit\u2019hat Llozhanit\"}]},{\"@type\":\"WebSite\",\"@id\":\"https:\/\/veritasinfo.org\/#website\",\"url\":\"https:\/\/veritasinfo.org\/\",\"name\":\"\",\"description\":\"\",\"potentialAction\":[{\"@type\":\"SearchAction\",\"target\":{\"@type\":\"EntryPoint\",\"urlTemplate\":\"https:\/\/veritasinfo.org\/?s={search_term_string}\"},\"query-input\":{\"@type\":\"PropertyValueSpecification\",\"valueRequired\":true,\"valueName\":\"search_term_string\"}}],\"inLanguage\":\"en-US\"},{\"@type\":\"Person\",\"@id\":\"https:\/\/veritasinfo.org\/#\/schema\/person\/bc442336e35414d04494ab8fb45db4c6\",\"name\":\"US5\",\"image\":{\"@type\":\"ImageObject\",\"inLanguage\":\"en-US\",\"@id\":\"https:\/\/veritasinfo.org\/#\/schema\/person\/image\/\",\"url\":\"https:\/\/secure.gravatar.com\/avatar\/16a61e7272a0c5d001121ebb9e60e925d5816e4ac1e443ed3e640d9a6ae55d0c?s=96&d=mm&r=g\",\"contentUrl\":\"https:\/\/secure.gravatar.com\/avatar\/16a61e7272a0c5d001121ebb9e60e925d5816e4ac1e443ed3e640d9a6ae55d0c?s=96&d=mm&r=g\",\"caption\":\"US5\"},\"url\":\"https:\/\/veritasinfo.org\/?author=6\"}]}<\/script>\n<!-- \/ Yoast SEO plugin. -->","yoast_head_json":{"title":"MPJ e Kosov\u00ebs k\u00ebrkon lirimin e Mit\u2019hat Llozhanit -","robots":{"index":"index","follow":"follow","max-snippet":"max-snippet:-1","max-image-preview":"max-image-preview:large","max-video-preview":"max-video-preview:-1"},"canonical":"https:\/\/veritasinfo.org\/?p=30939","og_locale":"en_US","og_type":"article","og_title":"MPJ e Kosov\u00ebs k\u00ebrkon lirimin e Mit\u2019hat Llozhanit -","og_description":"Prishtin\u00eb 06 Shkurt 2026 14:22 Ministria e Pun\u00ebve t\u00eb Jashtme dhe Diaspor\u00ebs njofton se, menj\u00ebher\u00eb pas marrjes s\u00eb informacionit lidhur me arrestimin e shtetasit t\u00eb","og_url":"https:\/\/veritasinfo.org\/?p=30939","article_published_time":"2026-02-06T13:36:19+00:00","article_modified_time":"2026-02-06T13:48:59+00:00","og_image":[{"width":900,"height":675,"url":"https:\/\/veritasinfo.org\/wp-content\/uploads\/2026\/02\/auto_mpj-ministria-e-punve-te-jashtme-6.v11582277328.jpg","type":"image\/jpeg"}],"author":"US5","twitter_card":"summary_large_image","twitter_misc":{"Written by":"US5","Est. reading time":"2 minutes"},"schema":{"@context":"https:\/\/schema.org","@graph":[{"@type":"WebPage","@id":"https:\/\/veritasinfo.org\/?p=30939","url":"https:\/\/veritasinfo.org\/?p=30939","name":"MPJ e Kosov\u00ebs k\u00ebrkon lirimin e Mit\u2019hat Llozhanit -","isPartOf":{"@id":"https:\/\/veritasinfo.org\/#website"},"primaryImageOfPage":{"@id":"https:\/\/veritasinfo.org\/?p=30939#primaryimage"},"image":{"@id":"https:\/\/veritasinfo.org\/?p=30939#primaryimage"},"thumbnailUrl":"https:\/\/veritasinfo.org\/wp-content\/uploads\/2026\/02\/auto_mpj-ministria-e-punve-te-jashtme-6.v11582277328.jpg","datePublished":"2026-02-06T13:36:19+00:00","dateModified":"2026-02-06T13:48:59+00:00","author":{"@id":"https:\/\/veritasinfo.org\/#\/schema\/person\/bc442336e35414d04494ab8fb45db4c6"},"breadcrumb":{"@id":"https:\/\/veritasinfo.org\/?p=30939#breadcrumb"},"inLanguage":"en-US","potentialAction":[{"@type":"ReadAction","target":["https:\/\/veritasinfo.org\/?p=30939"]}]},{"@type":"ImageObject","inLanguage":"en-US","@id":"https:\/\/veritasinfo.org\/?p=30939#primaryimage","url":"https:\/\/veritasinfo.org\/wp-content\/uploads\/2026\/02\/auto_mpj-ministria-e-punve-te-jashtme-6.v11582277328.jpg","contentUrl":"https:\/\/veritasinfo.org\/wp-content\/uploads\/2026\/02\/auto_mpj-ministria-e-punve-te-jashtme-6.v11582277328.jpg","width":900,"height":675},{"@type":"BreadcrumbList","@id":"https:\/\/veritasinfo.org\/?p=30939#breadcrumb","itemListElement":[{"@type":"ListItem","position":1,"name":"Home","item":"https:\/\/veritasinfo.org\/"},{"@type":"ListItem","position":2,"name":"MPJ e Kosov\u00ebs k\u00ebrkon lirimin e Mit\u2019hat Llozhanit"}]},{"@type":"WebSite","@id":"https:\/\/veritasinfo.org\/#website","url":"https:\/\/veritasinfo.org\/","name":"","description":"","potentialAction":[{"@type":"SearchAction","target":{"@type":"EntryPoint","urlTemplate":"https:\/\/veritasinfo.org\/?s={search_term_string}"},"query-input":{"@type":"PropertyValueSpecification","valueRequired":true,"valueName":"search_term_string"}}],"inLanguage":"en-US"},{"@type":"Person","@id":"https:\/\/veritasinfo.org\/#\/schema\/person\/bc442336e35414d04494ab8fb45db4c6","name":"US5","image":{"@type":"ImageObject","inLanguage":"en-US","@id":"https:\/\/veritasinfo.org\/#\/schema\/person\/image\/","url":"https:\/\/secure.gravatar.com\/avatar\/16a61e7272a0c5d001121ebb9e60e925d5816e4ac1e443ed3e640d9a6ae55d0c?s=96&d=mm&r=g","contentUrl":"https:\/\/secure.gravatar.com\/avatar\/16a61e7272a0c5d001121ebb9e60e925d5816e4ac1e443ed3e640d9a6ae55d0c?s=96&d=mm&r=g","caption":"US5"},"url":"https:\/\/veritasinfo.org\/?author=6"}]}},"featured_image_urls":{"full":["https:\/\/veritasinfo.org\/wp-content\/uploads\/2026\/02\/auto_mpj-ministria-e-punve-te-jashtme-6.v11582277328.jpg",900,675,false],"thumbnail":["https:\/\/veritasinfo.org\/wp-content\/uploads\/2026\/02\/auto_mpj-ministria-e-punve-te-jashtme-6.v11582277328-150x150.jpg",150,150,true],"medium":["https:\/\/veritasinfo.org\/wp-content\/uploads\/2026\/02\/auto_mpj-ministria-e-punve-te-jashtme-6.v11582277328-300x225.jpg",300,225,true],"medium_large":["https:\/\/veritasinfo.org\/wp-content\/uploads\/2026\/02\/auto_mpj-ministria-e-punve-te-jashtme-6.v11582277328-768x576.jpg",640,480,true],"large":["https:\/\/veritasinfo.org\/wp-content\/uploads\/2026\/02\/auto_mpj-ministria-e-punve-te-jashtme-6.v11582277328.jpg",640,480,false],"1536x1536":["https:\/\/veritasinfo.org\/wp-content\/uploads\/2026\/02\/auto_mpj-ministria-e-punve-te-jashtme-6.v11582277328.jpg",900,675,false],"2048x2048":["https:\/\/veritasinfo.org\/wp-content\/uploads\/2026\/02\/auto_mpj-ministria-e-punve-te-jashtme-6.v11582277328.jpg",900,675,false],"kreeti-slider-full":["https:\/\/veritasinfo.org\/wp-content\/uploads\/2026\/02\/auto_mpj-ministria-e-punve-te-jashtme-6.v11582277328.jpg",900,675,false],"kreeti-featured":["https:\/\/veritasinfo.org\/wp-content\/uploads\/2026\/02\/auto_mpj-ministria-e-punve-te-jashtme-6.v11582277328.jpg",900,675,false],"kreeti-medium":["https:\/\/veritasinfo.org\/wp-content\/uploads\/2026\/02\/auto_mpj-ministria-e-punve-te-jashtme-6.v11582277328.jpg",707,530,false],"kreeti-medium-square":["https:\/\/veritasinfo.org\/wp-content\/uploads\/2026\/02\/auto_mpj-ministria-e-punve-te-jashtme-6.v11582277328.jpg",350,263,false]},"author_info":{"info":["US5"]},"category_info":"<a href=\"https:\/\/veritasinfo.org\/?cat=60\" rel=\"category\">Shoq\u00ebrore<\/a>","tag_info":"Shoq\u00ebrore","comment_count":"0","_links":{"self":[{"href":"https:\/\/veritasinfo.org\/index.php?rest_route=\/wp\/v2\/posts\/30939","targetHints":{"allow":["GET"]}}],"collection":[{"href":"https:\/\/veritasinfo.org\/index.php?rest_route=\/wp\/v2\/posts"}],"about":[{"href":"https:\/\/veritasinfo.org\/index.php?rest_route=\/wp\/v2\/types\/post"}],"author":[{"embeddable":true,"href":"https:\/\/veritasinfo.org\/index.php?rest_route=\/wp\/v2\/users\/6"}],"replies":[{"embeddable":true,"href":"https:\/\/veritasinfo.org\/index.php?rest_route=%2Fwp%2Fv2%2Fcomments&post=30939"}],"version-history":[{"count":2,"href":"https:\/\/veritasinfo.org\/index.php?rest_route=\/wp\/v2\/posts\/30939\/revisions"}],"predecessor-version":[{"id":30948,"href":"https:\/\/veritasinfo.org\/index.php?rest_route=\/wp\/v2\/posts\/30939\/revisions\/30948"}],"wp:featuredmedia":[{"embeddable":true,"href":"https:\/\/veritasinfo.org\/index.php?rest_route=\/wp\/v2\/media\/30943"}],"wp:attachment":[{"href":"https:\/\/veritasinfo.org\/index.php?rest_route=%2Fwp%2Fv2%2Fmedia&parent=30939"}],"wp:term":[{"taxonomy":"category","embeddable":true,"href":"https:\/\/veritasinfo.org\/index.php?rest_route=%2Fwp%2Fv2%2Fcategories&post=30939"},{"taxonomy":"post_tag","embeddable":true,"href":"https:\/\/veritasinfo.org\/index.php?rest_route=%2Fwp%2Fv2%2Ftags&post=30939"}],"curies":[{"name":"wp","href":"https:\/\/api.w.org\/{rel}","templated":true}]}}