{"id":3093,"date":"2025-07-09T10:10:26","date_gmt":"2025-07-09T08:10:26","guid":{"rendered":"https:\/\/veritasinfo.org\/?p=3093"},"modified":"2025-07-09T10:15:23","modified_gmt":"2025-07-09T08:15:23","slug":"nga-fondet-evropiane-te-kontrolli-i-listes-serbe-skema-e-keqperdorimit-te-stacionit-te-autobuseve-ne-mitrovicen-e-veriut","status":"publish","type":"post","link":"https:\/\/veritasinfo.org\/?p=3093","title":{"rendered":"Nga fondet evropiane, te kontrolli i List\u00ebs Serbe: Skema e keqp\u00ebrdorimit t\u00eb stacionit t\u00eb autobus\u00ebve n\u00eb Mitrovic\u00ebn e Veriut"},"content":{"rendered":"<p>Mitrovic\u00eb Veriore, 9 korrik 2025<br \/>\nStacioni i autobus\u00ebve n\u00eb Mitrovic\u00ebn e Veriut, i vendosur n\u00eb periferi t\u00eb qytetit, \u00ebsht\u00eb nj\u00eb nga vendet m\u00eb t\u00eb ngarkuara n\u00eb k\u00ebt\u00eb zon\u00eb \u00e7do dit\u00eb. \u00cbsht\u00eb nj\u00eb qend\u00ebr e r\u00ebnd\u00ebsishme p\u00ebr pasagjer\u00ebt q\u00eb vijn\u00eb e shkojn\u00eb, qofshin linja lokale apo udh\u00ebtime p\u00ebr n\u00eb Serbi dhe pjes\u00eb t\u00eb tjera t\u00eb Kosov\u00ebs.<br \/>\nDy kompani transporti makinash (Kola\u0161in prevoz dhe Jo travel) operojn\u00eb kryesisht n\u00eb t\u00eb.<br \/>\nEdhe pse \u00a0Stacioni i Autobus\u00ebve n\u00eb Mitrovic\u00ebn Veriore u nd\u00ebrtua me fondet e Bashkimit Evropian (gj\u00eb q\u00eb \u00ebsht\u00eb qart\u00eb e dukshme n\u00eb tabel\u00ebn q\u00eb \u00ebsht\u00eb e theksuar n\u00eb hyrje) dhe iu dor\u00ebzua Komun\u00ebs s\u00eb Mitrovic\u00ebs Veriore, ai u privatizua derisa Lista Serbe ishte n\u00eb pushtet n\u00eb k\u00ebt\u00eb komun\u00eb. Kjo parti politike n\u00eb koh\u00ebn e privatizimit kishte edhe shumic\u00ebn vendimmarr\u00ebse edhe n\u00eb Ministrin\u00eb e Administrimit t\u00eb Pushtetit Lokal (MAPL), gj\u00eb q\u00eb e shfryt\u00ebzoi k\u00ebt\u00eb p\u00ebr t\u00eb v\u00ebrtetuar ligjshm\u00ebrin\u00eb e vendimit t\u00eb Kuvendit Komunal t\u00eb Mitrovic\u00ebs.<\/p>\n<p><img decoding=\"async\" class=\"alignnone size-medium wp-image-3094 lazyload\" data-src=\"https:\/\/veritasinfo.org\/wp-content\/uploads\/2025\/07\/IMG_1794-300x135.jpeg\" alt=\"\" width=\"300\" height=\"135\" data-srcset=\"https:\/\/veritasinfo.org\/wp-content\/uploads\/2025\/07\/IMG_1794-300x135.jpeg 300w, https:\/\/veritasinfo.org\/wp-content\/uploads\/2025\/07\/IMG_1794-1024x461.jpeg 1024w, https:\/\/veritasinfo.org\/wp-content\/uploads\/2025\/07\/IMG_1794-768x345.jpeg 768w, https:\/\/veritasinfo.org\/wp-content\/uploads\/2025\/07\/IMG_1794-1536x691.jpeg 1536w, https:\/\/veritasinfo.org\/wp-content\/uploads\/2025\/07\/IMG_1794-2048x921.jpeg 2048w\" data-sizes=\"(max-width: 300px) 100vw, 300px\" src=\"data:image\/gif;base64,R0lGODlhAQABAAAAACH5BAEKAAEALAAAAAABAAEAAAICTAEAOw==\" style=\"--smush-placeholder-width: 300px; --smush-placeholder-aspect-ratio: 300\/135;\" \/><br \/>\n\u00cbsht\u00eb interesante se puna u krye nga kompania &#8220;Rad 028&#8221;, e cila pak koh\u00eb m\u00eb pas u vu n\u00eb list\u00ebn e zez\u00eb nga SHBA-t\u00eb dhe u sanksionua, dhe biznesi i s\u00eb cil\u00ebs \u00ebsht\u00eb i kontestuar p\u00ebr shkak t\u00eb struktur\u00ebs s\u00eb pron\u00ebsis\u00eb, pasi besohet se Milan Radoji\u010di\u0107 q\u00ebndron direkt pas k\u00ebsaj kompanie.<br \/>\nKy nuk \u00ebsht\u00eb fundi i \u00e7\u00ebshtjeve t\u00eb kontestuara q\u00eb lidhen me vet\u00eb nd\u00ebrtes\u00ebn. N\u00eb vitin 2022, pak para se p\u00ebrfaq\u00ebsuesit e List\u00ebs Serbe t\u00eb paraqisnin dor\u00ebheqjet e tyre n\u00eb Kuvendin lokal, ata mor\u00ebn nj\u00eb vendim p\u00ebr t&#8217;ia dh\u00ebn\u00eb stacionin e autobus\u00ebve (me t\u00eb gjitha elementet shoq\u00ebruese) n\u00eb p\u00ebrdorim kompanis\u00eb s\u00eb kamion\u00ebve &#8220;Kola\u0161in prevoz&#8221;, e cila mb\u00ebshtetet nga Srdjan Vuloviq, kryetari i at\u00ebhersh\u00ebm i Zubin Potokut. N\u00eb mb\u00ebshtetje t\u00eb k\u00ebsaj, ju paraqesim nj\u00eb dokument q\u00eb e konfirmon at\u00eb. N\u00eb shikim t\u00eb par\u00eb, gjith\u00e7ka duket e rregullt dhe n\u00eb p\u00ebrputhje me procedur\u00ebn ligjore. Edhe Ministria e Vet\u00ebqeverisjes Lokale e Qeveris\u00eb s\u00eb Republik\u00ebs s\u00eb Kosov\u00ebs u informua si\u00e7 duhet p\u00ebr p\u00ebrfshirjen e saj n\u00eb vet\u00eb procesin. U formua nj\u00eb komision prej pes\u00eb an\u00ebtar\u00ebsh (an\u00ebtar\u00eb t\u00eb list\u00ebs serbe dhe nj\u00eb nga drejtor\u00ebt n\u00eb administrat\u00ebn komunale i cili gjithashtu dha dor\u00ebheqjen pak m\u00eb von\u00eb). Stacioni iu dha kompanis\u00eb \u201cKola\u0161in prevoz\u201d p\u00ebr p\u00ebrdorim me nj\u00eb \u00e7mim shum\u00eb t\u00eb ul\u00ebt (0.30-0.50 cent p\u00ebr met\u00ebr katror).<\/p>\n<p>&nbsp;<\/p>\n","protected":false},"excerpt":{"rendered":"<p>Mitrovic\u00eb Veriore, 9 korrik 2025 Stacioni i autobus\u00ebve n\u00eb Mitrovic\u00ebn e Veriut, i vendosur n\u00eb periferi t\u00eb qytetit, \u00ebsht\u00eb nj\u00eb nga vendet m\u00eb t\u00eb ngarkuara<\/p>\n","protected":false},"author":1,"featured_media":3095,"comment_status":"open","ping_status":"open","sticky":false,"template":"","format":"standard","meta":{"footnotes":""},"categories":[58],"tags":[],"class_list":["post-3093","post","type-post","status-publish","format-standard","has-post-thumbnail","hentry","category-politike-sq"],"yoast_head":"<!-- This site is optimized with the Yoast SEO plugin v25.3.1 - https:\/\/yoast.com\/wordpress\/plugins\/seo\/ -->\n<title>Nga fondet evropiane, te kontrolli i List\u00ebs Serbe: Skema e keqp\u00ebrdorimit t\u00eb stacionit t\u00eb autobus\u00ebve n\u00eb Mitrovic\u00ebn e Veriut -<\/title>\n<meta name=\"robots\" content=\"index, follow, max-snippet:-1, max-image-preview:large, max-video-preview:-1\" \/>\n<link rel=\"canonical\" href=\"https:\/\/veritasinfo.org\/?p=3093\" \/>\n<meta property=\"og:locale\" content=\"en_US\" \/>\n<meta property=\"og:type\" content=\"article\" \/>\n<meta property=\"og:title\" content=\"Nga fondet evropiane, te kontrolli i List\u00ebs Serbe: Skema e keqp\u00ebrdorimit t\u00eb stacionit t\u00eb autobus\u00ebve n\u00eb Mitrovic\u00ebn e Veriut -\" \/>\n<meta property=\"og:description\" content=\"Mitrovic\u00eb Veriore, 9 korrik 2025 Stacioni i autobus\u00ebve n\u00eb Mitrovic\u00ebn e Veriut, i vendosur n\u00eb periferi t\u00eb qytetit, \u00ebsht\u00eb nj\u00eb nga vendet m\u00eb t\u00eb ngarkuara\" \/>\n<meta property=\"og:url\" content=\"https:\/\/veritasinfo.org\/?p=3093\" \/>\n<meta property=\"article:published_time\" content=\"2025-07-09T08:10:26+00:00\" \/>\n<meta property=\"article:modified_time\" content=\"2025-07-09T08:15:23+00:00\" \/>\n<meta property=\"og:image\" content=\"https:\/\/veritasinfo.org\/wp-content\/uploads\/2025\/07\/IMG_1793-scaled.jpeg\" \/>\n\t<meta property=\"og:image:width\" content=\"2560\" \/>\n\t<meta property=\"og:image:height\" content=\"1152\" \/>\n\t<meta property=\"og:image:type\" content=\"image\/jpeg\" \/>\n<meta name=\"author\" content=\"admin\" \/>\n<meta name=\"twitter:card\" content=\"summary_large_image\" \/>\n<meta name=\"twitter:label1\" content=\"Written by\" \/>\n\t<meta name=\"twitter:data1\" content=\"admin\" \/>\n\t<meta name=\"twitter:label2\" content=\"Est. reading time\" \/>\n\t<meta name=\"twitter:data2\" content=\"2 minutes\" \/>\n<script type=\"application\/ld+json\" class=\"yoast-schema-graph\">{\"@context\":\"https:\/\/schema.org\",\"@graph\":[{\"@type\":\"WebPage\",\"@id\":\"https:\/\/veritasinfo.org\/?p=3093\",\"url\":\"https:\/\/veritasinfo.org\/?p=3093\",\"name\":\"Nga fondet evropiane, te kontrolli i List\u00ebs Serbe: Skema e keqp\u00ebrdorimit t\u00eb stacionit t\u00eb autobus\u00ebve n\u00eb Mitrovic\u00ebn e Veriut -\",\"isPartOf\":{\"@id\":\"https:\/\/veritasinfo.org\/#website\"},\"primaryImageOfPage\":{\"@id\":\"https:\/\/veritasinfo.org\/?p=3093#primaryimage\"},\"image\":{\"@id\":\"https:\/\/veritasinfo.org\/?p=3093#primaryimage\"},\"thumbnailUrl\":\"https:\/\/veritasinfo.org\/wp-content\/uploads\/2025\/07\/IMG_1793-scaled.jpeg\",\"datePublished\":\"2025-07-09T08:10:26+00:00\",\"dateModified\":\"2025-07-09T08:15:23+00:00\",\"author\":{\"@id\":\"https:\/\/veritasinfo.org\/#\/schema\/person\/7701f8c088bece422266b100a712374f\"},\"breadcrumb\":{\"@id\":\"https:\/\/veritasinfo.org\/?p=3093#breadcrumb\"},\"inLanguage\":\"en-US\",\"potentialAction\":[{\"@type\":\"ReadAction\",\"target\":[\"https:\/\/veritasinfo.org\/?p=3093\"]}]},{\"@type\":\"ImageObject\",\"inLanguage\":\"en-US\",\"@id\":\"https:\/\/veritasinfo.org\/?p=3093#primaryimage\",\"url\":\"https:\/\/veritasinfo.org\/wp-content\/uploads\/2025\/07\/IMG_1793-scaled.jpeg\",\"contentUrl\":\"https:\/\/veritasinfo.org\/wp-content\/uploads\/2025\/07\/IMG_1793-scaled.jpeg\",\"width\":2560,\"height\":1152},{\"@type\":\"BreadcrumbList\",\"@id\":\"https:\/\/veritasinfo.org\/?p=3093#breadcrumb\",\"itemListElement\":[{\"@type\":\"ListItem\",\"position\":1,\"name\":\"Home\",\"item\":\"https:\/\/veritasinfo.org\/\"},{\"@type\":\"ListItem\",\"position\":2,\"name\":\"Nga fondet evropiane, te kontrolli i List\u00ebs Serbe: Skema e keqp\u00ebrdorimit t\u00eb stacionit t\u00eb autobus\u00ebve n\u00eb Mitrovic\u00ebn e Veriut\"}]},{\"@type\":\"WebSite\",\"@id\":\"https:\/\/veritasinfo.org\/#website\",\"url\":\"https:\/\/veritasinfo.org\/\",\"name\":\"\",\"description\":\"\",\"potentialAction\":[{\"@type\":\"SearchAction\",\"target\":{\"@type\":\"EntryPoint\",\"urlTemplate\":\"https:\/\/veritasinfo.org\/?s={search_term_string}\"},\"query-input\":{\"@type\":\"PropertyValueSpecification\",\"valueRequired\":true,\"valueName\":\"search_term_string\"}}],\"inLanguage\":\"en-US\"},{\"@type\":\"Person\",\"@id\":\"https:\/\/veritasinfo.org\/#\/schema\/person\/7701f8c088bece422266b100a712374f\",\"name\":\"admin\",\"image\":{\"@type\":\"ImageObject\",\"inLanguage\":\"en-US\",\"@id\":\"https:\/\/veritasinfo.org\/#\/schema\/person\/image\/\",\"url\":\"https:\/\/secure.gravatar.com\/avatar\/ea53aa3bf6c9a12d5fde8ce4deff43fef3885ae33cf60184161a50d6987cfd2f?s=96&d=mm&r=g\",\"contentUrl\":\"https:\/\/secure.gravatar.com\/avatar\/ea53aa3bf6c9a12d5fde8ce4deff43fef3885ae33cf60184161a50d6987cfd2f?s=96&d=mm&r=g\",\"caption\":\"admin\"},\"sameAs\":[\"https:\/\/veritasinfo.org\"],\"url\":\"https:\/\/veritasinfo.org\/?author=1\"}]}<\/script>\n<!-- \/ Yoast SEO plugin. -->","yoast_head_json":{"title":"Nga fondet evropiane, te kontrolli i List\u00ebs Serbe: Skema e keqp\u00ebrdorimit t\u00eb stacionit t\u00eb autobus\u00ebve n\u00eb Mitrovic\u00ebn e Veriut -","robots":{"index":"index","follow":"follow","max-snippet":"max-snippet:-1","max-image-preview":"max-image-preview:large","max-video-preview":"max-video-preview:-1"},"canonical":"https:\/\/veritasinfo.org\/?p=3093","og_locale":"en_US","og_type":"article","og_title":"Nga fondet evropiane, te kontrolli i List\u00ebs Serbe: Skema e keqp\u00ebrdorimit t\u00eb stacionit t\u00eb autobus\u00ebve n\u00eb Mitrovic\u00ebn e Veriut -","og_description":"Mitrovic\u00eb Veriore, 9 korrik 2025 Stacioni i autobus\u00ebve n\u00eb Mitrovic\u00ebn e Veriut, i vendosur n\u00eb periferi t\u00eb qytetit, \u00ebsht\u00eb nj\u00eb nga vendet m\u00eb t\u00eb ngarkuara","og_url":"https:\/\/veritasinfo.org\/?p=3093","article_published_time":"2025-07-09T08:10:26+00:00","article_modified_time":"2025-07-09T08:15:23+00:00","og_image":[{"width":2560,"height":1152,"url":"https:\/\/veritasinfo.org\/wp-content\/uploads\/2025\/07\/IMG_1793-scaled.jpeg","type":"image\/jpeg"}],"author":"admin","twitter_card":"summary_large_image","twitter_misc":{"Written by":"admin","Est. reading time":"2 minutes"},"schema":{"@context":"https:\/\/schema.org","@graph":[{"@type":"WebPage","@id":"https:\/\/veritasinfo.org\/?p=3093","url":"https:\/\/veritasinfo.org\/?p=3093","name":"Nga fondet evropiane, te kontrolli i List\u00ebs Serbe: Skema e keqp\u00ebrdorimit t\u00eb stacionit t\u00eb autobus\u00ebve n\u00eb Mitrovic\u00ebn e Veriut -","isPartOf":{"@id":"https:\/\/veritasinfo.org\/#website"},"primaryImageOfPage":{"@id":"https:\/\/veritasinfo.org\/?p=3093#primaryimage"},"image":{"@id":"https:\/\/veritasinfo.org\/?p=3093#primaryimage"},"thumbnailUrl":"https:\/\/veritasinfo.org\/wp-content\/uploads\/2025\/07\/IMG_1793-scaled.jpeg","datePublished":"2025-07-09T08:10:26+00:00","dateModified":"2025-07-09T08:15:23+00:00","author":{"@id":"https:\/\/veritasinfo.org\/#\/schema\/person\/7701f8c088bece422266b100a712374f"},"breadcrumb":{"@id":"https:\/\/veritasinfo.org\/?p=3093#breadcrumb"},"inLanguage":"en-US","potentialAction":[{"@type":"ReadAction","target":["https:\/\/veritasinfo.org\/?p=3093"]}]},{"@type":"ImageObject","inLanguage":"en-US","@id":"https:\/\/veritasinfo.org\/?p=3093#primaryimage","url":"https:\/\/veritasinfo.org\/wp-content\/uploads\/2025\/07\/IMG_1793-scaled.jpeg","contentUrl":"https:\/\/veritasinfo.org\/wp-content\/uploads\/2025\/07\/IMG_1793-scaled.jpeg","width":2560,"height":1152},{"@type":"BreadcrumbList","@id":"https:\/\/veritasinfo.org\/?p=3093#breadcrumb","itemListElement":[{"@type":"ListItem","position":1,"name":"Home","item":"https:\/\/veritasinfo.org\/"},{"@type":"ListItem","position":2,"name":"Nga fondet evropiane, te kontrolli i List\u00ebs Serbe: Skema e keqp\u00ebrdorimit t\u00eb stacionit t\u00eb autobus\u00ebve n\u00eb Mitrovic\u00ebn e Veriut"}]},{"@type":"WebSite","@id":"https:\/\/veritasinfo.org\/#website","url":"https:\/\/veritasinfo.org\/","name":"","description":"","potentialAction":[{"@type":"SearchAction","target":{"@type":"EntryPoint","urlTemplate":"https:\/\/veritasinfo.org\/?s={search_term_string}"},"query-input":{"@type":"PropertyValueSpecification","valueRequired":true,"valueName":"search_term_string"}}],"inLanguage":"en-US"},{"@type":"Person","@id":"https:\/\/veritasinfo.org\/#\/schema\/person\/7701f8c088bece422266b100a712374f","name":"admin","image":{"@type":"ImageObject","inLanguage":"en-US","@id":"https:\/\/veritasinfo.org\/#\/schema\/person\/image\/","url":"https:\/\/secure.gravatar.com\/avatar\/ea53aa3bf6c9a12d5fde8ce4deff43fef3885ae33cf60184161a50d6987cfd2f?s=96&d=mm&r=g","contentUrl":"https:\/\/secure.gravatar.com\/avatar\/ea53aa3bf6c9a12d5fde8ce4deff43fef3885ae33cf60184161a50d6987cfd2f?s=96&d=mm&r=g","caption":"admin"},"sameAs":["https:\/\/veritasinfo.org"],"url":"https:\/\/veritasinfo.org\/?author=1"}]}},"featured_image_urls":{"full":["https:\/\/veritasinfo.org\/wp-content\/uploads\/2025\/07\/IMG_1793-scaled.jpeg",2560,1152,false],"thumbnail":["https:\/\/veritasinfo.org\/wp-content\/uploads\/2025\/07\/IMG_1793-150x150.jpeg",150,150,true],"medium":["https:\/\/veritasinfo.org\/wp-content\/uploads\/2025\/07\/IMG_1793-300x135.jpeg",300,135,true],"medium_large":["https:\/\/veritasinfo.org\/wp-content\/uploads\/2025\/07\/IMG_1793-768x345.jpeg",640,288,true],"large":["https:\/\/veritasinfo.org\/wp-content\/uploads\/2025\/07\/IMG_1793-1024x461.jpeg",640,288,true],"1536x1536":["https:\/\/veritasinfo.org\/wp-content\/uploads\/2025\/07\/IMG_1793-1536x691.jpeg",1536,691,true],"2048x2048":["https:\/\/veritasinfo.org\/wp-content\/uploads\/2025\/07\/IMG_1793-2048x921.jpeg",2048,921,true],"kreeti-slider-full":["https:\/\/veritasinfo.org\/wp-content\/uploads\/2025\/07\/IMG_1793-scaled.jpeg",1280,576,false],"kreeti-featured":["https:\/\/veritasinfo.org\/wp-content\/uploads\/2025\/07\/IMG_1793-scaled.jpeg",1024,461,false],"kreeti-medium":["https:\/\/veritasinfo.org\/wp-content\/uploads\/2025\/07\/IMG_1793-scaled.jpeg",720,324,false],"kreeti-medium-square":["https:\/\/veritasinfo.org\/wp-content\/uploads\/2025\/07\/IMG_1793-scaled.jpeg",350,158,false]},"author_info":{"info":["admin"]},"category_info":"<a href=\"https:\/\/veritasinfo.org\/?cat=58\" rel=\"category\">Politik\u00eb<\/a>","tag_info":"Politik\u00eb","comment_count":"0","_links":{"self":[{"href":"https:\/\/veritasinfo.org\/index.php?rest_route=\/wp\/v2\/posts\/3093","targetHints":{"allow":["GET"]}}],"collection":[{"href":"https:\/\/veritasinfo.org\/index.php?rest_route=\/wp\/v2\/posts"}],"about":[{"href":"https:\/\/veritasinfo.org\/index.php?rest_route=\/wp\/v2\/types\/post"}],"author":[{"embeddable":true,"href":"https:\/\/veritasinfo.org\/index.php?rest_route=\/wp\/v2\/users\/1"}],"replies":[{"embeddable":true,"href":"https:\/\/veritasinfo.org\/index.php?rest_route=%2Fwp%2Fv2%2Fcomments&post=3093"}],"version-history":[{"count":3,"href":"https:\/\/veritasinfo.org\/index.php?rest_route=\/wp\/v2\/posts\/3093\/revisions"}],"predecessor-version":[{"id":3104,"href":"https:\/\/veritasinfo.org\/index.php?rest_route=\/wp\/v2\/posts\/3093\/revisions\/3104"}],"wp:featuredmedia":[{"embeddable":true,"href":"https:\/\/veritasinfo.org\/index.php?rest_route=\/wp\/v2\/media\/3095"}],"wp:attachment":[{"href":"https:\/\/veritasinfo.org\/index.php?rest_route=%2Fwp%2Fv2%2Fmedia&parent=3093"}],"wp:term":[{"taxonomy":"category","embeddable":true,"href":"https:\/\/veritasinfo.org\/index.php?rest_route=%2Fwp%2Fv2%2Fcategories&post=3093"},{"taxonomy":"post_tag","embeddable":true,"href":"https:\/\/veritasinfo.org\/index.php?rest_route=%2Fwp%2Fv2%2Ftags&post=3093"}],"curies":[{"name":"wp","href":"https:\/\/api.w.org\/{rel}","templated":true}]}}