{"id":30896,"date":"2026-02-06T10:54:18","date_gmt":"2026-02-06T09:54:18","guid":{"rendered":"https:\/\/veritasinfo.org\/?p=30896"},"modified":"2026-02-06T10:54:18","modified_gmt":"2026-02-06T09:54:18","slug":"ovl-apel-veteraneve-te-mos-kaloj-neper-serbi","status":"publish","type":"post","link":"https:\/\/veritasinfo.org\/?p=30896","title":{"rendered":"OVL: Apel veteran\u00ebve t\u00eb mos kaloj n\u00ebp\u00ebr Serbi"},"content":{"rendered":"<p>Prishtin\u00eb 06 Shkurt 2026 10:53<\/p>\n<p>Gucati me lutje p\u00ebr qytetar\u00ebt: Mos kaloni n\u00ebp\u00ebr Serbi, nj\u00eb zot e di kur e lirojn\u00eb Llozhani. Pas arrestimit t\u00eb nj\u00eb tjet\u00ebr ish-ushtarit t\u00eb U\u00c7K-s\u00eb, Mithat Llozhani, nga autoritetet serbe, kryetari i Organizat\u00ebs s\u00eb Veteran\u00ebve t\u00eb Luft\u00ebs s\u00eb U\u00c7K-s\u00eb (OVL-U\u00c7K), Hysni Gucati, ka b\u00ebr\u00eb thirrje q\u00eb veteran\u00ebt, familjet e d\u00ebshmor\u00ebve dhe qytetar\u00ebt t\u00eb shmangin udh\u00ebtimin n\u00ebp\u00ebr territorin e Serbis\u00eb.<\/p>\n<p>Gucati ka paralajm\u00ebruar se ndalimet, sipas tij, po b\u00ebhen mbi baz\u00ebn e listave dhe verifikimeve nga ana e Serbis\u00eb, nd\u00ebrsa ministri i Pun\u00ebve t\u00eb Brendshme i Serbis\u00eb, Ivica Da\u00e7iq, ka paraqitur versionin zyrtar t\u00eb Beogradit, duke deklaruar se arrestimi \u00ebsht\u00eb b\u00ebr\u00eb n\u00ebn dyshimin p\u00ebr krime lufte kund\u00ebr popullat\u00ebs civile.<\/p>\n<p>\u201cKemi b\u00ebr\u00eb nj\u00eb apel veteran\u00ebve sidomos, familjeve t\u00eb d\u00ebshmor\u00ebve, mos i bini n\u00ebp\u00ebr territorin serb se duke par\u00eb k\u00ebto listat q\u00eb i ka Serbia, tash n\u00eb dor\u00eb q\u00eb i ka nd\u00ebrru, tani duke b\u00ebr\u00eb verifikim, vet\u00ebm duke i ndal\u00eb pjes\u00ebtar\u00ebt e U\u00c7K-s\u00eb. Edhe a i ndal\u00eb pjes\u00ebtar\u00ebt e U\u00c7K-s\u00eb vet\u00ebm me tregu pak forc\u00ebn q\u00eb un\u00eb e b\u00ebj k\u00ebt\u00eb pun\u00eb. Ka k\u00ebt\u00eb mund\u00ebsi me i ndal\u00eb njer\u00ebzit, nj\u00eb vit, dy vjet apo sa po i ndalin n\u00ebp\u00ebr burgje. Tani, un\u00eb nuk e di deri kur duhet me u bind veteran\u00ebt, apo te kur duhet me u vet\u00ebdij\u00ebsu, ne duke b\u00ebr\u00eb apel. Ne i kemi p\u00ebrbetu n\u00eb Zot, mos shkoni n\u00ebp\u00ebr territor t\u00eb Serbis\u00eb. As qytetar\u00eb \u00ebsht\u00eb mire mos me i ra, se l\u00ebre m\u00eb pjes\u00ebtar\u00eb t\u00eb U\u00c7K-s\u00eb me i ra n\u00ebp\u00ebr territorin serb me shku asajde\u201d, tha ai.Ai ka shtuar se ndalimet, sipas tij, po krijojn\u00eb stres t\u00eb madh p\u00ebr familjet dhe po i japin argumente Serbis\u00eb.<\/p>\n<p>\u201cTash le qe familja n\u00eb stres, e \u00ebsht\u00eb vet\u00eb n\u00eb stres, po nuk \u00ebsht\u00eb e hijshme me i dh\u00ebn\u00eb argumente shtetit serb me shku asajde. Edhe me t\u00eb blloku, tash nj\u00eb Zot e di kur i lirojn\u00eb ata. Un\u00eb e di q\u00eb e ka angazhuar nj\u00eb avokat ai, dje e kam d\u00ebgjuar p\u00ebrmes mediave elektronike dhe kam d\u00ebgjuar q\u00eb \u00ebsht\u00eb ndal\u00eb nj\u00eb pjes\u00ebtar i joni. Ai djali ka qen\u00eb n\u00eb Shqip\u00ebri nj\u00eb koh\u00eb t\u00eb shkurt\u00ebr, ka b\u00ebr\u00eb disa ushtrime, po me r\u00ebnd\u00ebsi veteran \u00ebsht\u00eb i U\u00c7K-s\u00eb. Nuk po muj me than\u00eb q\u00eb s\u2019\u00ebsht\u00eb. \u00cbsht\u00eb veteran, se ka qen\u00eb n\u00eb uniform\u00eb. K\u00ebshtu \u00ebsht\u00eb sakt\u00eb informacioni q\u00eb e kam, ve\u00e7 e di q\u00eb \u00ebsht\u00eb pjes\u00ebtar i U\u00c7K-s\u00eb. E di edhe un\u00eb e lypa n\u00eb listat e organizat\u00ebs s\u00eb veteran\u00ebve, \u00ebsht\u00eb pjes\u00ebtar i Ushtris\u00eb \u00c7lirimtare t\u00eb Kosov\u00ebs\u201d, tha ai.<\/p>\n<p>Gucati ka shprehur keqardhje p\u00ebr familjen e t\u00eb ndaluarit dhe ka ngritur shqet\u00ebsime lidhur me kartel\u00ebn e veteranit. \u201cM\u00eb vjen keq, m\u00eb s\u00eb pari p\u00ebr familjen e tij, p\u00ebr f\u00ebmij\u00ebt e tij, p\u00ebr at\u00eb, pse hyn n\u00ebp\u00ebr territor t\u00eb Serbis\u00eb. Edhe m\u00eb e keqja, po flitet, nuk jam i sigurt, gjithmon\u00eb po flas n\u00eb baz\u00eb mediave, q\u00eb atij ju paska z\u00ebn\u00eb edhe kartela e veteranit n\u00eb xhep. Kartela nuk i vyn\u00eb n\u00eb Gjermani, as n\u00eb Kroaci a s\u2019ka kund. Pse kartel\u00ebn me veti? K\u00ebshtu q\u00eb m\u00eb vjen keq n\u00ebse ju ka z\u00ebn\u00eb dhe kartela n\u00eb xhep, un\u00eb jam shum\u00eb keq p\u00ebr at\u00eb. K\u00ebshtu q\u00eb un\u00eb ju b\u00ebj apel edhe veteran\u00ebve, invalid\u00ebve e familjeve t\u00eb d\u00ebshmor\u00ebve mos bien pre e ktyne, e k\u00ebsaj rrug\u00ebs fam\u00ebkeqe p\u00ebr pjes\u00ebtar\u00ebt e Ushtris\u00eb \u00c7lirimtare t\u00eb Kosov\u00ebs q\u00eb jan\u00eb duke r\u00ebn\u00eb n\u00eb grackat e Serbis\u00eb\u201d, tha ai.<\/p>\n<p>Ish-ushtari i Ushtris\u00eb \u00c7lirimtare t\u00eb Kosov\u00ebs, Mithat Llozhani, \u00ebsht\u00eb arrestuar dje nga autoritetet serbe n\u00eb kufirin mes Serbis\u00eb dhe Koracis\u00eb dhe derisa po udh\u00ebtonte nga Gjermania drejt Serbis\u00eb. Ministri i Pun\u00ebve t\u00eb Brendshme t\u00eb Serbis\u00eb, Ivica Da\u00e7iq, ka dh\u00ebn\u00eb versionin zyrtar t\u00eb autoriteteve serbe lidhur me arrestimin dhe ndalimin e Mit\u2019hat Lozhanit, i cili sipas Organizat\u00ebs s\u00eb Veteran\u00ebve t\u00eb Luft\u00ebs s\u00eb U\u00c7K-s\u00eb (OVL U\u00c7K) \u00ebsht\u00eb ndaluar vet\u00ebm pse n\u00eb xhep i \u00ebsht\u00eb gjetur kartela e an\u00ebtar\u00ebsis\u00eb s\u00eb veteranit.<\/p>\n<p>Da\u00e7iq ka deklaruar se Lozhani \u00ebsht\u00eb arrestuar n\u00eb Pik\u00ebn Kufitare t\u00eb Batrovcit n\u00ebn dyshimin e bazuar se ka kryer vepr\u00ebn penale t\u00eb krimeve t\u00eb luft\u00ebs kund\u00ebr popullat\u00ebs civile.Kujtojm\u00eb q\u00eb m\u00eb 21 janar t\u00eb k\u00ebtij viti, \u00ebsht\u00eb liruar 77-vje\u00e7ari Haziri Haziri i cili ishte arrestuar m\u00eb 8 shtator t\u00eb 2025-s n\u00eb Merdar, po ashtu n\u00ebn pretendime p\u00ebr krime lufte.<\/p>\n","protected":false},"excerpt":{"rendered":"<p>Prishtin\u00eb 06 Shkurt 2026 10:53 Gucati me lutje p\u00ebr qytetar\u00ebt: Mos kaloni n\u00ebp\u00ebr Serbi, nj\u00eb zot e di kur e lirojn\u00eb Llozhani. Pas arrestimit t\u00eb<\/p>\n","protected":false},"author":6,"featured_media":30898,"comment_status":"open","ping_status":"open","sticky":false,"template":"","format":"standard","meta":{"footnotes":""},"categories":[60],"tags":[],"class_list":["post-30896","post","type-post","status-publish","format-standard","has-post-thumbnail","hentry","category-shoqerore-sq"],"yoast_head":"<!-- This site is optimized with the Yoast SEO plugin v25.3.1 - https:\/\/yoast.com\/wordpress\/plugins\/seo\/ -->\n<title>OVL: Apel veteran\u00ebve t\u00eb mos kaloj n\u00ebp\u00ebr Serbi -<\/title>\n<meta name=\"robots\" content=\"index, follow, max-snippet:-1, max-image-preview:large, max-video-preview:-1\" \/>\n<link rel=\"canonical\" href=\"https:\/\/veritasinfo.org\/?p=30896\" \/>\n<meta property=\"og:locale\" content=\"en_US\" \/>\n<meta property=\"og:type\" content=\"article\" \/>\n<meta property=\"og:title\" content=\"OVL: Apel veteran\u00ebve t\u00eb mos kaloj n\u00ebp\u00ebr Serbi -\" \/>\n<meta property=\"og:description\" content=\"Prishtin\u00eb 06 Shkurt 2026 10:53 Gucati me lutje p\u00ebr qytetar\u00ebt: Mos kaloni n\u00ebp\u00ebr Serbi, nj\u00eb zot e di kur e lirojn\u00eb Llozhani. Pas arrestimit t\u00eb\" \/>\n<meta property=\"og:url\" content=\"https:\/\/veritasinfo.org\/?p=30896\" \/>\n<meta property=\"article:published_time\" content=\"2026-02-06T09:54:18+00:00\" \/>\n<meta property=\"og:image\" content=\"https:\/\/veritasinfo.org\/wp-content\/uploads\/2026\/02\/gucati-600x360-1.jpg\" \/>\n\t<meta property=\"og:image:width\" content=\"600\" \/>\n\t<meta property=\"og:image:height\" content=\"360\" \/>\n\t<meta property=\"og:image:type\" content=\"image\/jpeg\" \/>\n<meta name=\"author\" content=\"US5\" \/>\n<meta name=\"twitter:card\" content=\"summary_large_image\" \/>\n<meta name=\"twitter:label1\" content=\"Written by\" \/>\n\t<meta name=\"twitter:data1\" content=\"US5\" \/>\n<script type=\"application\/ld+json\" class=\"yoast-schema-graph\">{\"@context\":\"https:\/\/schema.org\",\"@graph\":[{\"@type\":\"WebPage\",\"@id\":\"https:\/\/veritasinfo.org\/?p=30896\",\"url\":\"https:\/\/veritasinfo.org\/?p=30896\",\"name\":\"OVL: Apel veteran\u00ebve t\u00eb mos kaloj n\u00ebp\u00ebr Serbi -\",\"isPartOf\":{\"@id\":\"https:\/\/veritasinfo.org\/#website\"},\"primaryImageOfPage\":{\"@id\":\"https:\/\/veritasinfo.org\/?p=30896#primaryimage\"},\"image\":{\"@id\":\"https:\/\/veritasinfo.org\/?p=30896#primaryimage\"},\"thumbnailUrl\":\"https:\/\/veritasinfo.org\/wp-content\/uploads\/2026\/02\/gucati-600x360-1.jpg\",\"datePublished\":\"2026-02-06T09:54:18+00:00\",\"author\":{\"@id\":\"https:\/\/veritasinfo.org\/#\/schema\/person\/bc442336e35414d04494ab8fb45db4c6\"},\"breadcrumb\":{\"@id\":\"https:\/\/veritasinfo.org\/?p=30896#breadcrumb\"},\"inLanguage\":\"en-US\",\"potentialAction\":[{\"@type\":\"ReadAction\",\"target\":[\"https:\/\/veritasinfo.org\/?p=30896\"]}]},{\"@type\":\"ImageObject\",\"inLanguage\":\"en-US\",\"@id\":\"https:\/\/veritasinfo.org\/?p=30896#primaryimage\",\"url\":\"https:\/\/veritasinfo.org\/wp-content\/uploads\/2026\/02\/gucati-600x360-1.jpg\",\"contentUrl\":\"https:\/\/veritasinfo.org\/wp-content\/uploads\/2026\/02\/gucati-600x360-1.jpg\",\"width\":600,\"height\":360},{\"@type\":\"BreadcrumbList\",\"@id\":\"https:\/\/veritasinfo.org\/?p=30896#breadcrumb\",\"itemListElement\":[{\"@type\":\"ListItem\",\"position\":1,\"name\":\"Home\",\"item\":\"https:\/\/veritasinfo.org\/\"},{\"@type\":\"ListItem\",\"position\":2,\"name\":\"OVL: Apel veteran\u00ebve t\u00eb mos kaloj n\u00ebp\u00ebr Serbi\"}]},{\"@type\":\"WebSite\",\"@id\":\"https:\/\/veritasinfo.org\/#website\",\"url\":\"https:\/\/veritasinfo.org\/\",\"name\":\"\",\"description\":\"\",\"potentialAction\":[{\"@type\":\"SearchAction\",\"target\":{\"@type\":\"EntryPoint\",\"urlTemplate\":\"https:\/\/veritasinfo.org\/?s={search_term_string}\"},\"query-input\":{\"@type\":\"PropertyValueSpecification\",\"valueRequired\":true,\"valueName\":\"search_term_string\"}}],\"inLanguage\":\"en-US\"},{\"@type\":\"Person\",\"@id\":\"https:\/\/veritasinfo.org\/#\/schema\/person\/bc442336e35414d04494ab8fb45db4c6\",\"name\":\"US5\",\"image\":{\"@type\":\"ImageObject\",\"inLanguage\":\"en-US\",\"@id\":\"https:\/\/veritasinfo.org\/#\/schema\/person\/image\/\",\"url\":\"https:\/\/secure.gravatar.com\/avatar\/16a61e7272a0c5d001121ebb9e60e925d5816e4ac1e443ed3e640d9a6ae55d0c?s=96&d=mm&r=g\",\"contentUrl\":\"https:\/\/secure.gravatar.com\/avatar\/16a61e7272a0c5d001121ebb9e60e925d5816e4ac1e443ed3e640d9a6ae55d0c?s=96&d=mm&r=g\",\"caption\":\"US5\"},\"url\":\"https:\/\/veritasinfo.org\/?author=6\"}]}<\/script>\n<!-- \/ Yoast SEO plugin. -->","yoast_head_json":{"title":"OVL: Apel veteran\u00ebve t\u00eb mos kaloj n\u00ebp\u00ebr Serbi -","robots":{"index":"index","follow":"follow","max-snippet":"max-snippet:-1","max-image-preview":"max-image-preview:large","max-video-preview":"max-video-preview:-1"},"canonical":"https:\/\/veritasinfo.org\/?p=30896","og_locale":"en_US","og_type":"article","og_title":"OVL: Apel veteran\u00ebve t\u00eb mos kaloj n\u00ebp\u00ebr Serbi -","og_description":"Prishtin\u00eb 06 Shkurt 2026 10:53 Gucati me lutje p\u00ebr qytetar\u00ebt: Mos kaloni n\u00ebp\u00ebr Serbi, nj\u00eb zot e di kur e lirojn\u00eb Llozhani. Pas arrestimit t\u00eb","og_url":"https:\/\/veritasinfo.org\/?p=30896","article_published_time":"2026-02-06T09:54:18+00:00","og_image":[{"width":600,"height":360,"url":"https:\/\/veritasinfo.org\/wp-content\/uploads\/2026\/02\/gucati-600x360-1.jpg","type":"image\/jpeg"}],"author":"US5","twitter_card":"summary_large_image","twitter_misc":{"Written by":"US5"},"schema":{"@context":"https:\/\/schema.org","@graph":[{"@type":"WebPage","@id":"https:\/\/veritasinfo.org\/?p=30896","url":"https:\/\/veritasinfo.org\/?p=30896","name":"OVL: Apel veteran\u00ebve t\u00eb mos kaloj n\u00ebp\u00ebr Serbi -","isPartOf":{"@id":"https:\/\/veritasinfo.org\/#website"},"primaryImageOfPage":{"@id":"https:\/\/veritasinfo.org\/?p=30896#primaryimage"},"image":{"@id":"https:\/\/veritasinfo.org\/?p=30896#primaryimage"},"thumbnailUrl":"https:\/\/veritasinfo.org\/wp-content\/uploads\/2026\/02\/gucati-600x360-1.jpg","datePublished":"2026-02-06T09:54:18+00:00","author":{"@id":"https:\/\/veritasinfo.org\/#\/schema\/person\/bc442336e35414d04494ab8fb45db4c6"},"breadcrumb":{"@id":"https:\/\/veritasinfo.org\/?p=30896#breadcrumb"},"inLanguage":"en-US","potentialAction":[{"@type":"ReadAction","target":["https:\/\/veritasinfo.org\/?p=30896"]}]},{"@type":"ImageObject","inLanguage":"en-US","@id":"https:\/\/veritasinfo.org\/?p=30896#primaryimage","url":"https:\/\/veritasinfo.org\/wp-content\/uploads\/2026\/02\/gucati-600x360-1.jpg","contentUrl":"https:\/\/veritasinfo.org\/wp-content\/uploads\/2026\/02\/gucati-600x360-1.jpg","width":600,"height":360},{"@type":"BreadcrumbList","@id":"https:\/\/veritasinfo.org\/?p=30896#breadcrumb","itemListElement":[{"@type":"ListItem","position":1,"name":"Home","item":"https:\/\/veritasinfo.org\/"},{"@type":"ListItem","position":2,"name":"OVL: Apel veteran\u00ebve t\u00eb mos kaloj n\u00ebp\u00ebr Serbi"}]},{"@type":"WebSite","@id":"https:\/\/veritasinfo.org\/#website","url":"https:\/\/veritasinfo.org\/","name":"","description":"","potentialAction":[{"@type":"SearchAction","target":{"@type":"EntryPoint","urlTemplate":"https:\/\/veritasinfo.org\/?s={search_term_string}"},"query-input":{"@type":"PropertyValueSpecification","valueRequired":true,"valueName":"search_term_string"}}],"inLanguage":"en-US"},{"@type":"Person","@id":"https:\/\/veritasinfo.org\/#\/schema\/person\/bc442336e35414d04494ab8fb45db4c6","name":"US5","image":{"@type":"ImageObject","inLanguage":"en-US","@id":"https:\/\/veritasinfo.org\/#\/schema\/person\/image\/","url":"https:\/\/secure.gravatar.com\/avatar\/16a61e7272a0c5d001121ebb9e60e925d5816e4ac1e443ed3e640d9a6ae55d0c?s=96&d=mm&r=g","contentUrl":"https:\/\/secure.gravatar.com\/avatar\/16a61e7272a0c5d001121ebb9e60e925d5816e4ac1e443ed3e640d9a6ae55d0c?s=96&d=mm&r=g","caption":"US5"},"url":"https:\/\/veritasinfo.org\/?author=6"}]}},"featured_image_urls":{"full":["https:\/\/veritasinfo.org\/wp-content\/uploads\/2026\/02\/gucati-600x360-1.jpg",600,360,false],"thumbnail":["https:\/\/veritasinfo.org\/wp-content\/uploads\/2026\/02\/gucati-600x360-1-150x150.jpg",150,150,true],"medium":["https:\/\/veritasinfo.org\/wp-content\/uploads\/2026\/02\/gucati-600x360-1-300x180.jpg",300,180,true],"medium_large":["https:\/\/veritasinfo.org\/wp-content\/uploads\/2026\/02\/gucati-600x360-1.jpg",600,360,false],"large":["https:\/\/veritasinfo.org\/wp-content\/uploads\/2026\/02\/gucati-600x360-1.jpg",600,360,false],"1536x1536":["https:\/\/veritasinfo.org\/wp-content\/uploads\/2026\/02\/gucati-600x360-1.jpg",600,360,false],"2048x2048":["https:\/\/veritasinfo.org\/wp-content\/uploads\/2026\/02\/gucati-600x360-1.jpg",600,360,false],"kreeti-slider-full":["https:\/\/veritasinfo.org\/wp-content\/uploads\/2026\/02\/gucati-600x360-1.jpg",600,360,false],"kreeti-featured":["https:\/\/veritasinfo.org\/wp-content\/uploads\/2026\/02\/gucati-600x360-1.jpg",600,360,false],"kreeti-medium":["https:\/\/veritasinfo.org\/wp-content\/uploads\/2026\/02\/gucati-600x360-1.jpg",600,360,false],"kreeti-medium-square":["https:\/\/veritasinfo.org\/wp-content\/uploads\/2026\/02\/gucati-600x360-1.jpg",350,210,false]},"author_info":{"info":["US5"]},"category_info":"<a href=\"https:\/\/veritasinfo.org\/?cat=60\" rel=\"category\">Shoq\u00ebrore<\/a>","tag_info":"Shoq\u00ebrore","comment_count":"0","_links":{"self":[{"href":"https:\/\/veritasinfo.org\/index.php?rest_route=\/wp\/v2\/posts\/30896","targetHints":{"allow":["GET"]}}],"collection":[{"href":"https:\/\/veritasinfo.org\/index.php?rest_route=\/wp\/v2\/posts"}],"about":[{"href":"https:\/\/veritasinfo.org\/index.php?rest_route=\/wp\/v2\/types\/post"}],"author":[{"embeddable":true,"href":"https:\/\/veritasinfo.org\/index.php?rest_route=\/wp\/v2\/users\/6"}],"replies":[{"embeddable":true,"href":"https:\/\/veritasinfo.org\/index.php?rest_route=%2Fwp%2Fv2%2Fcomments&post=30896"}],"version-history":[{"count":1,"href":"https:\/\/veritasinfo.org\/index.php?rest_route=\/wp\/v2\/posts\/30896\/revisions"}],"predecessor-version":[{"id":30899,"href":"https:\/\/veritasinfo.org\/index.php?rest_route=\/wp\/v2\/posts\/30896\/revisions\/30899"}],"wp:featuredmedia":[{"embeddable":true,"href":"https:\/\/veritasinfo.org\/index.php?rest_route=\/wp\/v2\/media\/30898"}],"wp:attachment":[{"href":"https:\/\/veritasinfo.org\/index.php?rest_route=%2Fwp%2Fv2%2Fmedia&parent=30896"}],"wp:term":[{"taxonomy":"category","embeddable":true,"href":"https:\/\/veritasinfo.org\/index.php?rest_route=%2Fwp%2Fv2%2Fcategories&post=30896"},{"taxonomy":"post_tag","embeddable":true,"href":"https:\/\/veritasinfo.org\/index.php?rest_route=%2Fwp%2Fv2%2Ftags&post=30896"}],"curies":[{"name":"wp","href":"https:\/\/api.w.org\/{rel}","templated":true}]}}