{"id":30873,"date":"2026-02-06T08:37:02","date_gmt":"2026-02-06T07:37:02","guid":{"rendered":"https:\/\/veritasinfo.org\/?p=30873"},"modified":"2026-02-06T08:37:02","modified_gmt":"2026-02-06T07:37:02","slug":"milano-2026-nje-olimpiade-qe-ben-thirrje-per-paqe-ne-nje-bote-ne-perplasje","status":"publish","type":"post","link":"https:\/\/veritasinfo.org\/?p=30873","title":{"rendered":"Milano 2026, nj\u00eb olimpiad\u00eb q\u00eb b\u00ebn thirrje p\u00ebr paqe n\u00eb nj\u00eb bot\u00eb n\u00eb p\u00ebrplasje"},"content":{"rendered":"<p>Prishtin\u00eb 06 Shkurt 2026 08:34<br \/>\nOlimpiada dim\u00ebrore Milano\u2013Cortina 2026, q\u00eb fillon sot, zhvillohet n\u00eb nj\u00eb moment historik t\u00eb ngarkuar me tensione, kur rendi nd\u00ebrkomb\u00ebtar duket gjithnj\u00eb e m\u00eb i brisht\u00eb dhe konfliktet po rikthehen si mjet i zakonsh\u00ebm i politik\u00ebs globale.<\/p>\n<p>N\u00eb k\u00ebt\u00eb klim\u00eb pasigurie, Loj\u00ebrat Olimpike shfaqen jo vet\u00ebm si nj\u00eb ngjarje sportive, por si nj\u00eb simbol i rrall\u00eb i bashkimit dhe i vlerave t\u00eb p\u00ebrbashk\u00ebta njer\u00ebzore, sipas Euronews.<\/p>\n<p>Italia, vend prit\u00ebs i olimpiad\u00ebs, p\u00ebrpiqet ta shnd\u00ebrroj\u00eb k\u00ebt\u00eb edicion n\u00eb nj\u00eb fest\u00eb q\u00eb shkon p\u00ebrtej sportit, duke nd\u00ebrthurur tradit\u00ebn olimpike me kultur\u00ebn, historin\u00eb dhe mikpritjen q\u00eb e karakterizon.<\/p>\n<p>Milano dhe Cortina d\u2019Ampezzo nuk ofrojn\u00eb vet\u00ebm pista gare dhe arena sportive, por nj\u00eb hap\u00ebsir\u00eb ku kombet mblidhen n\u00eb kushte barazie, larg logjik\u00ebs s\u00eb p\u00ebrplasjes dhe armiq\u00ebsis\u00eb.<\/p>\n<p>Q\u00eb nga zanafilla e tyre n\u00eb Greqin\u00eb e lasht\u00eb, Loj\u00ebrat Olimpike jan\u00eb menduar si nj\u00eb institucion paqeje.<\/p>\n<p>Ato shoq\u00ebroheshin nga Arm\u00ebpushimi Olimpik, nj\u00eb marr\u00ebveshje e shenjt\u00eb q\u00eb detyronte qytet-shtetet t\u00eb ndalonin luft\u00ebrat dhe t\u00eb garantonin sigurin\u00eb e atlet\u00ebve dhe t\u00eb udh\u00ebtar\u00ebve gjat\u00eb zhvillimit t\u00eb Loj\u00ebrave.<\/p>\n<p>P\u00ebr m\u00eb shum\u00eb se 1 000 vjet, ky arm\u00ebpushim u respektua dhe u zbatua edhe ndaj fuqive m\u00eb t\u00eb m\u00ebdha t\u00eb koh\u00ebs, duke treguar se edhe n\u00eb nj\u00eb bot\u00eb t\u00eb dominuar nga rivalitetet, vlerat e p\u00ebrbashk\u00ebta mund t\u00eb vendosen mbi interesat e ngushta politike dhe ushtarake.<\/p>\n<p>N\u00eb dallim nga arenat romake, ku dhuna dhe dominimi ishin pjes\u00eb e spektaklit, Olimpiada p\u00ebrfaq\u00ebsonte nj\u00eb vizion alternativ t\u00eb qytet\u00ebrimit.<\/p>\n<p>Ajo lart\u00ebsonte konkurrenc\u00ebn paq\u00ebsore, dinjitetin njer\u00ebzor dhe ekselenc\u00ebn, duke e par\u00eb forc\u00ebn jo si mjet shtypjeje, por si shprehje t\u00eb disiplin\u00ebs dhe vet\u00ebp\u00ebrmbajtjes.<\/p>\n<p>Sot, ky vizion p\u00ebrballet me sfida serioze.<\/p>\n<p>Lufta n\u00eb Ukrain\u00eb, krizat humanitare n\u00eb Gaza, konfliktet e vazhdueshme n\u00eb Lindjen e Mesme, Afrik\u00eb dhe rajone t\u00eb tjera tregojn\u00eb se ideja se forca b\u00ebn t\u00eb drejt\u00ebn po rikthehet rreziksh\u00ebm n\u00eb sken\u00ebn nd\u00ebrkomb\u00ebtare.<\/p>\n<p>Ringjallja e Olimpiad\u00ebs moderne n\u00eb vitin 1896 u frym\u00ebzua pik\u00ebrisht nga d\u00ebshira p\u00ebr t\u2019i kund\u00ebrv\u00ebn\u00eb k\u00ebsaj logjike nj\u00eb model tjet\u00ebr marr\u00ebdh\u00ebniesh mes kombeve.<\/p>\n<p>Sporti u pa si nj\u00eb mjet edukimi, dialogu dhe nd\u00ebrtimi besimi, jo si nj\u00eb iluzion idealist, por si nj\u00eb nevoj\u00eb reale p\u00ebr bashk\u00ebjetes\u00eb n\u00eb nj\u00eb bot\u00eb t\u00eb nd\u00ebrlidhur.<\/p>\n<p>Historia moderne ofron shembuj konkret\u00eb t\u00eb k\u00ebtij roli.<\/p>\n<p>N\u00eb disa raste, gjat\u00eb olimpiadave jan\u00eb hapur korridore humanitare, jan\u00eb shmangur p\u00ebrplasje ushtarake dhe jan\u00eb krijuar kushte p\u00ebr komunikim diplomatik mes pal\u00ebve n\u00eb konflikt, duke d\u00ebshmuar se sporti mund t\u00eb krijoj\u00eb hap\u00ebsira t\u00eb p\u00ebrkohshme paqeje.<\/p>\n<p>N\u00eb nj\u00eb epok\u00eb t\u00eb sfidave globale, ku ndryshimet klimatike, pabarazit\u00eb sociale, migracioni masiv dhe zhvillimi i shpejt\u00eb teknologjik po ndryshojn\u00eb jet\u00ebn e njer\u00ebzve, zgjidhjet nuk mund t\u00eb vijn\u00eb nga konfrontimi dhe politika me rezultat zero.<\/p>\n<p>Ato k\u00ebrkojn\u00eb bashk\u00ebpunim, besim dhe institucione t\u00eb forta shum\u00ebpal\u00ebshe.<\/p>\n<p>Evropa e njeh k\u00ebt\u00eb realitet m\u00eb mir\u00eb se kushdo tjet\u00ebr. E nd\u00ebrtuar mbi p\u00ebrvoj\u00ebn shkat\u00ebrruese t\u00eb dy luft\u00ebrave bot\u00ebrore, ajo u konceptua si nj\u00eb projekt paqeje i bazuar n\u00eb ligj, dialog dhe respekt t\u00eb nd\u00ebrsjell\u00eb, parime q\u00eb sot po vihen n\u00eb prov\u00eb nga krizat e reja.<\/p>\n<p>N\u00eb k\u00ebt\u00eb kontekst, olimpiada e Milano\u2013Cortinas fiton nj\u00eb dometh\u00ebnie q\u00eb shkon p\u00ebrtej medaljeve, rekordeve dhe ceremonive.<\/p>\n<p>Ajo ofron nj\u00eb moment reflektimi p\u00ebr rolin e Evrop\u00ebs dhe t\u00eb komunitetit nd\u00ebrkomb\u00ebtar n\u00eb mbrojtjen e paqes dhe t\u00eb rendit t\u00eb bazuar n\u00eb rregulla.<\/p>\n<p>Thirrja p\u00ebr respektimin e Arm\u00ebpushimit Olimpik, e mb\u00ebshtetur nga Kombet e Bashkuara dhe nga 165 shtete, e forcon k\u00ebt\u00eb mesazh, duke e kthyer olimpiad\u00ebn n\u00eb nj\u00eb apel simbolik p\u00ebr vet\u00ebp\u00ebrmbajtje, dialog dhe toleranc\u00eb n\u00eb nj\u00eb bot\u00eb t\u00eb p\u00ebr\u00e7ar\u00eb.<\/p>\n<p>Milano\u2013Cortina 2026 mund t\u00eb mbetet n\u00eb kujtes\u00eb jo vet\u00ebm p\u00ebr sukseset sportive, por edhe si nj\u00eb kujtes\u00eb se njer\u00ebzimi ka ende zgjedhje.<\/p>\n<p>N\u00eb nj\u00eb koh\u00eb kur frika dhe forca po fitojn\u00eb terren, kjo olimpiad\u00eb ofron nj\u00eb sken\u00eb ku dinjiteti, bashk\u00ebpunimi dhe p\u00ebrgjegj\u00ebsia e p\u00ebrbashk\u00ebt mund t\u00eb riafirmohen si themele t\u00eb qytet\u00ebrimit modern.<\/p>\n","protected":false},"excerpt":{"rendered":"<p>Prishtin\u00eb 06 Shkurt 2026 08:34 Olimpiada dim\u00ebrore Milano\u2013Cortina 2026, q\u00eb fillon sot, zhvillohet n\u00eb nj\u00eb moment historik t\u00eb ngarkuar me tensione, kur rendi nd\u00ebrkomb\u00ebtar duket<\/p>\n","protected":false},"author":6,"featured_media":30874,"comment_status":"open","ping_status":"open","sticky":false,"template":"","format":"standard","meta":{"footnotes":""},"categories":[5],"tags":[],"class_list":["post-30873","post","type-post","status-publish","format-standard","has-post-thumbnail","hentry","category-sport-sq"],"yoast_head":"<!-- This site is optimized with the Yoast SEO plugin v25.3.1 - https:\/\/yoast.com\/wordpress\/plugins\/seo\/ -->\n<title>Milano 2026, nj\u00eb olimpiad\u00eb q\u00eb b\u00ebn thirrje p\u00ebr paqe n\u00eb nj\u00eb bot\u00eb n\u00eb p\u00ebrplasje -<\/title>\n<meta name=\"robots\" content=\"index, follow, max-snippet:-1, max-image-preview:large, max-video-preview:-1\" \/>\n<link rel=\"canonical\" href=\"https:\/\/veritasinfo.org\/?p=30873\" \/>\n<meta property=\"og:locale\" content=\"en_US\" \/>\n<meta property=\"og:type\" content=\"article\" \/>\n<meta property=\"og:title\" content=\"Milano 2026, nj\u00eb olimpiad\u00eb q\u00eb b\u00ebn thirrje p\u00ebr paqe n\u00eb nj\u00eb bot\u00eb n\u00eb p\u00ebrplasje -\" \/>\n<meta property=\"og:description\" content=\"Prishtin\u00eb 06 Shkurt 2026 08:34 Olimpiada dim\u00ebrore Milano\u2013Cortina 2026, q\u00eb fillon sot, zhvillohet n\u00eb nj\u00eb moment historik t\u00eb ngarkuar me tensione, kur rendi nd\u00ebrkomb\u00ebtar duket\" \/>\n<meta property=\"og:url\" content=\"https:\/\/veritasinfo.org\/?p=30873\" \/>\n<meta property=\"article:published_time\" content=\"2026-02-06T07:37:02+00:00\" \/>\n<meta property=\"og:image\" content=\"https:\/\/veritasinfo.org\/wp-content\/uploads\/2026\/02\/716356-sZQ9zz6KhB.jpg\" \/>\n\t<meta property=\"og:image:width\" content=\"780\" \/>\n\t<meta property=\"og:image:height\" content=\"500\" \/>\n\t<meta property=\"og:image:type\" content=\"image\/jpeg\" \/>\n<meta name=\"author\" content=\"US5\" \/>\n<meta name=\"twitter:card\" content=\"summary_large_image\" \/>\n<meta name=\"twitter:label1\" content=\"Written by\" \/>\n\t<meta name=\"twitter:data1\" content=\"US5\" \/>\n<script type=\"application\/ld+json\" class=\"yoast-schema-graph\">{\"@context\":\"https:\/\/schema.org\",\"@graph\":[{\"@type\":\"WebPage\",\"@id\":\"https:\/\/veritasinfo.org\/?p=30873\",\"url\":\"https:\/\/veritasinfo.org\/?p=30873\",\"name\":\"Milano 2026, nj\u00eb olimpiad\u00eb q\u00eb b\u00ebn thirrje p\u00ebr paqe n\u00eb nj\u00eb bot\u00eb n\u00eb p\u00ebrplasje -\",\"isPartOf\":{\"@id\":\"https:\/\/veritasinfo.org\/#website\"},\"primaryImageOfPage\":{\"@id\":\"https:\/\/veritasinfo.org\/?p=30873#primaryimage\"},\"image\":{\"@id\":\"https:\/\/veritasinfo.org\/?p=30873#primaryimage\"},\"thumbnailUrl\":\"https:\/\/veritasinfo.org\/wp-content\/uploads\/2026\/02\/716356-sZQ9zz6KhB.jpg\",\"datePublished\":\"2026-02-06T07:37:02+00:00\",\"author\":{\"@id\":\"https:\/\/veritasinfo.org\/#\/schema\/person\/bc442336e35414d04494ab8fb45db4c6\"},\"breadcrumb\":{\"@id\":\"https:\/\/veritasinfo.org\/?p=30873#breadcrumb\"},\"inLanguage\":\"en-US\",\"potentialAction\":[{\"@type\":\"ReadAction\",\"target\":[\"https:\/\/veritasinfo.org\/?p=30873\"]}]},{\"@type\":\"ImageObject\",\"inLanguage\":\"en-US\",\"@id\":\"https:\/\/veritasinfo.org\/?p=30873#primaryimage\",\"url\":\"https:\/\/veritasinfo.org\/wp-content\/uploads\/2026\/02\/716356-sZQ9zz6KhB.jpg\",\"contentUrl\":\"https:\/\/veritasinfo.org\/wp-content\/uploads\/2026\/02\/716356-sZQ9zz6KhB.jpg\",\"width\":780,\"height\":500},{\"@type\":\"BreadcrumbList\",\"@id\":\"https:\/\/veritasinfo.org\/?p=30873#breadcrumb\",\"itemListElement\":[{\"@type\":\"ListItem\",\"position\":1,\"name\":\"Home\",\"item\":\"https:\/\/veritasinfo.org\/\"},{\"@type\":\"ListItem\",\"position\":2,\"name\":\"Milano 2026, nj\u00eb olimpiad\u00eb q\u00eb b\u00ebn thirrje p\u00ebr paqe n\u00eb nj\u00eb bot\u00eb n\u00eb p\u00ebrplasje\"}]},{\"@type\":\"WebSite\",\"@id\":\"https:\/\/veritasinfo.org\/#website\",\"url\":\"https:\/\/veritasinfo.org\/\",\"name\":\"\",\"description\":\"\",\"potentialAction\":[{\"@type\":\"SearchAction\",\"target\":{\"@type\":\"EntryPoint\",\"urlTemplate\":\"https:\/\/veritasinfo.org\/?s={search_term_string}\"},\"query-input\":{\"@type\":\"PropertyValueSpecification\",\"valueRequired\":true,\"valueName\":\"search_term_string\"}}],\"inLanguage\":\"en-US\"},{\"@type\":\"Person\",\"@id\":\"https:\/\/veritasinfo.org\/#\/schema\/person\/bc442336e35414d04494ab8fb45db4c6\",\"name\":\"US5\",\"image\":{\"@type\":\"ImageObject\",\"inLanguage\":\"en-US\",\"@id\":\"https:\/\/veritasinfo.org\/#\/schema\/person\/image\/\",\"url\":\"https:\/\/secure.gravatar.com\/avatar\/16a61e7272a0c5d001121ebb9e60e925d5816e4ac1e443ed3e640d9a6ae55d0c?s=96&d=mm&r=g\",\"contentUrl\":\"https:\/\/secure.gravatar.com\/avatar\/16a61e7272a0c5d001121ebb9e60e925d5816e4ac1e443ed3e640d9a6ae55d0c?s=96&d=mm&r=g\",\"caption\":\"US5\"},\"url\":\"https:\/\/veritasinfo.org\/?author=6\"}]}<\/script>\n<!-- \/ Yoast SEO plugin. -->","yoast_head_json":{"title":"Milano 2026, nj\u00eb olimpiad\u00eb q\u00eb b\u00ebn thirrje p\u00ebr paqe n\u00eb nj\u00eb bot\u00eb n\u00eb p\u00ebrplasje -","robots":{"index":"index","follow":"follow","max-snippet":"max-snippet:-1","max-image-preview":"max-image-preview:large","max-video-preview":"max-video-preview:-1"},"canonical":"https:\/\/veritasinfo.org\/?p=30873","og_locale":"en_US","og_type":"article","og_title":"Milano 2026, nj\u00eb olimpiad\u00eb q\u00eb b\u00ebn thirrje p\u00ebr paqe n\u00eb nj\u00eb bot\u00eb n\u00eb p\u00ebrplasje -","og_description":"Prishtin\u00eb 06 Shkurt 2026 08:34 Olimpiada dim\u00ebrore Milano\u2013Cortina 2026, q\u00eb fillon sot, zhvillohet n\u00eb nj\u00eb moment historik t\u00eb ngarkuar me tensione, kur rendi nd\u00ebrkomb\u00ebtar duket","og_url":"https:\/\/veritasinfo.org\/?p=30873","article_published_time":"2026-02-06T07:37:02+00:00","og_image":[{"width":780,"height":500,"url":"https:\/\/veritasinfo.org\/wp-content\/uploads\/2026\/02\/716356-sZQ9zz6KhB.jpg","type":"image\/jpeg"}],"author":"US5","twitter_card":"summary_large_image","twitter_misc":{"Written by":"US5"},"schema":{"@context":"https:\/\/schema.org","@graph":[{"@type":"WebPage","@id":"https:\/\/veritasinfo.org\/?p=30873","url":"https:\/\/veritasinfo.org\/?p=30873","name":"Milano 2026, nj\u00eb olimpiad\u00eb q\u00eb b\u00ebn thirrje p\u00ebr paqe n\u00eb nj\u00eb bot\u00eb n\u00eb p\u00ebrplasje -","isPartOf":{"@id":"https:\/\/veritasinfo.org\/#website"},"primaryImageOfPage":{"@id":"https:\/\/veritasinfo.org\/?p=30873#primaryimage"},"image":{"@id":"https:\/\/veritasinfo.org\/?p=30873#primaryimage"},"thumbnailUrl":"https:\/\/veritasinfo.org\/wp-content\/uploads\/2026\/02\/716356-sZQ9zz6KhB.jpg","datePublished":"2026-02-06T07:37:02+00:00","author":{"@id":"https:\/\/veritasinfo.org\/#\/schema\/person\/bc442336e35414d04494ab8fb45db4c6"},"breadcrumb":{"@id":"https:\/\/veritasinfo.org\/?p=30873#breadcrumb"},"inLanguage":"en-US","potentialAction":[{"@type":"ReadAction","target":["https:\/\/veritasinfo.org\/?p=30873"]}]},{"@type":"ImageObject","inLanguage":"en-US","@id":"https:\/\/veritasinfo.org\/?p=30873#primaryimage","url":"https:\/\/veritasinfo.org\/wp-content\/uploads\/2026\/02\/716356-sZQ9zz6KhB.jpg","contentUrl":"https:\/\/veritasinfo.org\/wp-content\/uploads\/2026\/02\/716356-sZQ9zz6KhB.jpg","width":780,"height":500},{"@type":"BreadcrumbList","@id":"https:\/\/veritasinfo.org\/?p=30873#breadcrumb","itemListElement":[{"@type":"ListItem","position":1,"name":"Home","item":"https:\/\/veritasinfo.org\/"},{"@type":"ListItem","position":2,"name":"Milano 2026, nj\u00eb olimpiad\u00eb q\u00eb b\u00ebn thirrje p\u00ebr paqe n\u00eb nj\u00eb bot\u00eb n\u00eb p\u00ebrplasje"}]},{"@type":"WebSite","@id":"https:\/\/veritasinfo.org\/#website","url":"https:\/\/veritasinfo.org\/","name":"","description":"","potentialAction":[{"@type":"SearchAction","target":{"@type":"EntryPoint","urlTemplate":"https:\/\/veritasinfo.org\/?s={search_term_string}"},"query-input":{"@type":"PropertyValueSpecification","valueRequired":true,"valueName":"search_term_string"}}],"inLanguage":"en-US"},{"@type":"Person","@id":"https:\/\/veritasinfo.org\/#\/schema\/person\/bc442336e35414d04494ab8fb45db4c6","name":"US5","image":{"@type":"ImageObject","inLanguage":"en-US","@id":"https:\/\/veritasinfo.org\/#\/schema\/person\/image\/","url":"https:\/\/secure.gravatar.com\/avatar\/16a61e7272a0c5d001121ebb9e60e925d5816e4ac1e443ed3e640d9a6ae55d0c?s=96&d=mm&r=g","contentUrl":"https:\/\/secure.gravatar.com\/avatar\/16a61e7272a0c5d001121ebb9e60e925d5816e4ac1e443ed3e640d9a6ae55d0c?s=96&d=mm&r=g","caption":"US5"},"url":"https:\/\/veritasinfo.org\/?author=6"}]}},"featured_image_urls":{"full":["https:\/\/veritasinfo.org\/wp-content\/uploads\/2026\/02\/716356-sZQ9zz6KhB.jpg",780,500,false],"thumbnail":["https:\/\/veritasinfo.org\/wp-content\/uploads\/2026\/02\/716356-sZQ9zz6KhB-150x150.jpg",150,150,true],"medium":["https:\/\/veritasinfo.org\/wp-content\/uploads\/2026\/02\/716356-sZQ9zz6KhB-300x192.jpg",300,192,true],"medium_large":["https:\/\/veritasinfo.org\/wp-content\/uploads\/2026\/02\/716356-sZQ9zz6KhB-768x492.jpg",640,410,true],"large":["https:\/\/veritasinfo.org\/wp-content\/uploads\/2026\/02\/716356-sZQ9zz6KhB.jpg",640,410,false],"1536x1536":["https:\/\/veritasinfo.org\/wp-content\/uploads\/2026\/02\/716356-sZQ9zz6KhB.jpg",780,500,false],"2048x2048":["https:\/\/veritasinfo.org\/wp-content\/uploads\/2026\/02\/716356-sZQ9zz6KhB.jpg",780,500,false],"kreeti-slider-full":["https:\/\/veritasinfo.org\/wp-content\/uploads\/2026\/02\/716356-sZQ9zz6KhB.jpg",780,500,false],"kreeti-featured":["https:\/\/veritasinfo.org\/wp-content\/uploads\/2026\/02\/716356-sZQ9zz6KhB.jpg",780,500,false],"kreeti-medium":["https:\/\/veritasinfo.org\/wp-content\/uploads\/2026\/02\/716356-sZQ9zz6KhB.jpg",720,462,false],"kreeti-medium-square":["https:\/\/veritasinfo.org\/wp-content\/uploads\/2026\/02\/716356-sZQ9zz6KhB.jpg",350,224,false]},"author_info":{"info":["US5"]},"category_info":"<a href=\"https:\/\/veritasinfo.org\/?cat=5\" rel=\"category\">Sport<\/a>","tag_info":"Sport","comment_count":"0","_links":{"self":[{"href":"https:\/\/veritasinfo.org\/index.php?rest_route=\/wp\/v2\/posts\/30873","targetHints":{"allow":["GET"]}}],"collection":[{"href":"https:\/\/veritasinfo.org\/index.php?rest_route=\/wp\/v2\/posts"}],"about":[{"href":"https:\/\/veritasinfo.org\/index.php?rest_route=\/wp\/v2\/types\/post"}],"author":[{"embeddable":true,"href":"https:\/\/veritasinfo.org\/index.php?rest_route=\/wp\/v2\/users\/6"}],"replies":[{"embeddable":true,"href":"https:\/\/veritasinfo.org\/index.php?rest_route=%2Fwp%2Fv2%2Fcomments&post=30873"}],"version-history":[{"count":1,"href":"https:\/\/veritasinfo.org\/index.php?rest_route=\/wp\/v2\/posts\/30873\/revisions"}],"predecessor-version":[{"id":30875,"href":"https:\/\/veritasinfo.org\/index.php?rest_route=\/wp\/v2\/posts\/30873\/revisions\/30875"}],"wp:featuredmedia":[{"embeddable":true,"href":"https:\/\/veritasinfo.org\/index.php?rest_route=\/wp\/v2\/media\/30874"}],"wp:attachment":[{"href":"https:\/\/veritasinfo.org\/index.php?rest_route=%2Fwp%2Fv2%2Fmedia&parent=30873"}],"wp:term":[{"taxonomy":"category","embeddable":true,"href":"https:\/\/veritasinfo.org\/index.php?rest_route=%2Fwp%2Fv2%2Fcategories&post=30873"},{"taxonomy":"post_tag","embeddable":true,"href":"https:\/\/veritasinfo.org\/index.php?rest_route=%2Fwp%2Fv2%2Ftags&post=30873"}],"curies":[{"name":"wp","href":"https:\/\/api.w.org\/{rel}","templated":true}]}}