{"id":30825,"date":"2026-02-05T23:42:06","date_gmt":"2026-02-05T22:42:06","guid":{"rendered":"https:\/\/veritasinfo.org\/?p=30825"},"modified":"2026-02-06T01:00:36","modified_gmt":"2026-02-06T00:00:36","slug":"osmani-thote-se-do-ta-nominonte-trumpin-per-cmimin-nobel","status":"publish","type":"post","link":"https:\/\/veritasinfo.org\/?p=30825","title":{"rendered":"Osmani thot\u00eb se do ta nominonte Trumpin p\u00ebr \u00c7mimin Nobel"},"content":{"rendered":"<p>Prishtin\u00eb, 5 shkurt 2026 22:35<\/p>\n<p>Presidentja e Kosov\u00ebs, Vjosa Osmani, ka th\u00ebn\u00eb se Presidenti Donald Trump e meriton \u00c7mimin Nobel p\u00ebr Paqen.<\/p>\n<p>Kur u pyet nga Newsweek t\u00eb m\u00ebrkur\u00ebn n\u00ebse do ta nominonte Trumpin p\u00ebr k\u00ebt\u00eb \u00e7mim prestigjioz, Osmani u p\u00ebrgjigj: \u201cSigurisht, n\u00ebse un\u00eb jam presidente [kurdo q\u00eb t\u00eb jet\u00eb] q\u00eb k\u00ebto gj\u00ebra do t\u00eb ndodhin.\u201d<\/p>\n<p>Presidentja e Kosov\u00ebs, Vjosa Osmani, ka th\u00ebn\u00eb se Presidenti Donald Trump e meriton \u00c7mimin Nobel p\u00ebr Paqen.<\/p>\n<p>Kur u pyet nga\u00a0<em>Newsweek<\/em>\u00a0t\u00eb m\u00ebrkur\u00ebn n\u00ebse do ta nominonte Trumpin p\u00ebr k\u00ebt\u00eb \u00e7mim prestigjioz, Osmani u p\u00ebrgjigj: \u201cSigurisht, n\u00ebse un\u00eb jam presidente [kurdo q\u00eb t\u00eb jet\u00eb] q\u00eb k\u00ebto gj\u00ebra do t\u00eb ndodhin.\u201d<\/p>\n<p>Trump ka k\u00ebrkuar prej koh\u00ebsh dhe publikisht nj\u00eb \u00c7mimin Nobel p\u00ebr Paqen, duke e quajtur veten nj\u00eb &#8220;krye-paqeb\u00ebr\u00ebs&#8221;. Republikani ka pretenduar se ka arritur marr\u00ebveshje q\u00eb i japin fund konflikteve n\u00eb t\u00eb gjith\u00eb globin, megjith\u00ebse v\u00ebzhguesit v\u00ebn\u00eb n\u00eb pik\u00ebpyetje se sa luft\u00ebra ka ndaluar ai v\u00ebrtet.<\/p>\n<p>Pyetjet rreth ligjshm\u00ebris\u00eb s\u00eb sulmeve t\u00eb gjera amerikane ndaj anijeve t\u00eb dyshuara p\u00ebr drog\u00eb pran\u00eb Venezuel\u00ebs, t\u00eb cilat i paraprin\u00eb nj\u00eb operacioni t\u00eb Forcave Speciale t\u00eb SHBA-s\u00eb p\u00ebr t\u00eb kapur Presidentin Venezuelan Nicolas Maduro dhe gruan e tij nga nj\u00eb kompleks i mbrojtur r\u00ebnd\u00eb n\u00eb Karakas muajin e kaluar, ende e l\u00ebn\u00eb n\u00eb hije Trumpin.<\/p>\n<p>Osmani-Sadriu, duke folur nga Samiti i Qeverive Bot\u00ebrore n\u00eb Dubai, Emiratet e Bashkuara Arabe, e p\u00ebrshkroi popullsin\u00eb e Kosov\u00ebs si &#8220;populli m\u00eb pro-amerikan n\u00eb Tok\u00eb&#8221; dhe &#8220;shum\u00eb, shum\u00eb mir\u00ebnjoh\u00ebse p\u00ebr \u00e7do administrat\u00eb t\u00eb Shteteve t\u00eb Bashkuara t\u00eb Amerik\u00ebs&#8221;.<\/p>\n<p>SHBA-t\u00eb udh\u00ebhoq\u00ebn nj\u00eb fushat\u00eb bombardimi t\u00eb NATO-s ndaj Serbis\u00eb p\u00ebr 78 dit\u00eb n\u00eb vitin 1999, vet\u00ebm pak vjet pas shp\u00ebrb\u00ebrjes s\u00eb ish-Jugosllavis\u00eb. Ish-presidenti serb Slobodan Millosheviq ia hoqi territorit kryesisht etnikisht shqiptar t\u00eb Kosov\u00ebs statusin e nj\u00eb province t\u00eb vet\u00ebqeverisur n\u00eb vitin 1989. Protestat u shnd\u00ebrruan n\u00eb dhun\u00eb dhe m\u00eb shum\u00eb se nj\u00eb \u00e7erek milioni njer\u00ebz u vran\u00eb midis viteve 1989 dhe 1995, sipas shifrave ushtarake amerikane.<\/p>\n<p>Luft\u00ebtar\u00ebt e armatosur t\u00eb Ushtris\u00eb \u00c7lirimtare t\u00eb Kosov\u00ebs u p\u00ebrlesh\u00ebn me forcat serbe p\u00ebr vite me radh\u00eb, por Lufta e Kosov\u00ebs klasifikohet zyrtarisht si gjakderdhja midis viteve 1998 dhe 1999.<\/p>\n<p>Nj\u00eb goditje brutale nga Beogradi rezultoi n\u00eb nj\u00eb kriz\u00eb refugjat\u00ebsh, at\u00eb q\u00eb NATO e ka p\u00ebrshkruar si nj\u00eb &#8220;katastrof\u00eb humanitare&#8221; dhe spastrim etnik t\u00eb shqiptar\u00ebve t\u00eb Kosov\u00ebs.<\/p>\n<p>NATO e nisi fushat\u00ebn e saj t\u00eb bombardimeve n\u00eb mars t\u00eb vitit 1999, menj\u00ebher\u00eb pasi bisedimet e paqes n\u00eb Franc\u00eb q\u00eb zgjat\u00ebn disa muaj dhe Milloshevi\u00e7i grumbulloi dhjet\u00ebra mij\u00ebra trupa pran\u00eb Kosov\u00ebs .<\/p>\n<p>N\u00eb bresh\u00ebrin\u00eb hap\u00ebse t\u00eb Operacionit Forca Aleate t\u00eb NATO-s mor\u00ebn pjes\u00eb 250 avion\u00eb amerikan\u00eb, p\u00ebrfshir\u00eb shtat\u00eb bombardues strategjik\u00eb B-52 dhe gjasht\u00eb bombardues t\u00eb r\u00ebnd\u00eb B-2. T\u00eb dy jan\u00eb n\u00eb gjendje t\u00eb mbajn\u00eb arm\u00eb b\u00ebrthamore me rreze t\u00eb gjat\u00eb veprimi, si dhe municione konvencionale.<\/p>\n<p>Forcat e udh\u00ebhequra nga SHBA-t\u00eb nga 14 vende m\u00eb von\u00eb i nd\u00ebrpren\u00eb sulmet ajrore pasi Beogradi t\u00ebrhoqi forcat e tij nga Kosova. OKB-ja krijoi Forc\u00ebn e saj t\u00eb Zbatimit t\u00eb Paqes n\u00eb Kosov\u00eb (KFOR) dhe NATO d\u00ebrgoi paqeruajt\u00ebs n\u00eb Kosov\u00eb, e cila n\u00eb at\u00eb koh\u00eb po p\u00ebrballej me sulme hakmarr\u00ebse kund\u00ebr serb\u00ebve.<\/p>\n<p>Kosova shpalli pavar\u00ebsin\u00eb n\u00eb vitin 2008 dhe njihet nga shum\u00eb vende, p\u00ebrfshir\u00eb SHBA-n\u00eb, Mbret\u00ebrin\u00eb e Bashkuar, Franc\u00ebn dhe Shqip\u00ebrin\u00eb. Serbia nuk e ka njohur shtet\u00ebsin\u00eb e saj, ashtu si Rusia dhe Kina. Shp\u00ebrthimet e dhunshme midis Kosov\u00ebs dhe Serbis\u00eb kan\u00eb vazhduar me nd\u00ebrprerje n\u00eb vitet q\u00eb nga ajo koh\u00eb.<\/p>\n<p>Shtetet e Bashkuara t\u00eb Amerik\u00ebs na dhan\u00eb shpres\u00eb, s\u00eb bashku me partner\u00eb si Mbret\u00ebria e Bashkuar dhe vendet evropiane&#8221;, tha Osmani.<\/p>\n<p>Udh\u00ebheq\u00ebsja kosovare tha se kishte folur me Trumpin kat\u00ebr her\u00eb n\u00eb biseda \u201ct\u00eb shkurtra\u201d, por \u201cshum\u00eb kuptimplote\u201d.<\/p>\n<p>Trump ka dh\u00ebn\u00eb &#8220;nj\u00eb kontribut t\u00eb jasht\u00ebzakonsh\u00ebm&#8221; p\u00ebr paqen n\u00eb Ballkanin Per\u00ebndimor, tha Osmani.<\/p>\n<p>&#8220;Nuk ka dyshim se ai e meriton [\u00c7mimin Nobel].&#8221;<\/p>\n<p>E di q\u00eb ka t\u00eb tjer\u00eb q\u00eb mund t\u00eb ken\u00eb mendime t\u00eb ndryshme, por ne e shohim kontributin e tij nga af\u00ebr&#8221;, shtoi ajo.<\/p>\n<p>Osmani m\u00eb par\u00eb ka th\u00ebn\u00eb se Kosova \u00ebsht\u00eb \u201ce nderuar\u201d q\u00eb \u00ebsht\u00eb an\u00ebtare themeluese e Bordit t\u00eb Paqes t\u00eb diskutuesh\u00ebm t\u00eb Trump, i cili shihet gjer\u00ebsisht si nj\u00eb organ sfidues potencial i Kombeve t\u00eb Bashkuara.<\/p>\n<p>\u00c7mimi Nobel p\u00ebr Paqen jepet \u00e7do vit nga Komiteti Norvegjez i Nobelit.<\/p>\n","protected":false},"excerpt":{"rendered":"<p>Prishtin\u00eb, 5 shkurt 2026 22:35 Presidentja e Kosov\u00ebs, Vjosa Osmani, ka th\u00ebn\u00eb se Presidenti Donald Trump e meriton \u00c7mimin Nobel p\u00ebr Paqen. Kur u pyet<\/p>\n","protected":false},"author":7,"featured_media":30826,"comment_status":"open","ping_status":"open","sticky":false,"template":"","format":"standard","meta":{"footnotes":""},"categories":[58],"tags":[],"class_list":["post-30825","post","type-post","status-publish","format-standard","has-post-thumbnail","hentry","category-politike-sq"],"yoast_head":"<!-- This site is optimized with the Yoast SEO plugin v25.3.1 - https:\/\/yoast.com\/wordpress\/plugins\/seo\/ -->\n<title>Osmani thot\u00eb se do ta nominonte Trumpin p\u00ebr \u00c7mimin Nobel -<\/title>\n<meta name=\"robots\" content=\"index, follow, max-snippet:-1, max-image-preview:large, max-video-preview:-1\" \/>\n<link rel=\"canonical\" href=\"https:\/\/veritasinfo.org\/?p=30825\" \/>\n<meta property=\"og:locale\" content=\"en_US\" \/>\n<meta property=\"og:type\" content=\"article\" \/>\n<meta property=\"og:title\" content=\"Osmani thot\u00eb se do ta nominonte Trumpin p\u00ebr \u00c7mimin Nobel -\" \/>\n<meta property=\"og:description\" content=\"Prishtin\u00eb, 5 shkurt 2026 22:35 Presidentja e Kosov\u00ebs, Vjosa Osmani, ka th\u00ebn\u00eb se Presidenti Donald Trump e meriton \u00c7mimin Nobel p\u00ebr Paqen. Kur u pyet\" \/>\n<meta property=\"og:url\" content=\"https:\/\/veritasinfo.org\/?p=30825\" \/>\n<meta property=\"article:published_time\" content=\"2026-02-05T22:42:06+00:00\" \/>\n<meta property=\"article:modified_time\" content=\"2026-02-06T00:00:36+00:00\" \/>\n<meta property=\"og:image\" content=\"https:\/\/veritasinfo.org\/wp-content\/uploads\/2026\/02\/donald-trump-dhe-vjosa-osmani.webp\" \/>\n\t<meta property=\"og:image:width\" content=\"1245\" \/>\n\t<meta property=\"og:image:height\" content=\"700\" \/>\n\t<meta property=\"og:image:type\" content=\"image\/webp\" \/>\n<meta name=\"author\" content=\"US6\" \/>\n<meta name=\"twitter:card\" content=\"summary_large_image\" \/>\n<meta name=\"twitter:label1\" content=\"Written by\" \/>\n\t<meta name=\"twitter:data1\" content=\"US6\" \/>\n\t<meta name=\"twitter:label2\" content=\"Est. reading time\" \/>\n\t<meta name=\"twitter:data2\" content=\"4 minutes\" \/>\n<script type=\"application\/ld+json\" class=\"yoast-schema-graph\">{\"@context\":\"https:\/\/schema.org\",\"@graph\":[{\"@type\":\"WebPage\",\"@id\":\"https:\/\/veritasinfo.org\/?p=30825\",\"url\":\"https:\/\/veritasinfo.org\/?p=30825\",\"name\":\"Osmani thot\u00eb se do ta nominonte Trumpin p\u00ebr \u00c7mimin Nobel -\",\"isPartOf\":{\"@id\":\"https:\/\/veritasinfo.org\/#website\"},\"primaryImageOfPage\":{\"@id\":\"https:\/\/veritasinfo.org\/?p=30825#primaryimage\"},\"image\":{\"@id\":\"https:\/\/veritasinfo.org\/?p=30825#primaryimage\"},\"thumbnailUrl\":\"https:\/\/veritasinfo.org\/wp-content\/uploads\/2026\/02\/donald-trump-dhe-vjosa-osmani.webp\",\"datePublished\":\"2026-02-05T22:42:06+00:00\",\"dateModified\":\"2026-02-06T00:00:36+00:00\",\"author\":{\"@id\":\"https:\/\/veritasinfo.org\/#\/schema\/person\/fe199eede04c3937362892b7444747cc\"},\"breadcrumb\":{\"@id\":\"https:\/\/veritasinfo.org\/?p=30825#breadcrumb\"},\"inLanguage\":\"en-US\",\"potentialAction\":[{\"@type\":\"ReadAction\",\"target\":[\"https:\/\/veritasinfo.org\/?p=30825\"]}]},{\"@type\":\"ImageObject\",\"inLanguage\":\"en-US\",\"@id\":\"https:\/\/veritasinfo.org\/?p=30825#primaryimage\",\"url\":\"https:\/\/veritasinfo.org\/wp-content\/uploads\/2026\/02\/donald-trump-dhe-vjosa-osmani.webp\",\"contentUrl\":\"https:\/\/veritasinfo.org\/wp-content\/uploads\/2026\/02\/donald-trump-dhe-vjosa-osmani.webp\",\"width\":1245,\"height\":700},{\"@type\":\"BreadcrumbList\",\"@id\":\"https:\/\/veritasinfo.org\/?p=30825#breadcrumb\",\"itemListElement\":[{\"@type\":\"ListItem\",\"position\":1,\"name\":\"Home\",\"item\":\"https:\/\/veritasinfo.org\/\"},{\"@type\":\"ListItem\",\"position\":2,\"name\":\"Osmani thot\u00eb se do ta nominonte Trumpin p\u00ebr \u00c7mimin Nobel\"}]},{\"@type\":\"WebSite\",\"@id\":\"https:\/\/veritasinfo.org\/#website\",\"url\":\"https:\/\/veritasinfo.org\/\",\"name\":\"\",\"description\":\"\",\"potentialAction\":[{\"@type\":\"SearchAction\",\"target\":{\"@type\":\"EntryPoint\",\"urlTemplate\":\"https:\/\/veritasinfo.org\/?s={search_term_string}\"},\"query-input\":{\"@type\":\"PropertyValueSpecification\",\"valueRequired\":true,\"valueName\":\"search_term_string\"}}],\"inLanguage\":\"en-US\"},{\"@type\":\"Person\",\"@id\":\"https:\/\/veritasinfo.org\/#\/schema\/person\/fe199eede04c3937362892b7444747cc\",\"name\":\"US6\",\"image\":{\"@type\":\"ImageObject\",\"inLanguage\":\"en-US\",\"@id\":\"https:\/\/veritasinfo.org\/#\/schema\/person\/image\/\",\"url\":\"https:\/\/secure.gravatar.com\/avatar\/cb16c3c31c9d23b9b8c705964598220b3014e42ff51eb540ff23cefa3ae8c15f?s=96&d=mm&r=g\",\"contentUrl\":\"https:\/\/secure.gravatar.com\/avatar\/cb16c3c31c9d23b9b8c705964598220b3014e42ff51eb540ff23cefa3ae8c15f?s=96&d=mm&r=g\",\"caption\":\"US6\"},\"url\":\"https:\/\/veritasinfo.org\/?author=7\"}]}<\/script>\n<!-- \/ Yoast SEO plugin. -->","yoast_head_json":{"title":"Osmani thot\u00eb se do ta nominonte Trumpin p\u00ebr \u00c7mimin Nobel -","robots":{"index":"index","follow":"follow","max-snippet":"max-snippet:-1","max-image-preview":"max-image-preview:large","max-video-preview":"max-video-preview:-1"},"canonical":"https:\/\/veritasinfo.org\/?p=30825","og_locale":"en_US","og_type":"article","og_title":"Osmani thot\u00eb se do ta nominonte Trumpin p\u00ebr \u00c7mimin Nobel -","og_description":"Prishtin\u00eb, 5 shkurt 2026 22:35 Presidentja e Kosov\u00ebs, Vjosa Osmani, ka th\u00ebn\u00eb se Presidenti Donald Trump e meriton \u00c7mimin Nobel p\u00ebr Paqen. Kur u pyet","og_url":"https:\/\/veritasinfo.org\/?p=30825","article_published_time":"2026-02-05T22:42:06+00:00","article_modified_time":"2026-02-06T00:00:36+00:00","og_image":[{"width":1245,"height":700,"url":"https:\/\/veritasinfo.org\/wp-content\/uploads\/2026\/02\/donald-trump-dhe-vjosa-osmani.webp","type":"image\/webp"}],"author":"US6","twitter_card":"summary_large_image","twitter_misc":{"Written by":"US6","Est. reading time":"4 minutes"},"schema":{"@context":"https:\/\/schema.org","@graph":[{"@type":"WebPage","@id":"https:\/\/veritasinfo.org\/?p=30825","url":"https:\/\/veritasinfo.org\/?p=30825","name":"Osmani thot\u00eb se do ta nominonte Trumpin p\u00ebr \u00c7mimin Nobel -","isPartOf":{"@id":"https:\/\/veritasinfo.org\/#website"},"primaryImageOfPage":{"@id":"https:\/\/veritasinfo.org\/?p=30825#primaryimage"},"image":{"@id":"https:\/\/veritasinfo.org\/?p=30825#primaryimage"},"thumbnailUrl":"https:\/\/veritasinfo.org\/wp-content\/uploads\/2026\/02\/donald-trump-dhe-vjosa-osmani.webp","datePublished":"2026-02-05T22:42:06+00:00","dateModified":"2026-02-06T00:00:36+00:00","author":{"@id":"https:\/\/veritasinfo.org\/#\/schema\/person\/fe199eede04c3937362892b7444747cc"},"breadcrumb":{"@id":"https:\/\/veritasinfo.org\/?p=30825#breadcrumb"},"inLanguage":"en-US","potentialAction":[{"@type":"ReadAction","target":["https:\/\/veritasinfo.org\/?p=30825"]}]},{"@type":"ImageObject","inLanguage":"en-US","@id":"https:\/\/veritasinfo.org\/?p=30825#primaryimage","url":"https:\/\/veritasinfo.org\/wp-content\/uploads\/2026\/02\/donald-trump-dhe-vjosa-osmani.webp","contentUrl":"https:\/\/veritasinfo.org\/wp-content\/uploads\/2026\/02\/donald-trump-dhe-vjosa-osmani.webp","width":1245,"height":700},{"@type":"BreadcrumbList","@id":"https:\/\/veritasinfo.org\/?p=30825#breadcrumb","itemListElement":[{"@type":"ListItem","position":1,"name":"Home","item":"https:\/\/veritasinfo.org\/"},{"@type":"ListItem","position":2,"name":"Osmani thot\u00eb se do ta nominonte Trumpin p\u00ebr \u00c7mimin Nobel"}]},{"@type":"WebSite","@id":"https:\/\/veritasinfo.org\/#website","url":"https:\/\/veritasinfo.org\/","name":"","description":"","potentialAction":[{"@type":"SearchAction","target":{"@type":"EntryPoint","urlTemplate":"https:\/\/veritasinfo.org\/?s={search_term_string}"},"query-input":{"@type":"PropertyValueSpecification","valueRequired":true,"valueName":"search_term_string"}}],"inLanguage":"en-US"},{"@type":"Person","@id":"https:\/\/veritasinfo.org\/#\/schema\/person\/fe199eede04c3937362892b7444747cc","name":"US6","image":{"@type":"ImageObject","inLanguage":"en-US","@id":"https:\/\/veritasinfo.org\/#\/schema\/person\/image\/","url":"https:\/\/secure.gravatar.com\/avatar\/cb16c3c31c9d23b9b8c705964598220b3014e42ff51eb540ff23cefa3ae8c15f?s=96&d=mm&r=g","contentUrl":"https:\/\/secure.gravatar.com\/avatar\/cb16c3c31c9d23b9b8c705964598220b3014e42ff51eb540ff23cefa3ae8c15f?s=96&d=mm&r=g","caption":"US6"},"url":"https:\/\/veritasinfo.org\/?author=7"}]}},"featured_image_urls":{"full":["https:\/\/veritasinfo.org\/wp-content\/uploads\/2026\/02\/donald-trump-dhe-vjosa-osmani.webp",1245,700,false],"thumbnail":["https:\/\/veritasinfo.org\/wp-content\/uploads\/2026\/02\/donald-trump-dhe-vjosa-osmani-150x150.webp",150,150,true],"medium":["https:\/\/veritasinfo.org\/wp-content\/uploads\/2026\/02\/donald-trump-dhe-vjosa-osmani-300x169.webp",300,169,true],"medium_large":["https:\/\/veritasinfo.org\/wp-content\/uploads\/2026\/02\/donald-trump-dhe-vjosa-osmani-768x432.webp",640,360,true],"large":["https:\/\/veritasinfo.org\/wp-content\/uploads\/2026\/02\/donald-trump-dhe-vjosa-osmani-1024x576.webp",640,360,true],"1536x1536":["https:\/\/veritasinfo.org\/wp-content\/uploads\/2026\/02\/donald-trump-dhe-vjosa-osmani.webp",1245,700,false],"2048x2048":["https:\/\/veritasinfo.org\/wp-content\/uploads\/2026\/02\/donald-trump-dhe-vjosa-osmani.webp",1245,700,false],"kreeti-slider-full":["https:\/\/veritasinfo.org\/wp-content\/uploads\/2026\/02\/donald-trump-dhe-vjosa-osmani.webp",1245,700,false],"kreeti-featured":["https:\/\/veritasinfo.org\/wp-content\/uploads\/2026\/02\/donald-trump-dhe-vjosa-osmani.webp",1024,576,false],"kreeti-medium":["https:\/\/veritasinfo.org\/wp-content\/uploads\/2026\/02\/donald-trump-dhe-vjosa-osmani.webp",720,405,false],"kreeti-medium-square":["https:\/\/veritasinfo.org\/wp-content\/uploads\/2026\/02\/donald-trump-dhe-vjosa-osmani.webp",350,197,false]},"author_info":{"info":["US6"]},"category_info":"<a href=\"https:\/\/veritasinfo.org\/?cat=58\" rel=\"category\">Politik\u00eb<\/a>","tag_info":"Politik\u00eb","comment_count":"0","_links":{"self":[{"href":"https:\/\/veritasinfo.org\/index.php?rest_route=\/wp\/v2\/posts\/30825","targetHints":{"allow":["GET"]}}],"collection":[{"href":"https:\/\/veritasinfo.org\/index.php?rest_route=\/wp\/v2\/posts"}],"about":[{"href":"https:\/\/veritasinfo.org\/index.php?rest_route=\/wp\/v2\/types\/post"}],"author":[{"embeddable":true,"href":"https:\/\/veritasinfo.org\/index.php?rest_route=\/wp\/v2\/users\/7"}],"replies":[{"embeddable":true,"href":"https:\/\/veritasinfo.org\/index.php?rest_route=%2Fwp%2Fv2%2Fcomments&post=30825"}],"version-history":[{"count":1,"href":"https:\/\/veritasinfo.org\/index.php?rest_route=\/wp\/v2\/posts\/30825\/revisions"}],"predecessor-version":[{"id":30827,"href":"https:\/\/veritasinfo.org\/index.php?rest_route=\/wp\/v2\/posts\/30825\/revisions\/30827"}],"wp:featuredmedia":[{"embeddable":true,"href":"https:\/\/veritasinfo.org\/index.php?rest_route=\/wp\/v2\/media\/30826"}],"wp:attachment":[{"href":"https:\/\/veritasinfo.org\/index.php?rest_route=%2Fwp%2Fv2%2Fmedia&parent=30825"}],"wp:term":[{"taxonomy":"category","embeddable":true,"href":"https:\/\/veritasinfo.org\/index.php?rest_route=%2Fwp%2Fv2%2Fcategories&post=30825"},{"taxonomy":"post_tag","embeddable":true,"href":"https:\/\/veritasinfo.org\/index.php?rest_route=%2Fwp%2Fv2%2Ftags&post=30825"}],"curies":[{"name":"wp","href":"https:\/\/api.w.org\/{rel}","templated":true}]}}