{"id":30805,"date":"2026-02-05T18:33:25","date_gmt":"2026-02-05T17:33:25","guid":{"rendered":"https:\/\/veritasinfo.org\/?p=30805"},"modified":"2026-02-05T18:33:25","modified_gmt":"2026-02-05T17:33:25","slug":"arrestohet-ne-serbi-nje-tjeter-qytetar-i-kosoves-koci-po-behet-shqetesuese","status":"publish","type":"post","link":"https:\/\/veritasinfo.org\/?p=30805","title":{"rendered":"Arrestohet n\u00eb Serbi nj\u00eb tjet\u00ebr qytetar i Kosov\u00ebs, Koci: Po b\u00ebhet shqet\u00ebsuese"},"content":{"rendered":"<p>Prishtin\u00eb, 5 shkurt 2026 18:32<\/p>\n<p>Avokati Arianit Koci ka b\u00ebr\u00eb t\u00eb ditur se sot rreth or\u00ebs 11:00, gjat\u00eb kalimit transit n\u00ebp\u00ebr territorin e Serbis\u00eb, \u00ebsht\u00eb ndaluar dhe arrestuar shtetasi i Kosov\u00ebs, Mit\u2019hat Lozhani.<\/p>\n<p>Sipas tij, ky nuk \u00ebsht\u00eb nj\u00eb rast i izoluar, pasi raste t\u00eb tilla po p\u00ebrs\u00ebriten dhe po krijojn\u00eb pasiguri p\u00ebr qytetar\u00ebt e Kosov\u00ebs q\u00eb udh\u00ebtojn\u00eb n\u00ebp\u00ebr Serbi.<\/p>\n<p>\u201cArrestimet e shtetasve t\u00eb Kosov\u00ebs gjat\u00eb transitit n\u00ebp\u00ebr Serbi po p\u00ebrs\u00ebriten dhe kjo po krijon pasiguri reale p\u00ebr k\u00ebdo q\u00eb udh\u00ebton p\u00ebrmes atij territori. K\u00ebto arrestime duhet t\u00eb ndalen\u201d, ka deklaruar Koci.<\/p>\n<p>Ai theksoi se institucionet e Kosov\u00ebs kan\u00eb obligim q\u00eb k\u00ebt\u00eb situat\u00eb ta trajtojn\u00eb si \u00e7\u00ebshtje serioze t\u00eb siguris\u00eb s\u00eb qytetar\u00ebve. Sipas tij, duhet k\u00ebrkuar nd\u00ebrmjet\u00ebsimin e bashk\u00ebsis\u00eb nd\u00ebrkomb\u00ebtare, nd\u00ebrsa diplomacia kosovare duhet t\u00eb reagoj\u00eb fuqish\u00ebm.<\/p>\n<p>Koci ka p\u00ebrmendur se n\u00ebse praktika e arrestimeve vazhdon, nuk duhet t\u00eb p\u00ebrjashtohen masa konkrete politike, \u201cp\u00ebrfshir\u00eb edhe mbylljen 24-or\u00ebshe t\u00eb kufirit\u201d.<\/p>\n<p>N\u00eb fund, avokati theksoi se ndon\u00ebse ai, n\u00eb cil\u00ebsin\u00eb e mbrojt\u00ebsit, po b\u00ebn maksimumin e mundsh\u00ebm, mbrojtja efektive e qytetar\u00ebve t\u00eb Kosov\u00ebs nuk mund t\u00eb mbetet n\u00eb nivel individual. \u201cKjo \u00ebsht\u00eb p\u00ebrgjegj\u00ebsi e shtetit, brenda dhe jasht\u00eb kufijve t\u00eb tij\u201d, u shpreh Koci.\/<\/p>\n","protected":false},"excerpt":{"rendered":"<p>Prishtin\u00eb, 5 shkurt 2026 18:32 Avokati Arianit Koci ka b\u00ebr\u00eb t\u00eb ditur se sot rreth or\u00ebs 11:00, gjat\u00eb kalimit transit n\u00ebp\u00ebr territorin e Serbis\u00eb, \u00ebsht\u00eb<\/p>\n","protected":false},"author":7,"featured_media":30806,"comment_status":"open","ping_status":"open","sticky":false,"template":"","format":"standard","meta":{"footnotes":""},"categories":[60],"tags":[],"class_list":["post-30805","post","type-post","status-publish","format-standard","has-post-thumbnail","hentry","category-shoqerore-sq"],"yoast_head":"<!-- This site is optimized with the Yoast SEO plugin v25.3.1 - https:\/\/yoast.com\/wordpress\/plugins\/seo\/ -->\n<title>Arrestohet n\u00eb Serbi nj\u00eb tjet\u00ebr qytetar i Kosov\u00ebs, Koci: Po b\u00ebhet shqet\u00ebsuese -<\/title>\n<meta name=\"robots\" content=\"index, follow, max-snippet:-1, max-image-preview:large, max-video-preview:-1\" \/>\n<link rel=\"canonical\" href=\"https:\/\/veritasinfo.org\/?p=30805\" \/>\n<meta property=\"og:locale\" content=\"en_US\" \/>\n<meta property=\"og:type\" content=\"article\" \/>\n<meta property=\"og:title\" content=\"Arrestohet n\u00eb Serbi nj\u00eb tjet\u00ebr qytetar i Kosov\u00ebs, Koci: Po b\u00ebhet shqet\u00ebsuese -\" \/>\n<meta property=\"og:description\" content=\"Prishtin\u00eb, 5 shkurt 2026 18:32 Avokati Arianit Koci ka b\u00ebr\u00eb t\u00eb ditur se sot rreth or\u00ebs 11:00, gjat\u00eb kalimit transit n\u00ebp\u00ebr territorin e Serbis\u00eb, \u00ebsht\u00eb\" \/>\n<meta property=\"og:url\" content=\"https:\/\/veritasinfo.org\/?p=30805\" \/>\n<meta property=\"article:published_time\" content=\"2026-02-05T17:33:25+00:00\" \/>\n<meta property=\"og:image\" content=\"https:\/\/veritasinfo.org\/wp-content\/uploads\/2026\/02\/image-5.webp\" \/>\n\t<meta property=\"og:image:width\" content=\"1245\" \/>\n\t<meta property=\"og:image:height\" content=\"700\" \/>\n\t<meta property=\"og:image:type\" content=\"image\/webp\" \/>\n<meta name=\"author\" content=\"US6\" \/>\n<meta name=\"twitter:card\" content=\"summary_large_image\" \/>\n<meta name=\"twitter:label1\" content=\"Written by\" \/>\n\t<meta name=\"twitter:data1\" content=\"US6\" \/>\n\t<meta name=\"twitter:label2\" content=\"Est. reading time\" \/>\n\t<meta name=\"twitter:data2\" content=\"2 minutes\" \/>\n<script type=\"application\/ld+json\" class=\"yoast-schema-graph\">{\"@context\":\"https:\/\/schema.org\",\"@graph\":[{\"@type\":\"WebPage\",\"@id\":\"https:\/\/veritasinfo.org\/?p=30805\",\"url\":\"https:\/\/veritasinfo.org\/?p=30805\",\"name\":\"Arrestohet n\u00eb Serbi nj\u00eb tjet\u00ebr qytetar i Kosov\u00ebs, Koci: Po b\u00ebhet shqet\u00ebsuese -\",\"isPartOf\":{\"@id\":\"https:\/\/veritasinfo.org\/#website\"},\"primaryImageOfPage\":{\"@id\":\"https:\/\/veritasinfo.org\/?p=30805#primaryimage\"},\"image\":{\"@id\":\"https:\/\/veritasinfo.org\/?p=30805#primaryimage\"},\"thumbnailUrl\":\"https:\/\/veritasinfo.org\/wp-content\/uploads\/2026\/02\/image-5.webp\",\"datePublished\":\"2026-02-05T17:33:25+00:00\",\"author\":{\"@id\":\"https:\/\/veritasinfo.org\/#\/schema\/person\/fe199eede04c3937362892b7444747cc\"},\"breadcrumb\":{\"@id\":\"https:\/\/veritasinfo.org\/?p=30805#breadcrumb\"},\"inLanguage\":\"en-US\",\"potentialAction\":[{\"@type\":\"ReadAction\",\"target\":[\"https:\/\/veritasinfo.org\/?p=30805\"]}]},{\"@type\":\"ImageObject\",\"inLanguage\":\"en-US\",\"@id\":\"https:\/\/veritasinfo.org\/?p=30805#primaryimage\",\"url\":\"https:\/\/veritasinfo.org\/wp-content\/uploads\/2026\/02\/image-5.webp\",\"contentUrl\":\"https:\/\/veritasinfo.org\/wp-content\/uploads\/2026\/02\/image-5.webp\",\"width\":1245,\"height\":700},{\"@type\":\"BreadcrumbList\",\"@id\":\"https:\/\/veritasinfo.org\/?p=30805#breadcrumb\",\"itemListElement\":[{\"@type\":\"ListItem\",\"position\":1,\"name\":\"Home\",\"item\":\"https:\/\/veritasinfo.org\/\"},{\"@type\":\"ListItem\",\"position\":2,\"name\":\"Arrestohet n\u00eb Serbi nj\u00eb tjet\u00ebr qytetar i Kosov\u00ebs, Koci: Po b\u00ebhet shqet\u00ebsuese\"}]},{\"@type\":\"WebSite\",\"@id\":\"https:\/\/veritasinfo.org\/#website\",\"url\":\"https:\/\/veritasinfo.org\/\",\"name\":\"\",\"description\":\"\",\"potentialAction\":[{\"@type\":\"SearchAction\",\"target\":{\"@type\":\"EntryPoint\",\"urlTemplate\":\"https:\/\/veritasinfo.org\/?s={search_term_string}\"},\"query-input\":{\"@type\":\"PropertyValueSpecification\",\"valueRequired\":true,\"valueName\":\"search_term_string\"}}],\"inLanguage\":\"en-US\"},{\"@type\":\"Person\",\"@id\":\"https:\/\/veritasinfo.org\/#\/schema\/person\/fe199eede04c3937362892b7444747cc\",\"name\":\"US6\",\"image\":{\"@type\":\"ImageObject\",\"inLanguage\":\"en-US\",\"@id\":\"https:\/\/veritasinfo.org\/#\/schema\/person\/image\/\",\"url\":\"https:\/\/secure.gravatar.com\/avatar\/cb16c3c31c9d23b9b8c705964598220b3014e42ff51eb540ff23cefa3ae8c15f?s=96&d=mm&r=g\",\"contentUrl\":\"https:\/\/secure.gravatar.com\/avatar\/cb16c3c31c9d23b9b8c705964598220b3014e42ff51eb540ff23cefa3ae8c15f?s=96&d=mm&r=g\",\"caption\":\"US6\"},\"url\":\"https:\/\/veritasinfo.org\/?author=7\"}]}<\/script>\n<!-- \/ Yoast SEO plugin. -->","yoast_head_json":{"title":"Arrestohet n\u00eb Serbi nj\u00eb tjet\u00ebr qytetar i Kosov\u00ebs, Koci: Po b\u00ebhet shqet\u00ebsuese -","robots":{"index":"index","follow":"follow","max-snippet":"max-snippet:-1","max-image-preview":"max-image-preview:large","max-video-preview":"max-video-preview:-1"},"canonical":"https:\/\/veritasinfo.org\/?p=30805","og_locale":"en_US","og_type":"article","og_title":"Arrestohet n\u00eb Serbi nj\u00eb tjet\u00ebr qytetar i Kosov\u00ebs, Koci: Po b\u00ebhet shqet\u00ebsuese -","og_description":"Prishtin\u00eb, 5 shkurt 2026 18:32 Avokati Arianit Koci ka b\u00ebr\u00eb t\u00eb ditur se sot rreth or\u00ebs 11:00, gjat\u00eb kalimit transit n\u00ebp\u00ebr territorin e Serbis\u00eb, \u00ebsht\u00eb","og_url":"https:\/\/veritasinfo.org\/?p=30805","article_published_time":"2026-02-05T17:33:25+00:00","og_image":[{"width":1245,"height":700,"url":"https:\/\/veritasinfo.org\/wp-content\/uploads\/2026\/02\/image-5.webp","type":"image\/webp"}],"author":"US6","twitter_card":"summary_large_image","twitter_misc":{"Written by":"US6","Est. reading time":"2 minutes"},"schema":{"@context":"https:\/\/schema.org","@graph":[{"@type":"WebPage","@id":"https:\/\/veritasinfo.org\/?p=30805","url":"https:\/\/veritasinfo.org\/?p=30805","name":"Arrestohet n\u00eb Serbi nj\u00eb tjet\u00ebr qytetar i Kosov\u00ebs, Koci: Po b\u00ebhet shqet\u00ebsuese -","isPartOf":{"@id":"https:\/\/veritasinfo.org\/#website"},"primaryImageOfPage":{"@id":"https:\/\/veritasinfo.org\/?p=30805#primaryimage"},"image":{"@id":"https:\/\/veritasinfo.org\/?p=30805#primaryimage"},"thumbnailUrl":"https:\/\/veritasinfo.org\/wp-content\/uploads\/2026\/02\/image-5.webp","datePublished":"2026-02-05T17:33:25+00:00","author":{"@id":"https:\/\/veritasinfo.org\/#\/schema\/person\/fe199eede04c3937362892b7444747cc"},"breadcrumb":{"@id":"https:\/\/veritasinfo.org\/?p=30805#breadcrumb"},"inLanguage":"en-US","potentialAction":[{"@type":"ReadAction","target":["https:\/\/veritasinfo.org\/?p=30805"]}]},{"@type":"ImageObject","inLanguage":"en-US","@id":"https:\/\/veritasinfo.org\/?p=30805#primaryimage","url":"https:\/\/veritasinfo.org\/wp-content\/uploads\/2026\/02\/image-5.webp","contentUrl":"https:\/\/veritasinfo.org\/wp-content\/uploads\/2026\/02\/image-5.webp","width":1245,"height":700},{"@type":"BreadcrumbList","@id":"https:\/\/veritasinfo.org\/?p=30805#breadcrumb","itemListElement":[{"@type":"ListItem","position":1,"name":"Home","item":"https:\/\/veritasinfo.org\/"},{"@type":"ListItem","position":2,"name":"Arrestohet n\u00eb Serbi nj\u00eb tjet\u00ebr qytetar i Kosov\u00ebs, Koci: Po b\u00ebhet shqet\u00ebsuese"}]},{"@type":"WebSite","@id":"https:\/\/veritasinfo.org\/#website","url":"https:\/\/veritasinfo.org\/","name":"","description":"","potentialAction":[{"@type":"SearchAction","target":{"@type":"EntryPoint","urlTemplate":"https:\/\/veritasinfo.org\/?s={search_term_string}"},"query-input":{"@type":"PropertyValueSpecification","valueRequired":true,"valueName":"search_term_string"}}],"inLanguage":"en-US"},{"@type":"Person","@id":"https:\/\/veritasinfo.org\/#\/schema\/person\/fe199eede04c3937362892b7444747cc","name":"US6","image":{"@type":"ImageObject","inLanguage":"en-US","@id":"https:\/\/veritasinfo.org\/#\/schema\/person\/image\/","url":"https:\/\/secure.gravatar.com\/avatar\/cb16c3c31c9d23b9b8c705964598220b3014e42ff51eb540ff23cefa3ae8c15f?s=96&d=mm&r=g","contentUrl":"https:\/\/secure.gravatar.com\/avatar\/cb16c3c31c9d23b9b8c705964598220b3014e42ff51eb540ff23cefa3ae8c15f?s=96&d=mm&r=g","caption":"US6"},"url":"https:\/\/veritasinfo.org\/?author=7"}]}},"featured_image_urls":{"full":["https:\/\/veritasinfo.org\/wp-content\/uploads\/2026\/02\/image-5.webp",1245,700,false],"thumbnail":["https:\/\/veritasinfo.org\/wp-content\/uploads\/2026\/02\/image-5-150x150.webp",150,150,true],"medium":["https:\/\/veritasinfo.org\/wp-content\/uploads\/2026\/02\/image-5-300x169.webp",300,169,true],"medium_large":["https:\/\/veritasinfo.org\/wp-content\/uploads\/2026\/02\/image-5-768x432.webp",640,360,true],"large":["https:\/\/veritasinfo.org\/wp-content\/uploads\/2026\/02\/image-5-1024x576.webp",640,360,true],"1536x1536":["https:\/\/veritasinfo.org\/wp-content\/uploads\/2026\/02\/image-5.webp",1245,700,false],"2048x2048":["https:\/\/veritasinfo.org\/wp-content\/uploads\/2026\/02\/image-5.webp",1245,700,false],"kreeti-slider-full":["https:\/\/veritasinfo.org\/wp-content\/uploads\/2026\/02\/image-5.webp",1245,700,false],"kreeti-featured":["https:\/\/veritasinfo.org\/wp-content\/uploads\/2026\/02\/image-5.webp",1024,576,false],"kreeti-medium":["https:\/\/veritasinfo.org\/wp-content\/uploads\/2026\/02\/image-5.webp",720,405,false],"kreeti-medium-square":["https:\/\/veritasinfo.org\/wp-content\/uploads\/2026\/02\/image-5.webp",350,197,false]},"author_info":{"info":["US6"]},"category_info":"<a href=\"https:\/\/veritasinfo.org\/?cat=60\" rel=\"category\">Shoq\u00ebrore<\/a>","tag_info":"Shoq\u00ebrore","comment_count":"0","_links":{"self":[{"href":"https:\/\/veritasinfo.org\/index.php?rest_route=\/wp\/v2\/posts\/30805","targetHints":{"allow":["GET"]}}],"collection":[{"href":"https:\/\/veritasinfo.org\/index.php?rest_route=\/wp\/v2\/posts"}],"about":[{"href":"https:\/\/veritasinfo.org\/index.php?rest_route=\/wp\/v2\/types\/post"}],"author":[{"embeddable":true,"href":"https:\/\/veritasinfo.org\/index.php?rest_route=\/wp\/v2\/users\/7"}],"replies":[{"embeddable":true,"href":"https:\/\/veritasinfo.org\/index.php?rest_route=%2Fwp%2Fv2%2Fcomments&post=30805"}],"version-history":[{"count":1,"href":"https:\/\/veritasinfo.org\/index.php?rest_route=\/wp\/v2\/posts\/30805\/revisions"}],"predecessor-version":[{"id":30807,"href":"https:\/\/veritasinfo.org\/index.php?rest_route=\/wp\/v2\/posts\/30805\/revisions\/30807"}],"wp:featuredmedia":[{"embeddable":true,"href":"https:\/\/veritasinfo.org\/index.php?rest_route=\/wp\/v2\/media\/30806"}],"wp:attachment":[{"href":"https:\/\/veritasinfo.org\/index.php?rest_route=%2Fwp%2Fv2%2Fmedia&parent=30805"}],"wp:term":[{"taxonomy":"category","embeddable":true,"href":"https:\/\/veritasinfo.org\/index.php?rest_route=%2Fwp%2Fv2%2Fcategories&post=30805"},{"taxonomy":"post_tag","embeddable":true,"href":"https:\/\/veritasinfo.org\/index.php?rest_route=%2Fwp%2Fv2%2Ftags&post=30805"}],"curies":[{"name":"wp","href":"https:\/\/api.w.org\/{rel}","templated":true}]}}