{"id":30784,"date":"2026-02-05T17:29:08","date_gmt":"2026-02-05T16:29:08","guid":{"rendered":"https:\/\/veritasinfo.org\/?p=30784"},"modified":"2026-02-05T17:29:08","modified_gmt":"2026-02-05T16:29:08","slug":"takim-kurti-dukanovic-ne-prishtine-ne-fokus-zhvillimet-ne-rajon","status":"publish","type":"post","link":"https:\/\/veritasinfo.org\/?p=30784","title":{"rendered":"Takim Kurti\u2013\u0110ukanovi\u0107 n\u00eb Prishtin\u00eb, n\u00eb fokus zhvillimet n\u00eb rajon"},"content":{"rendered":"<p>Prishtin\u00eb 05 Shkurt 2026 17:28<\/p>\n<p>Ish-presidenti i Malit t\u00eb Zi, Milo \u0110ukanovi\u0107, ka b\u00ebr\u00eb t\u00eb ditur se gjat\u00eb nj\u00eb ndalese n\u00eb Prishtin\u00eb \u00ebsht\u00eb takuar shkurt me kryeministrin n\u00eb detyr\u00eb, Albin Kurti.<\/p>\n<p>P\u00ebrmes nj\u00eb postimi n\u00eb rrjetet sociale, \u0110ukanovi\u0107 njoftoi se e ka uruar Kurtin p\u00ebr fitoren e fundit zgjedhore, nd\u00ebrsa theksoi se takimi \u00ebsht\u00eb zhvilluar n\u00eb nj\u00eb atmosfer\u00eb miq\u00ebsore.<\/p>\n<p>\u201cS\u00eb bashku shk\u00ebmbyem mendime p\u00ebr proceset aktuale n\u00eb Ballkanin Per\u00ebndimor dhe n\u00eb nivel global, me theks t\u00eb ve\u00e7ant\u00eb n\u00eb \u00e7\u00ebshtjet me r\u00ebnd\u00ebsi p\u00ebr sigurin\u00eb e rajonit\u201d, ka shkruar \u0110ukanovi\u0107.<\/p>\n","protected":false},"excerpt":{"rendered":"<p>Prishtin\u00eb 05 Shkurt 2026 17:28 Ish-presidenti i Malit t\u00eb Zi, Milo \u0110ukanovi\u0107, ka b\u00ebr\u00eb t\u00eb ditur se gjat\u00eb nj\u00eb ndalese n\u00eb Prishtin\u00eb \u00ebsht\u00eb takuar shkurt<\/p>\n","protected":false},"author":6,"featured_media":30785,"comment_status":"open","ping_status":"open","sticky":false,"template":"","format":"standard","meta":{"footnotes":""},"categories":[58],"tags":[],"class_list":["post-30784","post","type-post","status-publish","format-standard","has-post-thumbnail","hentry","category-politike-sq"],"yoast_head":"<!-- This site is optimized with the Yoast SEO plugin v25.3.1 - https:\/\/yoast.com\/wordpress\/plugins\/seo\/ -->\n<title>Takim Kurti\u2013\u0110ukanovi\u0107 n\u00eb Prishtin\u00eb, n\u00eb fokus zhvillimet n\u00eb rajon -<\/title>\n<meta name=\"robots\" content=\"index, follow, max-snippet:-1, max-image-preview:large, max-video-preview:-1\" \/>\n<link rel=\"canonical\" href=\"https:\/\/veritasinfo.org\/?p=30784\" \/>\n<meta property=\"og:locale\" content=\"en_US\" \/>\n<meta property=\"og:type\" content=\"article\" \/>\n<meta property=\"og:title\" content=\"Takim Kurti\u2013\u0110ukanovi\u0107 n\u00eb Prishtin\u00eb, n\u00eb fokus zhvillimet n\u00eb rajon -\" \/>\n<meta property=\"og:description\" content=\"Prishtin\u00eb 05 Shkurt 2026 17:28 Ish-presidenti i Malit t\u00eb Zi, Milo \u0110ukanovi\u0107, ka b\u00ebr\u00eb t\u00eb ditur se gjat\u00eb nj\u00eb ndalese n\u00eb Prishtin\u00eb \u00ebsht\u00eb takuar shkurt\" \/>\n<meta property=\"og:url\" content=\"https:\/\/veritasinfo.org\/?p=30784\" \/>\n<meta property=\"article:published_time\" content=\"2026-02-05T16:29:08+00:00\" \/>\n<meta property=\"og:image\" content=\"https:\/\/veritasinfo.org\/wp-content\/uploads\/2026\/02\/daa.png\" \/>\n\t<meta property=\"og:image:width\" content=\"852\" \/>\n\t<meta property=\"og:image:height\" content=\"496\" \/>\n\t<meta property=\"og:image:type\" content=\"image\/png\" \/>\n<meta name=\"author\" content=\"US5\" \/>\n<meta name=\"twitter:card\" content=\"summary_large_image\" \/>\n<meta name=\"twitter:label1\" content=\"Written by\" \/>\n\t<meta name=\"twitter:data1\" content=\"US5\" \/>\n<script type=\"application\/ld+json\" class=\"yoast-schema-graph\">{\"@context\":\"https:\/\/schema.org\",\"@graph\":[{\"@type\":\"WebPage\",\"@id\":\"https:\/\/veritasinfo.org\/?p=30784\",\"url\":\"https:\/\/veritasinfo.org\/?p=30784\",\"name\":\"Takim Kurti\u2013\u0110ukanovi\u0107 n\u00eb Prishtin\u00eb, n\u00eb fokus zhvillimet n\u00eb rajon -\",\"isPartOf\":{\"@id\":\"https:\/\/veritasinfo.org\/#website\"},\"primaryImageOfPage\":{\"@id\":\"https:\/\/veritasinfo.org\/?p=30784#primaryimage\"},\"image\":{\"@id\":\"https:\/\/veritasinfo.org\/?p=30784#primaryimage\"},\"thumbnailUrl\":\"https:\/\/veritasinfo.org\/wp-content\/uploads\/2026\/02\/daa.png\",\"datePublished\":\"2026-02-05T16:29:08+00:00\",\"author\":{\"@id\":\"https:\/\/veritasinfo.org\/#\/schema\/person\/bc442336e35414d04494ab8fb45db4c6\"},\"breadcrumb\":{\"@id\":\"https:\/\/veritasinfo.org\/?p=30784#breadcrumb\"},\"inLanguage\":\"en-US\",\"potentialAction\":[{\"@type\":\"ReadAction\",\"target\":[\"https:\/\/veritasinfo.org\/?p=30784\"]}]},{\"@type\":\"ImageObject\",\"inLanguage\":\"en-US\",\"@id\":\"https:\/\/veritasinfo.org\/?p=30784#primaryimage\",\"url\":\"https:\/\/veritasinfo.org\/wp-content\/uploads\/2026\/02\/daa.png\",\"contentUrl\":\"https:\/\/veritasinfo.org\/wp-content\/uploads\/2026\/02\/daa.png\",\"width\":852,\"height\":496},{\"@type\":\"BreadcrumbList\",\"@id\":\"https:\/\/veritasinfo.org\/?p=30784#breadcrumb\",\"itemListElement\":[{\"@type\":\"ListItem\",\"position\":1,\"name\":\"Home\",\"item\":\"https:\/\/veritasinfo.org\/\"},{\"@type\":\"ListItem\",\"position\":2,\"name\":\"Takim Kurti\u2013\u0110ukanovi\u0107 n\u00eb Prishtin\u00eb, n\u00eb fokus zhvillimet n\u00eb rajon\"}]},{\"@type\":\"WebSite\",\"@id\":\"https:\/\/veritasinfo.org\/#website\",\"url\":\"https:\/\/veritasinfo.org\/\",\"name\":\"\",\"description\":\"\",\"potentialAction\":[{\"@type\":\"SearchAction\",\"target\":{\"@type\":\"EntryPoint\",\"urlTemplate\":\"https:\/\/veritasinfo.org\/?s={search_term_string}\"},\"query-input\":{\"@type\":\"PropertyValueSpecification\",\"valueRequired\":true,\"valueName\":\"search_term_string\"}}],\"inLanguage\":\"en-US\"},{\"@type\":\"Person\",\"@id\":\"https:\/\/veritasinfo.org\/#\/schema\/person\/bc442336e35414d04494ab8fb45db4c6\",\"name\":\"US5\",\"image\":{\"@type\":\"ImageObject\",\"inLanguage\":\"en-US\",\"@id\":\"https:\/\/veritasinfo.org\/#\/schema\/person\/image\/\",\"url\":\"https:\/\/secure.gravatar.com\/avatar\/16a61e7272a0c5d001121ebb9e60e925d5816e4ac1e443ed3e640d9a6ae55d0c?s=96&d=mm&r=g\",\"contentUrl\":\"https:\/\/secure.gravatar.com\/avatar\/16a61e7272a0c5d001121ebb9e60e925d5816e4ac1e443ed3e640d9a6ae55d0c?s=96&d=mm&r=g\",\"caption\":\"US5\"},\"url\":\"https:\/\/veritasinfo.org\/?author=6\"}]}<\/script>\n<!-- \/ Yoast SEO plugin. -->","yoast_head_json":{"title":"Takim Kurti\u2013\u0110ukanovi\u0107 n\u00eb Prishtin\u00eb, n\u00eb fokus zhvillimet n\u00eb rajon -","robots":{"index":"index","follow":"follow","max-snippet":"max-snippet:-1","max-image-preview":"max-image-preview:large","max-video-preview":"max-video-preview:-1"},"canonical":"https:\/\/veritasinfo.org\/?p=30784","og_locale":"en_US","og_type":"article","og_title":"Takim Kurti\u2013\u0110ukanovi\u0107 n\u00eb Prishtin\u00eb, n\u00eb fokus zhvillimet n\u00eb rajon -","og_description":"Prishtin\u00eb 05 Shkurt 2026 17:28 Ish-presidenti i Malit t\u00eb Zi, Milo \u0110ukanovi\u0107, ka b\u00ebr\u00eb t\u00eb ditur se gjat\u00eb nj\u00eb ndalese n\u00eb Prishtin\u00eb \u00ebsht\u00eb takuar shkurt","og_url":"https:\/\/veritasinfo.org\/?p=30784","article_published_time":"2026-02-05T16:29:08+00:00","og_image":[{"width":852,"height":496,"url":"https:\/\/veritasinfo.org\/wp-content\/uploads\/2026\/02\/daa.png","type":"image\/png"}],"author":"US5","twitter_card":"summary_large_image","twitter_misc":{"Written by":"US5"},"schema":{"@context":"https:\/\/schema.org","@graph":[{"@type":"WebPage","@id":"https:\/\/veritasinfo.org\/?p=30784","url":"https:\/\/veritasinfo.org\/?p=30784","name":"Takim Kurti\u2013\u0110ukanovi\u0107 n\u00eb Prishtin\u00eb, n\u00eb fokus zhvillimet n\u00eb rajon -","isPartOf":{"@id":"https:\/\/veritasinfo.org\/#website"},"primaryImageOfPage":{"@id":"https:\/\/veritasinfo.org\/?p=30784#primaryimage"},"image":{"@id":"https:\/\/veritasinfo.org\/?p=30784#primaryimage"},"thumbnailUrl":"https:\/\/veritasinfo.org\/wp-content\/uploads\/2026\/02\/daa.png","datePublished":"2026-02-05T16:29:08+00:00","author":{"@id":"https:\/\/veritasinfo.org\/#\/schema\/person\/bc442336e35414d04494ab8fb45db4c6"},"breadcrumb":{"@id":"https:\/\/veritasinfo.org\/?p=30784#breadcrumb"},"inLanguage":"en-US","potentialAction":[{"@type":"ReadAction","target":["https:\/\/veritasinfo.org\/?p=30784"]}]},{"@type":"ImageObject","inLanguage":"en-US","@id":"https:\/\/veritasinfo.org\/?p=30784#primaryimage","url":"https:\/\/veritasinfo.org\/wp-content\/uploads\/2026\/02\/daa.png","contentUrl":"https:\/\/veritasinfo.org\/wp-content\/uploads\/2026\/02\/daa.png","width":852,"height":496},{"@type":"BreadcrumbList","@id":"https:\/\/veritasinfo.org\/?p=30784#breadcrumb","itemListElement":[{"@type":"ListItem","position":1,"name":"Home","item":"https:\/\/veritasinfo.org\/"},{"@type":"ListItem","position":2,"name":"Takim Kurti\u2013\u0110ukanovi\u0107 n\u00eb Prishtin\u00eb, n\u00eb fokus zhvillimet n\u00eb rajon"}]},{"@type":"WebSite","@id":"https:\/\/veritasinfo.org\/#website","url":"https:\/\/veritasinfo.org\/","name":"","description":"","potentialAction":[{"@type":"SearchAction","target":{"@type":"EntryPoint","urlTemplate":"https:\/\/veritasinfo.org\/?s={search_term_string}"},"query-input":{"@type":"PropertyValueSpecification","valueRequired":true,"valueName":"search_term_string"}}],"inLanguage":"en-US"},{"@type":"Person","@id":"https:\/\/veritasinfo.org\/#\/schema\/person\/bc442336e35414d04494ab8fb45db4c6","name":"US5","image":{"@type":"ImageObject","inLanguage":"en-US","@id":"https:\/\/veritasinfo.org\/#\/schema\/person\/image\/","url":"https:\/\/secure.gravatar.com\/avatar\/16a61e7272a0c5d001121ebb9e60e925d5816e4ac1e443ed3e640d9a6ae55d0c?s=96&d=mm&r=g","contentUrl":"https:\/\/secure.gravatar.com\/avatar\/16a61e7272a0c5d001121ebb9e60e925d5816e4ac1e443ed3e640d9a6ae55d0c?s=96&d=mm&r=g","caption":"US5"},"url":"https:\/\/veritasinfo.org\/?author=6"}]}},"featured_image_urls":{"full":["https:\/\/veritasinfo.org\/wp-content\/uploads\/2026\/02\/daa.png",852,496,false],"thumbnail":["https:\/\/veritasinfo.org\/wp-content\/uploads\/2026\/02\/daa-150x150.png",150,150,true],"medium":["https:\/\/veritasinfo.org\/wp-content\/uploads\/2026\/02\/daa-300x175.png",300,175,true],"medium_large":["https:\/\/veritasinfo.org\/wp-content\/uploads\/2026\/02\/daa-768x447.png",640,373,true],"large":["https:\/\/veritasinfo.org\/wp-content\/uploads\/2026\/02\/daa.png",640,373,false],"1536x1536":["https:\/\/veritasinfo.org\/wp-content\/uploads\/2026\/02\/daa.png",852,496,false],"2048x2048":["https:\/\/veritasinfo.org\/wp-content\/uploads\/2026\/02\/daa.png",852,496,false],"kreeti-slider-full":["https:\/\/veritasinfo.org\/wp-content\/uploads\/2026\/02\/daa.png",852,496,false],"kreeti-featured":["https:\/\/veritasinfo.org\/wp-content\/uploads\/2026\/02\/daa.png",852,496,false],"kreeti-medium":["https:\/\/veritasinfo.org\/wp-content\/uploads\/2026\/02\/daa.png",720,419,false],"kreeti-medium-square":["https:\/\/veritasinfo.org\/wp-content\/uploads\/2026\/02\/daa.png",350,204,false]},"author_info":{"info":["US5"]},"category_info":"<a href=\"https:\/\/veritasinfo.org\/?cat=58\" rel=\"category\">Politik\u00eb<\/a>","tag_info":"Politik\u00eb","comment_count":"0","_links":{"self":[{"href":"https:\/\/veritasinfo.org\/index.php?rest_route=\/wp\/v2\/posts\/30784","targetHints":{"allow":["GET"]}}],"collection":[{"href":"https:\/\/veritasinfo.org\/index.php?rest_route=\/wp\/v2\/posts"}],"about":[{"href":"https:\/\/veritasinfo.org\/index.php?rest_route=\/wp\/v2\/types\/post"}],"author":[{"embeddable":true,"href":"https:\/\/veritasinfo.org\/index.php?rest_route=\/wp\/v2\/users\/6"}],"replies":[{"embeddable":true,"href":"https:\/\/veritasinfo.org\/index.php?rest_route=%2Fwp%2Fv2%2Fcomments&post=30784"}],"version-history":[{"count":1,"href":"https:\/\/veritasinfo.org\/index.php?rest_route=\/wp\/v2\/posts\/30784\/revisions"}],"predecessor-version":[{"id":30786,"href":"https:\/\/veritasinfo.org\/index.php?rest_route=\/wp\/v2\/posts\/30784\/revisions\/30786"}],"wp:featuredmedia":[{"embeddable":true,"href":"https:\/\/veritasinfo.org\/index.php?rest_route=\/wp\/v2\/media\/30785"}],"wp:attachment":[{"href":"https:\/\/veritasinfo.org\/index.php?rest_route=%2Fwp%2Fv2%2Fmedia&parent=30784"}],"wp:term":[{"taxonomy":"category","embeddable":true,"href":"https:\/\/veritasinfo.org\/index.php?rest_route=%2Fwp%2Fv2%2Fcategories&post=30784"},{"taxonomy":"post_tag","embeddable":true,"href":"https:\/\/veritasinfo.org\/index.php?rest_route=%2Fwp%2Fv2%2Ftags&post=30784"}],"curies":[{"name":"wp","href":"https:\/\/api.w.org\/{rel}","templated":true}]}}