{"id":30782,"date":"2026-02-05T15:47:40","date_gmt":"2026-02-05T14:47:40","guid":{"rendered":"https:\/\/veritasinfo.org\/?p=30782"},"modified":"2026-02-05T15:47:40","modified_gmt":"2026-02-05T14:47:40","slug":"francuska-ponovo-usvaja-zakon-o-asistiranom-umiranju-nakon-sto-ga-je-senat-odbio","status":"publish","type":"post","link":"https:\/\/veritasinfo.org\/?p=30782&lang=sr","title":{"rendered":"Francuska ponovo usvaja zakon o asistiranom umiranju nakon \u0161to ga je Senat odbio"},"content":{"rendered":"<p>Pri\u0161tina, 05. februar 2026. 15:45<\/p>\n<p>Odbor za socijalna pitanja Nacionalne skup\u0161tine Francuske dao je zeleno svetlo predlogu zakona o potpomognutom umiranju, objavio je Evronjuz u \u010detvrtak (05.02.2026).<\/p>\n<p>Ovaj korak Odbora za socijalna pitanja Nacionalne skup\u0161tine \u2013 koji ima mandat da preispita i izmeni zakone o zdravstvu, socijalnom osiguranju, porodici i radu \u2013 dolazi nakon pro\u0161le nedelje odbijanja u Senatu, koji je vratio predlog donjem domu na drugo \u010ditanje.<\/p>\n<p>Predsednik Emanuel Makron je 2022. godine obec\u0301ao da c\u0301e nakon ponovnog izbora sastaviti zakon o potpomognutom umiranju. Prvi put formalno predlo\u017een 2024. godine, Narodna skup\u0161tina ga je odobrila u maju 2025. godine.<\/p>\n<p>\u201eGlasanje Narodne skup\u0161tine o tekstovima koji se odnose na razvoj palijativne nege i pomoc\u0301i pri umiranju je va\u017ean korak. U vezi sa osetljivostima, sumnjama i nadama, put bratstva kojem sam se nadao postepeno se otvara. Sa dostojanstvom i \u010dove\u010dno\u0161c\u0301u\u201c, napisao je tada predsednik Makron u X.<\/p>\n<p>Me\u0111utim, 28. januara, Senat je odbacio predlog zakona sa 181 glasom protiv i 122 glasa za, \u0161to je dovelo do njegovog ponovnog razmatranja od strane odbora ove nedelje.<\/p>\n<p>Tekst koji je odobrio odbor odra\u017eava verziju iz maja 2025. godine, sa jednom klju\u010dnom promenom: uklanjanjem klauzule koja je izri\u010dito isklju\u010divala \u201e\u010disto psiholo\u0161ku patnju\u201c iz kriterijuma podobnosti.<\/p>\n<p>Sledec\u0301i korak c\u0301e po\u010deti 16. februara, kada po\u010dinje puna plenarna sednica Skup\u0161tine, a sve\u010dano glasanje je zakazano za 24. februar.<\/p>\n<p>Ako tekst bude odobren po drugi put, bic\u0301e vrac\u0301en Senatu. Ako se u ovoj fazi ne postigne dogovor, kona\u010dna re\u010d c\u0301e biti prepu\u0161tena Narodnoj skup\u0161tini.<\/p>\n<p>Jael Braun-Pivet, predsednica parlamenta, naglasila je da cilja da odobri tekst do leta.<\/p>\n","protected":false},"excerpt":{"rendered":"<p>Pri\u0161tina, 05. februar 2026. 15:45 Odbor za socijalna pitanja Nacionalne skup\u0161tine Francuske dao je zeleno svetlo predlogu zakona o potpomognutom umiranju, objavio je Evronjuz u<\/p>\n","protected":false},"author":6,"featured_media":30780,"comment_status":"open","ping_status":"open","sticky":false,"template":"","format":"standard","meta":{"footnotes":""},"categories":[74],"tags":[],"class_list":["post-30782","post","type-post","status-publish","format-standard","has-post-thumbnail","hentry","category-svet"],"yoast_head":"<!-- This site is optimized with the Yoast SEO plugin v25.3.1 - https:\/\/yoast.com\/wordpress\/plugins\/seo\/ -->\n<title>Francuska ponovo usvaja zakon o asistiranom umiranju nakon \u0161to ga je Senat odbio -<\/title>\n<meta name=\"robots\" content=\"index, follow, max-snippet:-1, max-image-preview:large, max-video-preview:-1\" \/>\n<link rel=\"canonical\" href=\"https:\/\/veritasinfo.org\/?p=30782&lang=sr\" \/>\n<meta property=\"og:locale\" content=\"en_US\" \/>\n<meta property=\"og:type\" content=\"article\" \/>\n<meta property=\"og:title\" content=\"Francuska ponovo usvaja zakon o asistiranom umiranju nakon \u0161to ga je Senat odbio -\" \/>\n<meta property=\"og:description\" content=\"Pri\u0161tina, 05. februar 2026. 15:45 Odbor za socijalna pitanja Nacionalne skup\u0161tine Francuske dao je zeleno svetlo predlogu zakona o potpomognutom umiranju, objavio je Evronjuz u\" \/>\n<meta property=\"og:url\" content=\"https:\/\/veritasinfo.org\/?p=30782&amp;lang=sr\" \/>\n<meta property=\"article:published_time\" content=\"2026-02-05T14:47:40+00:00\" \/>\n<meta property=\"og:image\" content=\"https:\/\/veritasinfo.org\/wp-content\/uploads\/2026\/02\/Asambleja-Kombetare-e-Frances.-Burimi_Faqja-e-saj-zyrtare-ne-Facebook-1536x1025-1.jpg\" \/>\n\t<meta property=\"og:image:width\" content=\"1536\" \/>\n\t<meta property=\"og:image:height\" content=\"1025\" \/>\n\t<meta property=\"og:image:type\" content=\"image\/jpeg\" \/>\n<meta name=\"author\" content=\"US5\" \/>\n<meta name=\"twitter:card\" content=\"summary_large_image\" \/>\n<meta name=\"twitter:label1\" content=\"Written by\" \/>\n\t<meta name=\"twitter:data1\" content=\"US5\" \/>\n<script type=\"application\/ld+json\" class=\"yoast-schema-graph\">{\"@context\":\"https:\/\/schema.org\",\"@graph\":[{\"@type\":\"WebPage\",\"@id\":\"https:\/\/veritasinfo.org\/?p=30782&lang=sr\",\"url\":\"https:\/\/veritasinfo.org\/?p=30782&lang=sr\",\"name\":\"Francuska ponovo usvaja zakon o asistiranom umiranju nakon \u0161to ga je Senat odbio -\",\"isPartOf\":{\"@id\":\"https:\/\/veritasinfo.org\/#website\"},\"primaryImageOfPage\":{\"@id\":\"https:\/\/veritasinfo.org\/?p=30782&lang=sr#primaryimage\"},\"image\":{\"@id\":\"https:\/\/veritasinfo.org\/?p=30782&lang=sr#primaryimage\"},\"thumbnailUrl\":\"https:\/\/veritasinfo.org\/wp-content\/uploads\/2026\/02\/Asambleja-Kombetare-e-Frances.-Burimi_Faqja-e-saj-zyrtare-ne-Facebook-1536x1025-1.jpg\",\"datePublished\":\"2026-02-05T14:47:40+00:00\",\"author\":{\"@id\":\"https:\/\/veritasinfo.org\/#\/schema\/person\/bc442336e35414d04494ab8fb45db4c6\"},\"breadcrumb\":{\"@id\":\"https:\/\/veritasinfo.org\/?p=30782&lang=sr#breadcrumb\"},\"inLanguage\":\"en-US\",\"potentialAction\":[{\"@type\":\"ReadAction\",\"target\":[\"https:\/\/veritasinfo.org\/?p=30782&lang=sr\"]}]},{\"@type\":\"ImageObject\",\"inLanguage\":\"en-US\",\"@id\":\"https:\/\/veritasinfo.org\/?p=30782&lang=sr#primaryimage\",\"url\":\"https:\/\/veritasinfo.org\/wp-content\/uploads\/2026\/02\/Asambleja-Kombetare-e-Frances.-Burimi_Faqja-e-saj-zyrtare-ne-Facebook-1536x1025-1.jpg\",\"contentUrl\":\"https:\/\/veritasinfo.org\/wp-content\/uploads\/2026\/02\/Asambleja-Kombetare-e-Frances.-Burimi_Faqja-e-saj-zyrtare-ne-Facebook-1536x1025-1.jpg\",\"width\":1536,\"height\":1025,\"caption\":\"D\u00e9claration de politique g\u00e9n\u00e9rale de S\u00e9bastien Lecornu, Premier ministre \u00e0 l'Assembl\u00e9e nationale le 14 octobre 2025. Ya\u00ebl Braun-Pivet, Pr\u00e9sidente de l'Assembl\u00e9e national S\u00e9bastien Lecornu, Premier Ministre\"},{\"@type\":\"BreadcrumbList\",\"@id\":\"https:\/\/veritasinfo.org\/?p=30782&lang=sr#breadcrumb\",\"itemListElement\":[{\"@type\":\"ListItem\",\"position\":1,\"name\":\"Home\",\"item\":\"https:\/\/veritasinfo.org\/\"},{\"@type\":\"ListItem\",\"position\":2,\"name\":\"Francuska ponovo usvaja zakon o asistiranom umiranju nakon \u0161to ga je Senat odbio\"}]},{\"@type\":\"WebSite\",\"@id\":\"https:\/\/veritasinfo.org\/#website\",\"url\":\"https:\/\/veritasinfo.org\/\",\"name\":\"\",\"description\":\"\",\"potentialAction\":[{\"@type\":\"SearchAction\",\"target\":{\"@type\":\"EntryPoint\",\"urlTemplate\":\"https:\/\/veritasinfo.org\/?s={search_term_string}\"},\"query-input\":{\"@type\":\"PropertyValueSpecification\",\"valueRequired\":true,\"valueName\":\"search_term_string\"}}],\"inLanguage\":\"en-US\"},{\"@type\":\"Person\",\"@id\":\"https:\/\/veritasinfo.org\/#\/schema\/person\/bc442336e35414d04494ab8fb45db4c6\",\"name\":\"US5\",\"image\":{\"@type\":\"ImageObject\",\"inLanguage\":\"en-US\",\"@id\":\"https:\/\/veritasinfo.org\/#\/schema\/person\/image\/\",\"url\":\"https:\/\/secure.gravatar.com\/avatar\/16a61e7272a0c5d001121ebb9e60e925d5816e4ac1e443ed3e640d9a6ae55d0c?s=96&d=mm&r=g\",\"contentUrl\":\"https:\/\/secure.gravatar.com\/avatar\/16a61e7272a0c5d001121ebb9e60e925d5816e4ac1e443ed3e640d9a6ae55d0c?s=96&d=mm&r=g\",\"caption\":\"US5\"},\"url\":\"https:\/\/veritasinfo.org\/?author=6\"}]}<\/script>\n<!-- \/ Yoast SEO plugin. -->","yoast_head_json":{"title":"Francuska ponovo usvaja zakon o asistiranom umiranju nakon \u0161to ga je Senat odbio -","robots":{"index":"index","follow":"follow","max-snippet":"max-snippet:-1","max-image-preview":"max-image-preview:large","max-video-preview":"max-video-preview:-1"},"canonical":"https:\/\/veritasinfo.org\/?p=30782&lang=sr","og_locale":"en_US","og_type":"article","og_title":"Francuska ponovo usvaja zakon o asistiranom umiranju nakon \u0161to ga je Senat odbio -","og_description":"Pri\u0161tina, 05. februar 2026. 15:45 Odbor za socijalna pitanja Nacionalne skup\u0161tine Francuske dao je zeleno svetlo predlogu zakona o potpomognutom umiranju, objavio je Evronjuz u","og_url":"https:\/\/veritasinfo.org\/?p=30782&lang=sr","article_published_time":"2026-02-05T14:47:40+00:00","og_image":[{"width":1536,"height":1025,"url":"https:\/\/veritasinfo.org\/wp-content\/uploads\/2026\/02\/Asambleja-Kombetare-e-Frances.-Burimi_Faqja-e-saj-zyrtare-ne-Facebook-1536x1025-1.jpg","type":"image\/jpeg"}],"author":"US5","twitter_card":"summary_large_image","twitter_misc":{"Written by":"US5"},"schema":{"@context":"https:\/\/schema.org","@graph":[{"@type":"WebPage","@id":"https:\/\/veritasinfo.org\/?p=30782&lang=sr","url":"https:\/\/veritasinfo.org\/?p=30782&lang=sr","name":"Francuska ponovo usvaja zakon o asistiranom umiranju nakon \u0161to ga je Senat odbio -","isPartOf":{"@id":"https:\/\/veritasinfo.org\/#website"},"primaryImageOfPage":{"@id":"https:\/\/veritasinfo.org\/?p=30782&lang=sr#primaryimage"},"image":{"@id":"https:\/\/veritasinfo.org\/?p=30782&lang=sr#primaryimage"},"thumbnailUrl":"https:\/\/veritasinfo.org\/wp-content\/uploads\/2026\/02\/Asambleja-Kombetare-e-Frances.-Burimi_Faqja-e-saj-zyrtare-ne-Facebook-1536x1025-1.jpg","datePublished":"2026-02-05T14:47:40+00:00","author":{"@id":"https:\/\/veritasinfo.org\/#\/schema\/person\/bc442336e35414d04494ab8fb45db4c6"},"breadcrumb":{"@id":"https:\/\/veritasinfo.org\/?p=30782&lang=sr#breadcrumb"},"inLanguage":"en-US","potentialAction":[{"@type":"ReadAction","target":["https:\/\/veritasinfo.org\/?p=30782&lang=sr"]}]},{"@type":"ImageObject","inLanguage":"en-US","@id":"https:\/\/veritasinfo.org\/?p=30782&lang=sr#primaryimage","url":"https:\/\/veritasinfo.org\/wp-content\/uploads\/2026\/02\/Asambleja-Kombetare-e-Frances.-Burimi_Faqja-e-saj-zyrtare-ne-Facebook-1536x1025-1.jpg","contentUrl":"https:\/\/veritasinfo.org\/wp-content\/uploads\/2026\/02\/Asambleja-Kombetare-e-Frances.-Burimi_Faqja-e-saj-zyrtare-ne-Facebook-1536x1025-1.jpg","width":1536,"height":1025,"caption":"D\u00e9claration de politique g\u00e9n\u00e9rale de S\u00e9bastien Lecornu, Premier ministre \u00e0 l'Assembl\u00e9e nationale le 14 octobre 2025. Ya\u00ebl Braun-Pivet, Pr\u00e9sidente de l'Assembl\u00e9e national S\u00e9bastien Lecornu, Premier Ministre"},{"@type":"BreadcrumbList","@id":"https:\/\/veritasinfo.org\/?p=30782&lang=sr#breadcrumb","itemListElement":[{"@type":"ListItem","position":1,"name":"Home","item":"https:\/\/veritasinfo.org\/"},{"@type":"ListItem","position":2,"name":"Francuska ponovo usvaja zakon o asistiranom umiranju nakon \u0161to ga je Senat odbio"}]},{"@type":"WebSite","@id":"https:\/\/veritasinfo.org\/#website","url":"https:\/\/veritasinfo.org\/","name":"","description":"","potentialAction":[{"@type":"SearchAction","target":{"@type":"EntryPoint","urlTemplate":"https:\/\/veritasinfo.org\/?s={search_term_string}"},"query-input":{"@type":"PropertyValueSpecification","valueRequired":true,"valueName":"search_term_string"}}],"inLanguage":"en-US"},{"@type":"Person","@id":"https:\/\/veritasinfo.org\/#\/schema\/person\/bc442336e35414d04494ab8fb45db4c6","name":"US5","image":{"@type":"ImageObject","inLanguage":"en-US","@id":"https:\/\/veritasinfo.org\/#\/schema\/person\/image\/","url":"https:\/\/secure.gravatar.com\/avatar\/16a61e7272a0c5d001121ebb9e60e925d5816e4ac1e443ed3e640d9a6ae55d0c?s=96&d=mm&r=g","contentUrl":"https:\/\/secure.gravatar.com\/avatar\/16a61e7272a0c5d001121ebb9e60e925d5816e4ac1e443ed3e640d9a6ae55d0c?s=96&d=mm&r=g","caption":"US5"},"url":"https:\/\/veritasinfo.org\/?author=6"}]}},"featured_image_urls":{"full":["https:\/\/veritasinfo.org\/wp-content\/uploads\/2026\/02\/Asambleja-Kombetare-e-Frances.-Burimi_Faqja-e-saj-zyrtare-ne-Facebook-1536x1025-1.jpg",1536,1025,false],"thumbnail":["https:\/\/veritasinfo.org\/wp-content\/uploads\/2026\/02\/Asambleja-Kombetare-e-Frances.-Burimi_Faqja-e-saj-zyrtare-ne-Facebook-1536x1025-1-150x150.jpg",150,150,true],"medium":["https:\/\/veritasinfo.org\/wp-content\/uploads\/2026\/02\/Asambleja-Kombetare-e-Frances.-Burimi_Faqja-e-saj-zyrtare-ne-Facebook-1536x1025-1-300x200.jpg",300,200,true],"medium_large":["https:\/\/veritasinfo.org\/wp-content\/uploads\/2026\/02\/Asambleja-Kombetare-e-Frances.-Burimi_Faqja-e-saj-zyrtare-ne-Facebook-1536x1025-1-768x513.jpg",640,428,true],"large":["https:\/\/veritasinfo.org\/wp-content\/uploads\/2026\/02\/Asambleja-Kombetare-e-Frances.-Burimi_Faqja-e-saj-zyrtare-ne-Facebook-1536x1025-1-1024x683.jpg",640,427,true],"1536x1536":["https:\/\/veritasinfo.org\/wp-content\/uploads\/2026\/02\/Asambleja-Kombetare-e-Frances.-Burimi_Faqja-e-saj-zyrtare-ne-Facebook-1536x1025-1.jpg",1536,1025,false],"2048x2048":["https:\/\/veritasinfo.org\/wp-content\/uploads\/2026\/02\/Asambleja-Kombetare-e-Frances.-Burimi_Faqja-e-saj-zyrtare-ne-Facebook-1536x1025-1.jpg",1536,1025,false],"kreeti-slider-full":["https:\/\/veritasinfo.org\/wp-content\/uploads\/2026\/02\/Asambleja-Kombetare-e-Frances.-Burimi_Faqja-e-saj-zyrtare-ne-Facebook-1536x1025-1.jpg",1079,720,false],"kreeti-featured":["https:\/\/veritasinfo.org\/wp-content\/uploads\/2026\/02\/Asambleja-Kombetare-e-Frances.-Burimi_Faqja-e-saj-zyrtare-ne-Facebook-1536x1025-1.jpg",1024,683,false],"kreeti-medium":["https:\/\/veritasinfo.org\/wp-content\/uploads\/2026\/02\/Asambleja-Kombetare-e-Frances.-Burimi_Faqja-e-saj-zyrtare-ne-Facebook-1536x1025-1.jpg",720,480,false],"kreeti-medium-square":["https:\/\/veritasinfo.org\/wp-content\/uploads\/2026\/02\/Asambleja-Kombetare-e-Frances.-Burimi_Faqja-e-saj-zyrtare-ne-Facebook-1536x1025-1.jpg",350,234,false]},"author_info":{"info":["US5"]},"category_info":"<a href=\"https:\/\/veritasinfo.org\/?cat=74&#038;lang=sr\" rel=\"category\">Svet<\/a>","tag_info":"Svet","comment_count":"0","_links":{"self":[{"href":"https:\/\/veritasinfo.org\/index.php?rest_route=\/wp\/v2\/posts\/30782","targetHints":{"allow":["GET"]}}],"collection":[{"href":"https:\/\/veritasinfo.org\/index.php?rest_route=\/wp\/v2\/posts"}],"about":[{"href":"https:\/\/veritasinfo.org\/index.php?rest_route=\/wp\/v2\/types\/post"}],"author":[{"embeddable":true,"href":"https:\/\/veritasinfo.org\/index.php?rest_route=\/wp\/v2\/users\/6"}],"replies":[{"embeddable":true,"href":"https:\/\/veritasinfo.org\/index.php?rest_route=%2Fwp%2Fv2%2Fcomments&post=30782"}],"version-history":[{"count":1,"href":"https:\/\/veritasinfo.org\/index.php?rest_route=\/wp\/v2\/posts\/30782\/revisions"}],"predecessor-version":[{"id":30783,"href":"https:\/\/veritasinfo.org\/index.php?rest_route=\/wp\/v2\/posts\/30782\/revisions\/30783"}],"wp:featuredmedia":[{"embeddable":true,"href":"https:\/\/veritasinfo.org\/index.php?rest_route=\/wp\/v2\/media\/30780"}],"wp:attachment":[{"href":"https:\/\/veritasinfo.org\/index.php?rest_route=%2Fwp%2Fv2%2Fmedia&parent=30782"}],"wp:term":[{"taxonomy":"category","embeddable":true,"href":"https:\/\/veritasinfo.org\/index.php?rest_route=%2Fwp%2Fv2%2Fcategories&post=30782"},{"taxonomy":"post_tag","embeddable":true,"href":"https:\/\/veritasinfo.org\/index.php?rest_route=%2Fwp%2Fv2%2Ftags&post=30782"}],"curies":[{"name":"wp","href":"https:\/\/api.w.org\/{rel}","templated":true}]}}