{"id":30769,"date":"2026-02-05T14:58:23","date_gmt":"2026-02-05T13:58:23","guid":{"rendered":"https:\/\/veritasinfo.org\/?p=30769"},"modified":"2026-02-05T14:58:23","modified_gmt":"2026-02-05T13:58:23","slug":"deshmitari-thote-se-i-akuzuari-arsiq-ia-kishte-maltretuar-djalin-duke-e-detyruar-te-barte-ne-shpine-nje-person-te-vrare","status":"publish","type":"post","link":"https:\/\/veritasinfo.org\/?p=30769","title":{"rendered":"D\u00ebshmitari thot\u00eb se i akuzuari Arsiq ia kishte maltretuar djalin duke e detyruar t\u00eb barte n\u00eb shpin\u00eb nj\u00eb person t\u00eb vrar\u00eb"},"content":{"rendered":"<p>Prishtin\u00eb 05 Shkurt 2026 14:55<\/p>\n<p>Prishtin\u00eb- N\u00eb seanc\u00ebn e s\u00eb enjtes n\u00eb Gjykat\u00ebn Themelore n\u00eb Prishtin\u00eb, n\u00eb rigjykimin ndaj t\u00eb akuzuarit p\u00ebr krime lufte Dushko Arsiq, jan\u00eb d\u00ebgjuar d\u00ebshmitar\u00ebt Gani Krasniqi dhe Arsim Maqedonci. D\u00ebshmitari Krasniqi d\u00ebshmoi se Arsiq ia kishte maltretuar djalin, duke e detyruar ta barte n\u00eb shpin\u00eb nj\u00eb person t\u00eb vrar\u00eb.<\/p>\n<p>D\u00ebshmin\u00eb para trupit gjykues e nisi i pari d\u00ebshmitari Krasniqi, i cili tha se djali i tij ishte maltretuar nga tani i akuzuari Arsiq, emrin e t\u00eb cilit e kishte kuptuar pas ngjarjes, raporton \u201cBetimi p\u00ebr Drejt\u00ebsi\u201d.<\/p>\n<p>\u201cKam dal\u00eb e pash u \u00e7el\u00eb dera e oborrit, e kam pa q\u00eb hyri djali i p\u00ebrgjakur dhe mezi q\u00eb ecke. Gjakun e kishte tek syt\u00eb edhe n\u00eb gjoks\u201d, tha Krasniqi.<\/p>\n<p>Derisa rr\u00ebfeu bised\u00ebn q\u00eb e kishte b\u00ebr\u00eb me djalin, Krasniqi tha se djali i tij ishte detyruar q\u00eb ta barte trupin e viktim\u00ebs B.Sh., nd\u00ebrkoh\u00eb q\u00eb ishte rrahur gjat\u00eb rrug\u00ebs. Sipas tij, aty ishin Dragani, Bobani dhe Dushko.<\/p>\n<p>\u201cE kam pyet kush t\u00eb bani k\u00ebshtu, \u00e7ka ki? Ka than\u00eb se te shpija e Smajlit e kan\u00eb rrahur Dushko Arsiqi edhe e ka vra edhe nj\u00eb djal\u00eb aty t\u2019u kalu, ma kan\u00eb ngarku n\u00eb shpin\u00eb edhe shqelma t\u2019u e rrah e kan\u00eb \u00e7u deri te ara e Smajlit, rreth gardhit aty q\u00eb \u00ebsht\u00eb nj\u00eb rrug\u00eb e vjet\u00ebr. M\u00eb ka tregu se m\u00eb s\u00eb shumti ka p\u00ebrjetu dhimbje kur u ngrit me trupin e atij djalit n\u00eb shpin\u00eb, k\u00ebt\u00eb nuk e harroj kurr\u00eb\u201d, tha Krasniqi.<\/p>\n<p>M\u00eb pas, u d\u00ebgjua edhe d\u00ebshmitari Maqedonci, i cili deklaroi se mbetet pran\u00eb d\u00ebshmis\u00eb s\u00eb dh\u00ebn\u00eb paraprakisht.<\/p>\n<p>T\u00eb ngjajshme<br \/>\n4 Shk, 2026, 18:28<br \/>\nSipas planifikimit t\u00eb k\u00ebsaj Gjykate, n\u00eb radh\u00eb p\u00ebr dh\u00ebnien e d\u00ebshmis\u00eb ishte d\u00ebshmitari Arsim Krasniqi, mir\u00ebpo kryetari i trupit gjykues, Vesel Ismaili konstatoi se ai nuk e ka pranuar ftes\u00ebn n\u00eb m\u00ebnyr\u00eb t\u00eb rregullt.<\/p>\n<p>Sipas aktakuz\u00ebs s\u00eb ngritur nga Prokuroria Speciale m\u00eb 2 n\u00ebntor 2022, thuhet se ekziston dyshimi i bazuar se Arsiq n\u00eb bashk\u00ebkryerje me pjes\u00ebtar\u00eb t\u00eb tjer\u00eb t\u00eb Policis\u00eb serbe dhe grupet paramilitare, n\u00eb muajt janar-qershor 1999, ka marr\u00eb pjes\u00eb n\u00eb d\u00ebbimin dhe shp\u00ebrnguljen e qytetar\u00ebve nga Prishtina dhe rrethina. Aktakuza e ngarkon Arsiqin se bashk\u00eb me grupin tjet\u00ebr kan\u00eb filluar t\u00eb b\u00ebjn\u00eb pla\u00e7kitjen e sht\u00ebpive, si dhe m\u00eb pas me q\u00ebllim t\u00eb d\u00ebmtimit t\u00eb pron\u00ebs s\u00eb shqiptar\u00ebve ia kan\u00eb v\u00ebn\u00eb zjarrin.<\/p>\n<p>Aktakuza e b\u00ebn p\u00ebrgjegj\u00ebs Arsiqin edhe p\u00ebr keqtrajtimin e civil\u00ebve shqiptar\u00eb, plagosje, si dhe p\u00ebr vrasje.<\/p>\n<p>Arsiq akuzohet se ka marr\u00eb pjes\u00eb n\u00eb ekzekutimin e tani t\u00eb ndjerit B.Sh., ashtu q\u00eb m\u00eb 20 prill 1999, n\u00eb fshatin Butovc t\u00eb Komun\u00ebs s\u00eb Prishtin\u00ebs, n\u00eb vendin e quajtur \u201cvarrezat e Maqedoncve\u201d, derisa viktima kishte qen\u00eb duke ecur, e kan\u00eb gjuajtur me pushk\u00eb automatike dhe pasi q\u00eb e kan\u00eb goditur, e kan\u00eb urdh\u00ebruar t\u00eb d\u00ebmtuarin A.K., i cili at\u00eb koh\u00eb ishte 15 vje\u00e7ar, q\u00eb trupin e viktim\u00ebs B.Sh., ta mbaj\u00eb n\u00eb shpin\u00eb edhe pse i d\u00ebmtuari ka pasur l\u00ebndime t\u00eb konsiderueshme fizike p\u00ebr shkak se i akuzuari paraprakisht e kishte maltretuar fizikisht dhe psiqikisht, veprime k\u00ebto t\u00eb sanksionuara sipas ligjeve vendore, zakoneve t\u00eb luft\u00ebs dhe Konventave Nd\u00ebrkomb\u00ebtare t\u00eb Gjenev\u00ebs dhe Protokolleve Shtes\u00eb.<\/p>\n<p>Me k\u00ebt\u00eb, Arsiq akuzohet se ka kryer vepr\u00ebn penale \u201cKrime lufte kund\u00ebr popullat\u00ebs civile\u201d nga neni 142 lidhur me nenin 22 t\u00eb Ligjit Penal t\u00eb RSFJ-s\u00eb. <\/p>\n","protected":false},"excerpt":{"rendered":"<p>Prishtin\u00eb 05 Shkurt 2026 14:55 Prishtin\u00eb- N\u00eb seanc\u00ebn e s\u00eb enjtes n\u00eb Gjykat\u00ebn Themelore n\u00eb Prishtin\u00eb, n\u00eb rigjykimin ndaj t\u00eb akuzuarit p\u00ebr krime lufte Dushko<\/p>\n","protected":false},"author":6,"featured_media":30770,"comment_status":"open","ping_status":"open","sticky":false,"template":"","format":"standard","meta":{"footnotes":""},"categories":[60],"tags":[],"class_list":["post-30769","post","type-post","status-publish","format-standard","has-post-thumbnail","hentry","category-shoqerore-sq"],"yoast_head":"<!-- This site is optimized with the Yoast SEO plugin v25.3.1 - https:\/\/yoast.com\/wordpress\/plugins\/seo\/ -->\n<title>D\u00ebshmitari thot\u00eb se i akuzuari Arsiq ia kishte maltretuar djalin duke e detyruar t\u00eb barte n\u00eb shpin\u00eb nj\u00eb person t\u00eb vrar\u00eb -<\/title>\n<meta name=\"robots\" content=\"index, follow, max-snippet:-1, max-image-preview:large, max-video-preview:-1\" \/>\n<link rel=\"canonical\" href=\"https:\/\/veritasinfo.org\/?p=30769\" \/>\n<meta property=\"og:locale\" content=\"en_US\" \/>\n<meta property=\"og:type\" content=\"article\" \/>\n<meta property=\"og:title\" content=\"D\u00ebshmitari thot\u00eb se i akuzuari Arsiq ia kishte maltretuar djalin duke e detyruar t\u00eb barte n\u00eb shpin\u00eb nj\u00eb person t\u00eb vrar\u00eb -\" \/>\n<meta property=\"og:description\" content=\"Prishtin\u00eb 05 Shkurt 2026 14:55 Prishtin\u00eb- N\u00eb seanc\u00ebn e s\u00eb enjtes n\u00eb Gjykat\u00ebn Themelore n\u00eb Prishtin\u00eb, n\u00eb rigjykimin ndaj t\u00eb akuzuarit p\u00ebr krime lufte Dushko\" \/>\n<meta property=\"og:url\" content=\"https:\/\/veritasinfo.org\/?p=30769\" \/>\n<meta property=\"article:published_time\" content=\"2026-02-05T13:58:23+00:00\" \/>\n<meta property=\"og:image\" content=\"https:\/\/veritasinfo.org\/wp-content\/uploads\/2026\/02\/20260205_095122-1-750x4302-1.jpg\" \/>\n\t<meta property=\"og:image:width\" content=\"750\" \/>\n\t<meta property=\"og:image:height\" content=\"430\" \/>\n\t<meta property=\"og:image:type\" content=\"image\/jpeg\" \/>\n<meta name=\"author\" content=\"US5\" \/>\n<meta name=\"twitter:card\" content=\"summary_large_image\" \/>\n<meta name=\"twitter:label1\" content=\"Written by\" \/>\n\t<meta name=\"twitter:data1\" content=\"US5\" \/>\n<script type=\"application\/ld+json\" class=\"yoast-schema-graph\">{\"@context\":\"https:\/\/schema.org\",\"@graph\":[{\"@type\":\"WebPage\",\"@id\":\"https:\/\/veritasinfo.org\/?p=30769\",\"url\":\"https:\/\/veritasinfo.org\/?p=30769\",\"name\":\"D\u00ebshmitari thot\u00eb se i akuzuari Arsiq ia kishte maltretuar djalin duke e detyruar t\u00eb barte n\u00eb shpin\u00eb nj\u00eb person t\u00eb vrar\u00eb -\",\"isPartOf\":{\"@id\":\"https:\/\/veritasinfo.org\/#website\"},\"primaryImageOfPage\":{\"@id\":\"https:\/\/veritasinfo.org\/?p=30769#primaryimage\"},\"image\":{\"@id\":\"https:\/\/veritasinfo.org\/?p=30769#primaryimage\"},\"thumbnailUrl\":\"https:\/\/veritasinfo.org\/wp-content\/uploads\/2026\/02\/20260205_095122-1-750x4302-1.jpg\",\"datePublished\":\"2026-02-05T13:58:23+00:00\",\"author\":{\"@id\":\"https:\/\/veritasinfo.org\/#\/schema\/person\/bc442336e35414d04494ab8fb45db4c6\"},\"breadcrumb\":{\"@id\":\"https:\/\/veritasinfo.org\/?p=30769#breadcrumb\"},\"inLanguage\":\"en-US\",\"potentialAction\":[{\"@type\":\"ReadAction\",\"target\":[\"https:\/\/veritasinfo.org\/?p=30769\"]}]},{\"@type\":\"ImageObject\",\"inLanguage\":\"en-US\",\"@id\":\"https:\/\/veritasinfo.org\/?p=30769#primaryimage\",\"url\":\"https:\/\/veritasinfo.org\/wp-content\/uploads\/2026\/02\/20260205_095122-1-750x4302-1.jpg\",\"contentUrl\":\"https:\/\/veritasinfo.org\/wp-content\/uploads\/2026\/02\/20260205_095122-1-750x4302-1.jpg\",\"width\":750,\"height\":430},{\"@type\":\"BreadcrumbList\",\"@id\":\"https:\/\/veritasinfo.org\/?p=30769#breadcrumb\",\"itemListElement\":[{\"@type\":\"ListItem\",\"position\":1,\"name\":\"Home\",\"item\":\"https:\/\/veritasinfo.org\/\"},{\"@type\":\"ListItem\",\"position\":2,\"name\":\"D\u00ebshmitari thot\u00eb se i akuzuari Arsiq ia kishte maltretuar djalin duke e detyruar t\u00eb barte n\u00eb shpin\u00eb nj\u00eb person t\u00eb vrar\u00eb\"}]},{\"@type\":\"WebSite\",\"@id\":\"https:\/\/veritasinfo.org\/#website\",\"url\":\"https:\/\/veritasinfo.org\/\",\"name\":\"\",\"description\":\"\",\"potentialAction\":[{\"@type\":\"SearchAction\",\"target\":{\"@type\":\"EntryPoint\",\"urlTemplate\":\"https:\/\/veritasinfo.org\/?s={search_term_string}\"},\"query-input\":{\"@type\":\"PropertyValueSpecification\",\"valueRequired\":true,\"valueName\":\"search_term_string\"}}],\"inLanguage\":\"en-US\"},{\"@type\":\"Person\",\"@id\":\"https:\/\/veritasinfo.org\/#\/schema\/person\/bc442336e35414d04494ab8fb45db4c6\",\"name\":\"US5\",\"image\":{\"@type\":\"ImageObject\",\"inLanguage\":\"en-US\",\"@id\":\"https:\/\/veritasinfo.org\/#\/schema\/person\/image\/\",\"url\":\"https:\/\/secure.gravatar.com\/avatar\/16a61e7272a0c5d001121ebb9e60e925d5816e4ac1e443ed3e640d9a6ae55d0c?s=96&d=mm&r=g\",\"contentUrl\":\"https:\/\/secure.gravatar.com\/avatar\/16a61e7272a0c5d001121ebb9e60e925d5816e4ac1e443ed3e640d9a6ae55d0c?s=96&d=mm&r=g\",\"caption\":\"US5\"},\"url\":\"https:\/\/veritasinfo.org\/?author=6\"}]}<\/script>\n<!-- \/ Yoast SEO plugin. -->","yoast_head_json":{"title":"D\u00ebshmitari thot\u00eb se i akuzuari Arsiq ia kishte maltretuar djalin duke e detyruar t\u00eb barte n\u00eb shpin\u00eb nj\u00eb person t\u00eb vrar\u00eb -","robots":{"index":"index","follow":"follow","max-snippet":"max-snippet:-1","max-image-preview":"max-image-preview:large","max-video-preview":"max-video-preview:-1"},"canonical":"https:\/\/veritasinfo.org\/?p=30769","og_locale":"en_US","og_type":"article","og_title":"D\u00ebshmitari thot\u00eb se i akuzuari Arsiq ia kishte maltretuar djalin duke e detyruar t\u00eb barte n\u00eb shpin\u00eb nj\u00eb person t\u00eb vrar\u00eb -","og_description":"Prishtin\u00eb 05 Shkurt 2026 14:55 Prishtin\u00eb- N\u00eb seanc\u00ebn e s\u00eb enjtes n\u00eb Gjykat\u00ebn Themelore n\u00eb Prishtin\u00eb, n\u00eb rigjykimin ndaj t\u00eb akuzuarit p\u00ebr krime lufte Dushko","og_url":"https:\/\/veritasinfo.org\/?p=30769","article_published_time":"2026-02-05T13:58:23+00:00","og_image":[{"width":750,"height":430,"url":"https:\/\/veritasinfo.org\/wp-content\/uploads\/2026\/02\/20260205_095122-1-750x4302-1.jpg","type":"image\/jpeg"}],"author":"US5","twitter_card":"summary_large_image","twitter_misc":{"Written by":"US5"},"schema":{"@context":"https:\/\/schema.org","@graph":[{"@type":"WebPage","@id":"https:\/\/veritasinfo.org\/?p=30769","url":"https:\/\/veritasinfo.org\/?p=30769","name":"D\u00ebshmitari thot\u00eb se i akuzuari Arsiq ia kishte maltretuar djalin duke e detyruar t\u00eb barte n\u00eb shpin\u00eb nj\u00eb person t\u00eb vrar\u00eb -","isPartOf":{"@id":"https:\/\/veritasinfo.org\/#website"},"primaryImageOfPage":{"@id":"https:\/\/veritasinfo.org\/?p=30769#primaryimage"},"image":{"@id":"https:\/\/veritasinfo.org\/?p=30769#primaryimage"},"thumbnailUrl":"https:\/\/veritasinfo.org\/wp-content\/uploads\/2026\/02\/20260205_095122-1-750x4302-1.jpg","datePublished":"2026-02-05T13:58:23+00:00","author":{"@id":"https:\/\/veritasinfo.org\/#\/schema\/person\/bc442336e35414d04494ab8fb45db4c6"},"breadcrumb":{"@id":"https:\/\/veritasinfo.org\/?p=30769#breadcrumb"},"inLanguage":"en-US","potentialAction":[{"@type":"ReadAction","target":["https:\/\/veritasinfo.org\/?p=30769"]}]},{"@type":"ImageObject","inLanguage":"en-US","@id":"https:\/\/veritasinfo.org\/?p=30769#primaryimage","url":"https:\/\/veritasinfo.org\/wp-content\/uploads\/2026\/02\/20260205_095122-1-750x4302-1.jpg","contentUrl":"https:\/\/veritasinfo.org\/wp-content\/uploads\/2026\/02\/20260205_095122-1-750x4302-1.jpg","width":750,"height":430},{"@type":"BreadcrumbList","@id":"https:\/\/veritasinfo.org\/?p=30769#breadcrumb","itemListElement":[{"@type":"ListItem","position":1,"name":"Home","item":"https:\/\/veritasinfo.org\/"},{"@type":"ListItem","position":2,"name":"D\u00ebshmitari thot\u00eb se i akuzuari Arsiq ia kishte maltretuar djalin duke e detyruar t\u00eb barte n\u00eb shpin\u00eb nj\u00eb person t\u00eb vrar\u00eb"}]},{"@type":"WebSite","@id":"https:\/\/veritasinfo.org\/#website","url":"https:\/\/veritasinfo.org\/","name":"","description":"","potentialAction":[{"@type":"SearchAction","target":{"@type":"EntryPoint","urlTemplate":"https:\/\/veritasinfo.org\/?s={search_term_string}"},"query-input":{"@type":"PropertyValueSpecification","valueRequired":true,"valueName":"search_term_string"}}],"inLanguage":"en-US"},{"@type":"Person","@id":"https:\/\/veritasinfo.org\/#\/schema\/person\/bc442336e35414d04494ab8fb45db4c6","name":"US5","image":{"@type":"ImageObject","inLanguage":"en-US","@id":"https:\/\/veritasinfo.org\/#\/schema\/person\/image\/","url":"https:\/\/secure.gravatar.com\/avatar\/16a61e7272a0c5d001121ebb9e60e925d5816e4ac1e443ed3e640d9a6ae55d0c?s=96&d=mm&r=g","contentUrl":"https:\/\/secure.gravatar.com\/avatar\/16a61e7272a0c5d001121ebb9e60e925d5816e4ac1e443ed3e640d9a6ae55d0c?s=96&d=mm&r=g","caption":"US5"},"url":"https:\/\/veritasinfo.org\/?author=6"}]}},"featured_image_urls":{"full":["https:\/\/veritasinfo.org\/wp-content\/uploads\/2026\/02\/20260205_095122-1-750x4302-1.jpg",750,430,false],"thumbnail":["https:\/\/veritasinfo.org\/wp-content\/uploads\/2026\/02\/20260205_095122-1-750x4302-1-150x150.jpg",150,150,true],"medium":["https:\/\/veritasinfo.org\/wp-content\/uploads\/2026\/02\/20260205_095122-1-750x4302-1-300x172.jpg",300,172,true],"medium_large":["https:\/\/veritasinfo.org\/wp-content\/uploads\/2026\/02\/20260205_095122-1-750x4302-1.jpg",640,367,false],"large":["https:\/\/veritasinfo.org\/wp-content\/uploads\/2026\/02\/20260205_095122-1-750x4302-1.jpg",640,367,false],"1536x1536":["https:\/\/veritasinfo.org\/wp-content\/uploads\/2026\/02\/20260205_095122-1-750x4302-1.jpg",750,430,false],"2048x2048":["https:\/\/veritasinfo.org\/wp-content\/uploads\/2026\/02\/20260205_095122-1-750x4302-1.jpg",750,430,false],"kreeti-slider-full":["https:\/\/veritasinfo.org\/wp-content\/uploads\/2026\/02\/20260205_095122-1-750x4302-1.jpg",750,430,false],"kreeti-featured":["https:\/\/veritasinfo.org\/wp-content\/uploads\/2026\/02\/20260205_095122-1-750x4302-1.jpg",750,430,false],"kreeti-medium":["https:\/\/veritasinfo.org\/wp-content\/uploads\/2026\/02\/20260205_095122-1-750x4302-1.jpg",720,413,false],"kreeti-medium-square":["https:\/\/veritasinfo.org\/wp-content\/uploads\/2026\/02\/20260205_095122-1-750x4302-1.jpg",350,201,false]},"author_info":{"info":["US5"]},"category_info":"<a href=\"https:\/\/veritasinfo.org\/?cat=60\" rel=\"category\">Shoq\u00ebrore<\/a>","tag_info":"Shoq\u00ebrore","comment_count":"0","_links":{"self":[{"href":"https:\/\/veritasinfo.org\/index.php?rest_route=\/wp\/v2\/posts\/30769","targetHints":{"allow":["GET"]}}],"collection":[{"href":"https:\/\/veritasinfo.org\/index.php?rest_route=\/wp\/v2\/posts"}],"about":[{"href":"https:\/\/veritasinfo.org\/index.php?rest_route=\/wp\/v2\/types\/post"}],"author":[{"embeddable":true,"href":"https:\/\/veritasinfo.org\/index.php?rest_route=\/wp\/v2\/users\/6"}],"replies":[{"embeddable":true,"href":"https:\/\/veritasinfo.org\/index.php?rest_route=%2Fwp%2Fv2%2Fcomments&post=30769"}],"version-history":[{"count":1,"href":"https:\/\/veritasinfo.org\/index.php?rest_route=\/wp\/v2\/posts\/30769\/revisions"}],"predecessor-version":[{"id":30771,"href":"https:\/\/veritasinfo.org\/index.php?rest_route=\/wp\/v2\/posts\/30769\/revisions\/30771"}],"wp:featuredmedia":[{"embeddable":true,"href":"https:\/\/veritasinfo.org\/index.php?rest_route=\/wp\/v2\/media\/30770"}],"wp:attachment":[{"href":"https:\/\/veritasinfo.org\/index.php?rest_route=%2Fwp%2Fv2%2Fmedia&parent=30769"}],"wp:term":[{"taxonomy":"category","embeddable":true,"href":"https:\/\/veritasinfo.org\/index.php?rest_route=%2Fwp%2Fv2%2Fcategories&post=30769"},{"taxonomy":"post_tag","embeddable":true,"href":"https:\/\/veritasinfo.org\/index.php?rest_route=%2Fwp%2Fv2%2Ftags&post=30769"}],"curies":[{"name":"wp","href":"https:\/\/api.w.org\/{rel}","templated":true}]}}