{"id":30740,"date":"2026-02-05T12:55:31","date_gmt":"2026-02-05T11:55:31","guid":{"rendered":"https:\/\/veritasinfo.org\/?p=30740"},"modified":"2026-02-05T12:55:31","modified_gmt":"2026-02-05T11:55:31","slug":"french-business-day-kosova-prezantohet-si-destinacion-i-ri-per-investimet-franceze","status":"publish","type":"post","link":"https:\/\/veritasinfo.org\/?p=30740","title":{"rendered":"French Business Day\u201d, Kosova prezantohet si destinacion i ri p\u00ebr investimet franceze"},"content":{"rendered":"<p>Prishtin\u00eb 05 Shkurt 2026 12:55<\/p>\n<p>K\u00ebshilli i Investitor\u00ebve Europian ka organizuar eventin, \u201cFrench Business Day\u201d, qw synon t\u00eb promovoj\u00eb Kosov\u00ebn si destinacion investimesh, t\u00eb fuqizoj\u00eb dialogun publiko-privat dhe t\u00eb kontribuoj\u00eb n\u00eb thellimin e marr\u00ebdh\u00ebnieve ekonomike dhe tregtare nd\u00ebrmjet Kosov\u00ebs dhe Franc\u00ebs, raporton Ekonomia Online.<\/p>\n<p>N\u00eb k\u00ebt\u00eb aktivitet mor\u00ebn pjes\u00eb p\u00ebrfaq\u00ebsues t\u00eb institucioneve t\u00eb Kosov\u00ebs, diplomacis\u00eb franceze dhe komunitetit t\u00eb biznesit, nd\u00ebrsa u theksua r\u00ebnd\u00ebsia e krijimit t\u00eb partneriteteve afatgjata, rritjes s\u00eb investimeve dhe bashk\u00ebpunimit ekonomik nd\u00ebrmjet dy vendeve.<\/p>\n<p>Kryeministri n\u00eb detyr\u00eb, Albin Kurti, tha se bashk\u00ebpunimi duhet t\u00eb nd\u00ebrtohet mbi besimin.<\/p>\n<p>\u201cDhe n\u00ebse ka nj\u00eb fjal\u00eb q\u00eb duhet t\u00eb p\u00ebrkufizoj\u00eb bashk\u00ebpunimin ton\u00eb sot, ajo \u00ebsht\u00eb besimi. Sepse besimi nuk \u00ebsht\u00eb vet\u00ebm vler\u00eb, \u00ebsht\u00eb avantazh ekonomik. N\u00eb nj\u00eb bot\u00eb t\u00eb paq\u00ebndrueshme, t\u00eb ndikuar nga tensionet gjeopolitike, transformimet teknologjike dhe rregullimi i fragmentuar, integriteti nuk \u00ebsht\u00eb vet\u00ebm p\u00ebrmbushje rregullash, integriteti \u00ebsht\u00eb konkurrueshm\u00ebri. Kur rregullat jan\u00eb t\u00eb qarta dhe zbatohen me drejt\u00ebsi, kompanit\u00eb e mira sigurt\u00eb rriten, investitor\u00ebt planifikojn\u00eb afatgjat\u00eb dhe shoq\u00ebrit\u00eb fitojn\u00eb besim n\u00eb t\u00eb ardhmen\u201d, tha ai.<\/p>\n<p>Ai shtoi se Kosova \u00ebsht\u00eb e gatshme p\u00ebr projekte t\u00eb m\u00ebdha dhe zgjerim t\u00eb bashk\u00ebpunimit tregtar.<\/p>\n<p>\u201cSot dua t\u00eb ndaj me ju tri mesazhe. S\u00eb pari, Kosova \u00ebsht\u00eb e gatshme p\u00ebr partneritete t\u00eb m\u00ebdha infrastrukturore. S\u00eb dyti, Kosova \u00ebsht\u00eb e hapur p\u00ebr investime serioze. Dhe s\u00eb treti, Kosova po zgjeron mund\u00ebsit\u00eb tregtare me Evrop\u00ebn, me rajonin dhe m\u00eb gjer\u00eb. Vendi yn\u00eb, Republika e Kosov\u00ebs, \u00ebsht\u00eb nj\u00eb shtet i pavarur dhe i konsoliduar, me orientim t\u00eb qart\u00eb evropian dhe po, tash e kemi edhe stabilitetin institucional, i cili d\u00ebshirohet aq shum\u00eb prej bizneseve. Meqen\u00ebse ofron siguri publike, parashikueshm\u00ebri dhe disiplin\u00eb t\u00eb fort\u00eb fiskale\u201d, tha ai.<\/p>\n<p>Drejtori Ekzekutiv i K\u00ebshillit t\u00eb Investitor\u00ebve Evropian\u00eb, Emrush Ujkani, tha se platforma ishte p\u00ebrgatitur p\u00ebrmes nj\u00eb procesi t\u00eb gjat\u00eb konsultimesh.<\/p>\n<p>\u201cKjo nism\u00eb u nis n\u00eb korrik t\u00eb vitit t\u00eb kaluar, pas nj\u00eb procesi t\u00eb gjer\u00eb dhe gjith\u00ebp\u00ebrfshir\u00ebs p\u00ebrgatitor. Gjat\u00eb k\u00ebsaj periudhe, u angazhuam n\u00eb konsultime me institucionet p\u00ebrkat\u00ebse franceze, si dhe me Qeverin\u00eb e Kosov\u00ebs dhe p\u00ebrfaq\u00ebsues t\u00eb sektorit privat, me q\u00ebllim q\u00eb kjo platform\u00eb t\u00eb pasqyroj\u00eb prioritetet e p\u00ebrbashk\u00ebta, nevojat reale t\u00eb tregut dhe interesat strategjike afatgjata. Ambicia jon\u00eb \u00ebsht\u00eb t\u00eb nxisim lidhje dometh\u00ebn\u00ebse, t\u00eb promovojm\u00eb investime dhe mund\u00ebsi, si dhe t\u00eb inkurajojm\u00eb inovacionin n\u00eb k\u00ebta sektor\u00eb, nga financat dhe energjia deri te infrastruktura, mobiliteti dhe teknologjia. Ne besojm\u00eb fuqish\u00ebm se duke bashkuar institucionet publike, partner\u00ebt nd\u00ebrkomb\u00ebtar\u00eb dhe sektorin privat, mund t\u2019i shnd\u00ebrrojm\u00eb interesat e p\u00ebrbashk\u00ebta n\u00eb projekte konkrete\u201d, tha ai.<\/p>\n<p>Ujkani u shpreh se kompanit\u00eb franceze jan\u00eb t\u00eb mir\u00ebpritura n\u00eb Kosov\u00eb.<\/p>\n<p>\u201cGjithashtu d\u00ebshiroj t\u2019u shpreh nj\u00eb mir\u00ebseardhje t\u00eb ve\u00e7ant\u00eb t\u00eb gjitha kompanive franceze t\u00eb pranishme sot me ne, q\u00eb po eksplorojn\u00eb mund\u00ebsi n\u00eb vendin ton\u00eb t\u00eb bukur, Republik\u00ebn e Kosov\u00ebs. Interesimi dhe angazhimi juaj jan\u00eb jetik\u00eb p\u00ebr forcimin e lidhjeve ekonomike, nxitjen e inovacionit dhe mb\u00ebshtetjen e rritjes s\u00eb q\u00ebndrueshme n\u00eb rajonin ton\u00eb. Presim me padurim t\u00eb nd\u00ebrtojm\u00eb partneritete afatgjata dhe t\u00eb krijojm\u00eb s\u00eb bashku sukses t\u00eb p\u00ebrbashk\u00ebt\u201d, tha ai.<\/p>\n<p>Ambasadori i Franc\u00ebs n\u00eb Kosov\u00eb, Olivier Guerot, theksoi se interesi i kompanive franceze d\u00ebshmon atraktivitetin e vendit.<\/p>\n<p>Mir\u00ebpo dy konstatime imponohen shum\u00eb qart\u00eb: s\u00eb pari, marrja e k\u00ebtij rreziku ishte nj\u00eb zgjedhje e mir\u00eb, dhe s\u00eb dyti, Kosova \u00ebsht\u00eb nj\u00eb vend t\u00ebrheq\u00ebs p\u00ebr kompanit\u00eb franceze. Dhe k\u00ebtyre kompanive franceze t\u00eb pranishme sot, e ve\u00e7an\u00ebrisht atyre q\u00eb po e zbulojn\u00eb Kosov\u00ebn, dua t\u2019u them disa gj\u00ebra thjesht: faleminderit, faleminderit q\u00eb po b\u00ebni bastin e zbulimit, sepse ka shum\u00eb gj\u00ebra p\u00ebr t\u2019u zbuluar n\u00eb k\u00ebt\u00eb vend t\u00eb bukur. Shum\u00eb energji, shum\u00eb rini, shum\u00eb d\u00ebshir\u00eb p\u00ebr t\u00eb nd\u00ebrmarr\u00eb. Dhe ata e ato q\u00eb pat\u00ebn mund\u00ebsin\u00eb dje ose k\u00ebt\u00eb m\u00ebngjes t\u00eb sh\u00ebtisin n\u00ebp\u00ebr Prishtin\u00eb, mund ta shohin k\u00ebt\u00eb me syt\u00eb e tyre. Vendi po transformohet, po zhvillohet, po nd\u00ebrtohet, po modernizohet, po investon\u201d, tha ai.<\/p>\n<p>Ai shtoi se marr\u00ebdh\u00ebniet nd\u00ebrmjet Franc\u00ebs dhe Kosov\u00ebs jan\u00eb t\u00eb forta.<\/p>\n<p>\u201c\u00cbsht\u00eb gjithashtu nj\u00eb vend me t\u00eb cilin Franca mban nj\u00eb marr\u00ebdh\u00ebnie shum\u00eb, shum\u00eb pozitive, nj\u00eb partner, por edhe m\u00eb tep\u00ebr nj\u00eb vend mik. Kjo marr\u00ebdh\u00ebnie mb\u00ebshtetet n\u00eb lidhje njer\u00ebzore me diaspor\u00ebn  e cila \u00ebsht\u00eb padyshim e dukshme mes nesh dhe n\u00eb lidhje kulturore\u201d, tha ai.<\/p>\n","protected":false},"excerpt":{"rendered":"<p>Prishtin\u00eb 05 Shkurt 2026 12:55 K\u00ebshilli i Investitor\u00ebve Europian ka organizuar eventin, \u201cFrench Business Day\u201d, qw synon t\u00eb promovoj\u00eb Kosov\u00ebn si destinacion investimesh, t\u00eb fuqizoj\u00eb<\/p>\n","protected":false},"author":6,"featured_media":30741,"comment_status":"open","ping_status":"open","sticky":false,"template":"","format":"standard","meta":{"footnotes":""},"categories":[60],"tags":[],"class_list":["post-30740","post","type-post","status-publish","format-standard","has-post-thumbnail","hentry","category-shoqerore-sq"],"yoast_head":"<!-- This site is optimized with the Yoast SEO plugin v25.3.1 - https:\/\/yoast.com\/wordpress\/plugins\/seo\/ -->\n<title>French Business Day\u201d, Kosova prezantohet si destinacion i ri p\u00ebr investimet franceze -<\/title>\n<meta name=\"robots\" content=\"index, follow, max-snippet:-1, max-image-preview:large, max-video-preview:-1\" \/>\n<link rel=\"canonical\" href=\"https:\/\/veritasinfo.org\/?p=30740\" \/>\n<meta property=\"og:locale\" content=\"en_US\" \/>\n<meta property=\"og:type\" content=\"article\" \/>\n<meta property=\"og:title\" content=\"French Business Day\u201d, Kosova prezantohet si destinacion i ri p\u00ebr investimet franceze -\" \/>\n<meta property=\"og:description\" content=\"Prishtin\u00eb 05 Shkurt 2026 12:55 K\u00ebshilli i Investitor\u00ebve Europian ka organizuar eventin, \u201cFrench Business Day\u201d, qw synon t\u00eb promovoj\u00eb Kosov\u00ebn si destinacion investimesh, t\u00eb fuqizoj\u00eb\" \/>\n<meta property=\"og:url\" content=\"https:\/\/veritasinfo.org\/?p=30740\" \/>\n<meta property=\"article:published_time\" content=\"2026-02-05T11:55:31+00:00\" \/>\n<meta property=\"og:image\" content=\"https:\/\/veritasinfo.org\/wp-content\/uploads\/2026\/02\/oliver-guereto-1536x1152-1.jpg\" \/>\n\t<meta property=\"og:image:width\" content=\"1536\" \/>\n\t<meta property=\"og:image:height\" content=\"1152\" \/>\n\t<meta property=\"og:image:type\" content=\"image\/jpeg\" \/>\n<meta name=\"author\" content=\"US5\" \/>\n<meta name=\"twitter:card\" content=\"summary_large_image\" \/>\n<meta name=\"twitter:label1\" content=\"Written by\" \/>\n\t<meta name=\"twitter:data1\" content=\"US5\" \/>\n<script type=\"application\/ld+json\" class=\"yoast-schema-graph\">{\"@context\":\"https:\/\/schema.org\",\"@graph\":[{\"@type\":\"WebPage\",\"@id\":\"https:\/\/veritasinfo.org\/?p=30740\",\"url\":\"https:\/\/veritasinfo.org\/?p=30740\",\"name\":\"French Business Day\u201d, Kosova prezantohet si destinacion i ri p\u00ebr investimet franceze -\",\"isPartOf\":{\"@id\":\"https:\/\/veritasinfo.org\/#website\"},\"primaryImageOfPage\":{\"@id\":\"https:\/\/veritasinfo.org\/?p=30740#primaryimage\"},\"image\":{\"@id\":\"https:\/\/veritasinfo.org\/?p=30740#primaryimage\"},\"thumbnailUrl\":\"https:\/\/veritasinfo.org\/wp-content\/uploads\/2026\/02\/oliver-guereto-1536x1152-1.jpg\",\"datePublished\":\"2026-02-05T11:55:31+00:00\",\"author\":{\"@id\":\"https:\/\/veritasinfo.org\/#\/schema\/person\/bc442336e35414d04494ab8fb45db4c6\"},\"breadcrumb\":{\"@id\":\"https:\/\/veritasinfo.org\/?p=30740#breadcrumb\"},\"inLanguage\":\"en-US\",\"potentialAction\":[{\"@type\":\"ReadAction\",\"target\":[\"https:\/\/veritasinfo.org\/?p=30740\"]}]},{\"@type\":\"ImageObject\",\"inLanguage\":\"en-US\",\"@id\":\"https:\/\/veritasinfo.org\/?p=30740#primaryimage\",\"url\":\"https:\/\/veritasinfo.org\/wp-content\/uploads\/2026\/02\/oliver-guereto-1536x1152-1.jpg\",\"contentUrl\":\"https:\/\/veritasinfo.org\/wp-content\/uploads\/2026\/02\/oliver-guereto-1536x1152-1.jpg\",\"width\":1536,\"height\":1152},{\"@type\":\"BreadcrumbList\",\"@id\":\"https:\/\/veritasinfo.org\/?p=30740#breadcrumb\",\"itemListElement\":[{\"@type\":\"ListItem\",\"position\":1,\"name\":\"Home\",\"item\":\"https:\/\/veritasinfo.org\/\"},{\"@type\":\"ListItem\",\"position\":2,\"name\":\"French Business Day\u201d, Kosova prezantohet si destinacion i ri p\u00ebr investimet franceze\"}]},{\"@type\":\"WebSite\",\"@id\":\"https:\/\/veritasinfo.org\/#website\",\"url\":\"https:\/\/veritasinfo.org\/\",\"name\":\"\",\"description\":\"\",\"potentialAction\":[{\"@type\":\"SearchAction\",\"target\":{\"@type\":\"EntryPoint\",\"urlTemplate\":\"https:\/\/veritasinfo.org\/?s={search_term_string}\"},\"query-input\":{\"@type\":\"PropertyValueSpecification\",\"valueRequired\":true,\"valueName\":\"search_term_string\"}}],\"inLanguage\":\"en-US\"},{\"@type\":\"Person\",\"@id\":\"https:\/\/veritasinfo.org\/#\/schema\/person\/bc442336e35414d04494ab8fb45db4c6\",\"name\":\"US5\",\"image\":{\"@type\":\"ImageObject\",\"inLanguage\":\"en-US\",\"@id\":\"https:\/\/veritasinfo.org\/#\/schema\/person\/image\/\",\"url\":\"https:\/\/secure.gravatar.com\/avatar\/16a61e7272a0c5d001121ebb9e60e925d5816e4ac1e443ed3e640d9a6ae55d0c?s=96&d=mm&r=g\",\"contentUrl\":\"https:\/\/secure.gravatar.com\/avatar\/16a61e7272a0c5d001121ebb9e60e925d5816e4ac1e443ed3e640d9a6ae55d0c?s=96&d=mm&r=g\",\"caption\":\"US5\"},\"url\":\"https:\/\/veritasinfo.org\/?author=6\"}]}<\/script>\n<!-- \/ Yoast SEO plugin. -->","yoast_head_json":{"title":"French Business Day\u201d, Kosova prezantohet si destinacion i ri p\u00ebr investimet franceze -","robots":{"index":"index","follow":"follow","max-snippet":"max-snippet:-1","max-image-preview":"max-image-preview:large","max-video-preview":"max-video-preview:-1"},"canonical":"https:\/\/veritasinfo.org\/?p=30740","og_locale":"en_US","og_type":"article","og_title":"French Business Day\u201d, Kosova prezantohet si destinacion i ri p\u00ebr investimet franceze -","og_description":"Prishtin\u00eb 05 Shkurt 2026 12:55 K\u00ebshilli i Investitor\u00ebve Europian ka organizuar eventin, \u201cFrench Business Day\u201d, qw synon t\u00eb promovoj\u00eb Kosov\u00ebn si destinacion investimesh, t\u00eb fuqizoj\u00eb","og_url":"https:\/\/veritasinfo.org\/?p=30740","article_published_time":"2026-02-05T11:55:31+00:00","og_image":[{"width":1536,"height":1152,"url":"https:\/\/veritasinfo.org\/wp-content\/uploads\/2026\/02\/oliver-guereto-1536x1152-1.jpg","type":"image\/jpeg"}],"author":"US5","twitter_card":"summary_large_image","twitter_misc":{"Written by":"US5"},"schema":{"@context":"https:\/\/schema.org","@graph":[{"@type":"WebPage","@id":"https:\/\/veritasinfo.org\/?p=30740","url":"https:\/\/veritasinfo.org\/?p=30740","name":"French Business Day\u201d, Kosova prezantohet si destinacion i ri p\u00ebr investimet franceze -","isPartOf":{"@id":"https:\/\/veritasinfo.org\/#website"},"primaryImageOfPage":{"@id":"https:\/\/veritasinfo.org\/?p=30740#primaryimage"},"image":{"@id":"https:\/\/veritasinfo.org\/?p=30740#primaryimage"},"thumbnailUrl":"https:\/\/veritasinfo.org\/wp-content\/uploads\/2026\/02\/oliver-guereto-1536x1152-1.jpg","datePublished":"2026-02-05T11:55:31+00:00","author":{"@id":"https:\/\/veritasinfo.org\/#\/schema\/person\/bc442336e35414d04494ab8fb45db4c6"},"breadcrumb":{"@id":"https:\/\/veritasinfo.org\/?p=30740#breadcrumb"},"inLanguage":"en-US","potentialAction":[{"@type":"ReadAction","target":["https:\/\/veritasinfo.org\/?p=30740"]}]},{"@type":"ImageObject","inLanguage":"en-US","@id":"https:\/\/veritasinfo.org\/?p=30740#primaryimage","url":"https:\/\/veritasinfo.org\/wp-content\/uploads\/2026\/02\/oliver-guereto-1536x1152-1.jpg","contentUrl":"https:\/\/veritasinfo.org\/wp-content\/uploads\/2026\/02\/oliver-guereto-1536x1152-1.jpg","width":1536,"height":1152},{"@type":"BreadcrumbList","@id":"https:\/\/veritasinfo.org\/?p=30740#breadcrumb","itemListElement":[{"@type":"ListItem","position":1,"name":"Home","item":"https:\/\/veritasinfo.org\/"},{"@type":"ListItem","position":2,"name":"French Business Day\u201d, Kosova prezantohet si destinacion i ri p\u00ebr investimet franceze"}]},{"@type":"WebSite","@id":"https:\/\/veritasinfo.org\/#website","url":"https:\/\/veritasinfo.org\/","name":"","description":"","potentialAction":[{"@type":"SearchAction","target":{"@type":"EntryPoint","urlTemplate":"https:\/\/veritasinfo.org\/?s={search_term_string}"},"query-input":{"@type":"PropertyValueSpecification","valueRequired":true,"valueName":"search_term_string"}}],"inLanguage":"en-US"},{"@type":"Person","@id":"https:\/\/veritasinfo.org\/#\/schema\/person\/bc442336e35414d04494ab8fb45db4c6","name":"US5","image":{"@type":"ImageObject","inLanguage":"en-US","@id":"https:\/\/veritasinfo.org\/#\/schema\/person\/image\/","url":"https:\/\/secure.gravatar.com\/avatar\/16a61e7272a0c5d001121ebb9e60e925d5816e4ac1e443ed3e640d9a6ae55d0c?s=96&d=mm&r=g","contentUrl":"https:\/\/secure.gravatar.com\/avatar\/16a61e7272a0c5d001121ebb9e60e925d5816e4ac1e443ed3e640d9a6ae55d0c?s=96&d=mm&r=g","caption":"US5"},"url":"https:\/\/veritasinfo.org\/?author=6"}]}},"featured_image_urls":{"full":["https:\/\/veritasinfo.org\/wp-content\/uploads\/2026\/02\/oliver-guereto-1536x1152-1.jpg",1536,1152,false],"thumbnail":["https:\/\/veritasinfo.org\/wp-content\/uploads\/2026\/02\/oliver-guereto-1536x1152-1-150x150.jpg",150,150,true],"medium":["https:\/\/veritasinfo.org\/wp-content\/uploads\/2026\/02\/oliver-guereto-1536x1152-1-300x225.jpg",300,225,true],"medium_large":["https:\/\/veritasinfo.org\/wp-content\/uploads\/2026\/02\/oliver-guereto-1536x1152-1-768x576.jpg",640,480,true],"large":["https:\/\/veritasinfo.org\/wp-content\/uploads\/2026\/02\/oliver-guereto-1536x1152-1-1024x768.jpg",640,480,true],"1536x1536":["https:\/\/veritasinfo.org\/wp-content\/uploads\/2026\/02\/oliver-guereto-1536x1152-1.jpg",1536,1152,false],"2048x2048":["https:\/\/veritasinfo.org\/wp-content\/uploads\/2026\/02\/oliver-guereto-1536x1152-1.jpg",1536,1152,false],"kreeti-slider-full":["https:\/\/veritasinfo.org\/wp-content\/uploads\/2026\/02\/oliver-guereto-1536x1152-1.jpg",960,720,false],"kreeti-featured":["https:\/\/veritasinfo.org\/wp-content\/uploads\/2026\/02\/oliver-guereto-1536x1152-1.jpg",1024,768,false],"kreeti-medium":["https:\/\/veritasinfo.org\/wp-content\/uploads\/2026\/02\/oliver-guereto-1536x1152-1.jpg",707,530,false],"kreeti-medium-square":["https:\/\/veritasinfo.org\/wp-content\/uploads\/2026\/02\/oliver-guereto-1536x1152-1.jpg",350,263,false]},"author_info":{"info":["US5"]},"category_info":"<a href=\"https:\/\/veritasinfo.org\/?cat=60\" rel=\"category\">Shoq\u00ebrore<\/a>","tag_info":"Shoq\u00ebrore","comment_count":"0","_links":{"self":[{"href":"https:\/\/veritasinfo.org\/index.php?rest_route=\/wp\/v2\/posts\/30740","targetHints":{"allow":["GET"]}}],"collection":[{"href":"https:\/\/veritasinfo.org\/index.php?rest_route=\/wp\/v2\/posts"}],"about":[{"href":"https:\/\/veritasinfo.org\/index.php?rest_route=\/wp\/v2\/types\/post"}],"author":[{"embeddable":true,"href":"https:\/\/veritasinfo.org\/index.php?rest_route=\/wp\/v2\/users\/6"}],"replies":[{"embeddable":true,"href":"https:\/\/veritasinfo.org\/index.php?rest_route=%2Fwp%2Fv2%2Fcomments&post=30740"}],"version-history":[{"count":1,"href":"https:\/\/veritasinfo.org\/index.php?rest_route=\/wp\/v2\/posts\/30740\/revisions"}],"predecessor-version":[{"id":30742,"href":"https:\/\/veritasinfo.org\/index.php?rest_route=\/wp\/v2\/posts\/30740\/revisions\/30742"}],"wp:featuredmedia":[{"embeddable":true,"href":"https:\/\/veritasinfo.org\/index.php?rest_route=\/wp\/v2\/media\/30741"}],"wp:attachment":[{"href":"https:\/\/veritasinfo.org\/index.php?rest_route=%2Fwp%2Fv2%2Fmedia&parent=30740"}],"wp:term":[{"taxonomy":"category","embeddable":true,"href":"https:\/\/veritasinfo.org\/index.php?rest_route=%2Fwp%2Fv2%2Fcategories&post=30740"},{"taxonomy":"post_tag","embeddable":true,"href":"https:\/\/veritasinfo.org\/index.php?rest_route=%2Fwp%2Fv2%2Ftags&post=30740"}],"curies":[{"name":"wp","href":"https:\/\/api.w.org\/{rel}","templated":true}]}}