{"id":3074,"date":"2025-07-09T08:14:47","date_gmt":"2025-07-09T06:14:47","guid":{"rendered":"https:\/\/veritasinfo.org\/?p=3074"},"modified":"2025-07-09T08:14:47","modified_gmt":"2025-07-09T06:14:47","slug":"duhet-ti-kundervihemi-mohimit-te-gjenocidit-tha-guterres-nga-new-yorku","status":"publish","type":"post","link":"https:\/\/veritasinfo.org\/?p=3074","title":{"rendered":"\u201cDuhet t\u2019i kund\u00ebrvihemi mohimit t\u00eb gjenocidit\u201d \u2013 tha Guterres nga New Yorku"},"content":{"rendered":"<p><strong>\u201cDuhet t\u2019i kund\u00ebrvihemi mohimit t\u00eb gjenocidit\u201d \u2013 tha Guterres nga New Yorku<\/strong><\/p>\n<p>&nbsp;<\/p>\n<p>Me rastin e Dit\u00ebs Nd\u00ebrkomb\u00ebtare t\u00eb P\u00ebrkujtimit t\u00eb Gjenocidit n\u00eb Srebrenic\u00eb, sekretari i p\u00ebrgjithsh\u00ebm i Kombeve t\u00eb Bashkuara, Antonio Guterres, deklaroi nga selia e OKB-s\u00eb n\u00eb New York se bota duhet t\u2019i kund\u00ebrvihet me vendosm\u00ebri mohimit t\u00eb gjenocidit, shtremb\u00ebrimit t\u00eb fakteve dhe revizionizmit historik.<\/p>\n<p>\u201cDuhet t\u00eb sigurohemi q\u00eb z\u00ebrat e t\u00eb mbijetuarve nga Srebrenica t\u00eb d\u00ebgjohen edhe m\u00eb tej. Vet\u00ebm p\u00ebrmes njohjes s\u00eb dhimbjes s\u00eb tyre mund t\u00eb nd\u00ebrtojm\u00eb besim t\u00eb nd\u00ebrsjell\u00eb dhe paqe t\u00eb q\u00ebndrueshme\u201d, tha Guterres.<\/p>\n<p>Ai theksoi se OKB-ja dhe bashk\u00ebsia nd\u00ebrkomb\u00ebtare kan\u00eb d\u00ebshtuar para popullit t\u00eb Srebrenic\u00ebs tridhjet\u00eb vjet m\u00eb par\u00eb \u2013 dhe se ky d\u00ebshtim nuk ishte rast\u00ebsor, por pasoj\u00eb e vendimeve politike, propagand\u00ebs dhe indiferenc\u00ebs nd\u00ebrkomb\u00ebtare.<\/p>\n<p>Guterres shprehu mir\u00ebnjohje t\u00eb ve\u00e7ant\u00eb p\u00ebr n\u00ebnat e Srebrenic\u00ebs p\u00ebr luft\u00ebn e tyre t\u00eb gjat\u00eb p\u00ebr t\u00eb v\u00ebrtet\u00ebn, drejt\u00ebsin\u00eb dhe p\u00ebrgjegj\u00ebsin\u00eb.<\/p>\n<p>\u201cGjenocidi n\u00eb Srebrenic\u00eb nuk ishte pasoj\u00eb e luft\u00ebs, por nj\u00eb fushat\u00eb e planifikuar dhe sistematike p\u00ebr zhdukjen e boshnjak\u00ebve,\u201d theksoi ai, duke shtuar se drejt\u00ebsia nd\u00ebrkomb\u00ebtare ka v\u00ebrtetuar qart\u00eb se krimet e kryera n\u00eb Srebrenic\u00eb p\u00ebrb\u00ebjn\u00eb gjenocid.<\/p>\n<p>Ai kujtoi gjithashtu se p\u00ebrgjegj\u00ebsia penale \u00ebsht\u00eb individuale dhe nuk mund t\u2019i atribuohet asnj\u00eb kombi, feje apo grupi t\u00eb t\u00ebr\u00eb.<\/p>\n<p>Guterres paralajm\u00ebroi p\u00ebr p\u00ebrhapjen e gjuh\u00ebs s\u00eb urrejtjes, mohimin e gjenocidit dhe lavd\u00ebrimin e kriminel\u00ebve t\u00eb luft\u00ebs, duke theksuar se ndaj k\u00ebtyre dukurive duhet t\u00eb kund\u00ebrvihemi fuqish\u00ebm.<\/p>\n<p>Komemoracioni n\u00eb selin\u00eb e OKB-s\u00eb u organizua nga Departamenti p\u00ebr Komunikim Global, Zyra e K\u00ebshilltarit Special p\u00ebr Parandalimin e Gjenocidit dhe Misioni i P\u00ebrhersh\u00ebm i Bosnj\u00eb dhe Hercegovin\u00ebs n\u00eb OKB, me pjes\u00ebmarrjen e diplomat\u00ebve, p\u00ebrfaq\u00ebsuesve nd\u00ebrkomb\u00ebtar\u00eb dhe t\u00eb mbijetuarve.<\/p>\n<p>&nbsp;<\/p>\n<p>&nbsp;<\/p>\n","protected":false},"excerpt":{"rendered":"<p>\u201cDuhet t\u2019i kund\u00ebrvihemi mohimit t\u00eb gjenocidit\u201d \u2013 tha Guterres nga New Yorku &nbsp; Me rastin e Dit\u00ebs Nd\u00ebrkomb\u00ebtare t\u00eb P\u00ebrkujtimit t\u00eb Gjenocidit n\u00eb Srebrenic\u00eb, sekretari<\/p>\n","protected":false},"author":1,"featured_media":3073,"comment_status":"open","ping_status":"open","sticky":false,"template":"","format":"standard","meta":{"footnotes":""},"categories":[60],"tags":[],"class_list":["post-3074","post","type-post","status-publish","format-standard","has-post-thumbnail","hentry","category-shoqerore-sq"],"yoast_head":"<!-- This site is optimized with the Yoast SEO plugin v25.3.1 - https:\/\/yoast.com\/wordpress\/plugins\/seo\/ -->\n<title>\u201cDuhet t\u2019i kund\u00ebrvihemi mohimit t\u00eb gjenocidit\u201d \u2013 tha Guterres nga New Yorku -<\/title>\n<meta name=\"robots\" content=\"index, follow, max-snippet:-1, max-image-preview:large, max-video-preview:-1\" \/>\n<link rel=\"canonical\" href=\"https:\/\/veritasinfo.org\/?p=3074\" \/>\n<meta property=\"og:locale\" content=\"en_US\" \/>\n<meta property=\"og:type\" content=\"article\" \/>\n<meta property=\"og:title\" content=\"\u201cDuhet t\u2019i kund\u00ebrvihemi mohimit t\u00eb gjenocidit\u201d \u2013 tha Guterres nga New Yorku -\" \/>\n<meta property=\"og:description\" content=\"\u201cDuhet t\u2019i kund\u00ebrvihemi mohimit t\u00eb gjenocidit\u201d \u2013 tha Guterres nga New Yorku &nbsp; Me rastin e Dit\u00ebs Nd\u00ebrkomb\u00ebtare t\u00eb P\u00ebrkujtimit t\u00eb Gjenocidit n\u00eb Srebrenic\u00eb, sekretari\" \/>\n<meta property=\"og:url\" content=\"https:\/\/veritasinfo.org\/?p=3074\" \/>\n<meta property=\"article:published_time\" content=\"2025-07-09T06:14:47+00:00\" \/>\n<meta property=\"og:image\" content=\"https:\/\/veritasinfo.org\/wp-content\/uploads\/2025\/07\/antonio-guterres.jpg\" \/>\n\t<meta property=\"og:image:width\" content=\"800\" \/>\n\t<meta property=\"og:image:height\" content=\"420\" \/>\n\t<meta property=\"og:image:type\" content=\"image\/jpeg\" \/>\n<meta name=\"author\" content=\"admin\" \/>\n<meta name=\"twitter:card\" content=\"summary_large_image\" \/>\n<meta name=\"twitter:label1\" content=\"Written by\" \/>\n\t<meta name=\"twitter:data1\" content=\"admin\" \/>\n\t<meta name=\"twitter:label2\" content=\"Est. reading time\" \/>\n\t<meta name=\"twitter:data2\" content=\"2 minutes\" \/>\n<script type=\"application\/ld+json\" class=\"yoast-schema-graph\">{\"@context\":\"https:\/\/schema.org\",\"@graph\":[{\"@type\":\"WebPage\",\"@id\":\"https:\/\/veritasinfo.org\/?p=3074\",\"url\":\"https:\/\/veritasinfo.org\/?p=3074\",\"name\":\"\u201cDuhet t\u2019i kund\u00ebrvihemi mohimit t\u00eb gjenocidit\u201d \u2013 tha Guterres nga New Yorku -\",\"isPartOf\":{\"@id\":\"https:\/\/veritasinfo.org\/#website\"},\"primaryImageOfPage\":{\"@id\":\"https:\/\/veritasinfo.org\/?p=3074#primaryimage\"},\"image\":{\"@id\":\"https:\/\/veritasinfo.org\/?p=3074#primaryimage\"},\"thumbnailUrl\":\"https:\/\/veritasinfo.org\/wp-content\/uploads\/2025\/07\/antonio-guterres.jpg\",\"datePublished\":\"2025-07-09T06:14:47+00:00\",\"author\":{\"@id\":\"https:\/\/veritasinfo.org\/#\/schema\/person\/7701f8c088bece422266b100a712374f\"},\"breadcrumb\":{\"@id\":\"https:\/\/veritasinfo.org\/?p=3074#breadcrumb\"},\"inLanguage\":\"en-US\",\"potentialAction\":[{\"@type\":\"ReadAction\",\"target\":[\"https:\/\/veritasinfo.org\/?p=3074\"]}]},{\"@type\":\"ImageObject\",\"inLanguage\":\"en-US\",\"@id\":\"https:\/\/veritasinfo.org\/?p=3074#primaryimage\",\"url\":\"https:\/\/veritasinfo.org\/wp-content\/uploads\/2025\/07\/antonio-guterres.jpg\",\"contentUrl\":\"https:\/\/veritasinfo.org\/wp-content\/uploads\/2025\/07\/antonio-guterres.jpg\",\"width\":800,\"height\":420},{\"@type\":\"BreadcrumbList\",\"@id\":\"https:\/\/veritasinfo.org\/?p=3074#breadcrumb\",\"itemListElement\":[{\"@type\":\"ListItem\",\"position\":1,\"name\":\"Home\",\"item\":\"https:\/\/veritasinfo.org\/\"},{\"@type\":\"ListItem\",\"position\":2,\"name\":\"\u201cDuhet t\u2019i kund\u00ebrvihemi mohimit t\u00eb gjenocidit\u201d \u2013 tha Guterres nga New Yorku\"}]},{\"@type\":\"WebSite\",\"@id\":\"https:\/\/veritasinfo.org\/#website\",\"url\":\"https:\/\/veritasinfo.org\/\",\"name\":\"\",\"description\":\"\",\"potentialAction\":[{\"@type\":\"SearchAction\",\"target\":{\"@type\":\"EntryPoint\",\"urlTemplate\":\"https:\/\/veritasinfo.org\/?s={search_term_string}\"},\"query-input\":{\"@type\":\"PropertyValueSpecification\",\"valueRequired\":true,\"valueName\":\"search_term_string\"}}],\"inLanguage\":\"en-US\"},{\"@type\":\"Person\",\"@id\":\"https:\/\/veritasinfo.org\/#\/schema\/person\/7701f8c088bece422266b100a712374f\",\"name\":\"admin\",\"image\":{\"@type\":\"ImageObject\",\"inLanguage\":\"en-US\",\"@id\":\"https:\/\/veritasinfo.org\/#\/schema\/person\/image\/\",\"url\":\"https:\/\/secure.gravatar.com\/avatar\/ea53aa3bf6c9a12d5fde8ce4deff43fef3885ae33cf60184161a50d6987cfd2f?s=96&d=mm&r=g\",\"contentUrl\":\"https:\/\/secure.gravatar.com\/avatar\/ea53aa3bf6c9a12d5fde8ce4deff43fef3885ae33cf60184161a50d6987cfd2f?s=96&d=mm&r=g\",\"caption\":\"admin\"},\"sameAs\":[\"https:\/\/veritasinfo.org\"],\"url\":\"https:\/\/veritasinfo.org\/?author=1\"}]}<\/script>\n<!-- \/ Yoast SEO plugin. -->","yoast_head_json":{"title":"\u201cDuhet t\u2019i kund\u00ebrvihemi mohimit t\u00eb gjenocidit\u201d \u2013 tha Guterres nga New Yorku -","robots":{"index":"index","follow":"follow","max-snippet":"max-snippet:-1","max-image-preview":"max-image-preview:large","max-video-preview":"max-video-preview:-1"},"canonical":"https:\/\/veritasinfo.org\/?p=3074","og_locale":"en_US","og_type":"article","og_title":"\u201cDuhet t\u2019i kund\u00ebrvihemi mohimit t\u00eb gjenocidit\u201d \u2013 tha Guterres nga New Yorku -","og_description":"\u201cDuhet t\u2019i kund\u00ebrvihemi mohimit t\u00eb gjenocidit\u201d \u2013 tha Guterres nga New Yorku &nbsp; Me rastin e Dit\u00ebs Nd\u00ebrkomb\u00ebtare t\u00eb P\u00ebrkujtimit t\u00eb Gjenocidit n\u00eb Srebrenic\u00eb, sekretari","og_url":"https:\/\/veritasinfo.org\/?p=3074","article_published_time":"2025-07-09T06:14:47+00:00","og_image":[{"width":800,"height":420,"url":"https:\/\/veritasinfo.org\/wp-content\/uploads\/2025\/07\/antonio-guterres.jpg","type":"image\/jpeg"}],"author":"admin","twitter_card":"summary_large_image","twitter_misc":{"Written by":"admin","Est. reading time":"2 minutes"},"schema":{"@context":"https:\/\/schema.org","@graph":[{"@type":"WebPage","@id":"https:\/\/veritasinfo.org\/?p=3074","url":"https:\/\/veritasinfo.org\/?p=3074","name":"\u201cDuhet t\u2019i kund\u00ebrvihemi mohimit t\u00eb gjenocidit\u201d \u2013 tha Guterres nga New Yorku -","isPartOf":{"@id":"https:\/\/veritasinfo.org\/#website"},"primaryImageOfPage":{"@id":"https:\/\/veritasinfo.org\/?p=3074#primaryimage"},"image":{"@id":"https:\/\/veritasinfo.org\/?p=3074#primaryimage"},"thumbnailUrl":"https:\/\/veritasinfo.org\/wp-content\/uploads\/2025\/07\/antonio-guterres.jpg","datePublished":"2025-07-09T06:14:47+00:00","author":{"@id":"https:\/\/veritasinfo.org\/#\/schema\/person\/7701f8c088bece422266b100a712374f"},"breadcrumb":{"@id":"https:\/\/veritasinfo.org\/?p=3074#breadcrumb"},"inLanguage":"en-US","potentialAction":[{"@type":"ReadAction","target":["https:\/\/veritasinfo.org\/?p=3074"]}]},{"@type":"ImageObject","inLanguage":"en-US","@id":"https:\/\/veritasinfo.org\/?p=3074#primaryimage","url":"https:\/\/veritasinfo.org\/wp-content\/uploads\/2025\/07\/antonio-guterres.jpg","contentUrl":"https:\/\/veritasinfo.org\/wp-content\/uploads\/2025\/07\/antonio-guterres.jpg","width":800,"height":420},{"@type":"BreadcrumbList","@id":"https:\/\/veritasinfo.org\/?p=3074#breadcrumb","itemListElement":[{"@type":"ListItem","position":1,"name":"Home","item":"https:\/\/veritasinfo.org\/"},{"@type":"ListItem","position":2,"name":"\u201cDuhet t\u2019i kund\u00ebrvihemi mohimit t\u00eb gjenocidit\u201d \u2013 tha Guterres nga New Yorku"}]},{"@type":"WebSite","@id":"https:\/\/veritasinfo.org\/#website","url":"https:\/\/veritasinfo.org\/","name":"","description":"","potentialAction":[{"@type":"SearchAction","target":{"@type":"EntryPoint","urlTemplate":"https:\/\/veritasinfo.org\/?s={search_term_string}"},"query-input":{"@type":"PropertyValueSpecification","valueRequired":true,"valueName":"search_term_string"}}],"inLanguage":"en-US"},{"@type":"Person","@id":"https:\/\/veritasinfo.org\/#\/schema\/person\/7701f8c088bece422266b100a712374f","name":"admin","image":{"@type":"ImageObject","inLanguage":"en-US","@id":"https:\/\/veritasinfo.org\/#\/schema\/person\/image\/","url":"https:\/\/secure.gravatar.com\/avatar\/ea53aa3bf6c9a12d5fde8ce4deff43fef3885ae33cf60184161a50d6987cfd2f?s=96&d=mm&r=g","contentUrl":"https:\/\/secure.gravatar.com\/avatar\/ea53aa3bf6c9a12d5fde8ce4deff43fef3885ae33cf60184161a50d6987cfd2f?s=96&d=mm&r=g","caption":"admin"},"sameAs":["https:\/\/veritasinfo.org"],"url":"https:\/\/veritasinfo.org\/?author=1"}]}},"featured_image_urls":{"full":["https:\/\/veritasinfo.org\/wp-content\/uploads\/2025\/07\/antonio-guterres.jpg",800,420,false],"thumbnail":["https:\/\/veritasinfo.org\/wp-content\/uploads\/2025\/07\/antonio-guterres-150x150.jpg",150,150,true],"medium":["https:\/\/veritasinfo.org\/wp-content\/uploads\/2025\/07\/antonio-guterres-300x158.jpg",300,158,true],"medium_large":["https:\/\/veritasinfo.org\/wp-content\/uploads\/2025\/07\/antonio-guterres-768x403.jpg",640,336,true],"large":["https:\/\/veritasinfo.org\/wp-content\/uploads\/2025\/07\/antonio-guterres.jpg",640,336,false],"1536x1536":["https:\/\/veritasinfo.org\/wp-content\/uploads\/2025\/07\/antonio-guterres.jpg",800,420,false],"2048x2048":["https:\/\/veritasinfo.org\/wp-content\/uploads\/2025\/07\/antonio-guterres.jpg",800,420,false],"kreeti-slider-full":["https:\/\/veritasinfo.org\/wp-content\/uploads\/2025\/07\/antonio-guterres.jpg",800,420,false],"kreeti-featured":["https:\/\/veritasinfo.org\/wp-content\/uploads\/2025\/07\/antonio-guterres.jpg",800,420,false],"kreeti-medium":["https:\/\/veritasinfo.org\/wp-content\/uploads\/2025\/07\/antonio-guterres.jpg",720,378,false],"kreeti-medium-square":["https:\/\/veritasinfo.org\/wp-content\/uploads\/2025\/07\/antonio-guterres.jpg",350,184,false]},"author_info":{"info":["admin"]},"category_info":"<a href=\"https:\/\/veritasinfo.org\/?cat=60\" rel=\"category\">Shoq\u00ebrore<\/a>","tag_info":"Shoq\u00ebrore","comment_count":"0","_links":{"self":[{"href":"https:\/\/veritasinfo.org\/index.php?rest_route=\/wp\/v2\/posts\/3074","targetHints":{"allow":["GET"]}}],"collection":[{"href":"https:\/\/veritasinfo.org\/index.php?rest_route=\/wp\/v2\/posts"}],"about":[{"href":"https:\/\/veritasinfo.org\/index.php?rest_route=\/wp\/v2\/types\/post"}],"author":[{"embeddable":true,"href":"https:\/\/veritasinfo.org\/index.php?rest_route=\/wp\/v2\/users\/1"}],"replies":[{"embeddable":true,"href":"https:\/\/veritasinfo.org\/index.php?rest_route=%2Fwp%2Fv2%2Fcomments&post=3074"}],"version-history":[{"count":1,"href":"https:\/\/veritasinfo.org\/index.php?rest_route=\/wp\/v2\/posts\/3074\/revisions"}],"predecessor-version":[{"id":3076,"href":"https:\/\/veritasinfo.org\/index.php?rest_route=\/wp\/v2\/posts\/3074\/revisions\/3076"}],"wp:featuredmedia":[{"embeddable":true,"href":"https:\/\/veritasinfo.org\/index.php?rest_route=\/wp\/v2\/media\/3073"}],"wp:attachment":[{"href":"https:\/\/veritasinfo.org\/index.php?rest_route=%2Fwp%2Fv2%2Fmedia&parent=3074"}],"wp:term":[{"taxonomy":"category","embeddable":true,"href":"https:\/\/veritasinfo.org\/index.php?rest_route=%2Fwp%2Fv2%2Fcategories&post=3074"},{"taxonomy":"post_tag","embeddable":true,"href":"https:\/\/veritasinfo.org\/index.php?rest_route=%2Fwp%2Fv2%2Ftags&post=3074"}],"curies":[{"name":"wp","href":"https:\/\/api.w.org\/{rel}","templated":true}]}}