{"id":30735,"date":"2026-02-05T12:41:46","date_gmt":"2026-02-05T11:41:46","guid":{"rendered":"https:\/\/veritasinfo.org\/?p=30735"},"modified":"2026-02-05T12:41:46","modified_gmt":"2026-02-05T11:41:46","slug":"agim-ademi-kryetar-i-ffk-se-e-vazhdon-mandatin-e-radhes-katervjecar","status":"publish","type":"post","link":"https:\/\/veritasinfo.org\/?p=30735","title":{"rendered":"Agim Ademi kryetar i FFK-s\u00eb, e vazhdon mandatin e radh\u00ebs kat\u00ebrvje\u00e7ar"},"content":{"rendered":"<p>Prishtin\u00eb 05 Shkurt 2026 12:40<\/p>\n<p>Agim Ademi \u00ebsht\u00eb rizgjedhur kryetar i Federat\u00ebs s\u00eb Futbollit t\u00eb Kosov\u00ebs (FFK). N\u00eb Kuvendin Zgjedhor t\u00eb FFK-s\u00eb, t\u00eb mbajtur sot, Ademi \u00ebsht\u00eb votuar pa kund\u00ebrshtar nga delegat\u00ebt, duke siguruar k\u00ebshtu mandatin e ri kat\u00ebrvje\u00e7ar, 2026\u20132030.<\/p>\n<p>Procesi zgjedhor \u00ebsht\u00eb zhvilluar n\u00eb m\u00ebnyr\u00eb t\u00eb rregullt, nd\u00ebrsa delegat\u00ebt kan\u00eb dh\u00ebn\u00eb mb\u00ebshtetje p\u00ebr vazhdimin e drejtimit t\u00eb federat\u00ebs nga Ademi, shkruan Indeksonline<\/p>\n<p>Ky do t\u00eb jet\u00eb mandati i radh\u00ebs i Agim Ademit n\u00eb krye t\u00eb FFK-s\u00eb.<\/p>\n","protected":false},"excerpt":{"rendered":"<p>Prishtin\u00eb 05 Shkurt 2026 12:40 Agim Ademi \u00ebsht\u00eb rizgjedhur kryetar i Federat\u00ebs s\u00eb Futbollit t\u00eb Kosov\u00ebs (FFK). N\u00eb Kuvendin Zgjedhor t\u00eb FFK-s\u00eb, t\u00eb mbajtur sot,<\/p>\n","protected":false},"author":6,"featured_media":30736,"comment_status":"open","ping_status":"open","sticky":false,"template":"","format":"standard","meta":{"footnotes":""},"categories":[5],"tags":[],"class_list":["post-30735","post","type-post","status-publish","format-standard","has-post-thumbnail","hentry","category-sport-sq"],"yoast_head":"<!-- This site is optimized with the Yoast SEO plugin v25.3.1 - https:\/\/yoast.com\/wordpress\/plugins\/seo\/ -->\n<title>Agim Ademi kryetar i FFK-s\u00eb, e vazhdon mandatin e radh\u00ebs kat\u00ebrvje\u00e7ar -<\/title>\n<meta name=\"robots\" content=\"index, follow, max-snippet:-1, max-image-preview:large, max-video-preview:-1\" \/>\n<link rel=\"canonical\" href=\"https:\/\/veritasinfo.org\/?p=30735\" \/>\n<meta property=\"og:locale\" content=\"en_US\" \/>\n<meta property=\"og:type\" content=\"article\" \/>\n<meta property=\"og:title\" content=\"Agim Ademi kryetar i FFK-s\u00eb, e vazhdon mandatin e radh\u00ebs kat\u00ebrvje\u00e7ar -\" \/>\n<meta property=\"og:description\" content=\"Prishtin\u00eb 05 Shkurt 2026 12:40 Agim Ademi \u00ebsht\u00eb rizgjedhur kryetar i Federat\u00ebs s\u00eb Futbollit t\u00eb Kosov\u00ebs (FFK). N\u00eb Kuvendin Zgjedhor t\u00eb FFK-s\u00eb, t\u00eb mbajtur sot,\" \/>\n<meta property=\"og:url\" content=\"https:\/\/veritasinfo.org\/?p=30735\" \/>\n<meta property=\"article:published_time\" content=\"2026-02-05T11:41:46+00:00\" \/>\n<meta property=\"og:image\" content=\"https:\/\/veritasinfo.org\/wp-content\/uploads\/2026\/02\/IMG_0282-1536x953-1.jpeg\" \/>\n\t<meta property=\"og:image:width\" content=\"1536\" \/>\n\t<meta property=\"og:image:height\" content=\"953\" \/>\n\t<meta property=\"og:image:type\" content=\"image\/jpeg\" \/>\n<meta name=\"author\" content=\"US5\" \/>\n<meta name=\"twitter:card\" content=\"summary_large_image\" \/>\n<meta name=\"twitter:label1\" content=\"Written by\" \/>\n\t<meta name=\"twitter:data1\" content=\"US5\" \/>\n<script type=\"application\/ld+json\" class=\"yoast-schema-graph\">{\"@context\":\"https:\/\/schema.org\",\"@graph\":[{\"@type\":\"WebPage\",\"@id\":\"https:\/\/veritasinfo.org\/?p=30735\",\"url\":\"https:\/\/veritasinfo.org\/?p=30735\",\"name\":\"Agim Ademi kryetar i FFK-s\u00eb, e vazhdon mandatin e radh\u00ebs kat\u00ebrvje\u00e7ar -\",\"isPartOf\":{\"@id\":\"https:\/\/veritasinfo.org\/#website\"},\"primaryImageOfPage\":{\"@id\":\"https:\/\/veritasinfo.org\/?p=30735#primaryimage\"},\"image\":{\"@id\":\"https:\/\/veritasinfo.org\/?p=30735#primaryimage\"},\"thumbnailUrl\":\"https:\/\/veritasinfo.org\/wp-content\/uploads\/2026\/02\/IMG_0282-1536x953-1.jpeg\",\"datePublished\":\"2026-02-05T11:41:46+00:00\",\"author\":{\"@id\":\"https:\/\/veritasinfo.org\/#\/schema\/person\/bc442336e35414d04494ab8fb45db4c6\"},\"breadcrumb\":{\"@id\":\"https:\/\/veritasinfo.org\/?p=30735#breadcrumb\"},\"inLanguage\":\"en-US\",\"potentialAction\":[{\"@type\":\"ReadAction\",\"target\":[\"https:\/\/veritasinfo.org\/?p=30735\"]}]},{\"@type\":\"ImageObject\",\"inLanguage\":\"en-US\",\"@id\":\"https:\/\/veritasinfo.org\/?p=30735#primaryimage\",\"url\":\"https:\/\/veritasinfo.org\/wp-content\/uploads\/2026\/02\/IMG_0282-1536x953-1.jpeg\",\"contentUrl\":\"https:\/\/veritasinfo.org\/wp-content\/uploads\/2026\/02\/IMG_0282-1536x953-1.jpeg\",\"width\":1536,\"height\":953,\"caption\":\"Screenshot\"},{\"@type\":\"BreadcrumbList\",\"@id\":\"https:\/\/veritasinfo.org\/?p=30735#breadcrumb\",\"itemListElement\":[{\"@type\":\"ListItem\",\"position\":1,\"name\":\"Home\",\"item\":\"https:\/\/veritasinfo.org\/\"},{\"@type\":\"ListItem\",\"position\":2,\"name\":\"Agim Ademi kryetar i FFK-s\u00eb, e vazhdon mandatin e radh\u00ebs kat\u00ebrvje\u00e7ar\"}]},{\"@type\":\"WebSite\",\"@id\":\"https:\/\/veritasinfo.org\/#website\",\"url\":\"https:\/\/veritasinfo.org\/\",\"name\":\"\",\"description\":\"\",\"potentialAction\":[{\"@type\":\"SearchAction\",\"target\":{\"@type\":\"EntryPoint\",\"urlTemplate\":\"https:\/\/veritasinfo.org\/?s={search_term_string}\"},\"query-input\":{\"@type\":\"PropertyValueSpecification\",\"valueRequired\":true,\"valueName\":\"search_term_string\"}}],\"inLanguage\":\"en-US\"},{\"@type\":\"Person\",\"@id\":\"https:\/\/veritasinfo.org\/#\/schema\/person\/bc442336e35414d04494ab8fb45db4c6\",\"name\":\"US5\",\"image\":{\"@type\":\"ImageObject\",\"inLanguage\":\"en-US\",\"@id\":\"https:\/\/veritasinfo.org\/#\/schema\/person\/image\/\",\"url\":\"https:\/\/secure.gravatar.com\/avatar\/16a61e7272a0c5d001121ebb9e60e925d5816e4ac1e443ed3e640d9a6ae55d0c?s=96&d=mm&r=g\",\"contentUrl\":\"https:\/\/secure.gravatar.com\/avatar\/16a61e7272a0c5d001121ebb9e60e925d5816e4ac1e443ed3e640d9a6ae55d0c?s=96&d=mm&r=g\",\"caption\":\"US5\"},\"url\":\"https:\/\/veritasinfo.org\/?author=6\"}]}<\/script>\n<!-- \/ Yoast SEO plugin. -->","yoast_head_json":{"title":"Agim Ademi kryetar i FFK-s\u00eb, e vazhdon mandatin e radh\u00ebs kat\u00ebrvje\u00e7ar -","robots":{"index":"index","follow":"follow","max-snippet":"max-snippet:-1","max-image-preview":"max-image-preview:large","max-video-preview":"max-video-preview:-1"},"canonical":"https:\/\/veritasinfo.org\/?p=30735","og_locale":"en_US","og_type":"article","og_title":"Agim Ademi kryetar i FFK-s\u00eb, e vazhdon mandatin e radh\u00ebs kat\u00ebrvje\u00e7ar -","og_description":"Prishtin\u00eb 05 Shkurt 2026 12:40 Agim Ademi \u00ebsht\u00eb rizgjedhur kryetar i Federat\u00ebs s\u00eb Futbollit t\u00eb Kosov\u00ebs (FFK). N\u00eb Kuvendin Zgjedhor t\u00eb FFK-s\u00eb, t\u00eb mbajtur sot,","og_url":"https:\/\/veritasinfo.org\/?p=30735","article_published_time":"2026-02-05T11:41:46+00:00","og_image":[{"width":1536,"height":953,"url":"https:\/\/veritasinfo.org\/wp-content\/uploads\/2026\/02\/IMG_0282-1536x953-1.jpeg","type":"image\/jpeg"}],"author":"US5","twitter_card":"summary_large_image","twitter_misc":{"Written by":"US5"},"schema":{"@context":"https:\/\/schema.org","@graph":[{"@type":"WebPage","@id":"https:\/\/veritasinfo.org\/?p=30735","url":"https:\/\/veritasinfo.org\/?p=30735","name":"Agim Ademi kryetar i FFK-s\u00eb, e vazhdon mandatin e radh\u00ebs kat\u00ebrvje\u00e7ar -","isPartOf":{"@id":"https:\/\/veritasinfo.org\/#website"},"primaryImageOfPage":{"@id":"https:\/\/veritasinfo.org\/?p=30735#primaryimage"},"image":{"@id":"https:\/\/veritasinfo.org\/?p=30735#primaryimage"},"thumbnailUrl":"https:\/\/veritasinfo.org\/wp-content\/uploads\/2026\/02\/IMG_0282-1536x953-1.jpeg","datePublished":"2026-02-05T11:41:46+00:00","author":{"@id":"https:\/\/veritasinfo.org\/#\/schema\/person\/bc442336e35414d04494ab8fb45db4c6"},"breadcrumb":{"@id":"https:\/\/veritasinfo.org\/?p=30735#breadcrumb"},"inLanguage":"en-US","potentialAction":[{"@type":"ReadAction","target":["https:\/\/veritasinfo.org\/?p=30735"]}]},{"@type":"ImageObject","inLanguage":"en-US","@id":"https:\/\/veritasinfo.org\/?p=30735#primaryimage","url":"https:\/\/veritasinfo.org\/wp-content\/uploads\/2026\/02\/IMG_0282-1536x953-1.jpeg","contentUrl":"https:\/\/veritasinfo.org\/wp-content\/uploads\/2026\/02\/IMG_0282-1536x953-1.jpeg","width":1536,"height":953,"caption":"Screenshot"},{"@type":"BreadcrumbList","@id":"https:\/\/veritasinfo.org\/?p=30735#breadcrumb","itemListElement":[{"@type":"ListItem","position":1,"name":"Home","item":"https:\/\/veritasinfo.org\/"},{"@type":"ListItem","position":2,"name":"Agim Ademi kryetar i FFK-s\u00eb, e vazhdon mandatin e radh\u00ebs kat\u00ebrvje\u00e7ar"}]},{"@type":"WebSite","@id":"https:\/\/veritasinfo.org\/#website","url":"https:\/\/veritasinfo.org\/","name":"","description":"","potentialAction":[{"@type":"SearchAction","target":{"@type":"EntryPoint","urlTemplate":"https:\/\/veritasinfo.org\/?s={search_term_string}"},"query-input":{"@type":"PropertyValueSpecification","valueRequired":true,"valueName":"search_term_string"}}],"inLanguage":"en-US"},{"@type":"Person","@id":"https:\/\/veritasinfo.org\/#\/schema\/person\/bc442336e35414d04494ab8fb45db4c6","name":"US5","image":{"@type":"ImageObject","inLanguage":"en-US","@id":"https:\/\/veritasinfo.org\/#\/schema\/person\/image\/","url":"https:\/\/secure.gravatar.com\/avatar\/16a61e7272a0c5d001121ebb9e60e925d5816e4ac1e443ed3e640d9a6ae55d0c?s=96&d=mm&r=g","contentUrl":"https:\/\/secure.gravatar.com\/avatar\/16a61e7272a0c5d001121ebb9e60e925d5816e4ac1e443ed3e640d9a6ae55d0c?s=96&d=mm&r=g","caption":"US5"},"url":"https:\/\/veritasinfo.org\/?author=6"}]}},"featured_image_urls":{"full":["https:\/\/veritasinfo.org\/wp-content\/uploads\/2026\/02\/IMG_0282-1536x953-1.jpeg",1536,953,false],"thumbnail":["https:\/\/veritasinfo.org\/wp-content\/uploads\/2026\/02\/IMG_0282-1536x953-1-150x150.jpeg",150,150,true],"medium":["https:\/\/veritasinfo.org\/wp-content\/uploads\/2026\/02\/IMG_0282-1536x953-1-300x186.jpeg",300,186,true],"medium_large":["https:\/\/veritasinfo.org\/wp-content\/uploads\/2026\/02\/IMG_0282-1536x953-1-768x477.jpeg",640,398,true],"large":["https:\/\/veritasinfo.org\/wp-content\/uploads\/2026\/02\/IMG_0282-1536x953-1-1024x635.jpeg",640,397,true],"1536x1536":["https:\/\/veritasinfo.org\/wp-content\/uploads\/2026\/02\/IMG_0282-1536x953-1.jpeg",1536,953,false],"2048x2048":["https:\/\/veritasinfo.org\/wp-content\/uploads\/2026\/02\/IMG_0282-1536x953-1.jpeg",1536,953,false],"kreeti-slider-full":["https:\/\/veritasinfo.org\/wp-content\/uploads\/2026\/02\/IMG_0282-1536x953-1.jpeg",1160,720,false],"kreeti-featured":["https:\/\/veritasinfo.org\/wp-content\/uploads\/2026\/02\/IMG_0282-1536x953-1.jpeg",1024,635,false],"kreeti-medium":["https:\/\/veritasinfo.org\/wp-content\/uploads\/2026\/02\/IMG_0282-1536x953-1.jpeg",720,447,false],"kreeti-medium-square":["https:\/\/veritasinfo.org\/wp-content\/uploads\/2026\/02\/IMG_0282-1536x953-1.jpeg",350,217,false]},"author_info":{"info":["US5"]},"category_info":"<a href=\"https:\/\/veritasinfo.org\/?cat=5\" rel=\"category\">Sport<\/a>","tag_info":"Sport","comment_count":"0","_links":{"self":[{"href":"https:\/\/veritasinfo.org\/index.php?rest_route=\/wp\/v2\/posts\/30735","targetHints":{"allow":["GET"]}}],"collection":[{"href":"https:\/\/veritasinfo.org\/index.php?rest_route=\/wp\/v2\/posts"}],"about":[{"href":"https:\/\/veritasinfo.org\/index.php?rest_route=\/wp\/v2\/types\/post"}],"author":[{"embeddable":true,"href":"https:\/\/veritasinfo.org\/index.php?rest_route=\/wp\/v2\/users\/6"}],"replies":[{"embeddable":true,"href":"https:\/\/veritasinfo.org\/index.php?rest_route=%2Fwp%2Fv2%2Fcomments&post=30735"}],"version-history":[{"count":1,"href":"https:\/\/veritasinfo.org\/index.php?rest_route=\/wp\/v2\/posts\/30735\/revisions"}],"predecessor-version":[{"id":30737,"href":"https:\/\/veritasinfo.org\/index.php?rest_route=\/wp\/v2\/posts\/30735\/revisions\/30737"}],"wp:featuredmedia":[{"embeddable":true,"href":"https:\/\/veritasinfo.org\/index.php?rest_route=\/wp\/v2\/media\/30736"}],"wp:attachment":[{"href":"https:\/\/veritasinfo.org\/index.php?rest_route=%2Fwp%2Fv2%2Fmedia&parent=30735"}],"wp:term":[{"taxonomy":"category","embeddable":true,"href":"https:\/\/veritasinfo.org\/index.php?rest_route=%2Fwp%2Fv2%2Fcategories&post=30735"},{"taxonomy":"post_tag","embeddable":true,"href":"https:\/\/veritasinfo.org\/index.php?rest_route=%2Fwp%2Fv2%2Ftags&post=30735"}],"curies":[{"name":"wp","href":"https:\/\/api.w.org\/{rel}","templated":true}]}}