{"id":30710,"date":"2026-02-05T10:35:34","date_gmt":"2026-02-05T09:35:34","guid":{"rendered":"https:\/\/veritasinfo.org\/?p=30710"},"modified":"2026-02-05T10:35:34","modified_gmt":"2026-02-05T09:35:34","slug":"kurti-kosova-eshte-e-hapur-per-investime-serioze","status":"publish","type":"post","link":"https:\/\/veritasinfo.org\/?p=30710","title":{"rendered":"Kurti: Kosova \u00ebsht\u00eb e hapur p\u00ebr investime serioze"},"content":{"rendered":"<p>Prishtin\u00eb 05 Shkurt 2026 10:34<\/p>\n<p>Krer\u00eb t\u00eb shtetit, institucioneve, ambasador\u00eb, investitor\u00eb t\u00eb huaj e p\u00ebrfaq\u00ebsues t\u00eb bizneseve jan\u00eb mbledhur n\u00eb Prishtin\u00eb n\u00eb organizimin &#8220;French Business Day&#8221; t\u00eb K\u00ebshillit t\u00eb Investitor\u00ebve Evropian.<\/p>\n<p>Me k\u00ebt\u00eb rast, kryeministri n\u00eb detyr\u00eb, Albin Kurti tha se Kosova \u00ebsht\u00eb vend ku t\u00eb tjer\u00ebt investojn\u00eb dhe fitojn\u00eb. Sipas tij, Kosova \u00ebsht\u00eb e hapur p\u00ebr investime serioze.<\/p>\n<p>Ai tutje shtoi se \u00ebsht\u00eb punuar p\u00ebr t\u00eb forcuar sundimin e ligjit, p\u00ebr t\u00eb ulur praktikat informale dhe p\u00ebr t\u00eb krijuar nj\u00eb klim\u00eb t\u00eb barabart\u00eb, sepse konkurrenca duhet t\u00eb jet\u00eb e drejt\u00eb p\u00ebr at\u00eb q\u00eb inovojn\u00eb dhe investojn\u00eb.<\/p>\n<p>Tutje Kurti deklaroi se Kosova \u00ebsht\u00eb vend i besuesh\u00ebm p\u00ebr t\u00eb b\u00ebr\u00eb biznes. &#8220;Vendi yn\u00eb \u00ebsht\u00eb nj\u00eb shtet i konsiliduar me orientim t\u00eb qart\u00eb evropian. Tani e kemi edhe stabilitetin institucional i cili d\u00ebshirohet nga bizneset. Kemi punuar p\u00ebr t\u00eb forcuar sundimin e ligjit, p\u00ebr t\u00eb ulur praktikat informale dhe p\u00ebr t\u00eb krijuar n\u00eb teren t\u00eb barabart\u00eb. Ne besojm\u00eb se ligji na b\u00ebn\u00eb bashk\u00eb.  Kosova po investon n\u00eb infrastruktur\u00eb. Ajo shtyn\u00eb p\u00ebrpara konkurueshm\u00ebrin\u00eb, sigurin\u00eb energjetike, logjistik\u00ebn dhe sigurin\u00eb e jetes\u00ebs. Ne duam ta bajm\u00eb t\u00eb b\u00ebrit biznes m\u00eb t\u00eb leht\u00eb dhe m\u00eb t\u00eb shpejt. N\u00eb gjith\u00eb Evrop\u00ebn kompanit\u00eb k\u00ebrkojn\u00eb besueshm\u00ebri. Kosova mund t\u00eb jet\u00eb pjes\u00eb e k\u00ebsaj zgjidhjeje t\u00eb p\u00ebrbashk\u00ebt&#8221;, shtoi ai.<\/p>\n<p>Kurti potencoi se jan\u00eb duke mb\u00ebshtetur ekonomin\u00eb, teksa shtoi se n\u00eb krahasim me 4 vitet e kaluara numri i bizneseve me pron\u00ebsi t\u00eb huaj n\u00eb Kosov\u00eb \u00ebsht\u00eb rritur p\u00ebr 55 p\u00ebr qind.<\/p>\n<p>&#8220;N\u00ebse ka nj\u00eb fjal\u00eb q\u00eb duhet t\u00eb p\u00ebrkufizoj bashk\u00ebpunimin ton\u00eb sot, ajo \u00ebsht\u00eb besimi. Besimi \u00ebsht\u00eb avantazh ekonomik. N\u00eb nj\u00eb bot\u00eb t\u00eb paq\u00ebndrueshme, t\u00eb ndikuara nga tensionet gjeopolitike, integriteti nuk \u00ebsht\u00eb vet\u00ebn p\u00ebrmbushje rregullash, por edhe konkurueshm\u00ebri\u00eb.<\/p>\n<p>Kosova \u00ebsht\u00eb e gatshme p\u00ebr partneritete t\u00eb m\u00ebdha infrastrukturore. \u00cbsht\u00eb e hapur p\u00ebr investime serioze dhe Kosova po zgjeron mund\u00ebsit\u00eb tregtare me Evrop\u00ebn, rajonin dhe me gjer\u00eb&#8221;, ka deklaruar ai.<\/p>\n<p>Gjat\u00eb k\u00ebtij organizimi bizneseve franceze iu b\u00eb thirrje p\u00ebr t\u00eb investuar n\u00eb Kosov\u00eb.<\/p>\n","protected":false},"excerpt":{"rendered":"<p>Prishtin\u00eb 05 Shkurt 2026 10:34 Krer\u00eb t\u00eb shtetit, institucioneve, ambasador\u00eb, investitor\u00eb t\u00eb huaj e p\u00ebrfaq\u00ebsues t\u00eb bizneseve jan\u00eb mbledhur n\u00eb Prishtin\u00eb n\u00eb organizimin &#8220;French Business<\/p>\n","protected":false},"author":6,"featured_media":30711,"comment_status":"open","ping_status":"open","sticky":false,"template":"","format":"standard","meta":{"footnotes":""},"categories":[60],"tags":[],"class_list":["post-30710","post","type-post","status-publish","format-standard","has-post-thumbnail","hentry","category-shoqerore-sq"],"yoast_head":"<!-- This site is optimized with the Yoast SEO plugin v25.3.1 - https:\/\/yoast.com\/wordpress\/plugins\/seo\/ -->\n<title>Kurti: Kosova \u00ebsht\u00eb e hapur p\u00ebr investime serioze -<\/title>\n<meta name=\"robots\" content=\"index, follow, max-snippet:-1, max-image-preview:large, max-video-preview:-1\" \/>\n<link rel=\"canonical\" href=\"https:\/\/veritasinfo.org\/?p=30710\" \/>\n<meta property=\"og:locale\" content=\"en_US\" \/>\n<meta property=\"og:type\" content=\"article\" \/>\n<meta property=\"og:title\" content=\"Kurti: Kosova \u00ebsht\u00eb e hapur p\u00ebr investime serioze -\" \/>\n<meta property=\"og:description\" content=\"Prishtin\u00eb 05 Shkurt 2026 10:34 Krer\u00eb t\u00eb shtetit, institucioneve, ambasador\u00eb, investitor\u00eb t\u00eb huaj e p\u00ebrfaq\u00ebsues t\u00eb bizneseve jan\u00eb mbledhur n\u00eb Prishtin\u00eb n\u00eb organizimin &#8220;French Business\" \/>\n<meta property=\"og:url\" content=\"https:\/\/veritasinfo.org\/?p=30710\" \/>\n<meta property=\"article:published_time\" content=\"2026-02-05T09:35:34+00:00\" \/>\n<meta property=\"og:image\" content=\"https:\/\/veritasinfo.org\/wp-content\/uploads\/2026\/02\/716272-SfcZdwzbtW.jpg\" \/>\n\t<meta property=\"og:image:width\" content=\"780\" \/>\n\t<meta property=\"og:image:height\" content=\"500\" \/>\n\t<meta property=\"og:image:type\" content=\"image\/jpeg\" \/>\n<meta name=\"author\" content=\"US5\" \/>\n<meta name=\"twitter:card\" content=\"summary_large_image\" \/>\n<meta name=\"twitter:label1\" content=\"Written by\" \/>\n\t<meta name=\"twitter:data1\" content=\"US5\" \/>\n<script type=\"application\/ld+json\" class=\"yoast-schema-graph\">{\"@context\":\"https:\/\/schema.org\",\"@graph\":[{\"@type\":\"WebPage\",\"@id\":\"https:\/\/veritasinfo.org\/?p=30710\",\"url\":\"https:\/\/veritasinfo.org\/?p=30710\",\"name\":\"Kurti: Kosova \u00ebsht\u00eb e hapur p\u00ebr investime serioze -\",\"isPartOf\":{\"@id\":\"https:\/\/veritasinfo.org\/#website\"},\"primaryImageOfPage\":{\"@id\":\"https:\/\/veritasinfo.org\/?p=30710#primaryimage\"},\"image\":{\"@id\":\"https:\/\/veritasinfo.org\/?p=30710#primaryimage\"},\"thumbnailUrl\":\"https:\/\/veritasinfo.org\/wp-content\/uploads\/2026\/02\/716272-SfcZdwzbtW.jpg\",\"datePublished\":\"2026-02-05T09:35:34+00:00\",\"author\":{\"@id\":\"https:\/\/veritasinfo.org\/#\/schema\/person\/bc442336e35414d04494ab8fb45db4c6\"},\"breadcrumb\":{\"@id\":\"https:\/\/veritasinfo.org\/?p=30710#breadcrumb\"},\"inLanguage\":\"en-US\",\"potentialAction\":[{\"@type\":\"ReadAction\",\"target\":[\"https:\/\/veritasinfo.org\/?p=30710\"]}]},{\"@type\":\"ImageObject\",\"inLanguage\":\"en-US\",\"@id\":\"https:\/\/veritasinfo.org\/?p=30710#primaryimage\",\"url\":\"https:\/\/veritasinfo.org\/wp-content\/uploads\/2026\/02\/716272-SfcZdwzbtW.jpg\",\"contentUrl\":\"https:\/\/veritasinfo.org\/wp-content\/uploads\/2026\/02\/716272-SfcZdwzbtW.jpg\",\"width\":780,\"height\":500},{\"@type\":\"BreadcrumbList\",\"@id\":\"https:\/\/veritasinfo.org\/?p=30710#breadcrumb\",\"itemListElement\":[{\"@type\":\"ListItem\",\"position\":1,\"name\":\"Home\",\"item\":\"https:\/\/veritasinfo.org\/\"},{\"@type\":\"ListItem\",\"position\":2,\"name\":\"Kurti: Kosova \u00ebsht\u00eb e hapur p\u00ebr investime serioze\"}]},{\"@type\":\"WebSite\",\"@id\":\"https:\/\/veritasinfo.org\/#website\",\"url\":\"https:\/\/veritasinfo.org\/\",\"name\":\"\",\"description\":\"\",\"potentialAction\":[{\"@type\":\"SearchAction\",\"target\":{\"@type\":\"EntryPoint\",\"urlTemplate\":\"https:\/\/veritasinfo.org\/?s={search_term_string}\"},\"query-input\":{\"@type\":\"PropertyValueSpecification\",\"valueRequired\":true,\"valueName\":\"search_term_string\"}}],\"inLanguage\":\"en-US\"},{\"@type\":\"Person\",\"@id\":\"https:\/\/veritasinfo.org\/#\/schema\/person\/bc442336e35414d04494ab8fb45db4c6\",\"name\":\"US5\",\"image\":{\"@type\":\"ImageObject\",\"inLanguage\":\"en-US\",\"@id\":\"https:\/\/veritasinfo.org\/#\/schema\/person\/image\/\",\"url\":\"https:\/\/secure.gravatar.com\/avatar\/16a61e7272a0c5d001121ebb9e60e925d5816e4ac1e443ed3e640d9a6ae55d0c?s=96&d=mm&r=g\",\"contentUrl\":\"https:\/\/secure.gravatar.com\/avatar\/16a61e7272a0c5d001121ebb9e60e925d5816e4ac1e443ed3e640d9a6ae55d0c?s=96&d=mm&r=g\",\"caption\":\"US5\"},\"url\":\"https:\/\/veritasinfo.org\/?author=6\"}]}<\/script>\n<!-- \/ Yoast SEO plugin. -->","yoast_head_json":{"title":"Kurti: Kosova \u00ebsht\u00eb e hapur p\u00ebr investime serioze -","robots":{"index":"index","follow":"follow","max-snippet":"max-snippet:-1","max-image-preview":"max-image-preview:large","max-video-preview":"max-video-preview:-1"},"canonical":"https:\/\/veritasinfo.org\/?p=30710","og_locale":"en_US","og_type":"article","og_title":"Kurti: Kosova \u00ebsht\u00eb e hapur p\u00ebr investime serioze -","og_description":"Prishtin\u00eb 05 Shkurt 2026 10:34 Krer\u00eb t\u00eb shtetit, institucioneve, ambasador\u00eb, investitor\u00eb t\u00eb huaj e p\u00ebrfaq\u00ebsues t\u00eb bizneseve jan\u00eb mbledhur n\u00eb Prishtin\u00eb n\u00eb organizimin &#8220;French Business","og_url":"https:\/\/veritasinfo.org\/?p=30710","article_published_time":"2026-02-05T09:35:34+00:00","og_image":[{"width":780,"height":500,"url":"https:\/\/veritasinfo.org\/wp-content\/uploads\/2026\/02\/716272-SfcZdwzbtW.jpg","type":"image\/jpeg"}],"author":"US5","twitter_card":"summary_large_image","twitter_misc":{"Written by":"US5"},"schema":{"@context":"https:\/\/schema.org","@graph":[{"@type":"WebPage","@id":"https:\/\/veritasinfo.org\/?p=30710","url":"https:\/\/veritasinfo.org\/?p=30710","name":"Kurti: Kosova \u00ebsht\u00eb e hapur p\u00ebr investime serioze -","isPartOf":{"@id":"https:\/\/veritasinfo.org\/#website"},"primaryImageOfPage":{"@id":"https:\/\/veritasinfo.org\/?p=30710#primaryimage"},"image":{"@id":"https:\/\/veritasinfo.org\/?p=30710#primaryimage"},"thumbnailUrl":"https:\/\/veritasinfo.org\/wp-content\/uploads\/2026\/02\/716272-SfcZdwzbtW.jpg","datePublished":"2026-02-05T09:35:34+00:00","author":{"@id":"https:\/\/veritasinfo.org\/#\/schema\/person\/bc442336e35414d04494ab8fb45db4c6"},"breadcrumb":{"@id":"https:\/\/veritasinfo.org\/?p=30710#breadcrumb"},"inLanguage":"en-US","potentialAction":[{"@type":"ReadAction","target":["https:\/\/veritasinfo.org\/?p=30710"]}]},{"@type":"ImageObject","inLanguage":"en-US","@id":"https:\/\/veritasinfo.org\/?p=30710#primaryimage","url":"https:\/\/veritasinfo.org\/wp-content\/uploads\/2026\/02\/716272-SfcZdwzbtW.jpg","contentUrl":"https:\/\/veritasinfo.org\/wp-content\/uploads\/2026\/02\/716272-SfcZdwzbtW.jpg","width":780,"height":500},{"@type":"BreadcrumbList","@id":"https:\/\/veritasinfo.org\/?p=30710#breadcrumb","itemListElement":[{"@type":"ListItem","position":1,"name":"Home","item":"https:\/\/veritasinfo.org\/"},{"@type":"ListItem","position":2,"name":"Kurti: Kosova \u00ebsht\u00eb e hapur p\u00ebr investime serioze"}]},{"@type":"WebSite","@id":"https:\/\/veritasinfo.org\/#website","url":"https:\/\/veritasinfo.org\/","name":"","description":"","potentialAction":[{"@type":"SearchAction","target":{"@type":"EntryPoint","urlTemplate":"https:\/\/veritasinfo.org\/?s={search_term_string}"},"query-input":{"@type":"PropertyValueSpecification","valueRequired":true,"valueName":"search_term_string"}}],"inLanguage":"en-US"},{"@type":"Person","@id":"https:\/\/veritasinfo.org\/#\/schema\/person\/bc442336e35414d04494ab8fb45db4c6","name":"US5","image":{"@type":"ImageObject","inLanguage":"en-US","@id":"https:\/\/veritasinfo.org\/#\/schema\/person\/image\/","url":"https:\/\/secure.gravatar.com\/avatar\/16a61e7272a0c5d001121ebb9e60e925d5816e4ac1e443ed3e640d9a6ae55d0c?s=96&d=mm&r=g","contentUrl":"https:\/\/secure.gravatar.com\/avatar\/16a61e7272a0c5d001121ebb9e60e925d5816e4ac1e443ed3e640d9a6ae55d0c?s=96&d=mm&r=g","caption":"US5"},"url":"https:\/\/veritasinfo.org\/?author=6"}]}},"featured_image_urls":{"full":["https:\/\/veritasinfo.org\/wp-content\/uploads\/2026\/02\/716272-SfcZdwzbtW.jpg",780,500,false],"thumbnail":["https:\/\/veritasinfo.org\/wp-content\/uploads\/2026\/02\/716272-SfcZdwzbtW-150x150.jpg",150,150,true],"medium":["https:\/\/veritasinfo.org\/wp-content\/uploads\/2026\/02\/716272-SfcZdwzbtW-300x192.jpg",300,192,true],"medium_large":["https:\/\/veritasinfo.org\/wp-content\/uploads\/2026\/02\/716272-SfcZdwzbtW-768x492.jpg",640,410,true],"large":["https:\/\/veritasinfo.org\/wp-content\/uploads\/2026\/02\/716272-SfcZdwzbtW.jpg",640,410,false],"1536x1536":["https:\/\/veritasinfo.org\/wp-content\/uploads\/2026\/02\/716272-SfcZdwzbtW.jpg",780,500,false],"2048x2048":["https:\/\/veritasinfo.org\/wp-content\/uploads\/2026\/02\/716272-SfcZdwzbtW.jpg",780,500,false],"kreeti-slider-full":["https:\/\/veritasinfo.org\/wp-content\/uploads\/2026\/02\/716272-SfcZdwzbtW.jpg",780,500,false],"kreeti-featured":["https:\/\/veritasinfo.org\/wp-content\/uploads\/2026\/02\/716272-SfcZdwzbtW.jpg",780,500,false],"kreeti-medium":["https:\/\/veritasinfo.org\/wp-content\/uploads\/2026\/02\/716272-SfcZdwzbtW.jpg",720,462,false],"kreeti-medium-square":["https:\/\/veritasinfo.org\/wp-content\/uploads\/2026\/02\/716272-SfcZdwzbtW.jpg",350,224,false]},"author_info":{"info":["US5"]},"category_info":"<a href=\"https:\/\/veritasinfo.org\/?cat=60\" rel=\"category\">Shoq\u00ebrore<\/a>","tag_info":"Shoq\u00ebrore","comment_count":"0","_links":{"self":[{"href":"https:\/\/veritasinfo.org\/index.php?rest_route=\/wp\/v2\/posts\/30710","targetHints":{"allow":["GET"]}}],"collection":[{"href":"https:\/\/veritasinfo.org\/index.php?rest_route=\/wp\/v2\/posts"}],"about":[{"href":"https:\/\/veritasinfo.org\/index.php?rest_route=\/wp\/v2\/types\/post"}],"author":[{"embeddable":true,"href":"https:\/\/veritasinfo.org\/index.php?rest_route=\/wp\/v2\/users\/6"}],"replies":[{"embeddable":true,"href":"https:\/\/veritasinfo.org\/index.php?rest_route=%2Fwp%2Fv2%2Fcomments&post=30710"}],"version-history":[{"count":1,"href":"https:\/\/veritasinfo.org\/index.php?rest_route=\/wp\/v2\/posts\/30710\/revisions"}],"predecessor-version":[{"id":30712,"href":"https:\/\/veritasinfo.org\/index.php?rest_route=\/wp\/v2\/posts\/30710\/revisions\/30712"}],"wp:featuredmedia":[{"embeddable":true,"href":"https:\/\/veritasinfo.org\/index.php?rest_route=\/wp\/v2\/media\/30711"}],"wp:attachment":[{"href":"https:\/\/veritasinfo.org\/index.php?rest_route=%2Fwp%2Fv2%2Fmedia&parent=30710"}],"wp:term":[{"taxonomy":"category","embeddable":true,"href":"https:\/\/veritasinfo.org\/index.php?rest_route=%2Fwp%2Fv2%2Fcategories&post=30710"},{"taxonomy":"post_tag","embeddable":true,"href":"https:\/\/veritasinfo.org\/index.php?rest_route=%2Fwp%2Fv2%2Ftags&post=30710"}],"curies":[{"name":"wp","href":"https:\/\/api.w.org\/{rel}","templated":true}]}}