{"id":30704,"date":"2026-02-05T10:20:38","date_gmt":"2026-02-05T09:20:38","guid":{"rendered":"https:\/\/veritasinfo.org\/?p=30704"},"modified":"2026-02-05T10:20:38","modified_gmt":"2026-02-05T09:20:38","slug":"kryeprokurori-isufaj-ne-nje-takim-me-kongresiste-amerikane-per-forcimin-e-bashkepunimit","status":"publish","type":"post","link":"https:\/\/veritasinfo.org\/?p=30704","title":{"rendered":"Kryeprokurori Isufaj n\u00eb nj\u00eb takim me kongresist\u00eb amerikan\u00eb p\u00ebr forcimin e bashk\u00ebpunimit"},"content":{"rendered":"<p>Prishtin\u00eb 05 Shkurt 2026 10:19<\/p>\n<p>N\u00eb kuad\u00ebr t\u00eb vizit\u00ebs zyrtare n\u00eb Shtetet e Bashkuara t\u00eb Amerik\u00ebs, kryeprokurori i Prokuroris\u00eb Speciale t\u00eb Republik\u00ebs s\u00eb Kosov\u00ebs, Blerim<br \/>\nIsufaj, dhe prokurori special Naim Abazi, jan\u00eb pritur n\u00eb takime pune nga an\u00ebtar\u00eb t\u00eb Kongresit Amerikan, p\u00ebrkat\u00ebsisht Pat Fallon, Zach Nunn, Robert Aderholt dhe John Moolenaar.Gjat\u00eb k\u00ebtyre takimeve, kryeprokurori i Prokuroris\u00eb Speciale dhe prokurori special Naim Abazi, t\u00eb shoq\u00ebruar nga drejtori i Sekretariatit t\u00eb K\u00ebshillit Prokurorial t\u00eb Kosov\u00ebs, Sami Istrefi, kan\u00eb riafirmuar p\u00ebrkushtimin institucional t\u00eb Republik\u00ebs s\u00eb Kosov\u00ebs n\u00eb luft\u00ebn kund\u00ebr krimit t\u00eb organizuar dhe terrorizmit.<\/p>\n<p>Gjat\u00eb takimeve \u00ebsht\u00eb diskutuar p\u00ebr sundimin e ligjit n\u00eb Kosov\u00eb, r\u00ebnd\u00ebsin\u00eb e<br \/>\nbashk\u00ebpunimit nd\u00ebrkomb\u00ebtar, si edhe n\u00eb ngritjen e kapaciteteve.Kongresist\u00ebt amerikan\u00eb shpreh\u00ebn mb\u00ebshtetjen e vazhdueshme t\u00eb Shteteve t\u00eb Bashkuara t\u00eb Amerik\u00ebs p\u00ebr forcimin e sundimit t\u00eb ligjit n\u00eb Kosov\u00eb, duke theksuar r\u00ebnd\u00ebsin\u00eb e pavar\u00ebsis\u00eb s\u00eb institucioneve t\u00eb drejt\u00ebsis\u00eb dhe p\u00ebrkrahjen konkrete n\u00eb p\u00ebrpjekjet p\u00ebr luftimin e krimit t\u00eb organizuar dhe korrupsionit.<\/p>\n","protected":false},"excerpt":{"rendered":"<p>Prishtin\u00eb 05 Shkurt 2026 10:19 N\u00eb kuad\u00ebr t\u00eb vizit\u00ebs zyrtare n\u00eb Shtetet e Bashkuara t\u00eb Amerik\u00ebs, kryeprokurori i Prokuroris\u00eb Speciale t\u00eb Republik\u00ebs s\u00eb Kosov\u00ebs, Blerim<\/p>\n","protected":false},"author":6,"featured_media":30705,"comment_status":"open","ping_status":"open","sticky":false,"template":"","format":"standard","meta":{"footnotes":""},"categories":[60],"tags":[],"class_list":["post-30704","post","type-post","status-publish","format-standard","has-post-thumbnail","hentry","category-shoqerore-sq"],"yoast_head":"<!-- This site is optimized with the Yoast SEO plugin v25.3.1 - https:\/\/yoast.com\/wordpress\/plugins\/seo\/ -->\n<title>Kryeprokurori Isufaj n\u00eb nj\u00eb takim me kongresist\u00eb amerikan\u00eb p\u00ebr forcimin e bashk\u00ebpunimit -<\/title>\n<meta name=\"robots\" content=\"index, follow, max-snippet:-1, max-image-preview:large, max-video-preview:-1\" \/>\n<link rel=\"canonical\" href=\"https:\/\/veritasinfo.org\/?p=30704\" \/>\n<meta property=\"og:locale\" content=\"en_US\" \/>\n<meta property=\"og:type\" content=\"article\" \/>\n<meta property=\"og:title\" content=\"Kryeprokurori Isufaj n\u00eb nj\u00eb takim me kongresist\u00eb amerikan\u00eb p\u00ebr forcimin e bashk\u00ebpunimit -\" \/>\n<meta property=\"og:description\" content=\"Prishtin\u00eb 05 Shkurt 2026 10:19 N\u00eb kuad\u00ebr t\u00eb vizit\u00ebs zyrtare n\u00eb Shtetet e Bashkuara t\u00eb Amerik\u00ebs, kryeprokurori i Prokuroris\u00eb Speciale t\u00eb Republik\u00ebs s\u00eb Kosov\u00ebs, Blerim\" \/>\n<meta property=\"og:url\" content=\"https:\/\/veritasinfo.org\/?p=30704\" \/>\n<meta property=\"article:published_time\" content=\"2026-02-05T09:20:38+00:00\" \/>\n<meta property=\"og:image\" content=\"https:\/\/veritasinfo.org\/wp-content\/uploads\/2026\/02\/foto-2-1-1536x1516-1.jpeg\" \/>\n\t<meta property=\"og:image:width\" content=\"1536\" \/>\n\t<meta property=\"og:image:height\" content=\"1516\" \/>\n\t<meta property=\"og:image:type\" content=\"image\/jpeg\" \/>\n<meta name=\"author\" content=\"US5\" \/>\n<meta name=\"twitter:card\" content=\"summary_large_image\" \/>\n<meta name=\"twitter:label1\" content=\"Written by\" \/>\n\t<meta name=\"twitter:data1\" content=\"US5\" \/>\n<script type=\"application\/ld+json\" class=\"yoast-schema-graph\">{\"@context\":\"https:\/\/schema.org\",\"@graph\":[{\"@type\":\"WebPage\",\"@id\":\"https:\/\/veritasinfo.org\/?p=30704\",\"url\":\"https:\/\/veritasinfo.org\/?p=30704\",\"name\":\"Kryeprokurori Isufaj n\u00eb nj\u00eb takim me kongresist\u00eb amerikan\u00eb p\u00ebr forcimin e bashk\u00ebpunimit -\",\"isPartOf\":{\"@id\":\"https:\/\/veritasinfo.org\/#website\"},\"primaryImageOfPage\":{\"@id\":\"https:\/\/veritasinfo.org\/?p=30704#primaryimage\"},\"image\":{\"@id\":\"https:\/\/veritasinfo.org\/?p=30704#primaryimage\"},\"thumbnailUrl\":\"https:\/\/veritasinfo.org\/wp-content\/uploads\/2026\/02\/foto-2-1-1536x1516-1.jpeg\",\"datePublished\":\"2026-02-05T09:20:38+00:00\",\"author\":{\"@id\":\"https:\/\/veritasinfo.org\/#\/schema\/person\/bc442336e35414d04494ab8fb45db4c6\"},\"breadcrumb\":{\"@id\":\"https:\/\/veritasinfo.org\/?p=30704#breadcrumb\"},\"inLanguage\":\"en-US\",\"potentialAction\":[{\"@type\":\"ReadAction\",\"target\":[\"https:\/\/veritasinfo.org\/?p=30704\"]}]},{\"@type\":\"ImageObject\",\"inLanguage\":\"en-US\",\"@id\":\"https:\/\/veritasinfo.org\/?p=30704#primaryimage\",\"url\":\"https:\/\/veritasinfo.org\/wp-content\/uploads\/2026\/02\/foto-2-1-1536x1516-1.jpeg\",\"contentUrl\":\"https:\/\/veritasinfo.org\/wp-content\/uploads\/2026\/02\/foto-2-1-1536x1516-1.jpeg\",\"width\":1536,\"height\":1516},{\"@type\":\"BreadcrumbList\",\"@id\":\"https:\/\/veritasinfo.org\/?p=30704#breadcrumb\",\"itemListElement\":[{\"@type\":\"ListItem\",\"position\":1,\"name\":\"Home\",\"item\":\"https:\/\/veritasinfo.org\/\"},{\"@type\":\"ListItem\",\"position\":2,\"name\":\"Kryeprokurori Isufaj n\u00eb nj\u00eb takim me kongresist\u00eb amerikan\u00eb p\u00ebr forcimin e bashk\u00ebpunimit\"}]},{\"@type\":\"WebSite\",\"@id\":\"https:\/\/veritasinfo.org\/#website\",\"url\":\"https:\/\/veritasinfo.org\/\",\"name\":\"\",\"description\":\"\",\"potentialAction\":[{\"@type\":\"SearchAction\",\"target\":{\"@type\":\"EntryPoint\",\"urlTemplate\":\"https:\/\/veritasinfo.org\/?s={search_term_string}\"},\"query-input\":{\"@type\":\"PropertyValueSpecification\",\"valueRequired\":true,\"valueName\":\"search_term_string\"}}],\"inLanguage\":\"en-US\"},{\"@type\":\"Person\",\"@id\":\"https:\/\/veritasinfo.org\/#\/schema\/person\/bc442336e35414d04494ab8fb45db4c6\",\"name\":\"US5\",\"image\":{\"@type\":\"ImageObject\",\"inLanguage\":\"en-US\",\"@id\":\"https:\/\/veritasinfo.org\/#\/schema\/person\/image\/\",\"url\":\"https:\/\/secure.gravatar.com\/avatar\/16a61e7272a0c5d001121ebb9e60e925d5816e4ac1e443ed3e640d9a6ae55d0c?s=96&d=mm&r=g\",\"contentUrl\":\"https:\/\/secure.gravatar.com\/avatar\/16a61e7272a0c5d001121ebb9e60e925d5816e4ac1e443ed3e640d9a6ae55d0c?s=96&d=mm&r=g\",\"caption\":\"US5\"},\"url\":\"https:\/\/veritasinfo.org\/?author=6\"}]}<\/script>\n<!-- \/ Yoast SEO plugin. -->","yoast_head_json":{"title":"Kryeprokurori Isufaj n\u00eb nj\u00eb takim me kongresist\u00eb amerikan\u00eb p\u00ebr forcimin e bashk\u00ebpunimit -","robots":{"index":"index","follow":"follow","max-snippet":"max-snippet:-1","max-image-preview":"max-image-preview:large","max-video-preview":"max-video-preview:-1"},"canonical":"https:\/\/veritasinfo.org\/?p=30704","og_locale":"en_US","og_type":"article","og_title":"Kryeprokurori Isufaj n\u00eb nj\u00eb takim me kongresist\u00eb amerikan\u00eb p\u00ebr forcimin e bashk\u00ebpunimit -","og_description":"Prishtin\u00eb 05 Shkurt 2026 10:19 N\u00eb kuad\u00ebr t\u00eb vizit\u00ebs zyrtare n\u00eb Shtetet e Bashkuara t\u00eb Amerik\u00ebs, kryeprokurori i Prokuroris\u00eb Speciale t\u00eb Republik\u00ebs s\u00eb Kosov\u00ebs, Blerim","og_url":"https:\/\/veritasinfo.org\/?p=30704","article_published_time":"2026-02-05T09:20:38+00:00","og_image":[{"width":1536,"height":1516,"url":"https:\/\/veritasinfo.org\/wp-content\/uploads\/2026\/02\/foto-2-1-1536x1516-1.jpeg","type":"image\/jpeg"}],"author":"US5","twitter_card":"summary_large_image","twitter_misc":{"Written by":"US5"},"schema":{"@context":"https:\/\/schema.org","@graph":[{"@type":"WebPage","@id":"https:\/\/veritasinfo.org\/?p=30704","url":"https:\/\/veritasinfo.org\/?p=30704","name":"Kryeprokurori Isufaj n\u00eb nj\u00eb takim me kongresist\u00eb amerikan\u00eb p\u00ebr forcimin e bashk\u00ebpunimit -","isPartOf":{"@id":"https:\/\/veritasinfo.org\/#website"},"primaryImageOfPage":{"@id":"https:\/\/veritasinfo.org\/?p=30704#primaryimage"},"image":{"@id":"https:\/\/veritasinfo.org\/?p=30704#primaryimage"},"thumbnailUrl":"https:\/\/veritasinfo.org\/wp-content\/uploads\/2026\/02\/foto-2-1-1536x1516-1.jpeg","datePublished":"2026-02-05T09:20:38+00:00","author":{"@id":"https:\/\/veritasinfo.org\/#\/schema\/person\/bc442336e35414d04494ab8fb45db4c6"},"breadcrumb":{"@id":"https:\/\/veritasinfo.org\/?p=30704#breadcrumb"},"inLanguage":"en-US","potentialAction":[{"@type":"ReadAction","target":["https:\/\/veritasinfo.org\/?p=30704"]}]},{"@type":"ImageObject","inLanguage":"en-US","@id":"https:\/\/veritasinfo.org\/?p=30704#primaryimage","url":"https:\/\/veritasinfo.org\/wp-content\/uploads\/2026\/02\/foto-2-1-1536x1516-1.jpeg","contentUrl":"https:\/\/veritasinfo.org\/wp-content\/uploads\/2026\/02\/foto-2-1-1536x1516-1.jpeg","width":1536,"height":1516},{"@type":"BreadcrumbList","@id":"https:\/\/veritasinfo.org\/?p=30704#breadcrumb","itemListElement":[{"@type":"ListItem","position":1,"name":"Home","item":"https:\/\/veritasinfo.org\/"},{"@type":"ListItem","position":2,"name":"Kryeprokurori Isufaj n\u00eb nj\u00eb takim me kongresist\u00eb amerikan\u00eb p\u00ebr forcimin e bashk\u00ebpunimit"}]},{"@type":"WebSite","@id":"https:\/\/veritasinfo.org\/#website","url":"https:\/\/veritasinfo.org\/","name":"","description":"","potentialAction":[{"@type":"SearchAction","target":{"@type":"EntryPoint","urlTemplate":"https:\/\/veritasinfo.org\/?s={search_term_string}"},"query-input":{"@type":"PropertyValueSpecification","valueRequired":true,"valueName":"search_term_string"}}],"inLanguage":"en-US"},{"@type":"Person","@id":"https:\/\/veritasinfo.org\/#\/schema\/person\/bc442336e35414d04494ab8fb45db4c6","name":"US5","image":{"@type":"ImageObject","inLanguage":"en-US","@id":"https:\/\/veritasinfo.org\/#\/schema\/person\/image\/","url":"https:\/\/secure.gravatar.com\/avatar\/16a61e7272a0c5d001121ebb9e60e925d5816e4ac1e443ed3e640d9a6ae55d0c?s=96&d=mm&r=g","contentUrl":"https:\/\/secure.gravatar.com\/avatar\/16a61e7272a0c5d001121ebb9e60e925d5816e4ac1e443ed3e640d9a6ae55d0c?s=96&d=mm&r=g","caption":"US5"},"url":"https:\/\/veritasinfo.org\/?author=6"}]}},"featured_image_urls":{"full":["https:\/\/veritasinfo.org\/wp-content\/uploads\/2026\/02\/foto-2-1-1536x1516-1.jpeg",1536,1516,false],"thumbnail":["https:\/\/veritasinfo.org\/wp-content\/uploads\/2026\/02\/foto-2-1-1536x1516-1-150x150.jpeg",150,150,true],"medium":["https:\/\/veritasinfo.org\/wp-content\/uploads\/2026\/02\/foto-2-1-1536x1516-1-300x296.jpeg",300,296,true],"medium_large":["https:\/\/veritasinfo.org\/wp-content\/uploads\/2026\/02\/foto-2-1-1536x1516-1-768x758.jpeg",640,632,true],"large":["https:\/\/veritasinfo.org\/wp-content\/uploads\/2026\/02\/foto-2-1-1536x1516-1-1024x1011.jpeg",640,632,true],"1536x1536":["https:\/\/veritasinfo.org\/wp-content\/uploads\/2026\/02\/foto-2-1-1536x1516-1.jpeg",1536,1516,false],"2048x2048":["https:\/\/veritasinfo.org\/wp-content\/uploads\/2026\/02\/foto-2-1-1536x1516-1.jpeg",1536,1516,false],"kreeti-slider-full":["https:\/\/veritasinfo.org\/wp-content\/uploads\/2026\/02\/foto-2-1-1536x1516-1.jpeg",729,720,false],"kreeti-featured":["https:\/\/veritasinfo.org\/wp-content\/uploads\/2026\/02\/foto-2-1-1536x1516-1.jpeg",1024,1011,false],"kreeti-medium":["https:\/\/veritasinfo.org\/wp-content\/uploads\/2026\/02\/foto-2-1-1536x1516-1.jpeg",537,530,false],"kreeti-medium-square":["https:\/\/veritasinfo.org\/wp-content\/uploads\/2026\/02\/foto-2-1-1536x1516-1.jpeg",350,345,false]},"author_info":{"info":["US5"]},"category_info":"<a href=\"https:\/\/veritasinfo.org\/?cat=60\" rel=\"category\">Shoq\u00ebrore<\/a>","tag_info":"Shoq\u00ebrore","comment_count":"0","_links":{"self":[{"href":"https:\/\/veritasinfo.org\/index.php?rest_route=\/wp\/v2\/posts\/30704","targetHints":{"allow":["GET"]}}],"collection":[{"href":"https:\/\/veritasinfo.org\/index.php?rest_route=\/wp\/v2\/posts"}],"about":[{"href":"https:\/\/veritasinfo.org\/index.php?rest_route=\/wp\/v2\/types\/post"}],"author":[{"embeddable":true,"href":"https:\/\/veritasinfo.org\/index.php?rest_route=\/wp\/v2\/users\/6"}],"replies":[{"embeddable":true,"href":"https:\/\/veritasinfo.org\/index.php?rest_route=%2Fwp%2Fv2%2Fcomments&post=30704"}],"version-history":[{"count":1,"href":"https:\/\/veritasinfo.org\/index.php?rest_route=\/wp\/v2\/posts\/30704\/revisions"}],"predecessor-version":[{"id":30706,"href":"https:\/\/veritasinfo.org\/index.php?rest_route=\/wp\/v2\/posts\/30704\/revisions\/30706"}],"wp:featuredmedia":[{"embeddable":true,"href":"https:\/\/veritasinfo.org\/index.php?rest_route=\/wp\/v2\/media\/30705"}],"wp:attachment":[{"href":"https:\/\/veritasinfo.org\/index.php?rest_route=%2Fwp%2Fv2%2Fmedia&parent=30704"}],"wp:term":[{"taxonomy":"category","embeddable":true,"href":"https:\/\/veritasinfo.org\/index.php?rest_route=%2Fwp%2Fv2%2Fcategories&post=30704"},{"taxonomy":"post_tag","embeddable":true,"href":"https:\/\/veritasinfo.org\/index.php?rest_route=%2Fwp%2Fv2%2Ftags&post=30704"}],"curies":[{"name":"wp","href":"https:\/\/api.w.org\/{rel}","templated":true}]}}