{"id":3070,"date":"2025-07-09T08:11:32","date_gmt":"2025-07-09T06:11:32","guid":{"rendered":"https:\/\/veritasinfo.org\/?p=3070"},"modified":"2025-07-09T08:12:57","modified_gmt":"2025-07-09T06:12:57","slug":"moramo-se-suprotstaviti-poricanju-genocida-porucio-guterres-iz-njujorka","status":"publish","type":"post","link":"https:\/\/veritasinfo.org\/?p=3070&lang=sr","title":{"rendered":"Moramo se suprotstaviti poricanju genocida\u201c \u2013 poru\u010dio Guterres iz Njujorka"},"content":{"rendered":"<p><strong>\u201eMoramo se suprotstaviti poricanju genocida\u201c \u2013 poru\u010dio Guterres iz Njujorka<\/strong><\/p>\n<p>Povodom Me\u0111unarodnog dana se\u0107anja na genocid u Srebrenici, generalni sekretar Ujedinjenih nacija Antonio Guterres izjavio je u sedi\u0161tu UN u Njujorku da svet mora odlu\u010dno da se suprotstavi poricanju genocida, iskrivljavanju \u010dinjenica i istorijskom revizionizmu.<\/p>\n<p>\u201eMoramo obezbediti da se glasovi pre\u017eivelih iz Srebrenice i dalje \u010duju. Samo priznavanjem njihove patnje mo\u017eemo graditi me\u0111usobno poverenje i trajan mir\u201c, rekao je Guterres.<\/p>\n<p>On je naglasio da UN i me\u0111unarodna zajednica pre trideset godina nisu ispunile svoju du\u017enost prema narodu Srebrenice \u2013 i da taj neuspeh nije bio slu\u010dajan, ve\u0107 posledica politi\u010dkih odluka, propagande i ravnodu\u0161nosti sveta.<\/p>\n<p>Posebnu zahvalnost uputio je majkama Srebrenice za njihovu dugogodi\u0161nju borbu za istinu, pravdu i odgovornost.<\/p>\n<p>\u201eGenocid u Srebrenici nije bio posledica rata, ve\u0107 planska i sistematska kampanja istrebljenja Bo\u0161njaka\u201c, istakao je on, dodaju\u0107i da je me\u0111unarodno pravosu\u0111e jasno utvrdilo da su zlo\u010dini po\u010dinjeni u Srebrenici \u2013 genocid.<\/p>\n<p>Tako\u0111e je podsetio da je krivi\u010dna odgovornost individualna i ne mo\u017ee se pripisati nijednoj naciji, veri ili grupi u celini.<\/p>\n<p>Guterres je upozorio na sve \u010de\u0161\u0107i govor mr\u017enje, poricanje genocida i veli\u010danje ratnih zlo\u010dinaca, istakav\u0161i da takvim pojavama treba pru\u017eiti sna\u017ean otpor.<\/p>\n<p>Komemoraciju u sedi\u0161tu UN zajedni\u010dki su organizovali Odeljenje za globalne komunikacije, Kancelarija specijalnog savetnika za prevenciju genocida i Stalna misija BiH pri UN, uz prisustvo diplomata, me\u0111unarodnih zvani\u010dnika i pre\u017eivelih.<\/p>\n<p>&nbsp;<\/p>\n<p>&nbsp;<\/p>\n","protected":false},"excerpt":{"rendered":"<p>\u201eMoramo se suprotstaviti poricanju genocida\u201c \u2013 poru\u010dio Guterres iz Njujorka Povodom Me\u0111unarodnog dana se\u0107anja na genocid u Srebrenici, generalni sekretar Ujedinjenih nacija Antonio Guterres izjavio<\/p>\n","protected":false},"author":1,"featured_media":3073,"comment_status":"open","ping_status":"open","sticky":false,"template":"","format":"standard","meta":{"footnotes":""},"categories":[30],"tags":[],"class_list":["post-3070","post","type-post","status-publish","format-standard","has-post-thumbnail","hentry","category-drustvo"],"yoast_head":"<!-- This site is optimized with the Yoast SEO plugin v25.3.1 - https:\/\/yoast.com\/wordpress\/plugins\/seo\/ -->\n<title>Moramo se suprotstaviti poricanju genocida\u201c \u2013 poru\u010dio Guterres iz Njujorka -<\/title>\n<meta name=\"robots\" content=\"index, follow, max-snippet:-1, max-image-preview:large, max-video-preview:-1\" \/>\n<link rel=\"canonical\" href=\"https:\/\/veritasinfo.org\/?p=3070&lang=sr\" \/>\n<meta property=\"og:locale\" content=\"en_US\" \/>\n<meta property=\"og:type\" content=\"article\" \/>\n<meta property=\"og:title\" content=\"Moramo se suprotstaviti poricanju genocida\u201c \u2013 poru\u010dio Guterres iz Njujorka -\" \/>\n<meta property=\"og:description\" content=\"\u201eMoramo se suprotstaviti poricanju genocida\u201c \u2013 poru\u010dio Guterres iz Njujorka Povodom Me\u0111unarodnog dana se\u0107anja na genocid u Srebrenici, generalni sekretar Ujedinjenih nacija Antonio Guterres izjavio\" \/>\n<meta property=\"og:url\" content=\"https:\/\/veritasinfo.org\/?p=3070&amp;lang=sr\" \/>\n<meta property=\"article:published_time\" content=\"2025-07-09T06:11:32+00:00\" \/>\n<meta property=\"article:modified_time\" content=\"2025-07-09T06:12:57+00:00\" \/>\n<meta property=\"og:image\" content=\"https:\/\/veritasinfo.org\/wp-content\/uploads\/2025\/07\/antonio-guterres.jpg\" \/>\n\t<meta property=\"og:image:width\" content=\"800\" \/>\n\t<meta property=\"og:image:height\" content=\"420\" \/>\n\t<meta property=\"og:image:type\" content=\"image\/jpeg\" \/>\n<meta name=\"author\" content=\"admin\" \/>\n<meta name=\"twitter:card\" content=\"summary_large_image\" \/>\n<meta name=\"twitter:label1\" content=\"Written by\" \/>\n\t<meta name=\"twitter:data1\" content=\"admin\" \/>\n\t<meta name=\"twitter:label2\" content=\"Est. reading time\" \/>\n\t<meta name=\"twitter:data2\" content=\"1 minute\" \/>\n<script type=\"application\/ld+json\" class=\"yoast-schema-graph\">{\"@context\":\"https:\/\/schema.org\",\"@graph\":[{\"@type\":\"WebPage\",\"@id\":\"https:\/\/veritasinfo.org\/?p=3070&lang=sr\",\"url\":\"https:\/\/veritasinfo.org\/?p=3070&lang=sr\",\"name\":\"Moramo se suprotstaviti poricanju genocida\u201c \u2013 poru\u010dio Guterres iz Njujorka -\",\"isPartOf\":{\"@id\":\"https:\/\/veritasinfo.org\/#website\"},\"primaryImageOfPage\":{\"@id\":\"https:\/\/veritasinfo.org\/?p=3070&lang=sr#primaryimage\"},\"image\":{\"@id\":\"https:\/\/veritasinfo.org\/?p=3070&lang=sr#primaryimage\"},\"thumbnailUrl\":\"https:\/\/veritasinfo.org\/wp-content\/uploads\/2025\/07\/antonio-guterres.jpg\",\"datePublished\":\"2025-07-09T06:11:32+00:00\",\"dateModified\":\"2025-07-09T06:12:57+00:00\",\"author\":{\"@id\":\"https:\/\/veritasinfo.org\/#\/schema\/person\/7701f8c088bece422266b100a712374f\"},\"breadcrumb\":{\"@id\":\"https:\/\/veritasinfo.org\/?p=3070&lang=sr#breadcrumb\"},\"inLanguage\":\"en-US\",\"potentialAction\":[{\"@type\":\"ReadAction\",\"target\":[\"https:\/\/veritasinfo.org\/?p=3070&lang=sr\"]}]},{\"@type\":\"ImageObject\",\"inLanguage\":\"en-US\",\"@id\":\"https:\/\/veritasinfo.org\/?p=3070&lang=sr#primaryimage\",\"url\":\"https:\/\/veritasinfo.org\/wp-content\/uploads\/2025\/07\/antonio-guterres.jpg\",\"contentUrl\":\"https:\/\/veritasinfo.org\/wp-content\/uploads\/2025\/07\/antonio-guterres.jpg\",\"width\":800,\"height\":420},{\"@type\":\"BreadcrumbList\",\"@id\":\"https:\/\/veritasinfo.org\/?p=3070&lang=sr#breadcrumb\",\"itemListElement\":[{\"@type\":\"ListItem\",\"position\":1,\"name\":\"Home\",\"item\":\"https:\/\/veritasinfo.org\/\"},{\"@type\":\"ListItem\",\"position\":2,\"name\":\"Moramo se suprotstaviti poricanju genocida\u201c \u2013 poru\u010dio Guterres iz Njujorka\"}]},{\"@type\":\"WebSite\",\"@id\":\"https:\/\/veritasinfo.org\/#website\",\"url\":\"https:\/\/veritasinfo.org\/\",\"name\":\"\",\"description\":\"\",\"potentialAction\":[{\"@type\":\"SearchAction\",\"target\":{\"@type\":\"EntryPoint\",\"urlTemplate\":\"https:\/\/veritasinfo.org\/?s={search_term_string}\"},\"query-input\":{\"@type\":\"PropertyValueSpecification\",\"valueRequired\":true,\"valueName\":\"search_term_string\"}}],\"inLanguage\":\"en-US\"},{\"@type\":\"Person\",\"@id\":\"https:\/\/veritasinfo.org\/#\/schema\/person\/7701f8c088bece422266b100a712374f\",\"name\":\"admin\",\"image\":{\"@type\":\"ImageObject\",\"inLanguage\":\"en-US\",\"@id\":\"https:\/\/veritasinfo.org\/#\/schema\/person\/image\/\",\"url\":\"https:\/\/secure.gravatar.com\/avatar\/ea53aa3bf6c9a12d5fde8ce4deff43fef3885ae33cf60184161a50d6987cfd2f?s=96&d=mm&r=g\",\"contentUrl\":\"https:\/\/secure.gravatar.com\/avatar\/ea53aa3bf6c9a12d5fde8ce4deff43fef3885ae33cf60184161a50d6987cfd2f?s=96&d=mm&r=g\",\"caption\":\"admin\"},\"sameAs\":[\"https:\/\/veritasinfo.org\"],\"url\":\"https:\/\/veritasinfo.org\/?author=1\"}]}<\/script>\n<!-- \/ Yoast SEO plugin. -->","yoast_head_json":{"title":"Moramo se suprotstaviti poricanju genocida\u201c \u2013 poru\u010dio Guterres iz Njujorka -","robots":{"index":"index","follow":"follow","max-snippet":"max-snippet:-1","max-image-preview":"max-image-preview:large","max-video-preview":"max-video-preview:-1"},"canonical":"https:\/\/veritasinfo.org\/?p=3070&lang=sr","og_locale":"en_US","og_type":"article","og_title":"Moramo se suprotstaviti poricanju genocida\u201c \u2013 poru\u010dio Guterres iz Njujorka -","og_description":"\u201eMoramo se suprotstaviti poricanju genocida\u201c \u2013 poru\u010dio Guterres iz Njujorka Povodom Me\u0111unarodnog dana se\u0107anja na genocid u Srebrenici, generalni sekretar Ujedinjenih nacija Antonio Guterres izjavio","og_url":"https:\/\/veritasinfo.org\/?p=3070&lang=sr","article_published_time":"2025-07-09T06:11:32+00:00","article_modified_time":"2025-07-09T06:12:57+00:00","og_image":[{"width":800,"height":420,"url":"https:\/\/veritasinfo.org\/wp-content\/uploads\/2025\/07\/antonio-guterres.jpg","type":"image\/jpeg"}],"author":"admin","twitter_card":"summary_large_image","twitter_misc":{"Written by":"admin","Est. reading time":"1 minute"},"schema":{"@context":"https:\/\/schema.org","@graph":[{"@type":"WebPage","@id":"https:\/\/veritasinfo.org\/?p=3070&lang=sr","url":"https:\/\/veritasinfo.org\/?p=3070&lang=sr","name":"Moramo se suprotstaviti poricanju genocida\u201c \u2013 poru\u010dio Guterres iz Njujorka -","isPartOf":{"@id":"https:\/\/veritasinfo.org\/#website"},"primaryImageOfPage":{"@id":"https:\/\/veritasinfo.org\/?p=3070&lang=sr#primaryimage"},"image":{"@id":"https:\/\/veritasinfo.org\/?p=3070&lang=sr#primaryimage"},"thumbnailUrl":"https:\/\/veritasinfo.org\/wp-content\/uploads\/2025\/07\/antonio-guterres.jpg","datePublished":"2025-07-09T06:11:32+00:00","dateModified":"2025-07-09T06:12:57+00:00","author":{"@id":"https:\/\/veritasinfo.org\/#\/schema\/person\/7701f8c088bece422266b100a712374f"},"breadcrumb":{"@id":"https:\/\/veritasinfo.org\/?p=3070&lang=sr#breadcrumb"},"inLanguage":"en-US","potentialAction":[{"@type":"ReadAction","target":["https:\/\/veritasinfo.org\/?p=3070&lang=sr"]}]},{"@type":"ImageObject","inLanguage":"en-US","@id":"https:\/\/veritasinfo.org\/?p=3070&lang=sr#primaryimage","url":"https:\/\/veritasinfo.org\/wp-content\/uploads\/2025\/07\/antonio-guterres.jpg","contentUrl":"https:\/\/veritasinfo.org\/wp-content\/uploads\/2025\/07\/antonio-guterres.jpg","width":800,"height":420},{"@type":"BreadcrumbList","@id":"https:\/\/veritasinfo.org\/?p=3070&lang=sr#breadcrumb","itemListElement":[{"@type":"ListItem","position":1,"name":"Home","item":"https:\/\/veritasinfo.org\/"},{"@type":"ListItem","position":2,"name":"Moramo se suprotstaviti poricanju genocida\u201c \u2013 poru\u010dio Guterres iz Njujorka"}]},{"@type":"WebSite","@id":"https:\/\/veritasinfo.org\/#website","url":"https:\/\/veritasinfo.org\/","name":"","description":"","potentialAction":[{"@type":"SearchAction","target":{"@type":"EntryPoint","urlTemplate":"https:\/\/veritasinfo.org\/?s={search_term_string}"},"query-input":{"@type":"PropertyValueSpecification","valueRequired":true,"valueName":"search_term_string"}}],"inLanguage":"en-US"},{"@type":"Person","@id":"https:\/\/veritasinfo.org\/#\/schema\/person\/7701f8c088bece422266b100a712374f","name":"admin","image":{"@type":"ImageObject","inLanguage":"en-US","@id":"https:\/\/veritasinfo.org\/#\/schema\/person\/image\/","url":"https:\/\/secure.gravatar.com\/avatar\/ea53aa3bf6c9a12d5fde8ce4deff43fef3885ae33cf60184161a50d6987cfd2f?s=96&d=mm&r=g","contentUrl":"https:\/\/secure.gravatar.com\/avatar\/ea53aa3bf6c9a12d5fde8ce4deff43fef3885ae33cf60184161a50d6987cfd2f?s=96&d=mm&r=g","caption":"admin"},"sameAs":["https:\/\/veritasinfo.org"],"url":"https:\/\/veritasinfo.org\/?author=1"}]}},"featured_image_urls":{"full":["https:\/\/veritasinfo.org\/wp-content\/uploads\/2025\/07\/antonio-guterres.jpg",800,420,false],"thumbnail":["https:\/\/veritasinfo.org\/wp-content\/uploads\/2025\/07\/antonio-guterres-150x150.jpg",150,150,true],"medium":["https:\/\/veritasinfo.org\/wp-content\/uploads\/2025\/07\/antonio-guterres-300x158.jpg",300,158,true],"medium_large":["https:\/\/veritasinfo.org\/wp-content\/uploads\/2025\/07\/antonio-guterres-768x403.jpg",640,336,true],"large":["https:\/\/veritasinfo.org\/wp-content\/uploads\/2025\/07\/antonio-guterres.jpg",640,336,false],"1536x1536":["https:\/\/veritasinfo.org\/wp-content\/uploads\/2025\/07\/antonio-guterres.jpg",800,420,false],"2048x2048":["https:\/\/veritasinfo.org\/wp-content\/uploads\/2025\/07\/antonio-guterres.jpg",800,420,false],"kreeti-slider-full":["https:\/\/veritasinfo.org\/wp-content\/uploads\/2025\/07\/antonio-guterres.jpg",800,420,false],"kreeti-featured":["https:\/\/veritasinfo.org\/wp-content\/uploads\/2025\/07\/antonio-guterres.jpg",800,420,false],"kreeti-medium":["https:\/\/veritasinfo.org\/wp-content\/uploads\/2025\/07\/antonio-guterres.jpg",720,378,false],"kreeti-medium-square":["https:\/\/veritasinfo.org\/wp-content\/uploads\/2025\/07\/antonio-guterres.jpg",350,184,false]},"author_info":{"info":["admin"]},"category_info":"<a href=\"https:\/\/veritasinfo.org\/?cat=30&#038;lang=sr\" rel=\"category\">Dru\u0161tvo<\/a>","tag_info":"Dru\u0161tvo","comment_count":"0","_links":{"self":[{"href":"https:\/\/veritasinfo.org\/index.php?rest_route=\/wp\/v2\/posts\/3070","targetHints":{"allow":["GET"]}}],"collection":[{"href":"https:\/\/veritasinfo.org\/index.php?rest_route=\/wp\/v2\/posts"}],"about":[{"href":"https:\/\/veritasinfo.org\/index.php?rest_route=\/wp\/v2\/types\/post"}],"author":[{"embeddable":true,"href":"https:\/\/veritasinfo.org\/index.php?rest_route=\/wp\/v2\/users\/1"}],"replies":[{"embeddable":true,"href":"https:\/\/veritasinfo.org\/index.php?rest_route=%2Fwp%2Fv2%2Fcomments&post=3070"}],"version-history":[{"count":1,"href":"https:\/\/veritasinfo.org\/index.php?rest_route=\/wp\/v2\/posts\/3070\/revisions"}],"predecessor-version":[{"id":3071,"href":"https:\/\/veritasinfo.org\/index.php?rest_route=\/wp\/v2\/posts\/3070\/revisions\/3071"}],"wp:featuredmedia":[{"embeddable":true,"href":"https:\/\/veritasinfo.org\/index.php?rest_route=\/wp\/v2\/media\/3073"}],"wp:attachment":[{"href":"https:\/\/veritasinfo.org\/index.php?rest_route=%2Fwp%2Fv2%2Fmedia&parent=3070"}],"wp:term":[{"taxonomy":"category","embeddable":true,"href":"https:\/\/veritasinfo.org\/index.php?rest_route=%2Fwp%2Fv2%2Fcategories&post=3070"},{"taxonomy":"post_tag","embeddable":true,"href":"https:\/\/veritasinfo.org\/index.php?rest_route=%2Fwp%2Fv2%2Ftags&post=3070"}],"curies":[{"name":"wp","href":"https:\/\/api.w.org\/{rel}","templated":true}]}}