{"id":3064,"date":"2025-07-09T08:09:03","date_gmt":"2025-07-09T06:09:03","guid":{"rendered":"https:\/\/veritasinfo.org\/?p=3064"},"modified":"2025-07-09T08:09:03","modified_gmt":"2025-07-09T06:09:03","slug":"ne-uzhice-ka-vazhduar-rezitenca-per-rrenimin-e-pushtetit-te-vucicit","status":"publish","type":"post","link":"https:\/\/veritasinfo.org\/?p=3064","title":{"rendered":"N\u00eb Uzhice ka vazhduar rezitenca p\u00ebr rr\u00ebnimin e pushtetit t\u00eb Vucicit"},"content":{"rendered":"<p class=\"p1\"><span class=\"s1\">Beograd, 09 Korrik 2025<\/span><\/p>\n<p class=\"p1\"><span class=\"s1\">Marsh protestues n\u00eb Kragujevc<\/span><\/p>\n<p class=\"p1\"><span class=\"s2\">N\u00eb Kragujevc sonte \u00ebsht\u00eb organizuar nj\u00eb marsh protestues n\u00eb dy kolona, t\u00eb cilat u bashkuan n\u00eb sheshin <\/span><span class=\"s1\">Mala Vaga<\/span><span class=\"s2\">. Qytetar\u00ebt ishin mbledhur fillimisht n\u00eb <\/span><span class=\"s1\">Sheshin e Nx\u00ebn\u00ebsve<\/span><span class=\"s2\"> dhe pran\u00eb nd\u00ebrtes\u00ebs s\u00eb <\/span><span class=\"s1\">Sokollan\u00ebs<\/span><span class=\"s2\"> n\u00eb lagjen Erdoglija. Dy marshimet m\u00eb pas u bashkuan, dhe pjes\u00ebmarr\u00ebsit brohorisnin slogane si <\/span><span class=\"s1\">\u201cT\u00eb gjith\u00eb n\u00eb rrug\u00eb\u201d<\/span><span class=\"s2\">. Iniciativa mban emrin <\/span><span class=\"s1\">\u201cZgjedh vendndodhjen, jo an\u00ebn\u201d<\/span><span class=\"s2\">.<\/span><\/p>\n<p class=\"p1\"><span class=\"s2\">Protesta ishte shtyr\u00eb nj\u00eb nat\u00eb m\u00eb par\u00eb p\u00ebr shkak t\u00eb zjarreve n\u00eb dy pjes\u00eb t\u00eb qytetit. Organizator\u00ebt \u2013 <\/span><span class=\"s1\">Universiteti i Lir\u00eb i Kragujevcit (SUKG)<\/span><span class=\"s2\">, <\/span><span class=\"s1\">Tubimet e Bashkuara (UZ)<\/span><span class=\"s2\">dhe <\/span><span class=\"s1\">Bllokada IT (ITB)<\/span><span class=\"s2\"> \u2013 i ftuan bashk\u00ebqytetar\u00ebt n\u00ebp\u00ebrmjet rrjeteve sociale q\u00eb t\u00eb mblidhen sonte n\u00eb or\u00ebn 20:00 dhe t\u00eb fillojn\u00eb me bllokimin e kryq\u00ebzimeve n\u00eb qytet.<\/span><\/p>\n<p class=\"p1\"><span class=\"s2\">\u2e3b<\/span><\/p>\n<p class=\"p1\"><span class=\"s1\">Bllokada n\u00eb Uzic\u00eb, \u00c7a\u00e7ak dhe Beograd<\/span><\/p>\n<p class=\"p1\"><span class=\"s2\">Banor\u00ebt e Uzic\u00ebs sonte kan\u00eb bllokuar rrug\u00ebn magjistrale <\/span><span class=\"s1\">Uzic\u00eb\u2013Zlatibor<\/span><span class=\"s2\">. Sipas raportimit t\u00eb gazetares s\u00eb TV Nova, <\/span><span class=\"s1\">trafiku \u00ebsht\u00eb bllokuar plot\u00ebsisht<\/span><span class=\"s2\">, nd\u00ebrsa nj\u00eb num\u00ebr i madh qytetar\u00ebsh jan\u00eb t\u00eb pranish\u00ebm n\u00eb protest\u00eb.<\/span><\/p>\n<p class=\"p1\"><span class=\"s2\">Pas fjalimeve p\u00ebrpara <\/span><span class=\"s1\">Administrat\u00ebs Komunale t\u00eb Uzic\u00ebs<\/span><span class=\"s2\">, protestuesit jan\u00eb nisur drejt <\/span><span class=\"s1\">Drejtoris\u00eb s\u00eb Policis\u00eb<\/span><span class=\"s2\"> n\u00eb k\u00ebt\u00eb qytet.<\/span><\/p>\n<p class=\"p1\"><span class=\"s1\">N\u00eb Uzic\u00eb situata mbetet e tensionuar p\u00ebr shkak t\u00eb protestave masive dhe arrestimeve<\/span><\/p>\n<p class=\"p1\"><span class=\"s2\">N\u00eb qytetin e Uzic\u00ebs, situata dit\u00ebt e fundit \u00ebsht\u00eb jasht\u00ebzakonisht e tensionuar p\u00ebr shkak t\u00eb protestave t\u00eb m\u00ebdha qytetare, bllokimeve dhe arrestimeve t\u00eb shumta. Uzica \u00ebsht\u00eb shnd\u00ebrruar n\u00eb nj\u00eb nga qendrat kryesore t\u00eb rezistenc\u00ebs.<\/span><\/p>\n<p class=\"p1\"><span class=\"s2\">M\u00ebngjesin e sot\u00ebm, p\u00ebrpara nd\u00ebrtes\u00ebs s\u00eb gjykat\u00ebs n\u00eb Uzic\u00eb u mbajt nj\u00eb protest\u00eb e madhe n\u00eb mb\u00ebshtetje t\u00eb t\u00eb arrestuarve. Jan\u00eb marr\u00eb n\u00eb pyetje gjasht\u00eb qytetar\u00eb \u2013 mes tyre dy k\u00ebshilltar\u00eb komunal\u00eb, tre aktivist\u00eb dhe nj\u00eb profesor. Ata u arrestuan nj\u00eb nat\u00eb m\u00eb par\u00eb dhe akuzohen p\u00ebr sulm ndaj nj\u00eb zyrtari shtet\u00ebror, pasi kaluan kordonin policor dhe bllokuan rrug\u00ebn magjistrale drejt Zlatiborit, gj\u00eb q\u00eb \u00e7oi n\u00eb p\u00ebrplasje me policin\u00eb.<\/span><\/p>\n<p class=\"p1\"><span class=\"s2\">Gjat\u00eb fundjav\u00ebs, qytetar\u00ebt bllokuan rrug\u00ebn magjistrale drejt Zlatiborit, ku u ul\u00ebn n\u00eb asfalt dhe protestuan paq\u00ebsisht, derisa xhandarm\u00ebria i largoi me forc\u00eb duke p\u00ebrdorur sprej piperi. Gjat\u00eb k\u00ebtij nd\u00ebrhyrjeje, disa persona u plagos\u00ebn, nd\u00ebrsa nj\u00eb i ri ndodhet n\u00eb repartin e kirurgjis\u00eb n\u00eb spitalin e Uzic\u00ebs p\u00ebr shkak t\u00eb l\u00ebndimeve t\u00eb marra nga nd\u00ebrhyrja e policis\u00eb.<\/span><\/p>\n<p class=\"p1\"><span class=\"s2\">Sot jan\u00eb sh\u00ebnuar edhe arrestime t\u00eb reja \u2013 gjithsej kat\u00ebr qytetar\u00eb t\u00eb tjer\u00eb, t\u00eb cil\u00ebt gjithashtu akuzohen p\u00ebr sulm ndaj zyrtar\u00ebve publik\u00eb. Dhoma e Avokat\u00ebve t\u00eb Serbis\u00eb paralajm\u00ebroi mund\u00ebsin\u00eb e bllokimit t\u00eb pun\u00ebs s\u00eb prokuroris\u00eb dhe gjykatave n\u00ebse prokurori nuk tregohet i arsyesh\u00ebm n\u00eb vendimin p\u00ebr paraburgimin e t\u00eb arrestuarve.<\/span><\/p>\n<p class=\"p1\"><span class=\"s2\">Protestat jan\u00eb paq\u00ebsore, por qytetar\u00ebt po tregojn\u00eb k\u00ebmb\u00ebngulje t\u00eb madhe \u2013 mes t\u00eb mbledhurve jan\u00eb student\u00eb, pensionist\u00eb, pun\u00ebtor\u00eb dhe prind\u00ebr me f\u00ebmij\u00ebt e tyre. Mesazhi i tyre \u00ebsht\u00eb se <\/span><span class=\"s1\">\u201cme rrahje dhe arrestime nuk mund t\u00eb na qet\u00ebsoni\u201d<\/span><span class=\"s2\"> dhe se <\/span><span class=\"s1\">\u201carma jon\u00eb \u00ebsht\u00eb fjala, trupi dhe paqja\u201d<\/span><span class=\"s2\">.<\/span><\/p>\n<p class=\"p1\"><span class=\"s2\">\u2e3b<\/span><\/p>\n<p class=\"p1\"><span class=\"s1\">Protesta edhe n\u00eb \u00c7a\u00e7ak, Beograd dhe qytete t\u00eb tjera<\/span><\/p>\n<p class=\"p1\"><span class=\"s2\">N\u00eb \u00c7a\u00e7ak, q\u00eb nga ora 19:00 \u00ebsht\u00eb bllokuar rrethrrotullimi pran\u00eb nd\u00ebrmarrjes \u201cMoravica\u201d, dhe pavar\u00ebsisht shiut, qytetar\u00ebt jan\u00eb mbledhur. Nd\u00ebr pjes\u00ebmarr\u00ebsit ishte edhe triatlonisti Lazar Filipoviq, i cili tha se <\/span><span class=\"s1\">\u201cfrika nuk duhet t\u00eb jet\u00eb nj\u00eb penges\u00eb\u201d<\/span><span class=\"s2\"> dhe se <\/span><span class=\"s1\">\u201csolidariteti duhet t\u00eb tregohet, sepse student\u00ebt dhe qytetar\u00ebt po luftojn\u00eb p\u00ebr vlera t\u00eb v\u00ebrteta\u201d<\/span><span class=\"s2\">. Filipoviq kujtoi se m\u00eb her\u00ebt kishte marshuar me student\u00ebt drejt Nishit, Beogradit dhe Kraljev\u00ebs.<\/span><\/p>\n<p class=\"p1\"><span class=\"s2\">Lajmi m\u00eb i fundit \u00ebsht\u00eb se \u00ebsht\u00eb bllokuar edhe nj\u00eb pjes\u00eb e rrug\u00ebs magjistrale Ibarska.<\/span><\/p>\n<p class=\"p1\"><span class=\"s2\">N\u00eb Beograd, jan\u00eb bllokuar kryq\u00ebzimet <\/span><span class=\"s1\">Ustani\u010dka dhe Vojislava Ili\u0107a<\/span><span class=\"s2\"> n\u00eb lagjen Konjarnik, si dhe <\/span><span class=\"s1\">Jurija Gagarina dhe Gandijeva<\/span><span class=\"s2\"> n\u00eb Novi Beograd.<\/span><\/p>\n","protected":false},"excerpt":{"rendered":"<p>Beograd, 09 Korrik 2025 Marsh protestues n\u00eb Kragujevc N\u00eb Kragujevc sonte \u00ebsht\u00eb organizuar nj\u00eb marsh protestues n\u00eb dy kolona, t\u00eb cilat u bashkuan n\u00eb sheshin<\/p>\n","protected":false},"author":1,"featured_media":3066,"comment_status":"open","ping_status":"open","sticky":false,"template":"","format":"standard","meta":{"footnotes":""},"categories":[72],"tags":[],"class_list":["post-3064","post","type-post","status-publish","format-standard","has-post-thumbnail","hentry","category-bota"],"yoast_head":"<!-- This site is optimized with the Yoast SEO plugin v25.3.1 - https:\/\/yoast.com\/wordpress\/plugins\/seo\/ -->\n<title>N\u00eb Uzhice ka vazhduar rezitenca p\u00ebr rr\u00ebnimin e pushtetit t\u00eb Vucicit -<\/title>\n<meta name=\"robots\" content=\"index, follow, max-snippet:-1, max-image-preview:large, max-video-preview:-1\" \/>\n<link rel=\"canonical\" href=\"https:\/\/veritasinfo.org\/?p=3064\" \/>\n<meta property=\"og:locale\" content=\"en_US\" \/>\n<meta property=\"og:type\" content=\"article\" \/>\n<meta property=\"og:title\" content=\"N\u00eb Uzhice ka vazhduar rezitenca p\u00ebr rr\u00ebnimin e pushtetit t\u00eb Vucicit -\" \/>\n<meta property=\"og:description\" content=\"Beograd, 09 Korrik 2025 Marsh protestues n\u00eb Kragujevc N\u00eb Kragujevc sonte \u00ebsht\u00eb organizuar nj\u00eb marsh protestues n\u00eb dy kolona, t\u00eb cilat u bashkuan n\u00eb sheshin\" \/>\n<meta property=\"og:url\" content=\"https:\/\/veritasinfo.org\/?p=3064\" \/>\n<meta property=\"article:published_time\" content=\"2025-07-09T06:09:03+00:00\" \/>\n<meta property=\"og:image\" content=\"https:\/\/veritasinfo.org\/wp-content\/uploads\/2025\/07\/IMG_1789.webp\" \/>\n\t<meta property=\"og:image:width\" content=\"1000\" \/>\n\t<meta property=\"og:image:height\" content=\"560\" \/>\n\t<meta property=\"og:image:type\" content=\"image\/webp\" \/>\n<meta name=\"author\" content=\"admin\" \/>\n<meta name=\"twitter:card\" content=\"summary_large_image\" \/>\n<meta name=\"twitter:label1\" content=\"Written by\" \/>\n\t<meta name=\"twitter:data1\" content=\"admin\" \/>\n\t<meta name=\"twitter:label2\" content=\"Est. reading time\" \/>\n\t<meta name=\"twitter:data2\" content=\"3 minutes\" \/>\n<script type=\"application\/ld+json\" class=\"yoast-schema-graph\">{\"@context\":\"https:\/\/schema.org\",\"@graph\":[{\"@type\":\"WebPage\",\"@id\":\"https:\/\/veritasinfo.org\/?p=3064\",\"url\":\"https:\/\/veritasinfo.org\/?p=3064\",\"name\":\"N\u00eb Uzhice ka vazhduar rezitenca p\u00ebr rr\u00ebnimin e pushtetit t\u00eb Vucicit -\",\"isPartOf\":{\"@id\":\"https:\/\/veritasinfo.org\/#website\"},\"primaryImageOfPage\":{\"@id\":\"https:\/\/veritasinfo.org\/?p=3064#primaryimage\"},\"image\":{\"@id\":\"https:\/\/veritasinfo.org\/?p=3064#primaryimage\"},\"thumbnailUrl\":\"https:\/\/veritasinfo.org\/wp-content\/uploads\/2025\/07\/IMG_1789.webp\",\"datePublished\":\"2025-07-09T06:09:03+00:00\",\"author\":{\"@id\":\"https:\/\/veritasinfo.org\/#\/schema\/person\/7701f8c088bece422266b100a712374f\"},\"breadcrumb\":{\"@id\":\"https:\/\/veritasinfo.org\/?p=3064#breadcrumb\"},\"inLanguage\":\"en-US\",\"potentialAction\":[{\"@type\":\"ReadAction\",\"target\":[\"https:\/\/veritasinfo.org\/?p=3064\"]}]},{\"@type\":\"ImageObject\",\"inLanguage\":\"en-US\",\"@id\":\"https:\/\/veritasinfo.org\/?p=3064#primaryimage\",\"url\":\"https:\/\/veritasinfo.org\/wp-content\/uploads\/2025\/07\/IMG_1789.webp\",\"contentUrl\":\"https:\/\/veritasinfo.org\/wp-content\/uploads\/2025\/07\/IMG_1789.webp\",\"width\":1000,\"height\":560},{\"@type\":\"BreadcrumbList\",\"@id\":\"https:\/\/veritasinfo.org\/?p=3064#breadcrumb\",\"itemListElement\":[{\"@type\":\"ListItem\",\"position\":1,\"name\":\"Home\",\"item\":\"https:\/\/veritasinfo.org\/\"},{\"@type\":\"ListItem\",\"position\":2,\"name\":\"N\u00eb Uzhice ka vazhduar rezitenca p\u00ebr rr\u00ebnimin e pushtetit t\u00eb Vucicit\"}]},{\"@type\":\"WebSite\",\"@id\":\"https:\/\/veritasinfo.org\/#website\",\"url\":\"https:\/\/veritasinfo.org\/\",\"name\":\"\",\"description\":\"\",\"potentialAction\":[{\"@type\":\"SearchAction\",\"target\":{\"@type\":\"EntryPoint\",\"urlTemplate\":\"https:\/\/veritasinfo.org\/?s={search_term_string}\"},\"query-input\":{\"@type\":\"PropertyValueSpecification\",\"valueRequired\":true,\"valueName\":\"search_term_string\"}}],\"inLanguage\":\"en-US\"},{\"@type\":\"Person\",\"@id\":\"https:\/\/veritasinfo.org\/#\/schema\/person\/7701f8c088bece422266b100a712374f\",\"name\":\"admin\",\"image\":{\"@type\":\"ImageObject\",\"inLanguage\":\"en-US\",\"@id\":\"https:\/\/veritasinfo.org\/#\/schema\/person\/image\/\",\"url\":\"https:\/\/secure.gravatar.com\/avatar\/ea53aa3bf6c9a12d5fde8ce4deff43fef3885ae33cf60184161a50d6987cfd2f?s=96&d=mm&r=g\",\"contentUrl\":\"https:\/\/secure.gravatar.com\/avatar\/ea53aa3bf6c9a12d5fde8ce4deff43fef3885ae33cf60184161a50d6987cfd2f?s=96&d=mm&r=g\",\"caption\":\"admin\"},\"sameAs\":[\"https:\/\/veritasinfo.org\"],\"url\":\"https:\/\/veritasinfo.org\/?author=1\"}]}<\/script>\n<!-- \/ Yoast SEO plugin. -->","yoast_head_json":{"title":"N\u00eb Uzhice ka vazhduar rezitenca p\u00ebr rr\u00ebnimin e pushtetit t\u00eb Vucicit -","robots":{"index":"index","follow":"follow","max-snippet":"max-snippet:-1","max-image-preview":"max-image-preview:large","max-video-preview":"max-video-preview:-1"},"canonical":"https:\/\/veritasinfo.org\/?p=3064","og_locale":"en_US","og_type":"article","og_title":"N\u00eb Uzhice ka vazhduar rezitenca p\u00ebr rr\u00ebnimin e pushtetit t\u00eb Vucicit -","og_description":"Beograd, 09 Korrik 2025 Marsh protestues n\u00eb Kragujevc N\u00eb Kragujevc sonte \u00ebsht\u00eb organizuar nj\u00eb marsh protestues n\u00eb dy kolona, t\u00eb cilat u bashkuan n\u00eb sheshin","og_url":"https:\/\/veritasinfo.org\/?p=3064","article_published_time":"2025-07-09T06:09:03+00:00","og_image":[{"width":1000,"height":560,"url":"https:\/\/veritasinfo.org\/wp-content\/uploads\/2025\/07\/IMG_1789.webp","type":"image\/webp"}],"author":"admin","twitter_card":"summary_large_image","twitter_misc":{"Written by":"admin","Est. reading time":"3 minutes"},"schema":{"@context":"https:\/\/schema.org","@graph":[{"@type":"WebPage","@id":"https:\/\/veritasinfo.org\/?p=3064","url":"https:\/\/veritasinfo.org\/?p=3064","name":"N\u00eb Uzhice ka vazhduar rezitenca p\u00ebr rr\u00ebnimin e pushtetit t\u00eb Vucicit -","isPartOf":{"@id":"https:\/\/veritasinfo.org\/#website"},"primaryImageOfPage":{"@id":"https:\/\/veritasinfo.org\/?p=3064#primaryimage"},"image":{"@id":"https:\/\/veritasinfo.org\/?p=3064#primaryimage"},"thumbnailUrl":"https:\/\/veritasinfo.org\/wp-content\/uploads\/2025\/07\/IMG_1789.webp","datePublished":"2025-07-09T06:09:03+00:00","author":{"@id":"https:\/\/veritasinfo.org\/#\/schema\/person\/7701f8c088bece422266b100a712374f"},"breadcrumb":{"@id":"https:\/\/veritasinfo.org\/?p=3064#breadcrumb"},"inLanguage":"en-US","potentialAction":[{"@type":"ReadAction","target":["https:\/\/veritasinfo.org\/?p=3064"]}]},{"@type":"ImageObject","inLanguage":"en-US","@id":"https:\/\/veritasinfo.org\/?p=3064#primaryimage","url":"https:\/\/veritasinfo.org\/wp-content\/uploads\/2025\/07\/IMG_1789.webp","contentUrl":"https:\/\/veritasinfo.org\/wp-content\/uploads\/2025\/07\/IMG_1789.webp","width":1000,"height":560},{"@type":"BreadcrumbList","@id":"https:\/\/veritasinfo.org\/?p=3064#breadcrumb","itemListElement":[{"@type":"ListItem","position":1,"name":"Home","item":"https:\/\/veritasinfo.org\/"},{"@type":"ListItem","position":2,"name":"N\u00eb Uzhice ka vazhduar rezitenca p\u00ebr rr\u00ebnimin e pushtetit t\u00eb Vucicit"}]},{"@type":"WebSite","@id":"https:\/\/veritasinfo.org\/#website","url":"https:\/\/veritasinfo.org\/","name":"","description":"","potentialAction":[{"@type":"SearchAction","target":{"@type":"EntryPoint","urlTemplate":"https:\/\/veritasinfo.org\/?s={search_term_string}"},"query-input":{"@type":"PropertyValueSpecification","valueRequired":true,"valueName":"search_term_string"}}],"inLanguage":"en-US"},{"@type":"Person","@id":"https:\/\/veritasinfo.org\/#\/schema\/person\/7701f8c088bece422266b100a712374f","name":"admin","image":{"@type":"ImageObject","inLanguage":"en-US","@id":"https:\/\/veritasinfo.org\/#\/schema\/person\/image\/","url":"https:\/\/secure.gravatar.com\/avatar\/ea53aa3bf6c9a12d5fde8ce4deff43fef3885ae33cf60184161a50d6987cfd2f?s=96&d=mm&r=g","contentUrl":"https:\/\/secure.gravatar.com\/avatar\/ea53aa3bf6c9a12d5fde8ce4deff43fef3885ae33cf60184161a50d6987cfd2f?s=96&d=mm&r=g","caption":"admin"},"sameAs":["https:\/\/veritasinfo.org"],"url":"https:\/\/veritasinfo.org\/?author=1"}]}},"featured_image_urls":{"full":["https:\/\/veritasinfo.org\/wp-content\/uploads\/2025\/07\/IMG_1789.webp",1000,560,false],"thumbnail":["https:\/\/veritasinfo.org\/wp-content\/uploads\/2025\/07\/IMG_1789-150x150.webp",150,150,true],"medium":["https:\/\/veritasinfo.org\/wp-content\/uploads\/2025\/07\/IMG_1789-300x168.webp",300,168,true],"medium_large":["https:\/\/veritasinfo.org\/wp-content\/uploads\/2025\/07\/IMG_1789-768x430.webp",640,358,true],"large":["https:\/\/veritasinfo.org\/wp-content\/uploads\/2025\/07\/IMG_1789.webp",640,358,false],"1536x1536":["https:\/\/veritasinfo.org\/wp-content\/uploads\/2025\/07\/IMG_1789.webp",1000,560,false],"2048x2048":["https:\/\/veritasinfo.org\/wp-content\/uploads\/2025\/07\/IMG_1789.webp",1000,560,false],"kreeti-slider-full":["https:\/\/veritasinfo.org\/wp-content\/uploads\/2025\/07\/IMG_1789.webp",1000,560,false],"kreeti-featured":["https:\/\/veritasinfo.org\/wp-content\/uploads\/2025\/07\/IMG_1789.webp",1000,560,false],"kreeti-medium":["https:\/\/veritasinfo.org\/wp-content\/uploads\/2025\/07\/IMG_1789.webp",720,403,false],"kreeti-medium-square":["https:\/\/veritasinfo.org\/wp-content\/uploads\/2025\/07\/IMG_1789.webp",350,196,false]},"author_info":{"info":["admin"]},"category_info":"<a href=\"https:\/\/veritasinfo.org\/?cat=72\" rel=\"category\">Bota<\/a>","tag_info":"Bota","comment_count":"0","_links":{"self":[{"href":"https:\/\/veritasinfo.org\/index.php?rest_route=\/wp\/v2\/posts\/3064","targetHints":{"allow":["GET"]}}],"collection":[{"href":"https:\/\/veritasinfo.org\/index.php?rest_route=\/wp\/v2\/posts"}],"about":[{"href":"https:\/\/veritasinfo.org\/index.php?rest_route=\/wp\/v2\/types\/post"}],"author":[{"embeddable":true,"href":"https:\/\/veritasinfo.org\/index.php?rest_route=\/wp\/v2\/users\/1"}],"replies":[{"embeddable":true,"href":"https:\/\/veritasinfo.org\/index.php?rest_route=%2Fwp%2Fv2%2Fcomments&post=3064"}],"version-history":[{"count":1,"href":"https:\/\/veritasinfo.org\/index.php?rest_route=\/wp\/v2\/posts\/3064\/revisions"}],"predecessor-version":[{"id":3067,"href":"https:\/\/veritasinfo.org\/index.php?rest_route=\/wp\/v2\/posts\/3064\/revisions\/3067"}],"wp:featuredmedia":[{"embeddable":true,"href":"https:\/\/veritasinfo.org\/index.php?rest_route=\/wp\/v2\/media\/3066"}],"wp:attachment":[{"href":"https:\/\/veritasinfo.org\/index.php?rest_route=%2Fwp%2Fv2%2Fmedia&parent=3064"}],"wp:term":[{"taxonomy":"category","embeddable":true,"href":"https:\/\/veritasinfo.org\/index.php?rest_route=%2Fwp%2Fv2%2Fcategories&post=3064"},{"taxonomy":"post_tag","embeddable":true,"href":"https:\/\/veritasinfo.org\/index.php?rest_route=%2Fwp%2Fv2%2Ftags&post=3064"}],"curies":[{"name":"wp","href":"https:\/\/api.w.org\/{rel}","templated":true}]}}