{"id":30624,"date":"2026-02-04T20:38:35","date_gmt":"2026-02-04T19:38:35","guid":{"rendered":"https:\/\/veritasinfo.org\/?p=30624"},"modified":"2026-02-04T20:38:35","modified_gmt":"2026-02-04T19:38:35","slug":"kamberi-ne-shba-lugina-e-presheves-nuk-eshte-teme-lokale","status":"publish","type":"post","link":"https:\/\/veritasinfo.org\/?p=30624","title":{"rendered":"Kamberi n\u00eb SHBA: Lugina e Preshev\u00ebs nuk \u00ebsht\u00eb tem\u00eb lokale"},"content":{"rendered":"<p>Preshev\u00eb, 4 shkurt 2026 20:37<\/p>\n<p>Deputeti i vet\u00ebm shqiptar n\u00eb Parlamentin e Serbis\u00eb, Shaip Kamberi, ka njoftuar se sot, n\u00eb Departamentin e Shtetit t\u00eb SHBA-s\u00eb, zhvilluan\u00a0takim zyrtar me Daniel J. Lawton, Z\u00ebvend\u00ebs-Ndihm\u00ebs Sekretar p\u00ebr Evrop\u00eb dhe Euroazi, si dhe me Joe Farbeann, p\u00ebrgjegj\u00ebs p\u00ebr Serbin\u00eb.<\/p>\n<p>&#8220;N\u00eb k\u00ebt\u00eb takim po e \u00e7oj drejtp\u00ebrdrejt z\u00ebrin e shqiptar\u00ebve t\u00eb Lugin\u00ebs s\u00eb Preshev\u00ebs, p\u00ebr diskriminimin sistemik, pasivizimin e adresave, p\u00ebrjashtimin nga institucionet dhe politikat shtet\u00ebrore t\u00eb Beogradit q\u00eb synojn\u00eb zhdukjen ton\u00eb administrative. Kjo p\u00ebrpjekje po realizohet me mb\u00ebshtetjen e fuqishme t\u00eb miqve tan\u00eb n\u00eb SHBA, n\u00eb ve\u00e7anti Faton Bislimit nga Liga Qytetare Shqiptaro-Amerikane dhe Gino Mulliqi, t\u00eb cil\u00ebt kan\u00eb qen\u00eb ura jon\u00eb e drejtp\u00ebrdrejt\u00eb drejt institucioneve amerikane&#8221;, ka shkruar ai n\u00eb &#8216;Facebook&#8217;.<\/p>\n<p>Sipas tij, kur Beogradi mohon problemin, ne e nd\u00ebrkomb\u00ebtarizojm\u00eb.\u00a0&#8220;Kur na mbyllen dyert n\u00eb Serbi, i hapim n\u00eb Uashington. Lugina e Preshev\u00ebs nuk \u00ebsht\u00eb tem\u00eb lokale, \u00ebsht\u00eb \u00e7\u00ebshtje e t\u00eb drejtave t\u00eb njeriut dhe e stabilitetit n\u00eb Ballkan&#8221;, tha ai.<\/p>\n","protected":false},"excerpt":{"rendered":"<p>Preshev\u00eb, 4 shkurt 2026 20:37 Deputeti i vet\u00ebm shqiptar n\u00eb Parlamentin e Serbis\u00eb, Shaip Kamberi, ka njoftuar se sot, n\u00eb Departamentin e Shtetit t\u00eb SHBA-s\u00eb,<\/p>\n","protected":false},"author":7,"featured_media":30625,"comment_status":"open","ping_status":"open","sticky":false,"template":"","format":"standard","meta":{"footnotes":""},"categories":[58],"tags":[],"class_list":["post-30624","post","type-post","status-publish","format-standard","has-post-thumbnail","hentry","category-politike-sq"],"yoast_head":"<!-- This site is optimized with the Yoast SEO plugin v25.3.1 - https:\/\/yoast.com\/wordpress\/plugins\/seo\/ -->\n<title>Kamberi n\u00eb SHBA: Lugina e Preshev\u00ebs nuk \u00ebsht\u00eb tem\u00eb lokale -<\/title>\n<meta name=\"robots\" content=\"index, follow, max-snippet:-1, max-image-preview:large, max-video-preview:-1\" \/>\n<link rel=\"canonical\" href=\"https:\/\/veritasinfo.org\/?p=30624\" \/>\n<meta property=\"og:locale\" content=\"en_US\" \/>\n<meta property=\"og:type\" content=\"article\" \/>\n<meta property=\"og:title\" content=\"Kamberi n\u00eb SHBA: Lugina e Preshev\u00ebs nuk \u00ebsht\u00eb tem\u00eb lokale -\" \/>\n<meta property=\"og:description\" content=\"Preshev\u00eb, 4 shkurt 2026 20:37 Deputeti i vet\u00ebm shqiptar n\u00eb Parlamentin e Serbis\u00eb, Shaip Kamberi, ka njoftuar se sot, n\u00eb Departamentin e Shtetit t\u00eb SHBA-s\u00eb,\" \/>\n<meta property=\"og:url\" content=\"https:\/\/veritasinfo.org\/?p=30624\" \/>\n<meta property=\"article:published_time\" content=\"2026-02-04T19:38:35+00:00\" \/>\n<meta property=\"og:image\" content=\"https:\/\/veritasinfo.org\/wp-content\/uploads\/2026\/02\/1-14.jpg\" \/>\n\t<meta property=\"og:image:width\" content=\"780\" \/>\n\t<meta property=\"og:image:height\" content=\"500\" \/>\n\t<meta property=\"og:image:type\" content=\"image\/jpeg\" \/>\n<meta name=\"author\" content=\"US6\" \/>\n<meta name=\"twitter:card\" content=\"summary_large_image\" \/>\n<meta name=\"twitter:label1\" content=\"Written by\" \/>\n\t<meta name=\"twitter:data1\" content=\"US6\" \/>\n\t<meta name=\"twitter:label2\" content=\"Est. reading time\" \/>\n\t<meta name=\"twitter:data2\" content=\"1 minute\" \/>\n<script type=\"application\/ld+json\" class=\"yoast-schema-graph\">{\"@context\":\"https:\/\/schema.org\",\"@graph\":[{\"@type\":\"WebPage\",\"@id\":\"https:\/\/veritasinfo.org\/?p=30624\",\"url\":\"https:\/\/veritasinfo.org\/?p=30624\",\"name\":\"Kamberi n\u00eb SHBA: Lugina e Preshev\u00ebs nuk \u00ebsht\u00eb tem\u00eb lokale -\",\"isPartOf\":{\"@id\":\"https:\/\/veritasinfo.org\/#website\"},\"primaryImageOfPage\":{\"@id\":\"https:\/\/veritasinfo.org\/?p=30624#primaryimage\"},\"image\":{\"@id\":\"https:\/\/veritasinfo.org\/?p=30624#primaryimage\"},\"thumbnailUrl\":\"https:\/\/veritasinfo.org\/wp-content\/uploads\/2026\/02\/1-14.jpg\",\"datePublished\":\"2026-02-04T19:38:35+00:00\",\"author\":{\"@id\":\"https:\/\/veritasinfo.org\/#\/schema\/person\/fe199eede04c3937362892b7444747cc\"},\"breadcrumb\":{\"@id\":\"https:\/\/veritasinfo.org\/?p=30624#breadcrumb\"},\"inLanguage\":\"en-US\",\"potentialAction\":[{\"@type\":\"ReadAction\",\"target\":[\"https:\/\/veritasinfo.org\/?p=30624\"]}]},{\"@type\":\"ImageObject\",\"inLanguage\":\"en-US\",\"@id\":\"https:\/\/veritasinfo.org\/?p=30624#primaryimage\",\"url\":\"https:\/\/veritasinfo.org\/wp-content\/uploads\/2026\/02\/1-14.jpg\",\"contentUrl\":\"https:\/\/veritasinfo.org\/wp-content\/uploads\/2026\/02\/1-14.jpg\",\"width\":780,\"height\":500},{\"@type\":\"BreadcrumbList\",\"@id\":\"https:\/\/veritasinfo.org\/?p=30624#breadcrumb\",\"itemListElement\":[{\"@type\":\"ListItem\",\"position\":1,\"name\":\"Home\",\"item\":\"https:\/\/veritasinfo.org\/\"},{\"@type\":\"ListItem\",\"position\":2,\"name\":\"Kamberi n\u00eb SHBA: Lugina e Preshev\u00ebs nuk \u00ebsht\u00eb tem\u00eb lokale\"}]},{\"@type\":\"WebSite\",\"@id\":\"https:\/\/veritasinfo.org\/#website\",\"url\":\"https:\/\/veritasinfo.org\/\",\"name\":\"\",\"description\":\"\",\"potentialAction\":[{\"@type\":\"SearchAction\",\"target\":{\"@type\":\"EntryPoint\",\"urlTemplate\":\"https:\/\/veritasinfo.org\/?s={search_term_string}\"},\"query-input\":{\"@type\":\"PropertyValueSpecification\",\"valueRequired\":true,\"valueName\":\"search_term_string\"}}],\"inLanguage\":\"en-US\"},{\"@type\":\"Person\",\"@id\":\"https:\/\/veritasinfo.org\/#\/schema\/person\/fe199eede04c3937362892b7444747cc\",\"name\":\"US6\",\"image\":{\"@type\":\"ImageObject\",\"inLanguage\":\"en-US\",\"@id\":\"https:\/\/veritasinfo.org\/#\/schema\/person\/image\/\",\"url\":\"https:\/\/secure.gravatar.com\/avatar\/cb16c3c31c9d23b9b8c705964598220b3014e42ff51eb540ff23cefa3ae8c15f?s=96&d=mm&r=g\",\"contentUrl\":\"https:\/\/secure.gravatar.com\/avatar\/cb16c3c31c9d23b9b8c705964598220b3014e42ff51eb540ff23cefa3ae8c15f?s=96&d=mm&r=g\",\"caption\":\"US6\"},\"url\":\"https:\/\/veritasinfo.org\/?author=7\"}]}<\/script>\n<!-- \/ Yoast SEO plugin. -->","yoast_head_json":{"title":"Kamberi n\u00eb SHBA: Lugina e Preshev\u00ebs nuk \u00ebsht\u00eb tem\u00eb lokale -","robots":{"index":"index","follow":"follow","max-snippet":"max-snippet:-1","max-image-preview":"max-image-preview:large","max-video-preview":"max-video-preview:-1"},"canonical":"https:\/\/veritasinfo.org\/?p=30624","og_locale":"en_US","og_type":"article","og_title":"Kamberi n\u00eb SHBA: Lugina e Preshev\u00ebs nuk \u00ebsht\u00eb tem\u00eb lokale -","og_description":"Preshev\u00eb, 4 shkurt 2026 20:37 Deputeti i vet\u00ebm shqiptar n\u00eb Parlamentin e Serbis\u00eb, Shaip Kamberi, ka njoftuar se sot, n\u00eb Departamentin e Shtetit t\u00eb SHBA-s\u00eb,","og_url":"https:\/\/veritasinfo.org\/?p=30624","article_published_time":"2026-02-04T19:38:35+00:00","og_image":[{"width":780,"height":500,"url":"https:\/\/veritasinfo.org\/wp-content\/uploads\/2026\/02\/1-14.jpg","type":"image\/jpeg"}],"author":"US6","twitter_card":"summary_large_image","twitter_misc":{"Written by":"US6","Est. reading time":"1 minute"},"schema":{"@context":"https:\/\/schema.org","@graph":[{"@type":"WebPage","@id":"https:\/\/veritasinfo.org\/?p=30624","url":"https:\/\/veritasinfo.org\/?p=30624","name":"Kamberi n\u00eb SHBA: Lugina e Preshev\u00ebs nuk \u00ebsht\u00eb tem\u00eb lokale -","isPartOf":{"@id":"https:\/\/veritasinfo.org\/#website"},"primaryImageOfPage":{"@id":"https:\/\/veritasinfo.org\/?p=30624#primaryimage"},"image":{"@id":"https:\/\/veritasinfo.org\/?p=30624#primaryimage"},"thumbnailUrl":"https:\/\/veritasinfo.org\/wp-content\/uploads\/2026\/02\/1-14.jpg","datePublished":"2026-02-04T19:38:35+00:00","author":{"@id":"https:\/\/veritasinfo.org\/#\/schema\/person\/fe199eede04c3937362892b7444747cc"},"breadcrumb":{"@id":"https:\/\/veritasinfo.org\/?p=30624#breadcrumb"},"inLanguage":"en-US","potentialAction":[{"@type":"ReadAction","target":["https:\/\/veritasinfo.org\/?p=30624"]}]},{"@type":"ImageObject","inLanguage":"en-US","@id":"https:\/\/veritasinfo.org\/?p=30624#primaryimage","url":"https:\/\/veritasinfo.org\/wp-content\/uploads\/2026\/02\/1-14.jpg","contentUrl":"https:\/\/veritasinfo.org\/wp-content\/uploads\/2026\/02\/1-14.jpg","width":780,"height":500},{"@type":"BreadcrumbList","@id":"https:\/\/veritasinfo.org\/?p=30624#breadcrumb","itemListElement":[{"@type":"ListItem","position":1,"name":"Home","item":"https:\/\/veritasinfo.org\/"},{"@type":"ListItem","position":2,"name":"Kamberi n\u00eb SHBA: Lugina e Preshev\u00ebs nuk \u00ebsht\u00eb tem\u00eb lokale"}]},{"@type":"WebSite","@id":"https:\/\/veritasinfo.org\/#website","url":"https:\/\/veritasinfo.org\/","name":"","description":"","potentialAction":[{"@type":"SearchAction","target":{"@type":"EntryPoint","urlTemplate":"https:\/\/veritasinfo.org\/?s={search_term_string}"},"query-input":{"@type":"PropertyValueSpecification","valueRequired":true,"valueName":"search_term_string"}}],"inLanguage":"en-US"},{"@type":"Person","@id":"https:\/\/veritasinfo.org\/#\/schema\/person\/fe199eede04c3937362892b7444747cc","name":"US6","image":{"@type":"ImageObject","inLanguage":"en-US","@id":"https:\/\/veritasinfo.org\/#\/schema\/person\/image\/","url":"https:\/\/secure.gravatar.com\/avatar\/cb16c3c31c9d23b9b8c705964598220b3014e42ff51eb540ff23cefa3ae8c15f?s=96&d=mm&r=g","contentUrl":"https:\/\/secure.gravatar.com\/avatar\/cb16c3c31c9d23b9b8c705964598220b3014e42ff51eb540ff23cefa3ae8c15f?s=96&d=mm&r=g","caption":"US6"},"url":"https:\/\/veritasinfo.org\/?author=7"}]}},"featured_image_urls":{"full":["https:\/\/veritasinfo.org\/wp-content\/uploads\/2026\/02\/1-14.jpg",780,500,false],"thumbnail":["https:\/\/veritasinfo.org\/wp-content\/uploads\/2026\/02\/1-14-150x150.jpg",150,150,true],"medium":["https:\/\/veritasinfo.org\/wp-content\/uploads\/2026\/02\/1-14-300x192.jpg",300,192,true],"medium_large":["https:\/\/veritasinfo.org\/wp-content\/uploads\/2026\/02\/1-14-768x492.jpg",640,410,true],"large":["https:\/\/veritasinfo.org\/wp-content\/uploads\/2026\/02\/1-14.jpg",640,410,false],"1536x1536":["https:\/\/veritasinfo.org\/wp-content\/uploads\/2026\/02\/1-14.jpg",780,500,false],"2048x2048":["https:\/\/veritasinfo.org\/wp-content\/uploads\/2026\/02\/1-14.jpg",780,500,false],"kreeti-slider-full":["https:\/\/veritasinfo.org\/wp-content\/uploads\/2026\/02\/1-14.jpg",780,500,false],"kreeti-featured":["https:\/\/veritasinfo.org\/wp-content\/uploads\/2026\/02\/1-14.jpg",780,500,false],"kreeti-medium":["https:\/\/veritasinfo.org\/wp-content\/uploads\/2026\/02\/1-14.jpg",720,462,false],"kreeti-medium-square":["https:\/\/veritasinfo.org\/wp-content\/uploads\/2026\/02\/1-14.jpg",350,224,false]},"author_info":{"info":["US6"]},"category_info":"<a href=\"https:\/\/veritasinfo.org\/?cat=58\" rel=\"category\">Politik\u00eb<\/a>","tag_info":"Politik\u00eb","comment_count":"0","_links":{"self":[{"href":"https:\/\/veritasinfo.org\/index.php?rest_route=\/wp\/v2\/posts\/30624","targetHints":{"allow":["GET"]}}],"collection":[{"href":"https:\/\/veritasinfo.org\/index.php?rest_route=\/wp\/v2\/posts"}],"about":[{"href":"https:\/\/veritasinfo.org\/index.php?rest_route=\/wp\/v2\/types\/post"}],"author":[{"embeddable":true,"href":"https:\/\/veritasinfo.org\/index.php?rest_route=\/wp\/v2\/users\/7"}],"replies":[{"embeddable":true,"href":"https:\/\/veritasinfo.org\/index.php?rest_route=%2Fwp%2Fv2%2Fcomments&post=30624"}],"version-history":[{"count":1,"href":"https:\/\/veritasinfo.org\/index.php?rest_route=\/wp\/v2\/posts\/30624\/revisions"}],"predecessor-version":[{"id":30626,"href":"https:\/\/veritasinfo.org\/index.php?rest_route=\/wp\/v2\/posts\/30624\/revisions\/30626"}],"wp:featuredmedia":[{"embeddable":true,"href":"https:\/\/veritasinfo.org\/index.php?rest_route=\/wp\/v2\/media\/30625"}],"wp:attachment":[{"href":"https:\/\/veritasinfo.org\/index.php?rest_route=%2Fwp%2Fv2%2Fmedia&parent=30624"}],"wp:term":[{"taxonomy":"category","embeddable":true,"href":"https:\/\/veritasinfo.org\/index.php?rest_route=%2Fwp%2Fv2%2Fcategories&post=30624"},{"taxonomy":"post_tag","embeddable":true,"href":"https:\/\/veritasinfo.org\/index.php?rest_route=%2Fwp%2Fv2%2Ftags&post=30624"}],"curies":[{"name":"wp","href":"https:\/\/api.w.org\/{rel}","templated":true}]}}