{"id":30594,"date":"2026-02-04T16:17:32","date_gmt":"2026-02-04T15:17:32","guid":{"rendered":"https:\/\/veritasinfo.org\/?p=30594"},"modified":"2026-02-04T16:17:32","modified_gmt":"2026-02-04T15:17:32","slug":"vitia-kerkon-ulje-te-pritjeve-ne-onkologji-dhe-decentralizim-sherbimesh","status":"publish","type":"post","link":"https:\/\/veritasinfo.org\/?p=30594","title":{"rendered":"Vitia k\u00ebrkon ulje t\u00eb pritjeve n\u00eb Onkologji dhe decentralizim sh\u00ebrbimesh"},"content":{"rendered":"<p>Prishtin\u00eb, 4 shkurt 2026 16:15<\/p>\n<p>Mbi 400 mij\u00eb sh\u00ebrbime jan\u00eb kryer n\u00eb Klinik\u00ebn e Onkologjis\u00eb gjat\u00eb vitit t\u00eb kaluar, ka th\u00ebn\u00eb drejtori i k\u00ebsaj klinike, Ilir Kurtishi. N\u00eb Dit\u00ebn Bot\u00ebrore kund\u00ebr Kancerit, ai tha se n\u00eb tet\u00eb vitet e fundit n\u00eb Kosov\u00eb jan\u00eb diagnostikuar rreth 14 mij\u00eb raste me k\u00ebt\u00eb s\u00ebmundje. Kjo klinik\u00eb u vizitua gjat\u00eb dit\u00ebs nga ministri n\u00eb detyr\u00eb i Sh\u00ebndet\u00ebsis\u00eb, Arben Vitia, raporton KosovaPress.<\/p>\n<p>Kurtishi gjat\u00eb prezantimit t\u00eb pun\u00ebs ka folur p\u00ebr sh\u00ebrbimet e kimioterapis\u00eb dhe ato t\u00eb radioterapis\u00eb.<\/p>\n<p>\u201cKemi pasur q\u00eb Klinika e Onkologjis\u00eb n\u00eb vitin 2025 ka kryer mbi 408,000 sh\u00ebrbime, t\u00eb ndara n\u00eb dy sh\u00ebrbimet tona, sh\u00ebrbimin e kimioterapis\u00eb dhe sh\u00ebrbimin e radioterapis\u00eb. Dhe nga k\u00ebto ajo q\u00eb bie n\u00eb pa \u00ebsht\u00eb se ne kemi aplikuar n\u00eb num\u00ebr shum\u00eb t\u00eb lart\u00eb t\u00eb trajtimeve medikamentoze ose me citostatik dhe kemi kryer mbi, jo vet\u00ebm citostatik por edhe forma t\u00eb tjera t\u00eb mjekimit tabletar ose dh\u00ebnies s\u00eb terapive biologjike, terapive imunologjike e k\u00ebshtu me radh\u00eb, ato t\u00eb cilat ne i kemi disponuar n\u00eb klinik\u00eb, dhe kjo kap nj\u00eb shif\u00ebr prej 100,000 sh\u00ebrbimeve ose qytetar\u00ebve q\u00eb i bie, i nj\u00ebjti qytetar, i nj\u00ebjti pacient ka marr\u00eb disa her\u00eb ose m\u00eb shum\u00eb se 10-15 her\u00eb brenda klinik\u00ebs trajtime korrekte onkologjike. An\u00ebn tjet\u00ebr kemi pasur, kemi aplikimin e barnave jo citostatik\u00eb, edhe kjo \u00ebsht\u00eb nj\u00eb shif\u00ebr prej 51,600 sh\u00ebrbimeve t\u00eb cil\u00ebt jan\u00eb realizuar nga Klinika e Onkologjis\u00eb, pra nga stafi mjek\u00ebsor dhe nga sidomos nga stafi infermieror\u201d, tha Kurtishi.<\/p>\n<p>Tutje, Kurtishi tha se n\u00eb tet\u00eb vitet e fundit kan\u00eb qen\u00eb rreth 14 mij\u00eb raste me kancer.<\/p>\n<p>\u201cKemi grumbulluar disa t\u00eb dh\u00ebna p\u00ebr tet\u00eb vitet e fundit n\u00eb Kosov\u00eb, nga viti 2018 deri 2025 dhe kemi par\u00eb se gjat\u00eb k\u00ebtij viti, pra jemi fokusuar pra n\u00eb t\u00eb gjitha vitet dhe numri i rasteve me kancer p\u00ebr tet\u00eb vite n\u00eb Kosov\u00eb \u00ebsht\u00eb rreth 14,042 raste. Ne po flasim sipas t\u00eb dh\u00ebnave dhe evidencave t\u00eb cilat i kemi n\u00eb Klinik\u00ebn e Onkologjis\u00eb t\u00eb t\u00eb rriturit ose tumoreve adult, pa i p\u00ebrfshir\u00eb tumoret e f\u00ebmij\u00ebve dhe tumoret hematologjike. Dhe nga viti n\u00eb vit shohim se n\u00eb vitin 2022 kan\u00eb qen\u00eb 1,736 raste t\u00eb reja ose t\u00eb cil\u00ebt p\u00ebr her\u00eb t\u00eb par\u00eb jan\u00eb lajm\u00ebruar n\u00eb Klinik\u00ebn e Onkologjis\u00eb. N\u00eb vitin 2023 ky num\u00ebr ka shkuar n\u00eb 2,126, n\u00eb vitin 2024 \u00ebsht\u00eb 2,119 dhe vitin 2025 ne kemi pak ulje, por kjo e dh\u00ebn\u00eb \u00ebsht\u00eb rreth, duhet t\u00eb jet\u00eb rreth 2,100 raste\u201d, shtoi ai.Ministri n\u00eb detyr\u00eb i Sh\u00ebndet\u00ebsis\u00eb, Arben Vitia ka vizituar Klinik\u00ebn e Onkologjis\u00eb n\u00eb Dit\u00ebn Bot\u00ebrore Kund\u00ebr Kancerit.<\/p>\n<p>Ai e pranoi q\u00eb duhet t\u00eb punohet q\u00eb t\u00eb eliminohen pritjet e gjata n\u00eb k\u00ebt\u00eb klinik\u00eb p\u00ebr marrjen e sh\u00ebrbimeve nga ana e pacient\u00ebve.<\/p>\n<p>\u201cJan\u00eb disa nga sh\u00ebrbimet, po them, jo nivelit shum\u00eb t\u00eb avancuar terciar, t\u00eb cilat ndoshta kishin mundur me u decentralizuar, pasi q\u00eb sot e pam\u00eb, kjo \u00e7ka e pam\u00eb sot, besoj q\u00eb \u00ebsht\u00eb nj\u00eb p\u00ebrditshm\u00ebri p\u00ebr juve, numrin e pacient\u00ebve q\u00eb presin posht\u00eb n\u00eb Klinik\u00ebn e Onkologjis\u00eb vet\u00ebm p\u00ebr k\u00ebt\u00eb q\u00ebllim. Nuk mjafton vet\u00ebm dyfishimi i shtret\u00ebrve, t\u00eb cilin ve\u00e7 me t\u00eb \u00ebsht\u00eb ju e keni realizuar. Nuk mjafton vet\u00ebm dyfishimi i shtret\u00ebrve t\u00eb cil\u00ebt ju tashm\u00eb ve\u00e7 e keni realizuar, nuk mjafton vet\u00ebm shtimi i aparaturave si ajo e Radioterapis\u00eb. Ju keni nj\u00eb fluks t\u00eb till\u00eb, t\u00eb cilin ne ishte dashur q\u00eb me jua ndihmuar, e kjo ndihm\u00eb, natyrisht, prap\u00eb po them, \u00e7do her\u00eb n\u00eb bashk\u00ebpunim me juve, sepse ju jeni ekspert\u00ebt, dhe prap\u00eb po them, ju merrni nj\u00eb mu si fasilitator edhe ndihm\u00ebs n\u00eb k\u00ebto procese q\u00eb ju duhet t&#8217;i shtyni p\u00ebrpara, t\u00eb mundohemi q\u00eb t\u00eb ulim fluksin n\u00eb Klinik\u00ebn e Onkologjis\u00eb n\u00eb Prishtin\u00eb, n\u00eb m\u00ebnyr\u00eb q\u00eb edhe t\u00eb jet\u00eb m\u00eb leht\u00eb p\u00ebr pacient\u00ebt, por edhe ju mos keni ngarkesa t\u00eb tilla t\u00eb p\u00ebrditshme si\u00e7 i keni sot\u201d, ka th\u00ebn\u00eb Vitia.<\/p>\n<p>Ai u zotua se Ministria e Sh\u00ebndet\u00ebsis\u00eb do t\u00eb vazhdoj\u00eb t\u00eb ket\u00eb n\u00eb fokus s\u00ebmundjet malinje, modernizimin e sh\u00ebrbimeve dhe sigurimin e terapis\u00eb.<\/p>\n<p>Sa i p\u00ebrket kostos s\u00eb investimeve dhe jet\u00ebgjat\u00ebsis\u00eb s\u00eb pacient\u00ebve, ish-drejtori i Onkologjis\u00eb, Ekrem Hyseni tha se Kosova \u00ebsht\u00eb vendi me shpenzimet m\u00eb t\u00eb ul\u00ebta n\u00eb regjion.<\/p>\n<p>\u201cN\u00ebse e shohim si shpenzim, normalisht jemi vendi q\u00eb shpenzojm\u00eb m\u00eb s\u00eb paku p\u00ebr Onkologjin\u00eb n\u00eb regjion, edhe Mali i Zi shpenzon m\u00eb shum\u00eb. \u00cbsht\u00eb shum\u00eb me t\u00eb v\u00ebrtet\u00eb kosto-efikitiviteti q\u00eb duhet me pa, por n\u00eb fund t\u00eb fundit nuk mundesh me i ik se familjari nuk \u00ebsht\u00eb num\u00ebr, \u00ebsht\u00eb person, ka familje, ka f\u00ebmij\u00eb\u201d, u shpreh ai.<\/p>\n<p>Ve\u00e7 tjerash, ministri n\u00eb detyr\u00eb i Sh\u00ebndet\u00ebsis\u00eb, Arben Vitia b\u00ebri ditur se jan\u00eb duke zhvilluar komunikime me Komun\u00ebn e Fush\u00eb Kosov\u00ebs p\u00ebr ndarjen e tok\u00ebs p\u00ebr nd\u00ebrtimin e institucionit i cili i dedikohet kujdesit t\u00eb pacient\u00ebve n\u00eb faz\u00ebn terminale.<\/p>\n<p>&nbsp;<\/p>\n","protected":false},"excerpt":{"rendered":"<p>Prishtin\u00eb, 4 shkurt 2026 16:15 Mbi 400 mij\u00eb sh\u00ebrbime jan\u00eb kryer n\u00eb Klinik\u00ebn e Onkologjis\u00eb gjat\u00eb vitit t\u00eb kaluar, ka th\u00ebn\u00eb drejtori i k\u00ebsaj klinike,<\/p>\n","protected":false},"author":7,"featured_media":30595,"comment_status":"open","ping_status":"open","sticky":false,"template":"","format":"standard","meta":{"footnotes":""},"categories":[60],"tags":[],"class_list":["post-30594","post","type-post","status-publish","format-standard","has-post-thumbnail","hentry","category-shoqerore-sq"],"yoast_head":"<!-- This site is optimized with the Yoast SEO plugin v25.3.1 - https:\/\/yoast.com\/wordpress\/plugins\/seo\/ -->\n<title>Vitia k\u00ebrkon ulje t\u00eb pritjeve n\u00eb Onkologji dhe decentralizim sh\u00ebrbimesh -<\/title>\n<meta name=\"robots\" content=\"index, follow, max-snippet:-1, max-image-preview:large, max-video-preview:-1\" \/>\n<link rel=\"canonical\" href=\"https:\/\/veritasinfo.org\/?p=30594\" \/>\n<meta property=\"og:locale\" content=\"en_US\" \/>\n<meta property=\"og:type\" content=\"article\" \/>\n<meta property=\"og:title\" content=\"Vitia k\u00ebrkon ulje t\u00eb pritjeve n\u00eb Onkologji dhe decentralizim sh\u00ebrbimesh -\" \/>\n<meta property=\"og:description\" content=\"Prishtin\u00eb, 4 shkurt 2026 16:15 Mbi 400 mij\u00eb sh\u00ebrbime jan\u00eb kryer n\u00eb Klinik\u00ebn e Onkologjis\u00eb gjat\u00eb vitit t\u00eb kaluar, ka th\u00ebn\u00eb drejtori i k\u00ebsaj klinike,\" \/>\n<meta property=\"og:url\" content=\"https:\/\/veritasinfo.org\/?p=30594\" \/>\n<meta property=\"article:published_time\" content=\"2026-02-04T15:17:32+00:00\" \/>\n<meta property=\"og:image\" content=\"https:\/\/veritasinfo.org\/wp-content\/uploads\/2026\/02\/1-13.jpg\" \/>\n\t<meta property=\"og:image:width\" content=\"783\" \/>\n\t<meta property=\"og:image:height\" content=\"438\" \/>\n\t<meta property=\"og:image:type\" content=\"image\/jpeg\" \/>\n<meta name=\"author\" content=\"US6\" \/>\n<meta name=\"twitter:card\" content=\"summary_large_image\" \/>\n<meta name=\"twitter:label1\" content=\"Written by\" \/>\n\t<meta name=\"twitter:data1\" content=\"US6\" \/>\n\t<meta name=\"twitter:label2\" content=\"Est. reading time\" \/>\n\t<meta name=\"twitter:data2\" content=\"4 minutes\" \/>\n<script type=\"application\/ld+json\" class=\"yoast-schema-graph\">{\"@context\":\"https:\/\/schema.org\",\"@graph\":[{\"@type\":\"WebPage\",\"@id\":\"https:\/\/veritasinfo.org\/?p=30594\",\"url\":\"https:\/\/veritasinfo.org\/?p=30594\",\"name\":\"Vitia k\u00ebrkon ulje t\u00eb pritjeve n\u00eb Onkologji dhe decentralizim sh\u00ebrbimesh -\",\"isPartOf\":{\"@id\":\"https:\/\/veritasinfo.org\/#website\"},\"primaryImageOfPage\":{\"@id\":\"https:\/\/veritasinfo.org\/?p=30594#primaryimage\"},\"image\":{\"@id\":\"https:\/\/veritasinfo.org\/?p=30594#primaryimage\"},\"thumbnailUrl\":\"https:\/\/veritasinfo.org\/wp-content\/uploads\/2026\/02\/1-13.jpg\",\"datePublished\":\"2026-02-04T15:17:32+00:00\",\"author\":{\"@id\":\"https:\/\/veritasinfo.org\/#\/schema\/person\/fe199eede04c3937362892b7444747cc\"},\"breadcrumb\":{\"@id\":\"https:\/\/veritasinfo.org\/?p=30594#breadcrumb\"},\"inLanguage\":\"en-US\",\"potentialAction\":[{\"@type\":\"ReadAction\",\"target\":[\"https:\/\/veritasinfo.org\/?p=30594\"]}]},{\"@type\":\"ImageObject\",\"inLanguage\":\"en-US\",\"@id\":\"https:\/\/veritasinfo.org\/?p=30594#primaryimage\",\"url\":\"https:\/\/veritasinfo.org\/wp-content\/uploads\/2026\/02\/1-13.jpg\",\"contentUrl\":\"https:\/\/veritasinfo.org\/wp-content\/uploads\/2026\/02\/1-13.jpg\",\"width\":783,\"height\":438},{\"@type\":\"BreadcrumbList\",\"@id\":\"https:\/\/veritasinfo.org\/?p=30594#breadcrumb\",\"itemListElement\":[{\"@type\":\"ListItem\",\"position\":1,\"name\":\"Home\",\"item\":\"https:\/\/veritasinfo.org\/\"},{\"@type\":\"ListItem\",\"position\":2,\"name\":\"Vitia k\u00ebrkon ulje t\u00eb pritjeve n\u00eb Onkologji dhe decentralizim sh\u00ebrbimesh\"}]},{\"@type\":\"WebSite\",\"@id\":\"https:\/\/veritasinfo.org\/#website\",\"url\":\"https:\/\/veritasinfo.org\/\",\"name\":\"\",\"description\":\"\",\"potentialAction\":[{\"@type\":\"SearchAction\",\"target\":{\"@type\":\"EntryPoint\",\"urlTemplate\":\"https:\/\/veritasinfo.org\/?s={search_term_string}\"},\"query-input\":{\"@type\":\"PropertyValueSpecification\",\"valueRequired\":true,\"valueName\":\"search_term_string\"}}],\"inLanguage\":\"en-US\"},{\"@type\":\"Person\",\"@id\":\"https:\/\/veritasinfo.org\/#\/schema\/person\/fe199eede04c3937362892b7444747cc\",\"name\":\"US6\",\"image\":{\"@type\":\"ImageObject\",\"inLanguage\":\"en-US\",\"@id\":\"https:\/\/veritasinfo.org\/#\/schema\/person\/image\/\",\"url\":\"https:\/\/secure.gravatar.com\/avatar\/cb16c3c31c9d23b9b8c705964598220b3014e42ff51eb540ff23cefa3ae8c15f?s=96&d=mm&r=g\",\"contentUrl\":\"https:\/\/secure.gravatar.com\/avatar\/cb16c3c31c9d23b9b8c705964598220b3014e42ff51eb540ff23cefa3ae8c15f?s=96&d=mm&r=g\",\"caption\":\"US6\"},\"url\":\"https:\/\/veritasinfo.org\/?author=7\"}]}<\/script>\n<!-- \/ Yoast SEO plugin. -->","yoast_head_json":{"title":"Vitia k\u00ebrkon ulje t\u00eb pritjeve n\u00eb Onkologji dhe decentralizim sh\u00ebrbimesh -","robots":{"index":"index","follow":"follow","max-snippet":"max-snippet:-1","max-image-preview":"max-image-preview:large","max-video-preview":"max-video-preview:-1"},"canonical":"https:\/\/veritasinfo.org\/?p=30594","og_locale":"en_US","og_type":"article","og_title":"Vitia k\u00ebrkon ulje t\u00eb pritjeve n\u00eb Onkologji dhe decentralizim sh\u00ebrbimesh -","og_description":"Prishtin\u00eb, 4 shkurt 2026 16:15 Mbi 400 mij\u00eb sh\u00ebrbime jan\u00eb kryer n\u00eb Klinik\u00ebn e Onkologjis\u00eb gjat\u00eb vitit t\u00eb kaluar, ka th\u00ebn\u00eb drejtori i k\u00ebsaj klinike,","og_url":"https:\/\/veritasinfo.org\/?p=30594","article_published_time":"2026-02-04T15:17:32+00:00","og_image":[{"width":783,"height":438,"url":"https:\/\/veritasinfo.org\/wp-content\/uploads\/2026\/02\/1-13.jpg","type":"image\/jpeg"}],"author":"US6","twitter_card":"summary_large_image","twitter_misc":{"Written by":"US6","Est. reading time":"4 minutes"},"schema":{"@context":"https:\/\/schema.org","@graph":[{"@type":"WebPage","@id":"https:\/\/veritasinfo.org\/?p=30594","url":"https:\/\/veritasinfo.org\/?p=30594","name":"Vitia k\u00ebrkon ulje t\u00eb pritjeve n\u00eb Onkologji dhe decentralizim sh\u00ebrbimesh -","isPartOf":{"@id":"https:\/\/veritasinfo.org\/#website"},"primaryImageOfPage":{"@id":"https:\/\/veritasinfo.org\/?p=30594#primaryimage"},"image":{"@id":"https:\/\/veritasinfo.org\/?p=30594#primaryimage"},"thumbnailUrl":"https:\/\/veritasinfo.org\/wp-content\/uploads\/2026\/02\/1-13.jpg","datePublished":"2026-02-04T15:17:32+00:00","author":{"@id":"https:\/\/veritasinfo.org\/#\/schema\/person\/fe199eede04c3937362892b7444747cc"},"breadcrumb":{"@id":"https:\/\/veritasinfo.org\/?p=30594#breadcrumb"},"inLanguage":"en-US","potentialAction":[{"@type":"ReadAction","target":["https:\/\/veritasinfo.org\/?p=30594"]}]},{"@type":"ImageObject","inLanguage":"en-US","@id":"https:\/\/veritasinfo.org\/?p=30594#primaryimage","url":"https:\/\/veritasinfo.org\/wp-content\/uploads\/2026\/02\/1-13.jpg","contentUrl":"https:\/\/veritasinfo.org\/wp-content\/uploads\/2026\/02\/1-13.jpg","width":783,"height":438},{"@type":"BreadcrumbList","@id":"https:\/\/veritasinfo.org\/?p=30594#breadcrumb","itemListElement":[{"@type":"ListItem","position":1,"name":"Home","item":"https:\/\/veritasinfo.org\/"},{"@type":"ListItem","position":2,"name":"Vitia k\u00ebrkon ulje t\u00eb pritjeve n\u00eb Onkologji dhe decentralizim sh\u00ebrbimesh"}]},{"@type":"WebSite","@id":"https:\/\/veritasinfo.org\/#website","url":"https:\/\/veritasinfo.org\/","name":"","description":"","potentialAction":[{"@type":"SearchAction","target":{"@type":"EntryPoint","urlTemplate":"https:\/\/veritasinfo.org\/?s={search_term_string}"},"query-input":{"@type":"PropertyValueSpecification","valueRequired":true,"valueName":"search_term_string"}}],"inLanguage":"en-US"},{"@type":"Person","@id":"https:\/\/veritasinfo.org\/#\/schema\/person\/fe199eede04c3937362892b7444747cc","name":"US6","image":{"@type":"ImageObject","inLanguage":"en-US","@id":"https:\/\/veritasinfo.org\/#\/schema\/person\/image\/","url":"https:\/\/secure.gravatar.com\/avatar\/cb16c3c31c9d23b9b8c705964598220b3014e42ff51eb540ff23cefa3ae8c15f?s=96&d=mm&r=g","contentUrl":"https:\/\/secure.gravatar.com\/avatar\/cb16c3c31c9d23b9b8c705964598220b3014e42ff51eb540ff23cefa3ae8c15f?s=96&d=mm&r=g","caption":"US6"},"url":"https:\/\/veritasinfo.org\/?author=7"}]}},"featured_image_urls":{"full":["https:\/\/veritasinfo.org\/wp-content\/uploads\/2026\/02\/1-13.jpg",783,438,false],"thumbnail":["https:\/\/veritasinfo.org\/wp-content\/uploads\/2026\/02\/1-13-150x150.jpg",150,150,true],"medium":["https:\/\/veritasinfo.org\/wp-content\/uploads\/2026\/02\/1-13-300x168.jpg",300,168,true],"medium_large":["https:\/\/veritasinfo.org\/wp-content\/uploads\/2026\/02\/1-13-768x430.jpg",640,358,true],"large":["https:\/\/veritasinfo.org\/wp-content\/uploads\/2026\/02\/1-13.jpg",640,358,false],"1536x1536":["https:\/\/veritasinfo.org\/wp-content\/uploads\/2026\/02\/1-13.jpg",783,438,false],"2048x2048":["https:\/\/veritasinfo.org\/wp-content\/uploads\/2026\/02\/1-13.jpg",783,438,false],"kreeti-slider-full":["https:\/\/veritasinfo.org\/wp-content\/uploads\/2026\/02\/1-13.jpg",783,438,false],"kreeti-featured":["https:\/\/veritasinfo.org\/wp-content\/uploads\/2026\/02\/1-13.jpg",783,438,false],"kreeti-medium":["https:\/\/veritasinfo.org\/wp-content\/uploads\/2026\/02\/1-13.jpg",720,403,false],"kreeti-medium-square":["https:\/\/veritasinfo.org\/wp-content\/uploads\/2026\/02\/1-13.jpg",350,196,false]},"author_info":{"info":["US6"]},"category_info":"<a href=\"https:\/\/veritasinfo.org\/?cat=60\" rel=\"category\">Shoq\u00ebrore<\/a>","tag_info":"Shoq\u00ebrore","comment_count":"0","_links":{"self":[{"href":"https:\/\/veritasinfo.org\/index.php?rest_route=\/wp\/v2\/posts\/30594","targetHints":{"allow":["GET"]}}],"collection":[{"href":"https:\/\/veritasinfo.org\/index.php?rest_route=\/wp\/v2\/posts"}],"about":[{"href":"https:\/\/veritasinfo.org\/index.php?rest_route=\/wp\/v2\/types\/post"}],"author":[{"embeddable":true,"href":"https:\/\/veritasinfo.org\/index.php?rest_route=\/wp\/v2\/users\/7"}],"replies":[{"embeddable":true,"href":"https:\/\/veritasinfo.org\/index.php?rest_route=%2Fwp%2Fv2%2Fcomments&post=30594"}],"version-history":[{"count":1,"href":"https:\/\/veritasinfo.org\/index.php?rest_route=\/wp\/v2\/posts\/30594\/revisions"}],"predecessor-version":[{"id":30596,"href":"https:\/\/veritasinfo.org\/index.php?rest_route=\/wp\/v2\/posts\/30594\/revisions\/30596"}],"wp:featuredmedia":[{"embeddable":true,"href":"https:\/\/veritasinfo.org\/index.php?rest_route=\/wp\/v2\/media\/30595"}],"wp:attachment":[{"href":"https:\/\/veritasinfo.org\/index.php?rest_route=%2Fwp%2Fv2%2Fmedia&parent=30594"}],"wp:term":[{"taxonomy":"category","embeddable":true,"href":"https:\/\/veritasinfo.org\/index.php?rest_route=%2Fwp%2Fv2%2Fcategories&post=30594"},{"taxonomy":"post_tag","embeddable":true,"href":"https:\/\/veritasinfo.org\/index.php?rest_route=%2Fwp%2Fv2%2Ftags&post=30594"}],"curies":[{"name":"wp","href":"https:\/\/api.w.org\/{rel}","templated":true}]}}