{"id":30589,"date":"2026-02-04T15:27:26","date_gmt":"2026-02-04T14:27:26","guid":{"rendered":"https:\/\/veritasinfo.org\/?p=30589"},"modified":"2026-02-04T15:27:26","modified_gmt":"2026-02-04T14:27:26","slug":"mitrovica-drejt-transformimit-mjedisor-me-projektin-me-te-madh-pasluftes","status":"publish","type":"post","link":"https:\/\/veritasinfo.org\/?p=30589","title":{"rendered":"Mitrovica drejt transformimit mjedisor me projektin m\u00eb t\u00eb madh pasluft\u00ebs"},"content":{"rendered":"<p>Mitrovic\u00eb, 4 shkurt 2026 15:22<\/p>\n<p>Mitrovica pritet t\u00eb hyj\u00eb n\u00eb nj\u00eb faz\u00eb t\u00eb re zhvillimi mjedisor, pasi k\u00ebt\u00eb vit nis realizimi i projektit m\u00eb t\u00eb madh investiv t\u00eb pasluft\u00ebs n\u00eb k\u00ebt\u00eb qytet. B\u00ebhet fjal\u00eb p\u00ebr projektin \u201cImpianti i Trajtimit t\u00eb Uj\u00ebrave t\u00eb Zeza\u201d, me vler\u00eb rreth 40 milion\u00eb euro, i cili pritet t\u00eb ket\u00eb ndikim t\u00eb drejtp\u00ebrdrejt\u00eb n\u00eb p\u00ebrmir\u00ebsimin e cil\u00ebsis\u00eb s\u00eb jet\u00ebs dhe mbrojtjen e mjedisit, p\u00ebrcjell Veritasinfo.<br \/>\nKryetari i Komun\u00ebs s\u00eb Mitrovic\u00ebs, Faton Peci, ka b\u00ebr\u00eb t\u00eb ditur se projekti do t\u00eb filloj\u00eb gjat\u00eb k\u00ebtij viti, duke e cil\u00ebsuar at\u00eb si nj\u00eb investim historik p\u00ebr qytetin. \u201cK\u00ebt\u00eb vit fillon projekti m\u00eb i madh investiv n\u00eb Mitrovic\u00ebn e pasluft\u00ebs\u201d, ka theksuar Peci, duke n\u00ebnvizuar r\u00ebnd\u00ebsin\u00eb strategjike q\u00eb ky impiant ka p\u00ebr t\u00eb ardhmen e qytetit.<br \/>\nSipas tij, nd\u00ebrtimi i impiantit do t\u00eb ndikoj\u00eb drejtp\u00ebrdrejt n\u00eb pastrimin e lumenjve t\u00eb Mitrovic\u00ebs. \u201cLumenjt\u00eb e qytetit do t\u00eb jen\u00eb t\u00eb past\u00ebr\u201d, ka deklaruar kryetari, duke shtuar se ky projekt \u00ebsht\u00eb nj\u00eb hap konkret drejt nj\u00eb Mitrovice m\u00eb t\u00eb sh\u00ebndetshme dhe m\u00eb t\u00eb q\u00ebndrueshme.<\/p>\n","protected":false},"excerpt":{"rendered":"<p>Mitrovic\u00eb, 4 shkurt 2026 15:22 Mitrovica pritet t\u00eb hyj\u00eb n\u00eb nj\u00eb faz\u00eb t\u00eb re zhvillimi mjedisor, pasi k\u00ebt\u00eb vit nis realizimi i projektit m\u00eb t\u00eb<\/p>\n","protected":false},"author":6,"featured_media":30590,"comment_status":"open","ping_status":"open","sticky":false,"template":"","format":"standard","meta":{"footnotes":""},"categories":[60],"tags":[],"class_list":["post-30589","post","type-post","status-publish","format-standard","has-post-thumbnail","hentry","category-shoqerore-sq"],"yoast_head":"<!-- This site is optimized with the Yoast SEO plugin v25.3.1 - https:\/\/yoast.com\/wordpress\/plugins\/seo\/ -->\n<title>Mitrovica drejt transformimit mjedisor me projektin m\u00eb t\u00eb madh pasluft\u00ebs -<\/title>\n<meta name=\"robots\" content=\"index, follow, max-snippet:-1, max-image-preview:large, max-video-preview:-1\" \/>\n<link rel=\"canonical\" href=\"https:\/\/veritasinfo.org\/?p=30589\" \/>\n<meta property=\"og:locale\" content=\"en_US\" \/>\n<meta property=\"og:type\" content=\"article\" \/>\n<meta property=\"og:title\" content=\"Mitrovica drejt transformimit mjedisor me projektin m\u00eb t\u00eb madh pasluft\u00ebs -\" \/>\n<meta property=\"og:description\" content=\"Mitrovic\u00eb, 4 shkurt 2026 15:22 Mitrovica pritet t\u00eb hyj\u00eb n\u00eb nj\u00eb faz\u00eb t\u00eb re zhvillimi mjedisor, pasi k\u00ebt\u00eb vit nis realizimi i projektit m\u00eb t\u00eb\" \/>\n<meta property=\"og:url\" content=\"https:\/\/veritasinfo.org\/?p=30589\" \/>\n<meta property=\"article:published_time\" content=\"2026-02-04T14:27:26+00:00\" \/>\n<meta property=\"og:image\" content=\"https:\/\/veritasinfo.org\/wp-content\/uploads\/2026\/02\/IMG-20260204-WA0001.jpg\" \/>\n\t<meta property=\"og:image:width\" content=\"516\" \/>\n\t<meta property=\"og:image:height\" content=\"387\" \/>\n\t<meta property=\"og:image:type\" content=\"image\/jpeg\" \/>\n<meta name=\"author\" content=\"US5\" \/>\n<meta name=\"twitter:card\" content=\"summary_large_image\" \/>\n<meta name=\"twitter:label1\" content=\"Written by\" \/>\n\t<meta name=\"twitter:data1\" content=\"US5\" \/>\n<script type=\"application\/ld+json\" class=\"yoast-schema-graph\">{\"@context\":\"https:\/\/schema.org\",\"@graph\":[{\"@type\":\"WebPage\",\"@id\":\"https:\/\/veritasinfo.org\/?p=30589\",\"url\":\"https:\/\/veritasinfo.org\/?p=30589\",\"name\":\"Mitrovica drejt transformimit mjedisor me projektin m\u00eb t\u00eb madh pasluft\u00ebs -\",\"isPartOf\":{\"@id\":\"https:\/\/veritasinfo.org\/#website\"},\"primaryImageOfPage\":{\"@id\":\"https:\/\/veritasinfo.org\/?p=30589#primaryimage\"},\"image\":{\"@id\":\"https:\/\/veritasinfo.org\/?p=30589#primaryimage\"},\"thumbnailUrl\":\"https:\/\/veritasinfo.org\/wp-content\/uploads\/2026\/02\/IMG-20260204-WA0001.jpg\",\"datePublished\":\"2026-02-04T14:27:26+00:00\",\"author\":{\"@id\":\"https:\/\/veritasinfo.org\/#\/schema\/person\/bc442336e35414d04494ab8fb45db4c6\"},\"breadcrumb\":{\"@id\":\"https:\/\/veritasinfo.org\/?p=30589#breadcrumb\"},\"inLanguage\":\"en-US\",\"potentialAction\":[{\"@type\":\"ReadAction\",\"target\":[\"https:\/\/veritasinfo.org\/?p=30589\"]}]},{\"@type\":\"ImageObject\",\"inLanguage\":\"en-US\",\"@id\":\"https:\/\/veritasinfo.org\/?p=30589#primaryimage\",\"url\":\"https:\/\/veritasinfo.org\/wp-content\/uploads\/2026\/02\/IMG-20260204-WA0001.jpg\",\"contentUrl\":\"https:\/\/veritasinfo.org\/wp-content\/uploads\/2026\/02\/IMG-20260204-WA0001.jpg\",\"width\":516,\"height\":387},{\"@type\":\"BreadcrumbList\",\"@id\":\"https:\/\/veritasinfo.org\/?p=30589#breadcrumb\",\"itemListElement\":[{\"@type\":\"ListItem\",\"position\":1,\"name\":\"Home\",\"item\":\"https:\/\/veritasinfo.org\/\"},{\"@type\":\"ListItem\",\"position\":2,\"name\":\"Mitrovica drejt transformimit mjedisor me projektin m\u00eb t\u00eb madh pasluft\u00ebs\"}]},{\"@type\":\"WebSite\",\"@id\":\"https:\/\/veritasinfo.org\/#website\",\"url\":\"https:\/\/veritasinfo.org\/\",\"name\":\"\",\"description\":\"\",\"potentialAction\":[{\"@type\":\"SearchAction\",\"target\":{\"@type\":\"EntryPoint\",\"urlTemplate\":\"https:\/\/veritasinfo.org\/?s={search_term_string}\"},\"query-input\":{\"@type\":\"PropertyValueSpecification\",\"valueRequired\":true,\"valueName\":\"search_term_string\"}}],\"inLanguage\":\"en-US\"},{\"@type\":\"Person\",\"@id\":\"https:\/\/veritasinfo.org\/#\/schema\/person\/bc442336e35414d04494ab8fb45db4c6\",\"name\":\"US5\",\"image\":{\"@type\":\"ImageObject\",\"inLanguage\":\"en-US\",\"@id\":\"https:\/\/veritasinfo.org\/#\/schema\/person\/image\/\",\"url\":\"https:\/\/secure.gravatar.com\/avatar\/16a61e7272a0c5d001121ebb9e60e925d5816e4ac1e443ed3e640d9a6ae55d0c?s=96&d=mm&r=g\",\"contentUrl\":\"https:\/\/secure.gravatar.com\/avatar\/16a61e7272a0c5d001121ebb9e60e925d5816e4ac1e443ed3e640d9a6ae55d0c?s=96&d=mm&r=g\",\"caption\":\"US5\"},\"url\":\"https:\/\/veritasinfo.org\/?author=6\"}]}<\/script>\n<!-- \/ Yoast SEO plugin. -->","yoast_head_json":{"title":"Mitrovica drejt transformimit mjedisor me projektin m\u00eb t\u00eb madh pasluft\u00ebs -","robots":{"index":"index","follow":"follow","max-snippet":"max-snippet:-1","max-image-preview":"max-image-preview:large","max-video-preview":"max-video-preview:-1"},"canonical":"https:\/\/veritasinfo.org\/?p=30589","og_locale":"en_US","og_type":"article","og_title":"Mitrovica drejt transformimit mjedisor me projektin m\u00eb t\u00eb madh pasluft\u00ebs -","og_description":"Mitrovic\u00eb, 4 shkurt 2026 15:22 Mitrovica pritet t\u00eb hyj\u00eb n\u00eb nj\u00eb faz\u00eb t\u00eb re zhvillimi mjedisor, pasi k\u00ebt\u00eb vit nis realizimi i projektit m\u00eb t\u00eb","og_url":"https:\/\/veritasinfo.org\/?p=30589","article_published_time":"2026-02-04T14:27:26+00:00","og_image":[{"width":516,"height":387,"url":"https:\/\/veritasinfo.org\/wp-content\/uploads\/2026\/02\/IMG-20260204-WA0001.jpg","type":"image\/jpeg"}],"author":"US5","twitter_card":"summary_large_image","twitter_misc":{"Written by":"US5"},"schema":{"@context":"https:\/\/schema.org","@graph":[{"@type":"WebPage","@id":"https:\/\/veritasinfo.org\/?p=30589","url":"https:\/\/veritasinfo.org\/?p=30589","name":"Mitrovica drejt transformimit mjedisor me projektin m\u00eb t\u00eb madh pasluft\u00ebs -","isPartOf":{"@id":"https:\/\/veritasinfo.org\/#website"},"primaryImageOfPage":{"@id":"https:\/\/veritasinfo.org\/?p=30589#primaryimage"},"image":{"@id":"https:\/\/veritasinfo.org\/?p=30589#primaryimage"},"thumbnailUrl":"https:\/\/veritasinfo.org\/wp-content\/uploads\/2026\/02\/IMG-20260204-WA0001.jpg","datePublished":"2026-02-04T14:27:26+00:00","author":{"@id":"https:\/\/veritasinfo.org\/#\/schema\/person\/bc442336e35414d04494ab8fb45db4c6"},"breadcrumb":{"@id":"https:\/\/veritasinfo.org\/?p=30589#breadcrumb"},"inLanguage":"en-US","potentialAction":[{"@type":"ReadAction","target":["https:\/\/veritasinfo.org\/?p=30589"]}]},{"@type":"ImageObject","inLanguage":"en-US","@id":"https:\/\/veritasinfo.org\/?p=30589#primaryimage","url":"https:\/\/veritasinfo.org\/wp-content\/uploads\/2026\/02\/IMG-20260204-WA0001.jpg","contentUrl":"https:\/\/veritasinfo.org\/wp-content\/uploads\/2026\/02\/IMG-20260204-WA0001.jpg","width":516,"height":387},{"@type":"BreadcrumbList","@id":"https:\/\/veritasinfo.org\/?p=30589#breadcrumb","itemListElement":[{"@type":"ListItem","position":1,"name":"Home","item":"https:\/\/veritasinfo.org\/"},{"@type":"ListItem","position":2,"name":"Mitrovica drejt transformimit mjedisor me projektin m\u00eb t\u00eb madh pasluft\u00ebs"}]},{"@type":"WebSite","@id":"https:\/\/veritasinfo.org\/#website","url":"https:\/\/veritasinfo.org\/","name":"","description":"","potentialAction":[{"@type":"SearchAction","target":{"@type":"EntryPoint","urlTemplate":"https:\/\/veritasinfo.org\/?s={search_term_string}"},"query-input":{"@type":"PropertyValueSpecification","valueRequired":true,"valueName":"search_term_string"}}],"inLanguage":"en-US"},{"@type":"Person","@id":"https:\/\/veritasinfo.org\/#\/schema\/person\/bc442336e35414d04494ab8fb45db4c6","name":"US5","image":{"@type":"ImageObject","inLanguage":"en-US","@id":"https:\/\/veritasinfo.org\/#\/schema\/person\/image\/","url":"https:\/\/secure.gravatar.com\/avatar\/16a61e7272a0c5d001121ebb9e60e925d5816e4ac1e443ed3e640d9a6ae55d0c?s=96&d=mm&r=g","contentUrl":"https:\/\/secure.gravatar.com\/avatar\/16a61e7272a0c5d001121ebb9e60e925d5816e4ac1e443ed3e640d9a6ae55d0c?s=96&d=mm&r=g","caption":"US5"},"url":"https:\/\/veritasinfo.org\/?author=6"}]}},"featured_image_urls":{"full":["https:\/\/veritasinfo.org\/wp-content\/uploads\/2026\/02\/IMG-20260204-WA0001.jpg",516,387,false],"thumbnail":["https:\/\/veritasinfo.org\/wp-content\/uploads\/2026\/02\/IMG-20260204-WA0001-150x150.jpg",150,150,true],"medium":["https:\/\/veritasinfo.org\/wp-content\/uploads\/2026\/02\/IMG-20260204-WA0001-300x225.jpg",300,225,true],"medium_large":["https:\/\/veritasinfo.org\/wp-content\/uploads\/2026\/02\/IMG-20260204-WA0001.jpg",516,387,false],"large":["https:\/\/veritasinfo.org\/wp-content\/uploads\/2026\/02\/IMG-20260204-WA0001.jpg",516,387,false],"1536x1536":["https:\/\/veritasinfo.org\/wp-content\/uploads\/2026\/02\/IMG-20260204-WA0001.jpg",516,387,false],"2048x2048":["https:\/\/veritasinfo.org\/wp-content\/uploads\/2026\/02\/IMG-20260204-WA0001.jpg",516,387,false],"kreeti-slider-full":["https:\/\/veritasinfo.org\/wp-content\/uploads\/2026\/02\/IMG-20260204-WA0001.jpg",516,387,false],"kreeti-featured":["https:\/\/veritasinfo.org\/wp-content\/uploads\/2026\/02\/IMG-20260204-WA0001.jpg",516,387,false],"kreeti-medium":["https:\/\/veritasinfo.org\/wp-content\/uploads\/2026\/02\/IMG-20260204-WA0001.jpg",516,387,false],"kreeti-medium-square":["https:\/\/veritasinfo.org\/wp-content\/uploads\/2026\/02\/IMG-20260204-WA0001.jpg",350,263,false]},"author_info":{"info":["US5"]},"category_info":"<a href=\"https:\/\/veritasinfo.org\/?cat=60\" rel=\"category\">Shoq\u00ebrore<\/a>","tag_info":"Shoq\u00ebrore","comment_count":"0","_links":{"self":[{"href":"https:\/\/veritasinfo.org\/index.php?rest_route=\/wp\/v2\/posts\/30589","targetHints":{"allow":["GET"]}}],"collection":[{"href":"https:\/\/veritasinfo.org\/index.php?rest_route=\/wp\/v2\/posts"}],"about":[{"href":"https:\/\/veritasinfo.org\/index.php?rest_route=\/wp\/v2\/types\/post"}],"author":[{"embeddable":true,"href":"https:\/\/veritasinfo.org\/index.php?rest_route=\/wp\/v2\/users\/6"}],"replies":[{"embeddable":true,"href":"https:\/\/veritasinfo.org\/index.php?rest_route=%2Fwp%2Fv2%2Fcomments&post=30589"}],"version-history":[{"count":1,"href":"https:\/\/veritasinfo.org\/index.php?rest_route=\/wp\/v2\/posts\/30589\/revisions"}],"predecessor-version":[{"id":30591,"href":"https:\/\/veritasinfo.org\/index.php?rest_route=\/wp\/v2\/posts\/30589\/revisions\/30591"}],"wp:featuredmedia":[{"embeddable":true,"href":"https:\/\/veritasinfo.org\/index.php?rest_route=\/wp\/v2\/media\/30590"}],"wp:attachment":[{"href":"https:\/\/veritasinfo.org\/index.php?rest_route=%2Fwp%2Fv2%2Fmedia&parent=30589"}],"wp:term":[{"taxonomy":"category","embeddable":true,"href":"https:\/\/veritasinfo.org\/index.php?rest_route=%2Fwp%2Fv2%2Fcategories&post=30589"},{"taxonomy":"post_tag","embeddable":true,"href":"https:\/\/veritasinfo.org\/index.php?rest_route=%2Fwp%2Fv2%2Ftags&post=30589"}],"curies":[{"name":"wp","href":"https:\/\/api.w.org\/{rel}","templated":true}]}}