{"id":30584,"date":"2026-02-04T15:17:20","date_gmt":"2026-02-04T14:17:20","guid":{"rendered":"https:\/\/veritasinfo.org\/?p=30584"},"modified":"2026-02-04T15:17:20","modified_gmt":"2026-02-04T14:17:20","slug":"kurti-po-pergatitemi-qe-sa-me-shpejt-ti-konstituojme-institucionet","status":"publish","type":"post","link":"https:\/\/veritasinfo.org\/?p=30584","title":{"rendered":"Kurti: Po p\u00ebrgatitemi q\u00eb sa m\u00eb shpejt t\u2019i konstituojm\u00eb institucionet"},"content":{"rendered":"<p>Prishtin\u00eb 04 shkurt 2026 15:16<\/p>\n<p>Kryeministri n\u00eb detyr\u00eb i vendit, Albin Kurti, tha se po p\u00ebrgatiten q\u00eb sa m\u00eb shpejt t\u00eb konstituohet Kuvendi i Kosov\u00ebs e t\u00eb formohet Qeveria e re, meq\u00eb, sipas tij, duhet s am\u00eb shpejt t\u00eb votohet buxheti e marr\u00ebveshjet nd\u00ebrkomb\u00ebtare.<\/p>\n<p>Ai tha q\u00eb buxheti i Republik\u00ebs duhet t\u00eb p\u00ebrmbyllet n\u00eb muajin shkurt, meq\u00eb tha se me 1 t\u00eb 12-n e buxhetit nuk mund t\u00eb vazhdoj\u00eb edh en\u00eb muajin mars.<\/p>\n<p>\u201cNe po p\u00ebrgatitemi q\u00eb sa m\u00eb  shpejt ta konstituojm\u00eb Kuvendin e sa m\u00eb shpejt ta formojm\u00eb Qeverin\u00eb, sepse, si\u00e7 e dini i kemi tri marr\u00ebveshje nd\u00ebrkomb\u00ebtare me Bank\u00ebn Bot\u00ebrore dhe nj\u00ebkoh\u00ebsisht e kemi edhe Panin e Rritjes me Bashkimin Evropian q\u00eb \u00ebsht\u00eb 882, 6 milion euro, e q\u00eb duhet sa m\u00eb par\u00eb ta miratojm\u00eb n\u00eb Kuvendin e Republik\u00ebs, pa harruar at\u00eb q\u00eb m\u00eb s\u00eb shumti e kemi p\u00ebrgjegj\u00ebsi e obligim, por do t\u00eb thosha edhe preferenc\u00eb e ky \u00ebsht\u00eb buxheti p\u00ebr vitin 2026. Ju e dini q\u00eb m\u00eb 1 t\u00eb 12 Qeveria mund t\u00eb vazhdoj\u00eb vet\u00ebm edhe n\u00eb muajin shkurt, p\u00ebr muajin mars nuk mund t\u00eb vazhdojm\u00eb k\u00ebsisoj , k\u00ebshtu q\u00eb n\u00eb muajin shkurt duhet ta kemi t\u00eb p\u00ebrmbyllur buxhetin e vitit 2026\u201d, deklaroi kreu n\u00eb detyr\u00eb i Qeveris\u00eb.<\/p>\n<p>Ai paralajm\u00ebroi se kabineti i ri qeveritar do t\u2019i ket\u00eb emrat q\u00eb ishin propozuar kur nuk kishte arritur t\u00eb zgjidhej qeveria gjat\u00eb mandatit t\u00eb kaluar, por tha sedo t\u00eb ket\u00eb edhe emra t\u00eb rinj.<\/p>\n<p>\u201cDo t\u00eb ket\u00eb shum\u00eb prej emrave t\u00eb cil\u00ebt tashm\u00eb i kam prezantuar edhe un\u00eb edhe Glauk Konjufca n\u00eb vjesht\u00ebn e vitit t\u00eb kaluar, mir\u00ebpo nuk do t\u00eb jen\u00eb identik, do t\u00eb ket\u00eb edhe emra t\u00eb tjer\u00eb\u201d, tha ai.<\/p>\n<p>I pyetur p\u00ebr postin e presidentit t\u00eb shtetit, tha se nj\u00ebher\u00eb duhet t\u2019i p\u00ebrmbyllin k\u00ebto tri hapa e pastaj tha se do t\u00eb ecin edhe me hapin e kat\u00ebrt \u201cmbar\u00eb e mir\u00eb\u201d, tha Kurti.<\/p>\n","protected":false},"excerpt":{"rendered":"<p>Prishtin\u00eb 04 shkurt 2026 15:16 Kryeministri n\u00eb detyr\u00eb i vendit, Albin Kurti, tha se po p\u00ebrgatiten q\u00eb sa m\u00eb shpejt t\u00eb konstituohet Kuvendi i Kosov\u00ebs<\/p>\n","protected":false},"author":6,"featured_media":30585,"comment_status":"open","ping_status":"open","sticky":false,"template":"","format":"standard","meta":{"footnotes":""},"categories":[60],"tags":[],"class_list":["post-30584","post","type-post","status-publish","format-standard","has-post-thumbnail","hentry","category-shoqerore-sq"],"yoast_head":"<!-- This site is optimized with the Yoast SEO plugin v25.3.1 - https:\/\/yoast.com\/wordpress\/plugins\/seo\/ -->\n<title>Kurti: Po p\u00ebrgatitemi q\u00eb sa m\u00eb shpejt t\u2019i konstituojm\u00eb institucionet -<\/title>\n<meta name=\"robots\" content=\"index, follow, max-snippet:-1, max-image-preview:large, max-video-preview:-1\" \/>\n<link rel=\"canonical\" href=\"https:\/\/veritasinfo.org\/?p=30584\" \/>\n<meta property=\"og:locale\" content=\"en_US\" \/>\n<meta property=\"og:type\" content=\"article\" \/>\n<meta property=\"og:title\" content=\"Kurti: Po p\u00ebrgatitemi q\u00eb sa m\u00eb shpejt t\u2019i konstituojm\u00eb institucionet -\" \/>\n<meta property=\"og:description\" content=\"Prishtin\u00eb 04 shkurt 2026 15:16 Kryeministri n\u00eb detyr\u00eb i vendit, Albin Kurti, tha se po p\u00ebrgatiten q\u00eb sa m\u00eb shpejt t\u00eb konstituohet Kuvendi i Kosov\u00ebs\" \/>\n<meta property=\"og:url\" content=\"https:\/\/veritasinfo.org\/?p=30584\" \/>\n<meta property=\"article:published_time\" content=\"2026-02-04T14:17:20+00:00\" \/>\n<meta property=\"og:image\" content=\"https:\/\/veritasinfo.org\/wp-content\/uploads\/2026\/02\/images-3.jpeg\" \/>\n\t<meta property=\"og:image:width\" content=\"576\" \/>\n\t<meta property=\"og:image:height\" content=\"324\" \/>\n\t<meta property=\"og:image:type\" content=\"image\/jpeg\" \/>\n<meta name=\"author\" content=\"US5\" \/>\n<meta name=\"twitter:card\" content=\"summary_large_image\" \/>\n<meta name=\"twitter:label1\" content=\"Written by\" \/>\n\t<meta name=\"twitter:data1\" content=\"US5\" \/>\n<script type=\"application\/ld+json\" class=\"yoast-schema-graph\">{\"@context\":\"https:\/\/schema.org\",\"@graph\":[{\"@type\":\"WebPage\",\"@id\":\"https:\/\/veritasinfo.org\/?p=30584\",\"url\":\"https:\/\/veritasinfo.org\/?p=30584\",\"name\":\"Kurti: Po p\u00ebrgatitemi q\u00eb sa m\u00eb shpejt t\u2019i konstituojm\u00eb institucionet -\",\"isPartOf\":{\"@id\":\"https:\/\/veritasinfo.org\/#website\"},\"primaryImageOfPage\":{\"@id\":\"https:\/\/veritasinfo.org\/?p=30584#primaryimage\"},\"image\":{\"@id\":\"https:\/\/veritasinfo.org\/?p=30584#primaryimage\"},\"thumbnailUrl\":\"https:\/\/veritasinfo.org\/wp-content\/uploads\/2026\/02\/images-3.jpeg\",\"datePublished\":\"2026-02-04T14:17:20+00:00\",\"author\":{\"@id\":\"https:\/\/veritasinfo.org\/#\/schema\/person\/bc442336e35414d04494ab8fb45db4c6\"},\"breadcrumb\":{\"@id\":\"https:\/\/veritasinfo.org\/?p=30584#breadcrumb\"},\"inLanguage\":\"en-US\",\"potentialAction\":[{\"@type\":\"ReadAction\",\"target\":[\"https:\/\/veritasinfo.org\/?p=30584\"]}]},{\"@type\":\"ImageObject\",\"inLanguage\":\"en-US\",\"@id\":\"https:\/\/veritasinfo.org\/?p=30584#primaryimage\",\"url\":\"https:\/\/veritasinfo.org\/wp-content\/uploads\/2026\/02\/images-3.jpeg\",\"contentUrl\":\"https:\/\/veritasinfo.org\/wp-content\/uploads\/2026\/02\/images-3.jpeg\",\"width\":576,\"height\":324},{\"@type\":\"BreadcrumbList\",\"@id\":\"https:\/\/veritasinfo.org\/?p=30584#breadcrumb\",\"itemListElement\":[{\"@type\":\"ListItem\",\"position\":1,\"name\":\"Home\",\"item\":\"https:\/\/veritasinfo.org\/\"},{\"@type\":\"ListItem\",\"position\":2,\"name\":\"Kurti: Po p\u00ebrgatitemi q\u00eb sa m\u00eb shpejt t\u2019i konstituojm\u00eb institucionet\"}]},{\"@type\":\"WebSite\",\"@id\":\"https:\/\/veritasinfo.org\/#website\",\"url\":\"https:\/\/veritasinfo.org\/\",\"name\":\"\",\"description\":\"\",\"potentialAction\":[{\"@type\":\"SearchAction\",\"target\":{\"@type\":\"EntryPoint\",\"urlTemplate\":\"https:\/\/veritasinfo.org\/?s={search_term_string}\"},\"query-input\":{\"@type\":\"PropertyValueSpecification\",\"valueRequired\":true,\"valueName\":\"search_term_string\"}}],\"inLanguage\":\"en-US\"},{\"@type\":\"Person\",\"@id\":\"https:\/\/veritasinfo.org\/#\/schema\/person\/bc442336e35414d04494ab8fb45db4c6\",\"name\":\"US5\",\"image\":{\"@type\":\"ImageObject\",\"inLanguage\":\"en-US\",\"@id\":\"https:\/\/veritasinfo.org\/#\/schema\/person\/image\/\",\"url\":\"https:\/\/secure.gravatar.com\/avatar\/16a61e7272a0c5d001121ebb9e60e925d5816e4ac1e443ed3e640d9a6ae55d0c?s=96&d=mm&r=g\",\"contentUrl\":\"https:\/\/secure.gravatar.com\/avatar\/16a61e7272a0c5d001121ebb9e60e925d5816e4ac1e443ed3e640d9a6ae55d0c?s=96&d=mm&r=g\",\"caption\":\"US5\"},\"url\":\"https:\/\/veritasinfo.org\/?author=6\"}]}<\/script>\n<!-- \/ Yoast SEO plugin. -->","yoast_head_json":{"title":"Kurti: Po p\u00ebrgatitemi q\u00eb sa m\u00eb shpejt t\u2019i konstituojm\u00eb institucionet -","robots":{"index":"index","follow":"follow","max-snippet":"max-snippet:-1","max-image-preview":"max-image-preview:large","max-video-preview":"max-video-preview:-1"},"canonical":"https:\/\/veritasinfo.org\/?p=30584","og_locale":"en_US","og_type":"article","og_title":"Kurti: Po p\u00ebrgatitemi q\u00eb sa m\u00eb shpejt t\u2019i konstituojm\u00eb institucionet -","og_description":"Prishtin\u00eb 04 shkurt 2026 15:16 Kryeministri n\u00eb detyr\u00eb i vendit, Albin Kurti, tha se po p\u00ebrgatiten q\u00eb sa m\u00eb shpejt t\u00eb konstituohet Kuvendi i Kosov\u00ebs","og_url":"https:\/\/veritasinfo.org\/?p=30584","article_published_time":"2026-02-04T14:17:20+00:00","og_image":[{"width":576,"height":324,"url":"https:\/\/veritasinfo.org\/wp-content\/uploads\/2026\/02\/images-3.jpeg","type":"image\/jpeg"}],"author":"US5","twitter_card":"summary_large_image","twitter_misc":{"Written by":"US5"},"schema":{"@context":"https:\/\/schema.org","@graph":[{"@type":"WebPage","@id":"https:\/\/veritasinfo.org\/?p=30584","url":"https:\/\/veritasinfo.org\/?p=30584","name":"Kurti: Po p\u00ebrgatitemi q\u00eb sa m\u00eb shpejt t\u2019i konstituojm\u00eb institucionet -","isPartOf":{"@id":"https:\/\/veritasinfo.org\/#website"},"primaryImageOfPage":{"@id":"https:\/\/veritasinfo.org\/?p=30584#primaryimage"},"image":{"@id":"https:\/\/veritasinfo.org\/?p=30584#primaryimage"},"thumbnailUrl":"https:\/\/veritasinfo.org\/wp-content\/uploads\/2026\/02\/images-3.jpeg","datePublished":"2026-02-04T14:17:20+00:00","author":{"@id":"https:\/\/veritasinfo.org\/#\/schema\/person\/bc442336e35414d04494ab8fb45db4c6"},"breadcrumb":{"@id":"https:\/\/veritasinfo.org\/?p=30584#breadcrumb"},"inLanguage":"en-US","potentialAction":[{"@type":"ReadAction","target":["https:\/\/veritasinfo.org\/?p=30584"]}]},{"@type":"ImageObject","inLanguage":"en-US","@id":"https:\/\/veritasinfo.org\/?p=30584#primaryimage","url":"https:\/\/veritasinfo.org\/wp-content\/uploads\/2026\/02\/images-3.jpeg","contentUrl":"https:\/\/veritasinfo.org\/wp-content\/uploads\/2026\/02\/images-3.jpeg","width":576,"height":324},{"@type":"BreadcrumbList","@id":"https:\/\/veritasinfo.org\/?p=30584#breadcrumb","itemListElement":[{"@type":"ListItem","position":1,"name":"Home","item":"https:\/\/veritasinfo.org\/"},{"@type":"ListItem","position":2,"name":"Kurti: Po p\u00ebrgatitemi q\u00eb sa m\u00eb shpejt t\u2019i konstituojm\u00eb institucionet"}]},{"@type":"WebSite","@id":"https:\/\/veritasinfo.org\/#website","url":"https:\/\/veritasinfo.org\/","name":"","description":"","potentialAction":[{"@type":"SearchAction","target":{"@type":"EntryPoint","urlTemplate":"https:\/\/veritasinfo.org\/?s={search_term_string}"},"query-input":{"@type":"PropertyValueSpecification","valueRequired":true,"valueName":"search_term_string"}}],"inLanguage":"en-US"},{"@type":"Person","@id":"https:\/\/veritasinfo.org\/#\/schema\/person\/bc442336e35414d04494ab8fb45db4c6","name":"US5","image":{"@type":"ImageObject","inLanguage":"en-US","@id":"https:\/\/veritasinfo.org\/#\/schema\/person\/image\/","url":"https:\/\/secure.gravatar.com\/avatar\/16a61e7272a0c5d001121ebb9e60e925d5816e4ac1e443ed3e640d9a6ae55d0c?s=96&d=mm&r=g","contentUrl":"https:\/\/secure.gravatar.com\/avatar\/16a61e7272a0c5d001121ebb9e60e925d5816e4ac1e443ed3e640d9a6ae55d0c?s=96&d=mm&r=g","caption":"US5"},"url":"https:\/\/veritasinfo.org\/?author=6"}]}},"featured_image_urls":{"full":["https:\/\/veritasinfo.org\/wp-content\/uploads\/2026\/02\/images-3.jpeg",576,324,false],"thumbnail":["https:\/\/veritasinfo.org\/wp-content\/uploads\/2026\/02\/images-3-150x150.jpeg",150,150,true],"medium":["https:\/\/veritasinfo.org\/wp-content\/uploads\/2026\/02\/images-3-300x169.jpeg",300,169,true],"medium_large":["https:\/\/veritasinfo.org\/wp-content\/uploads\/2026\/02\/images-3.jpeg",576,324,false],"large":["https:\/\/veritasinfo.org\/wp-content\/uploads\/2026\/02\/images-3.jpeg",576,324,false],"1536x1536":["https:\/\/veritasinfo.org\/wp-content\/uploads\/2026\/02\/images-3.jpeg",576,324,false],"2048x2048":["https:\/\/veritasinfo.org\/wp-content\/uploads\/2026\/02\/images-3.jpeg",576,324,false],"kreeti-slider-full":["https:\/\/veritasinfo.org\/wp-content\/uploads\/2026\/02\/images-3.jpeg",576,324,false],"kreeti-featured":["https:\/\/veritasinfo.org\/wp-content\/uploads\/2026\/02\/images-3.jpeg",576,324,false],"kreeti-medium":["https:\/\/veritasinfo.org\/wp-content\/uploads\/2026\/02\/images-3.jpeg",576,324,false],"kreeti-medium-square":["https:\/\/veritasinfo.org\/wp-content\/uploads\/2026\/02\/images-3.jpeg",350,197,false]},"author_info":{"info":["US5"]},"category_info":"<a href=\"https:\/\/veritasinfo.org\/?cat=60\" rel=\"category\">Shoq\u00ebrore<\/a>","tag_info":"Shoq\u00ebrore","comment_count":"0","_links":{"self":[{"href":"https:\/\/veritasinfo.org\/index.php?rest_route=\/wp\/v2\/posts\/30584","targetHints":{"allow":["GET"]}}],"collection":[{"href":"https:\/\/veritasinfo.org\/index.php?rest_route=\/wp\/v2\/posts"}],"about":[{"href":"https:\/\/veritasinfo.org\/index.php?rest_route=\/wp\/v2\/types\/post"}],"author":[{"embeddable":true,"href":"https:\/\/veritasinfo.org\/index.php?rest_route=\/wp\/v2\/users\/6"}],"replies":[{"embeddable":true,"href":"https:\/\/veritasinfo.org\/index.php?rest_route=%2Fwp%2Fv2%2Fcomments&post=30584"}],"version-history":[{"count":1,"href":"https:\/\/veritasinfo.org\/index.php?rest_route=\/wp\/v2\/posts\/30584\/revisions"}],"predecessor-version":[{"id":30586,"href":"https:\/\/veritasinfo.org\/index.php?rest_route=\/wp\/v2\/posts\/30584\/revisions\/30586"}],"wp:featuredmedia":[{"embeddable":true,"href":"https:\/\/veritasinfo.org\/index.php?rest_route=\/wp\/v2\/media\/30585"}],"wp:attachment":[{"href":"https:\/\/veritasinfo.org\/index.php?rest_route=%2Fwp%2Fv2%2Fmedia&parent=30584"}],"wp:term":[{"taxonomy":"category","embeddable":true,"href":"https:\/\/veritasinfo.org\/index.php?rest_route=%2Fwp%2Fv2%2Fcategories&post=30584"},{"taxonomy":"post_tag","embeddable":true,"href":"https:\/\/veritasinfo.org\/index.php?rest_route=%2Fwp%2Fv2%2Ftags&post=30584"}],"curies":[{"name":"wp","href":"https:\/\/api.w.org\/{rel}","templated":true}]}}