{"id":30569,"date":"2026-02-04T14:31:56","date_gmt":"2026-02-04T13:31:56","guid":{"rendered":"https:\/\/veritasinfo.org\/?p=30569"},"modified":"2026-02-04T14:31:56","modified_gmt":"2026-02-04T13:31:56","slug":"komunat-e-kosoves-fillojne-vleresimin-e-demeve-nga-vershimet-peja-prine-me-numrin-e-aplikimeve","status":"publish","type":"post","link":"https:\/\/veritasinfo.org\/?p=30569","title":{"rendered":"Komunat e Kosov\u00ebs fillojn\u00eb vler\u00ebsimin e d\u00ebmeve nga v\u00ebrshimet, Peja prin\u00eb me numrin e aplikimeve"},"content":{"rendered":"<p>Prishtin\u00eb 04 shkurt 2026 14:31<\/p>\n<p>Komunat e Kosov\u00ebs kan\u00eb nisur vler\u00ebsimin e d\u00ebmeve t\u00eb shkaktuara nga v\u00ebrshimet q\u00eb godit\u00ebn vendin n\u00eb fillim t\u00eb vitit 2026. Edhe pse nuk disponojn\u00eb kapacitete buxhetore p\u00ebr t\u00eb p\u00ebrballuar plot\u00ebsisht kompensimin e d\u00ebmeve, komunat kan\u00eb filluar t\u00eb b\u00ebjn\u00eb vler\u00ebsimet n\u00eb terren.<\/p>\n<p>Telegrafi raportoi m\u00eb par\u00eb p\u00ebr problematik\u00ebn e kompensimit t\u00eb d\u00ebmeve nga v\u00ebrshimet, ku Malisheva, Rahoveci dhe Drenasi theksuan se q\u00eb nga viti 2016 d\u00ebmet nuk jan\u00eb paguar plot\u00ebsisht.<\/p>\n<p>Sipas t\u00eb dh\u00ebnave t\u00eb Asociacionit t\u00eb Komunave t\u00eb Kosov\u00ebs (AKK), Peja prin\u00eb me numrin m\u00eb t\u00eb madh t\u00eb k\u00ebrkesave p\u00ebr kompensim nga qytetar\u00ebt dhe bizneset, me gjithsej 420 aplikime.<\/p>\n<p>Pa fond emergjent dhe pa reagim nga Ministria e Financave, komunat t\u00eb pafuqishme p\u00ebr kompensimin e d\u00ebmeve<\/p>\n<p>\u201cKomunat e prekura nga v\u00ebrshimet e fundit kan\u00eb pranuar nj\u00eb num\u00ebr t\u00eb madh k\u00ebrkesash p\u00ebr kompensim d\u00ebmesh nga qytetar\u00ebt, bizneset dhe fermer\u00ebt\u201d, njofton AKK.<\/p>\n<p>Numri i aplikimeve sipas komunave<\/p>\n<p>Nga raportimet paraprake rezulton se jan\u00eb evidentuar rreth 3,000 k\u00ebrkesa p\u00ebr kompensim d\u00ebmesh, nd\u00ebrsa ky num\u00ebr pritet t\u00eb rritet, pasi procesi i pranimit dhe vler\u00ebsimit t\u00eb aplikimeve nuk ka p\u00ebrfunduar ende n\u00eb shumic\u00ebn e komunave. Komunat m\u00eb t\u00eb prekura sipas numrit t\u00eb aplikimeve jan\u00eb:<\/p>\n<p>Komuna e Mamush\u00ebs ka raportuar se nuk ka pasur k\u00ebrkesa p\u00ebr kompensim, pasi d\u00ebmet kan\u00eb qen\u00eb minimale dhe kryesisht n\u00eb fusha t\u00eb hapura.<\/p>\n<p>Vler\u00ebsimi financiar paraprak<\/p>\n<p>Vet\u00ebm disa komuna kan\u00eb ofruar vler\u00ebsime financiare paraprake. Sipas k\u00ebtyre t\u00eb dh\u00ebnave:<\/p>\n<p>Nga k\u00ebto raporte, vlera e p\u00ebrgjithshme arrin af\u00ebrsisht 1.9 milion euro, por ky \u00ebsht\u00eb vet\u00ebm nj\u00eb vler\u00ebsim i pjessh\u00ebm, pasi shumica e komunave jan\u00eb ende n\u00eb faz\u00ebn e verifikimit dhe vler\u00ebsimit t\u00eb detajuar t\u00eb d\u00ebmeve.<\/p>\n<p>Procesi ende n\u00eb zhvillim dhe thirrja p\u00ebr mb\u00ebshtetje<\/p>\n<p>Shum\u00eb komuna kan\u00eb raportuar vet\u00ebm numrin e aplikimeve, pa dh\u00ebn\u00eb vler\u00ebn financiare, pasi komisionet komunale vazhdojn\u00eb pun\u00ebn n\u00eb terren. K\u00ebrkesat p\u00ebrfshijn\u00eb d\u00ebme n\u00eb ekonomi familjare, bujq\u00ebsi, biznese private dhe infrastruktur\u00eb publike.<\/p>\n<p>Asociacioni i Komunave t\u00eb Kosov\u00ebs vler\u00ebson se komunat nuk kan\u00eb kapacitete buxhetore p\u00ebr t\u00eb p\u00ebrballuar k\u00ebt\u00eb barr\u00eb financiare dhe apelon tek Qeveria e Kosov\u00ebs p\u00ebr t\u00eb krijuar mekanizma emergjent\u00eb financiar\u00eb dhe nj\u00eb fond t\u00eb posa\u00e7\u00ebm p\u00ebr kompensimin e d\u00ebmeve. Pa mb\u00ebshtetje konkrete nga niveli qendror, mij\u00ebra familje dhe biznese mund t\u00eb mbeten pa ndihm\u00ebn e nevojshme p\u00ebr rikuperim.<\/p>\n<p>AKK do t\u00eb vazhdoj\u00eb t\u00eb mbledh\u00eb t\u00eb dh\u00ebna t\u00eb p\u00ebrdit\u00ebsuara nga t\u00eb gjitha komunat dhe do t\u2019i dor\u00ebzoj\u00eb ato tek institucionet qendrore p\u00ebr nj\u00eb reagim sa m\u00eb t\u00eb shpejt\u00eb dhe t\u00eb koordinuar. <\/p>\n","protected":false},"excerpt":{"rendered":"<p>Prishtin\u00eb 04 shkurt 2026 14:31 Komunat e Kosov\u00ebs kan\u00eb nisur vler\u00ebsimin e d\u00ebmeve t\u00eb shkaktuara nga v\u00ebrshimet q\u00eb godit\u00ebn vendin n\u00eb fillim t\u00eb vitit 2026.<\/p>\n","protected":false},"author":6,"featured_media":30570,"comment_status":"open","ping_status":"open","sticky":false,"template":"","format":"standard","meta":{"footnotes":""},"categories":[52],"tags":[],"class_list":["post-30569","post","type-post","status-publish","format-standard","has-post-thumbnail","hentry","category-komunat-sq"],"yoast_head":"<!-- This site is optimized with the Yoast SEO plugin v25.3.1 - https:\/\/yoast.com\/wordpress\/plugins\/seo\/ -->\n<title>Komunat e Kosov\u00ebs fillojn\u00eb vler\u00ebsimin e d\u00ebmeve nga v\u00ebrshimet, Peja prin\u00eb me numrin e aplikimeve -<\/title>\n<meta name=\"robots\" content=\"index, follow, max-snippet:-1, max-image-preview:large, max-video-preview:-1\" \/>\n<link rel=\"canonical\" href=\"https:\/\/veritasinfo.org\/?p=30569\" \/>\n<meta property=\"og:locale\" content=\"en_US\" \/>\n<meta property=\"og:type\" content=\"article\" \/>\n<meta property=\"og:title\" content=\"Komunat e Kosov\u00ebs fillojn\u00eb vler\u00ebsimin e d\u00ebmeve nga v\u00ebrshimet, Peja prin\u00eb me numrin e aplikimeve -\" \/>\n<meta property=\"og:description\" content=\"Prishtin\u00eb 04 shkurt 2026 14:31 Komunat e Kosov\u00ebs kan\u00eb nisur vler\u00ebsimin e d\u00ebmeve t\u00eb shkaktuara nga v\u00ebrshimet q\u00eb godit\u00ebn vendin n\u00eb fillim t\u00eb vitit 2026.\" \/>\n<meta property=\"og:url\" content=\"https:\/\/veritasinfo.org\/?p=30569\" \/>\n<meta property=\"article:published_time\" content=\"2026-02-04T13:31:56+00:00\" \/>\n<meta property=\"og:image\" content=\"https:\/\/veritasinfo.org\/wp-content\/uploads\/2026\/02\/image-12.jpg\" \/>\n\t<meta property=\"og:image:width\" content=\"1245\" \/>\n\t<meta property=\"og:image:height\" content=\"700\" \/>\n\t<meta property=\"og:image:type\" content=\"image\/jpeg\" \/>\n<meta name=\"author\" content=\"US5\" \/>\n<meta name=\"twitter:card\" content=\"summary_large_image\" \/>\n<meta name=\"twitter:label1\" content=\"Written by\" \/>\n\t<meta name=\"twitter:data1\" content=\"US5\" \/>\n\t<meta name=\"twitter:label2\" content=\"Est. reading time\" \/>\n\t<meta name=\"twitter:data2\" content=\"1 minute\" \/>\n<script type=\"application\/ld+json\" class=\"yoast-schema-graph\">{\"@context\":\"https:\/\/schema.org\",\"@graph\":[{\"@type\":\"WebPage\",\"@id\":\"https:\/\/veritasinfo.org\/?p=30569\",\"url\":\"https:\/\/veritasinfo.org\/?p=30569\",\"name\":\"Komunat e Kosov\u00ebs fillojn\u00eb vler\u00ebsimin e d\u00ebmeve nga v\u00ebrshimet, Peja prin\u00eb me numrin e aplikimeve -\",\"isPartOf\":{\"@id\":\"https:\/\/veritasinfo.org\/#website\"},\"primaryImageOfPage\":{\"@id\":\"https:\/\/veritasinfo.org\/?p=30569#primaryimage\"},\"image\":{\"@id\":\"https:\/\/veritasinfo.org\/?p=30569#primaryimage\"},\"thumbnailUrl\":\"https:\/\/veritasinfo.org\/wp-content\/uploads\/2026\/02\/image-12.jpg\",\"datePublished\":\"2026-02-04T13:31:56+00:00\",\"author\":{\"@id\":\"https:\/\/veritasinfo.org\/#\/schema\/person\/bc442336e35414d04494ab8fb45db4c6\"},\"breadcrumb\":{\"@id\":\"https:\/\/veritasinfo.org\/?p=30569#breadcrumb\"},\"inLanguage\":\"en-US\",\"potentialAction\":[{\"@type\":\"ReadAction\",\"target\":[\"https:\/\/veritasinfo.org\/?p=30569\"]}]},{\"@type\":\"ImageObject\",\"inLanguage\":\"en-US\",\"@id\":\"https:\/\/veritasinfo.org\/?p=30569#primaryimage\",\"url\":\"https:\/\/veritasinfo.org\/wp-content\/uploads\/2026\/02\/image-12.jpg\",\"contentUrl\":\"https:\/\/veritasinfo.org\/wp-content\/uploads\/2026\/02\/image-12.jpg\",\"width\":1245,\"height\":700},{\"@type\":\"BreadcrumbList\",\"@id\":\"https:\/\/veritasinfo.org\/?p=30569#breadcrumb\",\"itemListElement\":[{\"@type\":\"ListItem\",\"position\":1,\"name\":\"Home\",\"item\":\"https:\/\/veritasinfo.org\/\"},{\"@type\":\"ListItem\",\"position\":2,\"name\":\"Komunat e Kosov\u00ebs fillojn\u00eb vler\u00ebsimin e d\u00ebmeve nga v\u00ebrshimet, Peja prin\u00eb me numrin e aplikimeve\"}]},{\"@type\":\"WebSite\",\"@id\":\"https:\/\/veritasinfo.org\/#website\",\"url\":\"https:\/\/veritasinfo.org\/\",\"name\":\"\",\"description\":\"\",\"potentialAction\":[{\"@type\":\"SearchAction\",\"target\":{\"@type\":\"EntryPoint\",\"urlTemplate\":\"https:\/\/veritasinfo.org\/?s={search_term_string}\"},\"query-input\":{\"@type\":\"PropertyValueSpecification\",\"valueRequired\":true,\"valueName\":\"search_term_string\"}}],\"inLanguage\":\"en-US\"},{\"@type\":\"Person\",\"@id\":\"https:\/\/veritasinfo.org\/#\/schema\/person\/bc442336e35414d04494ab8fb45db4c6\",\"name\":\"US5\",\"image\":{\"@type\":\"ImageObject\",\"inLanguage\":\"en-US\",\"@id\":\"https:\/\/veritasinfo.org\/#\/schema\/person\/image\/\",\"url\":\"https:\/\/secure.gravatar.com\/avatar\/16a61e7272a0c5d001121ebb9e60e925d5816e4ac1e443ed3e640d9a6ae55d0c?s=96&d=mm&r=g\",\"contentUrl\":\"https:\/\/secure.gravatar.com\/avatar\/16a61e7272a0c5d001121ebb9e60e925d5816e4ac1e443ed3e640d9a6ae55d0c?s=96&d=mm&r=g\",\"caption\":\"US5\"},\"url\":\"https:\/\/veritasinfo.org\/?author=6\"}]}<\/script>\n<!-- \/ Yoast SEO plugin. -->","yoast_head_json":{"title":"Komunat e Kosov\u00ebs fillojn\u00eb vler\u00ebsimin e d\u00ebmeve nga v\u00ebrshimet, Peja prin\u00eb me numrin e aplikimeve -","robots":{"index":"index","follow":"follow","max-snippet":"max-snippet:-1","max-image-preview":"max-image-preview:large","max-video-preview":"max-video-preview:-1"},"canonical":"https:\/\/veritasinfo.org\/?p=30569","og_locale":"en_US","og_type":"article","og_title":"Komunat e Kosov\u00ebs fillojn\u00eb vler\u00ebsimin e d\u00ebmeve nga v\u00ebrshimet, Peja prin\u00eb me numrin e aplikimeve -","og_description":"Prishtin\u00eb 04 shkurt 2026 14:31 Komunat e Kosov\u00ebs kan\u00eb nisur vler\u00ebsimin e d\u00ebmeve t\u00eb shkaktuara nga v\u00ebrshimet q\u00eb godit\u00ebn vendin n\u00eb fillim t\u00eb vitit 2026.","og_url":"https:\/\/veritasinfo.org\/?p=30569","article_published_time":"2026-02-04T13:31:56+00:00","og_image":[{"width":1245,"height":700,"url":"https:\/\/veritasinfo.org\/wp-content\/uploads\/2026\/02\/image-12.jpg","type":"image\/jpeg"}],"author":"US5","twitter_card":"summary_large_image","twitter_misc":{"Written by":"US5","Est. reading time":"1 minute"},"schema":{"@context":"https:\/\/schema.org","@graph":[{"@type":"WebPage","@id":"https:\/\/veritasinfo.org\/?p=30569","url":"https:\/\/veritasinfo.org\/?p=30569","name":"Komunat e Kosov\u00ebs fillojn\u00eb vler\u00ebsimin e d\u00ebmeve nga v\u00ebrshimet, Peja prin\u00eb me numrin e aplikimeve -","isPartOf":{"@id":"https:\/\/veritasinfo.org\/#website"},"primaryImageOfPage":{"@id":"https:\/\/veritasinfo.org\/?p=30569#primaryimage"},"image":{"@id":"https:\/\/veritasinfo.org\/?p=30569#primaryimage"},"thumbnailUrl":"https:\/\/veritasinfo.org\/wp-content\/uploads\/2026\/02\/image-12.jpg","datePublished":"2026-02-04T13:31:56+00:00","author":{"@id":"https:\/\/veritasinfo.org\/#\/schema\/person\/bc442336e35414d04494ab8fb45db4c6"},"breadcrumb":{"@id":"https:\/\/veritasinfo.org\/?p=30569#breadcrumb"},"inLanguage":"en-US","potentialAction":[{"@type":"ReadAction","target":["https:\/\/veritasinfo.org\/?p=30569"]}]},{"@type":"ImageObject","inLanguage":"en-US","@id":"https:\/\/veritasinfo.org\/?p=30569#primaryimage","url":"https:\/\/veritasinfo.org\/wp-content\/uploads\/2026\/02\/image-12.jpg","contentUrl":"https:\/\/veritasinfo.org\/wp-content\/uploads\/2026\/02\/image-12.jpg","width":1245,"height":700},{"@type":"BreadcrumbList","@id":"https:\/\/veritasinfo.org\/?p=30569#breadcrumb","itemListElement":[{"@type":"ListItem","position":1,"name":"Home","item":"https:\/\/veritasinfo.org\/"},{"@type":"ListItem","position":2,"name":"Komunat e Kosov\u00ebs fillojn\u00eb vler\u00ebsimin e d\u00ebmeve nga v\u00ebrshimet, Peja prin\u00eb me numrin e aplikimeve"}]},{"@type":"WebSite","@id":"https:\/\/veritasinfo.org\/#website","url":"https:\/\/veritasinfo.org\/","name":"","description":"","potentialAction":[{"@type":"SearchAction","target":{"@type":"EntryPoint","urlTemplate":"https:\/\/veritasinfo.org\/?s={search_term_string}"},"query-input":{"@type":"PropertyValueSpecification","valueRequired":true,"valueName":"search_term_string"}}],"inLanguage":"en-US"},{"@type":"Person","@id":"https:\/\/veritasinfo.org\/#\/schema\/person\/bc442336e35414d04494ab8fb45db4c6","name":"US5","image":{"@type":"ImageObject","inLanguage":"en-US","@id":"https:\/\/veritasinfo.org\/#\/schema\/person\/image\/","url":"https:\/\/secure.gravatar.com\/avatar\/16a61e7272a0c5d001121ebb9e60e925d5816e4ac1e443ed3e640d9a6ae55d0c?s=96&d=mm&r=g","contentUrl":"https:\/\/secure.gravatar.com\/avatar\/16a61e7272a0c5d001121ebb9e60e925d5816e4ac1e443ed3e640d9a6ae55d0c?s=96&d=mm&r=g","caption":"US5"},"url":"https:\/\/veritasinfo.org\/?author=6"}]}},"featured_image_urls":{"full":["https:\/\/veritasinfo.org\/wp-content\/uploads\/2026\/02\/image-12.jpg",1245,700,false],"thumbnail":["https:\/\/veritasinfo.org\/wp-content\/uploads\/2026\/02\/image-12-150x150.jpg",150,150,true],"medium":["https:\/\/veritasinfo.org\/wp-content\/uploads\/2026\/02\/image-12-300x169.jpg",300,169,true],"medium_large":["https:\/\/veritasinfo.org\/wp-content\/uploads\/2026\/02\/image-12-768x432.jpg",640,360,true],"large":["https:\/\/veritasinfo.org\/wp-content\/uploads\/2026\/02\/image-12-1024x576.jpg",640,360,true],"1536x1536":["https:\/\/veritasinfo.org\/wp-content\/uploads\/2026\/02\/image-12.jpg",1245,700,false],"2048x2048":["https:\/\/veritasinfo.org\/wp-content\/uploads\/2026\/02\/image-12.jpg",1245,700,false],"kreeti-slider-full":["https:\/\/veritasinfo.org\/wp-content\/uploads\/2026\/02\/image-12.jpg",1245,700,false],"kreeti-featured":["https:\/\/veritasinfo.org\/wp-content\/uploads\/2026\/02\/image-12.jpg",1024,576,false],"kreeti-medium":["https:\/\/veritasinfo.org\/wp-content\/uploads\/2026\/02\/image-12.jpg",720,405,false],"kreeti-medium-square":["https:\/\/veritasinfo.org\/wp-content\/uploads\/2026\/02\/image-12.jpg",350,197,false]},"author_info":{"info":["US5"]},"category_info":"<a href=\"https:\/\/veritasinfo.org\/?cat=52\" rel=\"category\">Komunat<\/a>","tag_info":"Komunat","comment_count":"0","_links":{"self":[{"href":"https:\/\/veritasinfo.org\/index.php?rest_route=\/wp\/v2\/posts\/30569","targetHints":{"allow":["GET"]}}],"collection":[{"href":"https:\/\/veritasinfo.org\/index.php?rest_route=\/wp\/v2\/posts"}],"about":[{"href":"https:\/\/veritasinfo.org\/index.php?rest_route=\/wp\/v2\/types\/post"}],"author":[{"embeddable":true,"href":"https:\/\/veritasinfo.org\/index.php?rest_route=\/wp\/v2\/users\/6"}],"replies":[{"embeddable":true,"href":"https:\/\/veritasinfo.org\/index.php?rest_route=%2Fwp%2Fv2%2Fcomments&post=30569"}],"version-history":[{"count":1,"href":"https:\/\/veritasinfo.org\/index.php?rest_route=\/wp\/v2\/posts\/30569\/revisions"}],"predecessor-version":[{"id":30571,"href":"https:\/\/veritasinfo.org\/index.php?rest_route=\/wp\/v2\/posts\/30569\/revisions\/30571"}],"wp:featuredmedia":[{"embeddable":true,"href":"https:\/\/veritasinfo.org\/index.php?rest_route=\/wp\/v2\/media\/30570"}],"wp:attachment":[{"href":"https:\/\/veritasinfo.org\/index.php?rest_route=%2Fwp%2Fv2%2Fmedia&parent=30569"}],"wp:term":[{"taxonomy":"category","embeddable":true,"href":"https:\/\/veritasinfo.org\/index.php?rest_route=%2Fwp%2Fv2%2Fcategories&post=30569"},{"taxonomy":"post_tag","embeddable":true,"href":"https:\/\/veritasinfo.org\/index.php?rest_route=%2Fwp%2Fv2%2Ftags&post=30569"}],"curies":[{"name":"wp","href":"https:\/\/api.w.org\/{rel}","templated":true}]}}