{"id":30560,"date":"2026-02-04T13:24:30","date_gmt":"2026-02-04T12:24:30","guid":{"rendered":"https:\/\/veritasinfo.org\/?p=30560"},"modified":"2026-02-04T13:24:30","modified_gmt":"2026-02-04T12:24:30","slug":"spomen-ploca-zrtvama-noci-terora-u-mitrovici","status":"publish","type":"post","link":"https:\/\/veritasinfo.org\/?p=30560&lang=sr","title":{"rendered":"Spomen-plo\u010da \u017ertvama \u201eNoc\u0301i terora\u201c u Mitrovici"},"content":{"rendered":"<p>Pri\u0161tina, 04. februar 2026. 13:19<\/p>\n<p>Na novom pe\u0161a\u010dkom mostu u Mitrovici postavljena je spomen-plo\u010da u \u010dast \u017ertava Noc\u0301i terora. Ova plo\u010da obele\u017eava 26. godi\u0161njicu stra\u0161nog doga\u0111aja koji se dogodio u noc\u0301i izme\u0111u 3. i 4. februara 2000. godine.<\/p>\n<p>Tokom tog perioda, akcijom koju su organizovali srpska policija i paravojna grupa \u201e\u010cuvari mosta\u201c, sprovedeno je etni\u010dko \u010di\u0161c\u0301enje u severnom delu Mitrovice, pri \u010demu su hiljade Albanaca nasilno proterane iz njihovih domova ju\u017eno od reke Ibar.<\/p>\n<p>Gradona\u010delnik Ju\u017ene Mitrovice, Faton Peci, rekao je da ova plo\u010da slu\u017ei kao simbol sec\u0301anja i \u010dasti \u017ertvama, kao i svedo\u010danstvo o patnji i pretrpljenoj nepravdi.<\/p>\n<p>\u201eSmatrali smo da je prikladno da otkrijemo ovu plo\u010du u njihovo sec\u0301anje, jer \u017ertva i krv koju su prolili albanski gra\u0111ani moraju biti nezaboravne \u010dak i nakon oslobo\u0111enja Kosova i prisustva KFOR-a na Kosovu. Ubijeni su, nevini civili, i na\u017ealost te dve bespomoc\u0301ne noc\u0301i, samo zato \u0161to su bili Albanci i vratili su se svojim kuc\u0301ama i svojim porodicama\u201c, rekao je on.<\/p>\n","protected":false},"excerpt":{"rendered":"<p>Pri\u0161tina, 04. februar 2026. 13:19 Na novom pe\u0161a\u010dkom mostu u Mitrovici postavljena je spomen-plo\u010da u \u010dast \u017ertava Noc\u0301i terora. Ova plo\u010da obele\u017eava 26. godi\u0161njicu stra\u0161nog<\/p>\n","protected":false},"author":6,"featured_media":30558,"comment_status":"open","ping_status":"open","sticky":false,"template":"","format":"standard","meta":{"footnotes":""},"categories":[30],"tags":[],"class_list":["post-30560","post","type-post","status-publish","format-standard","has-post-thumbnail","hentry","category-drustvo"],"yoast_head":"<!-- This site is optimized with the Yoast SEO plugin v25.3.1 - https:\/\/yoast.com\/wordpress\/plugins\/seo\/ -->\n<title>Spomen-plo\u010da \u017ertvama \u201eNoc\u0301i terora\u201c u Mitrovici -<\/title>\n<meta name=\"robots\" content=\"index, follow, max-snippet:-1, max-image-preview:large, max-video-preview:-1\" \/>\n<link rel=\"canonical\" href=\"https:\/\/veritasinfo.org\/?p=30560&lang=sr\" \/>\n<meta property=\"og:locale\" content=\"en_US\" \/>\n<meta property=\"og:type\" content=\"article\" \/>\n<meta property=\"og:title\" content=\"Spomen-plo\u010da \u017ertvama \u201eNoc\u0301i terora\u201c u Mitrovici -\" \/>\n<meta property=\"og:description\" content=\"Pri\u0161tina, 04. februar 2026. 13:19 Na novom pe\u0161a\u010dkom mostu u Mitrovici postavljena je spomen-plo\u010da u \u010dast \u017ertava Noc\u0301i terora. Ova plo\u010da obele\u017eava 26. godi\u0161njicu stra\u0161nog\" \/>\n<meta property=\"og:url\" content=\"https:\/\/veritasinfo.org\/?p=30560&amp;lang=sr\" \/>\n<meta property=\"article:published_time\" content=\"2026-02-04T12:24:30+00:00\" \/>\n<meta property=\"og:image\" content=\"https:\/\/veritasinfo.org\/wp-content\/uploads\/2026\/02\/716180-3pGNHJktt1.jpg\" \/>\n\t<meta property=\"og:image:width\" content=\"780\" \/>\n\t<meta property=\"og:image:height\" content=\"500\" \/>\n\t<meta property=\"og:image:type\" content=\"image\/jpeg\" \/>\n<meta name=\"author\" content=\"US5\" \/>\n<meta name=\"twitter:card\" content=\"summary_large_image\" \/>\n<meta name=\"twitter:label1\" content=\"Written by\" \/>\n\t<meta name=\"twitter:data1\" content=\"US5\" \/>\n<script type=\"application\/ld+json\" class=\"yoast-schema-graph\">{\"@context\":\"https:\/\/schema.org\",\"@graph\":[{\"@type\":\"WebPage\",\"@id\":\"https:\/\/veritasinfo.org\/?p=30560&lang=sr\",\"url\":\"https:\/\/veritasinfo.org\/?p=30560&lang=sr\",\"name\":\"Spomen-plo\u010da \u017ertvama \u201eNoc\u0301i terora\u201c u Mitrovici -\",\"isPartOf\":{\"@id\":\"https:\/\/veritasinfo.org\/#website\"},\"primaryImageOfPage\":{\"@id\":\"https:\/\/veritasinfo.org\/?p=30560&lang=sr#primaryimage\"},\"image\":{\"@id\":\"https:\/\/veritasinfo.org\/?p=30560&lang=sr#primaryimage\"},\"thumbnailUrl\":\"https:\/\/veritasinfo.org\/wp-content\/uploads\/2026\/02\/716180-3pGNHJktt1.jpg\",\"datePublished\":\"2026-02-04T12:24:30+00:00\",\"author\":{\"@id\":\"https:\/\/veritasinfo.org\/#\/schema\/person\/bc442336e35414d04494ab8fb45db4c6\"},\"breadcrumb\":{\"@id\":\"https:\/\/veritasinfo.org\/?p=30560&lang=sr#breadcrumb\"},\"inLanguage\":\"en-US\",\"potentialAction\":[{\"@type\":\"ReadAction\",\"target\":[\"https:\/\/veritasinfo.org\/?p=30560&lang=sr\"]}]},{\"@type\":\"ImageObject\",\"inLanguage\":\"en-US\",\"@id\":\"https:\/\/veritasinfo.org\/?p=30560&lang=sr#primaryimage\",\"url\":\"https:\/\/veritasinfo.org\/wp-content\/uploads\/2026\/02\/716180-3pGNHJktt1.jpg\",\"contentUrl\":\"https:\/\/veritasinfo.org\/wp-content\/uploads\/2026\/02\/716180-3pGNHJktt1.jpg\",\"width\":780,\"height\":500},{\"@type\":\"BreadcrumbList\",\"@id\":\"https:\/\/veritasinfo.org\/?p=30560&lang=sr#breadcrumb\",\"itemListElement\":[{\"@type\":\"ListItem\",\"position\":1,\"name\":\"Home\",\"item\":\"https:\/\/veritasinfo.org\/\"},{\"@type\":\"ListItem\",\"position\":2,\"name\":\"Spomen-plo\u010da \u017ertvama \u201eNoc\u0301i terora\u201c u Mitrovici\"}]},{\"@type\":\"WebSite\",\"@id\":\"https:\/\/veritasinfo.org\/#website\",\"url\":\"https:\/\/veritasinfo.org\/\",\"name\":\"\",\"description\":\"\",\"potentialAction\":[{\"@type\":\"SearchAction\",\"target\":{\"@type\":\"EntryPoint\",\"urlTemplate\":\"https:\/\/veritasinfo.org\/?s={search_term_string}\"},\"query-input\":{\"@type\":\"PropertyValueSpecification\",\"valueRequired\":true,\"valueName\":\"search_term_string\"}}],\"inLanguage\":\"en-US\"},{\"@type\":\"Person\",\"@id\":\"https:\/\/veritasinfo.org\/#\/schema\/person\/bc442336e35414d04494ab8fb45db4c6\",\"name\":\"US5\",\"image\":{\"@type\":\"ImageObject\",\"inLanguage\":\"en-US\",\"@id\":\"https:\/\/veritasinfo.org\/#\/schema\/person\/image\/\",\"url\":\"https:\/\/secure.gravatar.com\/avatar\/16a61e7272a0c5d001121ebb9e60e925d5816e4ac1e443ed3e640d9a6ae55d0c?s=96&d=mm&r=g\",\"contentUrl\":\"https:\/\/secure.gravatar.com\/avatar\/16a61e7272a0c5d001121ebb9e60e925d5816e4ac1e443ed3e640d9a6ae55d0c?s=96&d=mm&r=g\",\"caption\":\"US5\"},\"url\":\"https:\/\/veritasinfo.org\/?author=6\"}]}<\/script>\n<!-- \/ Yoast SEO plugin. -->","yoast_head_json":{"title":"Spomen-plo\u010da \u017ertvama \u201eNoc\u0301i terora\u201c u Mitrovici -","robots":{"index":"index","follow":"follow","max-snippet":"max-snippet:-1","max-image-preview":"max-image-preview:large","max-video-preview":"max-video-preview:-1"},"canonical":"https:\/\/veritasinfo.org\/?p=30560&lang=sr","og_locale":"en_US","og_type":"article","og_title":"Spomen-plo\u010da \u017ertvama \u201eNoc\u0301i terora\u201c u Mitrovici -","og_description":"Pri\u0161tina, 04. februar 2026. 13:19 Na novom pe\u0161a\u010dkom mostu u Mitrovici postavljena je spomen-plo\u010da u \u010dast \u017ertava Noc\u0301i terora. Ova plo\u010da obele\u017eava 26. godi\u0161njicu stra\u0161nog","og_url":"https:\/\/veritasinfo.org\/?p=30560&lang=sr","article_published_time":"2026-02-04T12:24:30+00:00","og_image":[{"width":780,"height":500,"url":"https:\/\/veritasinfo.org\/wp-content\/uploads\/2026\/02\/716180-3pGNHJktt1.jpg","type":"image\/jpeg"}],"author":"US5","twitter_card":"summary_large_image","twitter_misc":{"Written by":"US5"},"schema":{"@context":"https:\/\/schema.org","@graph":[{"@type":"WebPage","@id":"https:\/\/veritasinfo.org\/?p=30560&lang=sr","url":"https:\/\/veritasinfo.org\/?p=30560&lang=sr","name":"Spomen-plo\u010da \u017ertvama \u201eNoc\u0301i terora\u201c u Mitrovici -","isPartOf":{"@id":"https:\/\/veritasinfo.org\/#website"},"primaryImageOfPage":{"@id":"https:\/\/veritasinfo.org\/?p=30560&lang=sr#primaryimage"},"image":{"@id":"https:\/\/veritasinfo.org\/?p=30560&lang=sr#primaryimage"},"thumbnailUrl":"https:\/\/veritasinfo.org\/wp-content\/uploads\/2026\/02\/716180-3pGNHJktt1.jpg","datePublished":"2026-02-04T12:24:30+00:00","author":{"@id":"https:\/\/veritasinfo.org\/#\/schema\/person\/bc442336e35414d04494ab8fb45db4c6"},"breadcrumb":{"@id":"https:\/\/veritasinfo.org\/?p=30560&lang=sr#breadcrumb"},"inLanguage":"en-US","potentialAction":[{"@type":"ReadAction","target":["https:\/\/veritasinfo.org\/?p=30560&lang=sr"]}]},{"@type":"ImageObject","inLanguage":"en-US","@id":"https:\/\/veritasinfo.org\/?p=30560&lang=sr#primaryimage","url":"https:\/\/veritasinfo.org\/wp-content\/uploads\/2026\/02\/716180-3pGNHJktt1.jpg","contentUrl":"https:\/\/veritasinfo.org\/wp-content\/uploads\/2026\/02\/716180-3pGNHJktt1.jpg","width":780,"height":500},{"@type":"BreadcrumbList","@id":"https:\/\/veritasinfo.org\/?p=30560&lang=sr#breadcrumb","itemListElement":[{"@type":"ListItem","position":1,"name":"Home","item":"https:\/\/veritasinfo.org\/"},{"@type":"ListItem","position":2,"name":"Spomen-plo\u010da \u017ertvama \u201eNoc\u0301i terora\u201c u Mitrovici"}]},{"@type":"WebSite","@id":"https:\/\/veritasinfo.org\/#website","url":"https:\/\/veritasinfo.org\/","name":"","description":"","potentialAction":[{"@type":"SearchAction","target":{"@type":"EntryPoint","urlTemplate":"https:\/\/veritasinfo.org\/?s={search_term_string}"},"query-input":{"@type":"PropertyValueSpecification","valueRequired":true,"valueName":"search_term_string"}}],"inLanguage":"en-US"},{"@type":"Person","@id":"https:\/\/veritasinfo.org\/#\/schema\/person\/bc442336e35414d04494ab8fb45db4c6","name":"US5","image":{"@type":"ImageObject","inLanguage":"en-US","@id":"https:\/\/veritasinfo.org\/#\/schema\/person\/image\/","url":"https:\/\/secure.gravatar.com\/avatar\/16a61e7272a0c5d001121ebb9e60e925d5816e4ac1e443ed3e640d9a6ae55d0c?s=96&d=mm&r=g","contentUrl":"https:\/\/secure.gravatar.com\/avatar\/16a61e7272a0c5d001121ebb9e60e925d5816e4ac1e443ed3e640d9a6ae55d0c?s=96&d=mm&r=g","caption":"US5"},"url":"https:\/\/veritasinfo.org\/?author=6"}]}},"featured_image_urls":{"full":["https:\/\/veritasinfo.org\/wp-content\/uploads\/2026\/02\/716180-3pGNHJktt1.jpg",780,500,false],"thumbnail":["https:\/\/veritasinfo.org\/wp-content\/uploads\/2026\/02\/716180-3pGNHJktt1-150x150.jpg",150,150,true],"medium":["https:\/\/veritasinfo.org\/wp-content\/uploads\/2026\/02\/716180-3pGNHJktt1-300x192.jpg",300,192,true],"medium_large":["https:\/\/veritasinfo.org\/wp-content\/uploads\/2026\/02\/716180-3pGNHJktt1-768x492.jpg",640,410,true],"large":["https:\/\/veritasinfo.org\/wp-content\/uploads\/2026\/02\/716180-3pGNHJktt1.jpg",640,410,false],"1536x1536":["https:\/\/veritasinfo.org\/wp-content\/uploads\/2026\/02\/716180-3pGNHJktt1.jpg",780,500,false],"2048x2048":["https:\/\/veritasinfo.org\/wp-content\/uploads\/2026\/02\/716180-3pGNHJktt1.jpg",780,500,false],"kreeti-slider-full":["https:\/\/veritasinfo.org\/wp-content\/uploads\/2026\/02\/716180-3pGNHJktt1.jpg",780,500,false],"kreeti-featured":["https:\/\/veritasinfo.org\/wp-content\/uploads\/2026\/02\/716180-3pGNHJktt1.jpg",780,500,false],"kreeti-medium":["https:\/\/veritasinfo.org\/wp-content\/uploads\/2026\/02\/716180-3pGNHJktt1.jpg",720,462,false],"kreeti-medium-square":["https:\/\/veritasinfo.org\/wp-content\/uploads\/2026\/02\/716180-3pGNHJktt1.jpg",350,224,false]},"author_info":{"info":["US5"]},"category_info":"<a href=\"https:\/\/veritasinfo.org\/?cat=30&#038;lang=sr\" rel=\"category\">Dru\u0161tvo<\/a>","tag_info":"Dru\u0161tvo","comment_count":"0","_links":{"self":[{"href":"https:\/\/veritasinfo.org\/index.php?rest_route=\/wp\/v2\/posts\/30560","targetHints":{"allow":["GET"]}}],"collection":[{"href":"https:\/\/veritasinfo.org\/index.php?rest_route=\/wp\/v2\/posts"}],"about":[{"href":"https:\/\/veritasinfo.org\/index.php?rest_route=\/wp\/v2\/types\/post"}],"author":[{"embeddable":true,"href":"https:\/\/veritasinfo.org\/index.php?rest_route=\/wp\/v2\/users\/6"}],"replies":[{"embeddable":true,"href":"https:\/\/veritasinfo.org\/index.php?rest_route=%2Fwp%2Fv2%2Fcomments&post=30560"}],"version-history":[{"count":1,"href":"https:\/\/veritasinfo.org\/index.php?rest_route=\/wp\/v2\/posts\/30560\/revisions"}],"predecessor-version":[{"id":30561,"href":"https:\/\/veritasinfo.org\/index.php?rest_route=\/wp\/v2\/posts\/30560\/revisions\/30561"}],"wp:featuredmedia":[{"embeddable":true,"href":"https:\/\/veritasinfo.org\/index.php?rest_route=\/wp\/v2\/media\/30558"}],"wp:attachment":[{"href":"https:\/\/veritasinfo.org\/index.php?rest_route=%2Fwp%2Fv2%2Fmedia&parent=30560"}],"wp:term":[{"taxonomy":"category","embeddable":true,"href":"https:\/\/veritasinfo.org\/index.php?rest_route=%2Fwp%2Fv2%2Fcategories&post=30560"},{"taxonomy":"post_tag","embeddable":true,"href":"https:\/\/veritasinfo.org\/index.php?rest_route=%2Fwp%2Fv2%2Ftags&post=30560"}],"curies":[{"name":"wp","href":"https:\/\/api.w.org\/{rel}","templated":true}]}}