{"id":30489,"date":"2026-02-04T08:05:32","date_gmt":"2026-02-04T07:05:32","guid":{"rendered":"https:\/\/veritasinfo.org\/?p=30489"},"modified":"2026-02-04T08:05:32","modified_gmt":"2026-02-04T07:05:32","slug":"lugina-e-presheves-hyn-ne-vemendjen-institucionale-te-shba-se","status":"publish","type":"post","link":"https:\/\/veritasinfo.org\/?p=30489","title":{"rendered":"Lugina e Preshev\u00ebs hyn n\u00eb v\u00ebmendjen institucionale t\u00eb SHBA-s\u00eb"},"content":{"rendered":"<p>Prishtin\u00eb 04 shkurt 2026 08:04<\/p>\n<p>Deputeti shqiptar n\u00eb Parlamentin e Serbis\u00eb, Shaip Kamberi, ka b\u00ebr\u00eb t\u00eb ditur se \u00ebsht\u00eb nisur drejt Uashingtonit n\u00eb at\u00eb q\u00eb e cil\u00ebson si nj\u00eb moment vendimtar p\u00ebr shqiptar\u00ebt e Lugin\u00ebs s\u00eb Preshev\u00ebs, transmeton KosovaPress.<\/p>\n<p>Kamberi thekson se pas miratimit t\u00eb rezolut\u00ebs H.R. 6411 \u2013 Presheva Valley Discrimination Assessment Act (Akti i Vler\u00ebsimit t\u00eb Diskriminimit n\u00eb Lugin\u00ebn e Preshev\u00ebs), t\u00eb sponsorizuar nga kongresisti amerikan Keith Self (R\u2013Texas), \u00e7\u00ebshtja e Lugin\u00ebs s\u00eb Preshev\u00ebs ka hyr\u00eb p\u00ebrfundimisht n\u00eb v\u00ebmendjen institucionale t\u00eb Shteteve t\u00eb Bashkuara.<\/p>\n<p>Sipas tij, gjat\u00eb q\u00ebndrimit n\u00eb Uashington do t\u00eb zhvillohen angazhime t\u00eb drejtp\u00ebrdrejta me Departamentin e Shtetit dhe Kongresin amerikan, n\u00eb takime ku pritet t\u00eb form\u00ebsohet qasja e SHBA-s\u00eb ndaj Lugin\u00ebs s\u00eb Preshev\u00ebs.<br \/>\n\u201cPas miratimit t\u00eb H.R. 6411 &#8211; Presheva Valley Discrimination Assessment Act (Akti i Vler\u00ebsimit t\u00eb Diskriminimit n\u00eb Lugin\u00ebn e Preshev\u00ebs), t\u00eb sponsorizuar nga Kongresisti Keith Self (R. Texas), Lugina ka hyr\u00eb p\u00ebrfundimisht n\u00eb v\u00ebmendjen institucionale t\u00eb Shteteve t\u00eb Bashkuara. N\u00eb Uashington do t\u00eb angazhohemi drejtp\u00ebrdrejt me Departamentin e Shtetit, Kongresin Amerikann\u00eb takime q\u00eb form\u00ebsohet qasja amerikane ndaj Lugin\u00ebs. Mesazhi \u00ebsht\u00eb i qart\u00eb: diskriminimi sistematik ndaj shqiptar\u00ebve t\u00eb Lugin\u00ebs nuk \u00ebsht\u00eb m\u00eb \u00e7\u00ebshtje periferike- \u00ebsht\u00eb \u00e7\u00ebshtje e t\u00eb drejtave t\u00eb njeriut dhe e demokracis\u00eb\u201d, shkruan Kamberi n\u00eb Facebook.<\/p>\n<p>Lexo po ashtu<br \/>\nAi ka shprehur fal\u00ebnderime t\u00eb ve\u00e7anta p\u00ebr Lig\u00ebn Qytetare Shqiptaro-Amerikane, me n\u00eb krye Joe DioGuardi, organizat\u00ebn Albanians for America (Shqiptar\u00ebt p\u00ebr Amerik\u00ebn), Gino Mulliqin, shqiptar\u00ebt e Teksasit, K\u00ebshillin Komb\u00ebtar Shqiptar, si dhe p\u00ebr Qeverin\u00eb e Kosov\u00ebs, p\u00ebr mb\u00ebshtetjen e dh\u00ebn\u00eb n\u00eb k\u00ebt\u00eb proces t\u00eb p\u00ebrbashk\u00ebt avokimi p\u00ebr t\u00eb drejtat e shqiptar\u00ebve t\u00eb Lugin\u00ebs s\u00eb Preshev\u00ebs.<br \/>\nLexo po ashtu<\/p>\n","protected":false},"excerpt":{"rendered":"<p>Prishtin\u00eb 04 shkurt 2026 08:04 Deputeti shqiptar n\u00eb Parlamentin e Serbis\u00eb, Shaip Kamberi, ka b\u00ebr\u00eb t\u00eb ditur se \u00ebsht\u00eb nisur drejt Uashingtonit n\u00eb at\u00eb q\u00eb<\/p>\n","protected":false},"author":6,"featured_media":30492,"comment_status":"open","ping_status":"open","sticky":false,"template":"","format":"standard","meta":{"footnotes":""},"categories":[58],"tags":[],"class_list":["post-30489","post","type-post","status-publish","format-standard","has-post-thumbnail","hentry","category-politike-sq"],"yoast_head":"<!-- This site is optimized with the Yoast SEO plugin v25.3.1 - https:\/\/yoast.com\/wordpress\/plugins\/seo\/ -->\n<title>Lugina e Preshev\u00ebs hyn n\u00eb v\u00ebmendjen institucionale t\u00eb SHBA-s\u00eb -<\/title>\n<meta name=\"robots\" content=\"index, follow, max-snippet:-1, max-image-preview:large, max-video-preview:-1\" \/>\n<link rel=\"canonical\" href=\"https:\/\/veritasinfo.org\/?p=30489\" \/>\n<meta property=\"og:locale\" content=\"en_US\" \/>\n<meta property=\"og:type\" content=\"article\" \/>\n<meta property=\"og:title\" content=\"Lugina e Preshev\u00ebs hyn n\u00eb v\u00ebmendjen institucionale t\u00eb SHBA-s\u00eb -\" \/>\n<meta property=\"og:description\" content=\"Prishtin\u00eb 04 shkurt 2026 08:04 Deputeti shqiptar n\u00eb Parlamentin e Serbis\u00eb, Shaip Kamberi, ka b\u00ebr\u00eb t\u00eb ditur se \u00ebsht\u00eb nisur drejt Uashingtonit n\u00eb at\u00eb q\u00eb\" \/>\n<meta property=\"og:url\" content=\"https:\/\/veritasinfo.org\/?p=30489\" \/>\n<meta property=\"article:published_time\" content=\"2026-02-04T07:05:32+00:00\" \/>\n<meta property=\"og:image\" content=\"https:\/\/veritasinfo.org\/wp-content\/uploads\/2026\/02\/700967_Kamberi-050126.webp\" \/>\n\t<meta property=\"og:image:width\" content=\"900\" \/>\n\t<meta property=\"og:image:height\" content=\"600\" \/>\n\t<meta property=\"og:image:type\" content=\"image\/webp\" \/>\n<meta name=\"author\" content=\"US5\" \/>\n<meta name=\"twitter:card\" content=\"summary_large_image\" \/>\n<meta name=\"twitter:label1\" content=\"Written by\" \/>\n\t<meta name=\"twitter:data1\" content=\"US5\" \/>\n<script type=\"application\/ld+json\" class=\"yoast-schema-graph\">{\"@context\":\"https:\/\/schema.org\",\"@graph\":[{\"@type\":\"WebPage\",\"@id\":\"https:\/\/veritasinfo.org\/?p=30489\",\"url\":\"https:\/\/veritasinfo.org\/?p=30489\",\"name\":\"Lugina e Preshev\u00ebs hyn n\u00eb v\u00ebmendjen institucionale t\u00eb SHBA-s\u00eb -\",\"isPartOf\":{\"@id\":\"https:\/\/veritasinfo.org\/#website\"},\"primaryImageOfPage\":{\"@id\":\"https:\/\/veritasinfo.org\/?p=30489#primaryimage\"},\"image\":{\"@id\":\"https:\/\/veritasinfo.org\/?p=30489#primaryimage\"},\"thumbnailUrl\":\"https:\/\/veritasinfo.org\/wp-content\/uploads\/2026\/02\/700967_Kamberi-050126.webp\",\"datePublished\":\"2026-02-04T07:05:32+00:00\",\"author\":{\"@id\":\"https:\/\/veritasinfo.org\/#\/schema\/person\/bc442336e35414d04494ab8fb45db4c6\"},\"breadcrumb\":{\"@id\":\"https:\/\/veritasinfo.org\/?p=30489#breadcrumb\"},\"inLanguage\":\"en-US\",\"potentialAction\":[{\"@type\":\"ReadAction\",\"target\":[\"https:\/\/veritasinfo.org\/?p=30489\"]}]},{\"@type\":\"ImageObject\",\"inLanguage\":\"en-US\",\"@id\":\"https:\/\/veritasinfo.org\/?p=30489#primaryimage\",\"url\":\"https:\/\/veritasinfo.org\/wp-content\/uploads\/2026\/02\/700967_Kamberi-050126.webp\",\"contentUrl\":\"https:\/\/veritasinfo.org\/wp-content\/uploads\/2026\/02\/700967_Kamberi-050126.webp\",\"width\":900,\"height\":600},{\"@type\":\"BreadcrumbList\",\"@id\":\"https:\/\/veritasinfo.org\/?p=30489#breadcrumb\",\"itemListElement\":[{\"@type\":\"ListItem\",\"position\":1,\"name\":\"Home\",\"item\":\"https:\/\/veritasinfo.org\/\"},{\"@type\":\"ListItem\",\"position\":2,\"name\":\"Lugina e Preshev\u00ebs hyn n\u00eb v\u00ebmendjen institucionale t\u00eb SHBA-s\u00eb\"}]},{\"@type\":\"WebSite\",\"@id\":\"https:\/\/veritasinfo.org\/#website\",\"url\":\"https:\/\/veritasinfo.org\/\",\"name\":\"\",\"description\":\"\",\"potentialAction\":[{\"@type\":\"SearchAction\",\"target\":{\"@type\":\"EntryPoint\",\"urlTemplate\":\"https:\/\/veritasinfo.org\/?s={search_term_string}\"},\"query-input\":{\"@type\":\"PropertyValueSpecification\",\"valueRequired\":true,\"valueName\":\"search_term_string\"}}],\"inLanguage\":\"en-US\"},{\"@type\":\"Person\",\"@id\":\"https:\/\/veritasinfo.org\/#\/schema\/person\/bc442336e35414d04494ab8fb45db4c6\",\"name\":\"US5\",\"image\":{\"@type\":\"ImageObject\",\"inLanguage\":\"en-US\",\"@id\":\"https:\/\/veritasinfo.org\/#\/schema\/person\/image\/\",\"url\":\"https:\/\/secure.gravatar.com\/avatar\/16a61e7272a0c5d001121ebb9e60e925d5816e4ac1e443ed3e640d9a6ae55d0c?s=96&d=mm&r=g\",\"contentUrl\":\"https:\/\/secure.gravatar.com\/avatar\/16a61e7272a0c5d001121ebb9e60e925d5816e4ac1e443ed3e640d9a6ae55d0c?s=96&d=mm&r=g\",\"caption\":\"US5\"},\"url\":\"https:\/\/veritasinfo.org\/?author=6\"}]}<\/script>\n<!-- \/ Yoast SEO plugin. -->","yoast_head_json":{"title":"Lugina e Preshev\u00ebs hyn n\u00eb v\u00ebmendjen institucionale t\u00eb SHBA-s\u00eb -","robots":{"index":"index","follow":"follow","max-snippet":"max-snippet:-1","max-image-preview":"max-image-preview:large","max-video-preview":"max-video-preview:-1"},"canonical":"https:\/\/veritasinfo.org\/?p=30489","og_locale":"en_US","og_type":"article","og_title":"Lugina e Preshev\u00ebs hyn n\u00eb v\u00ebmendjen institucionale t\u00eb SHBA-s\u00eb -","og_description":"Prishtin\u00eb 04 shkurt 2026 08:04 Deputeti shqiptar n\u00eb Parlamentin e Serbis\u00eb, Shaip Kamberi, ka b\u00ebr\u00eb t\u00eb ditur se \u00ebsht\u00eb nisur drejt Uashingtonit n\u00eb at\u00eb q\u00eb","og_url":"https:\/\/veritasinfo.org\/?p=30489","article_published_time":"2026-02-04T07:05:32+00:00","og_image":[{"width":900,"height":600,"url":"https:\/\/veritasinfo.org\/wp-content\/uploads\/2026\/02\/700967_Kamberi-050126.webp","type":"image\/webp"}],"author":"US5","twitter_card":"summary_large_image","twitter_misc":{"Written by":"US5"},"schema":{"@context":"https:\/\/schema.org","@graph":[{"@type":"WebPage","@id":"https:\/\/veritasinfo.org\/?p=30489","url":"https:\/\/veritasinfo.org\/?p=30489","name":"Lugina e Preshev\u00ebs hyn n\u00eb v\u00ebmendjen institucionale t\u00eb SHBA-s\u00eb -","isPartOf":{"@id":"https:\/\/veritasinfo.org\/#website"},"primaryImageOfPage":{"@id":"https:\/\/veritasinfo.org\/?p=30489#primaryimage"},"image":{"@id":"https:\/\/veritasinfo.org\/?p=30489#primaryimage"},"thumbnailUrl":"https:\/\/veritasinfo.org\/wp-content\/uploads\/2026\/02\/700967_Kamberi-050126.webp","datePublished":"2026-02-04T07:05:32+00:00","author":{"@id":"https:\/\/veritasinfo.org\/#\/schema\/person\/bc442336e35414d04494ab8fb45db4c6"},"breadcrumb":{"@id":"https:\/\/veritasinfo.org\/?p=30489#breadcrumb"},"inLanguage":"en-US","potentialAction":[{"@type":"ReadAction","target":["https:\/\/veritasinfo.org\/?p=30489"]}]},{"@type":"ImageObject","inLanguage":"en-US","@id":"https:\/\/veritasinfo.org\/?p=30489#primaryimage","url":"https:\/\/veritasinfo.org\/wp-content\/uploads\/2026\/02\/700967_Kamberi-050126.webp","contentUrl":"https:\/\/veritasinfo.org\/wp-content\/uploads\/2026\/02\/700967_Kamberi-050126.webp","width":900,"height":600},{"@type":"BreadcrumbList","@id":"https:\/\/veritasinfo.org\/?p=30489#breadcrumb","itemListElement":[{"@type":"ListItem","position":1,"name":"Home","item":"https:\/\/veritasinfo.org\/"},{"@type":"ListItem","position":2,"name":"Lugina e Preshev\u00ebs hyn n\u00eb v\u00ebmendjen institucionale t\u00eb SHBA-s\u00eb"}]},{"@type":"WebSite","@id":"https:\/\/veritasinfo.org\/#website","url":"https:\/\/veritasinfo.org\/","name":"","description":"","potentialAction":[{"@type":"SearchAction","target":{"@type":"EntryPoint","urlTemplate":"https:\/\/veritasinfo.org\/?s={search_term_string}"},"query-input":{"@type":"PropertyValueSpecification","valueRequired":true,"valueName":"search_term_string"}}],"inLanguage":"en-US"},{"@type":"Person","@id":"https:\/\/veritasinfo.org\/#\/schema\/person\/bc442336e35414d04494ab8fb45db4c6","name":"US5","image":{"@type":"ImageObject","inLanguage":"en-US","@id":"https:\/\/veritasinfo.org\/#\/schema\/person\/image\/","url":"https:\/\/secure.gravatar.com\/avatar\/16a61e7272a0c5d001121ebb9e60e925d5816e4ac1e443ed3e640d9a6ae55d0c?s=96&d=mm&r=g","contentUrl":"https:\/\/secure.gravatar.com\/avatar\/16a61e7272a0c5d001121ebb9e60e925d5816e4ac1e443ed3e640d9a6ae55d0c?s=96&d=mm&r=g","caption":"US5"},"url":"https:\/\/veritasinfo.org\/?author=6"}]}},"featured_image_urls":{"full":["https:\/\/veritasinfo.org\/wp-content\/uploads\/2026\/02\/700967_Kamberi-050126.webp",900,600,false],"thumbnail":["https:\/\/veritasinfo.org\/wp-content\/uploads\/2026\/02\/700967_Kamberi-050126-150x150.webp",150,150,true],"medium":["https:\/\/veritasinfo.org\/wp-content\/uploads\/2026\/02\/700967_Kamberi-050126-300x200.webp",300,200,true],"medium_large":["https:\/\/veritasinfo.org\/wp-content\/uploads\/2026\/02\/700967_Kamberi-050126-768x512.webp",640,427,true],"large":["https:\/\/veritasinfo.org\/wp-content\/uploads\/2026\/02\/700967_Kamberi-050126.webp",640,427,false],"1536x1536":["https:\/\/veritasinfo.org\/wp-content\/uploads\/2026\/02\/700967_Kamberi-050126.webp",900,600,false],"2048x2048":["https:\/\/veritasinfo.org\/wp-content\/uploads\/2026\/02\/700967_Kamberi-050126.webp",900,600,false],"kreeti-slider-full":["https:\/\/veritasinfo.org\/wp-content\/uploads\/2026\/02\/700967_Kamberi-050126.webp",900,600,false],"kreeti-featured":["https:\/\/veritasinfo.org\/wp-content\/uploads\/2026\/02\/700967_Kamberi-050126.webp",900,600,false],"kreeti-medium":["https:\/\/veritasinfo.org\/wp-content\/uploads\/2026\/02\/700967_Kamberi-050126.webp",720,480,false],"kreeti-medium-square":["https:\/\/veritasinfo.org\/wp-content\/uploads\/2026\/02\/700967_Kamberi-050126.webp",350,233,false]},"author_info":{"info":["US5"]},"category_info":"<a href=\"https:\/\/veritasinfo.org\/?cat=58\" rel=\"category\">Politik\u00eb<\/a>","tag_info":"Politik\u00eb","comment_count":"0","_links":{"self":[{"href":"https:\/\/veritasinfo.org\/index.php?rest_route=\/wp\/v2\/posts\/30489","targetHints":{"allow":["GET"]}}],"collection":[{"href":"https:\/\/veritasinfo.org\/index.php?rest_route=\/wp\/v2\/posts"}],"about":[{"href":"https:\/\/veritasinfo.org\/index.php?rest_route=\/wp\/v2\/types\/post"}],"author":[{"embeddable":true,"href":"https:\/\/veritasinfo.org\/index.php?rest_route=\/wp\/v2\/users\/6"}],"replies":[{"embeddable":true,"href":"https:\/\/veritasinfo.org\/index.php?rest_route=%2Fwp%2Fv2%2Fcomments&post=30489"}],"version-history":[{"count":1,"href":"https:\/\/veritasinfo.org\/index.php?rest_route=\/wp\/v2\/posts\/30489\/revisions"}],"predecessor-version":[{"id":30494,"href":"https:\/\/veritasinfo.org\/index.php?rest_route=\/wp\/v2\/posts\/30489\/revisions\/30494"}],"wp:featuredmedia":[{"embeddable":true,"href":"https:\/\/veritasinfo.org\/index.php?rest_route=\/wp\/v2\/media\/30492"}],"wp:attachment":[{"href":"https:\/\/veritasinfo.org\/index.php?rest_route=%2Fwp%2Fv2%2Fmedia&parent=30489"}],"wp:term":[{"taxonomy":"category","embeddable":true,"href":"https:\/\/veritasinfo.org\/index.php?rest_route=%2Fwp%2Fv2%2Fcategories&post=30489"},{"taxonomy":"post_tag","embeddable":true,"href":"https:\/\/veritasinfo.org\/index.php?rest_route=%2Fwp%2Fv2%2Ftags&post=30489"}],"curies":[{"name":"wp","href":"https:\/\/api.w.org\/{rel}","templated":true}]}}