{"id":30486,"date":"2026-02-04T08:04:03","date_gmt":"2026-02-04T07:04:03","guid":{"rendered":"https:\/\/veritasinfo.org\/?p=30486"},"modified":"2026-02-04T08:04:03","modified_gmt":"2026-02-04T07:04:03","slug":"ish-shefi-i-shik-ut-kosova-di-me-mencuri-te-perballoje-cdo-agresion-serb","status":"publish","type":"post","link":"https:\/\/veritasinfo.org\/?p=30486","title":{"rendered":"Ish-shefi i SHIK-ut: Kosova di me men\u00e7uri t\u00eb p\u00ebrballoj\u00eb \u00e7do agresion serb"},"content":{"rendered":"<p>Prishtin\u00eb, 4 shkurt 2026 08:02<\/p>\n<p>Ish-shefi i Sh\u00ebrbimit Informativ Komb\u00ebtar t\u00eb Shqip\u00ebris\u00eb n\u00eb fillim t\u00eb viteve 1990, Irakli Ko\u00e7ollari, ka deklaruar se Serbia vazhdon t\u00eb mbaj\u00eb q\u00ebndrime aktive dhe t\u00eb rrezikshme ndaj Kosov\u00ebs, duke th\u00ebn\u00eb se mentaliteti i shtetit t\u00eb madh vazhdon t\u00eb jet\u00eb i rr\u00ebnjosur n\u00eb politik\u00ebn dhe qasjen e saj.<\/p>\n<p>N\u00eb Debat Plus, Ko\u00e7ollari tha se veprimet e Serbis\u00eb d\u00ebshmojn\u00eb se ajo ende ushqen ambicie hegjemoniste, nd\u00ebrsa p\u00ebrmendi rastin e sulmit terrorist n\u00eb Banjsk\u00eb ku mbeti i vrar\u00eb nj\u00eb zyrtar policor i Kosov\u00ebs.<\/p>\n<p>&#8220;N\u00eb k\u00ebt\u00eb kuptim ata jan\u00eb aktiv, k\u00ebt\u00eb duhet ta kuptojm\u00eb mir\u00eb. Se jan\u00eb m\u00ebsuar me idet\u00eb e shtetit t\u00eb madh, t\u00eb orekseve t\u00eb m\u00ebdha. Shikoje, vran\u00eb atje policin ton\u00eb, njeriun ton\u00eb t\u00eb shtrenjt\u00eb dhe akoma nuk e dor\u00ebzon kriminelin, kur dihet q\u00eb \u00ebsht\u00eb e filmuar. Ata jan\u00eb t\u00eb bindur, t\u00eb bindur duhet t\u00eb jemi dhe ne p\u00ebr t\u00eb mbrojtur vendin ton\u00eb, Kosov\u00ebn\u2026Ka bij\u00eb t\u00eb devotsh\u00ebm dhe t\u00eb denj\u00eb e them e me emision k\u00ebt\u00eb, patriot si rrall\u00eb kush. Q\u00eb di t\u00eb p\u00ebrballoj\u00eb edhe me men\u00e7uri, edhe me aft\u00ebsi profesionale edhe me devocion \u00e7do lloj tentative t\u00eb agresiviteti serb\u201d, ka th\u00ebn\u00eb Ko\u00e7ollari.<\/p>\n","protected":false},"excerpt":{"rendered":"<p>Prishtin\u00eb, 4 shkurt 2026 08:02 Ish-shefi i Sh\u00ebrbimit Informativ Komb\u00ebtar t\u00eb Shqip\u00ebris\u00eb n\u00eb fillim t\u00eb viteve 1990, Irakli Ko\u00e7ollari, ka deklaruar se Serbia vazhdon t\u00eb<\/p>\n","protected":false},"author":7,"featured_media":30490,"comment_status":"open","ping_status":"open","sticky":false,"template":"","format":"standard","meta":{"footnotes":""},"categories":[58],"tags":[],"class_list":["post-30486","post","type-post","status-publish","format-standard","has-post-thumbnail","hentry","category-politike-sq"],"yoast_head":"<!-- This site is optimized with the Yoast SEO plugin v25.3.1 - https:\/\/yoast.com\/wordpress\/plugins\/seo\/ -->\n<title>Ish-shefi i SHIK-ut: Kosova di me men\u00e7uri t\u00eb p\u00ebrballoj\u00eb \u00e7do agresion serb -<\/title>\n<meta name=\"robots\" content=\"index, follow, max-snippet:-1, max-image-preview:large, max-video-preview:-1\" \/>\n<link rel=\"canonical\" href=\"https:\/\/veritasinfo.org\/?p=30486\" \/>\n<meta property=\"og:locale\" content=\"en_US\" \/>\n<meta property=\"og:type\" content=\"article\" \/>\n<meta property=\"og:title\" content=\"Ish-shefi i SHIK-ut: Kosova di me men\u00e7uri t\u00eb p\u00ebrballoj\u00eb \u00e7do agresion serb -\" \/>\n<meta property=\"og:description\" content=\"Prishtin\u00eb, 4 shkurt 2026 08:02 Ish-shefi i Sh\u00ebrbimit Informativ Komb\u00ebtar t\u00eb Shqip\u00ebris\u00eb n\u00eb fillim t\u00eb viteve 1990, Irakli Ko\u00e7ollari, ka deklaruar se Serbia vazhdon t\u00eb\" \/>\n<meta property=\"og:url\" content=\"https:\/\/veritasinfo.org\/?p=30486\" \/>\n<meta property=\"article:published_time\" content=\"2026-02-04T07:04:03+00:00\" \/>\n<meta property=\"og:image\" content=\"https:\/\/veritasinfo.org\/wp-content\/uploads\/2026\/02\/iraklikocollari-1024x631-1.jpg\" \/>\n\t<meta property=\"og:image:width\" content=\"1024\" \/>\n\t<meta property=\"og:image:height\" content=\"631\" \/>\n\t<meta property=\"og:image:type\" content=\"image\/jpeg\" \/>\n<meta name=\"author\" content=\"US6\" \/>\n<meta name=\"twitter:card\" content=\"summary_large_image\" \/>\n<meta name=\"twitter:label1\" content=\"Written by\" \/>\n\t<meta name=\"twitter:data1\" content=\"US6\" \/>\n\t<meta name=\"twitter:label2\" content=\"Est. reading time\" \/>\n\t<meta name=\"twitter:data2\" content=\"2 minutes\" \/>\n<script type=\"application\/ld+json\" class=\"yoast-schema-graph\">{\"@context\":\"https:\/\/schema.org\",\"@graph\":[{\"@type\":\"WebPage\",\"@id\":\"https:\/\/veritasinfo.org\/?p=30486\",\"url\":\"https:\/\/veritasinfo.org\/?p=30486\",\"name\":\"Ish-shefi i SHIK-ut: Kosova di me men\u00e7uri t\u00eb p\u00ebrballoj\u00eb \u00e7do agresion serb -\",\"isPartOf\":{\"@id\":\"https:\/\/veritasinfo.org\/#website\"},\"primaryImageOfPage\":{\"@id\":\"https:\/\/veritasinfo.org\/?p=30486#primaryimage\"},\"image\":{\"@id\":\"https:\/\/veritasinfo.org\/?p=30486#primaryimage\"},\"thumbnailUrl\":\"https:\/\/veritasinfo.org\/wp-content\/uploads\/2026\/02\/iraklikocollari-1024x631-1.jpg\",\"datePublished\":\"2026-02-04T07:04:03+00:00\",\"author\":{\"@id\":\"https:\/\/veritasinfo.org\/#\/schema\/person\/fe199eede04c3937362892b7444747cc\"},\"breadcrumb\":{\"@id\":\"https:\/\/veritasinfo.org\/?p=30486#breadcrumb\"},\"inLanguage\":\"en-US\",\"potentialAction\":[{\"@type\":\"ReadAction\",\"target\":[\"https:\/\/veritasinfo.org\/?p=30486\"]}]},{\"@type\":\"ImageObject\",\"inLanguage\":\"en-US\",\"@id\":\"https:\/\/veritasinfo.org\/?p=30486#primaryimage\",\"url\":\"https:\/\/veritasinfo.org\/wp-content\/uploads\/2026\/02\/iraklikocollari-1024x631-1.jpg\",\"contentUrl\":\"https:\/\/veritasinfo.org\/wp-content\/uploads\/2026\/02\/iraklikocollari-1024x631-1.jpg\",\"width\":1024,\"height\":631},{\"@type\":\"BreadcrumbList\",\"@id\":\"https:\/\/veritasinfo.org\/?p=30486#breadcrumb\",\"itemListElement\":[{\"@type\":\"ListItem\",\"position\":1,\"name\":\"Home\",\"item\":\"https:\/\/veritasinfo.org\/\"},{\"@type\":\"ListItem\",\"position\":2,\"name\":\"Ish-shefi i SHIK-ut: Kosova di me men\u00e7uri t\u00eb p\u00ebrballoj\u00eb \u00e7do agresion serb\"}]},{\"@type\":\"WebSite\",\"@id\":\"https:\/\/veritasinfo.org\/#website\",\"url\":\"https:\/\/veritasinfo.org\/\",\"name\":\"\",\"description\":\"\",\"potentialAction\":[{\"@type\":\"SearchAction\",\"target\":{\"@type\":\"EntryPoint\",\"urlTemplate\":\"https:\/\/veritasinfo.org\/?s={search_term_string}\"},\"query-input\":{\"@type\":\"PropertyValueSpecification\",\"valueRequired\":true,\"valueName\":\"search_term_string\"}}],\"inLanguage\":\"en-US\"},{\"@type\":\"Person\",\"@id\":\"https:\/\/veritasinfo.org\/#\/schema\/person\/fe199eede04c3937362892b7444747cc\",\"name\":\"US6\",\"image\":{\"@type\":\"ImageObject\",\"inLanguage\":\"en-US\",\"@id\":\"https:\/\/veritasinfo.org\/#\/schema\/person\/image\/\",\"url\":\"https:\/\/secure.gravatar.com\/avatar\/cb16c3c31c9d23b9b8c705964598220b3014e42ff51eb540ff23cefa3ae8c15f?s=96&d=mm&r=g\",\"contentUrl\":\"https:\/\/secure.gravatar.com\/avatar\/cb16c3c31c9d23b9b8c705964598220b3014e42ff51eb540ff23cefa3ae8c15f?s=96&d=mm&r=g\",\"caption\":\"US6\"},\"url\":\"https:\/\/veritasinfo.org\/?author=7\"}]}<\/script>\n<!-- \/ Yoast SEO plugin. -->","yoast_head_json":{"title":"Ish-shefi i SHIK-ut: Kosova di me men\u00e7uri t\u00eb p\u00ebrballoj\u00eb \u00e7do agresion serb -","robots":{"index":"index","follow":"follow","max-snippet":"max-snippet:-1","max-image-preview":"max-image-preview:large","max-video-preview":"max-video-preview:-1"},"canonical":"https:\/\/veritasinfo.org\/?p=30486","og_locale":"en_US","og_type":"article","og_title":"Ish-shefi i SHIK-ut: Kosova di me men\u00e7uri t\u00eb p\u00ebrballoj\u00eb \u00e7do agresion serb -","og_description":"Prishtin\u00eb, 4 shkurt 2026 08:02 Ish-shefi i Sh\u00ebrbimit Informativ Komb\u00ebtar t\u00eb Shqip\u00ebris\u00eb n\u00eb fillim t\u00eb viteve 1990, Irakli Ko\u00e7ollari, ka deklaruar se Serbia vazhdon t\u00eb","og_url":"https:\/\/veritasinfo.org\/?p=30486","article_published_time":"2026-02-04T07:04:03+00:00","og_image":[{"width":1024,"height":631,"url":"https:\/\/veritasinfo.org\/wp-content\/uploads\/2026\/02\/iraklikocollari-1024x631-1.jpg","type":"image\/jpeg"}],"author":"US6","twitter_card":"summary_large_image","twitter_misc":{"Written by":"US6","Est. reading time":"2 minutes"},"schema":{"@context":"https:\/\/schema.org","@graph":[{"@type":"WebPage","@id":"https:\/\/veritasinfo.org\/?p=30486","url":"https:\/\/veritasinfo.org\/?p=30486","name":"Ish-shefi i SHIK-ut: Kosova di me men\u00e7uri t\u00eb p\u00ebrballoj\u00eb \u00e7do agresion serb -","isPartOf":{"@id":"https:\/\/veritasinfo.org\/#website"},"primaryImageOfPage":{"@id":"https:\/\/veritasinfo.org\/?p=30486#primaryimage"},"image":{"@id":"https:\/\/veritasinfo.org\/?p=30486#primaryimage"},"thumbnailUrl":"https:\/\/veritasinfo.org\/wp-content\/uploads\/2026\/02\/iraklikocollari-1024x631-1.jpg","datePublished":"2026-02-04T07:04:03+00:00","author":{"@id":"https:\/\/veritasinfo.org\/#\/schema\/person\/fe199eede04c3937362892b7444747cc"},"breadcrumb":{"@id":"https:\/\/veritasinfo.org\/?p=30486#breadcrumb"},"inLanguage":"en-US","potentialAction":[{"@type":"ReadAction","target":["https:\/\/veritasinfo.org\/?p=30486"]}]},{"@type":"ImageObject","inLanguage":"en-US","@id":"https:\/\/veritasinfo.org\/?p=30486#primaryimage","url":"https:\/\/veritasinfo.org\/wp-content\/uploads\/2026\/02\/iraklikocollari-1024x631-1.jpg","contentUrl":"https:\/\/veritasinfo.org\/wp-content\/uploads\/2026\/02\/iraklikocollari-1024x631-1.jpg","width":1024,"height":631},{"@type":"BreadcrumbList","@id":"https:\/\/veritasinfo.org\/?p=30486#breadcrumb","itemListElement":[{"@type":"ListItem","position":1,"name":"Home","item":"https:\/\/veritasinfo.org\/"},{"@type":"ListItem","position":2,"name":"Ish-shefi i SHIK-ut: Kosova di me men\u00e7uri t\u00eb p\u00ebrballoj\u00eb \u00e7do agresion serb"}]},{"@type":"WebSite","@id":"https:\/\/veritasinfo.org\/#website","url":"https:\/\/veritasinfo.org\/","name":"","description":"","potentialAction":[{"@type":"SearchAction","target":{"@type":"EntryPoint","urlTemplate":"https:\/\/veritasinfo.org\/?s={search_term_string}"},"query-input":{"@type":"PropertyValueSpecification","valueRequired":true,"valueName":"search_term_string"}}],"inLanguage":"en-US"},{"@type":"Person","@id":"https:\/\/veritasinfo.org\/#\/schema\/person\/fe199eede04c3937362892b7444747cc","name":"US6","image":{"@type":"ImageObject","inLanguage":"en-US","@id":"https:\/\/veritasinfo.org\/#\/schema\/person\/image\/","url":"https:\/\/secure.gravatar.com\/avatar\/cb16c3c31c9d23b9b8c705964598220b3014e42ff51eb540ff23cefa3ae8c15f?s=96&d=mm&r=g","contentUrl":"https:\/\/secure.gravatar.com\/avatar\/cb16c3c31c9d23b9b8c705964598220b3014e42ff51eb540ff23cefa3ae8c15f?s=96&d=mm&r=g","caption":"US6"},"url":"https:\/\/veritasinfo.org\/?author=7"}]}},"featured_image_urls":{"full":["https:\/\/veritasinfo.org\/wp-content\/uploads\/2026\/02\/iraklikocollari-1024x631-1.jpg",1024,631,false],"thumbnail":["https:\/\/veritasinfo.org\/wp-content\/uploads\/2026\/02\/iraklikocollari-1024x631-1-150x150.jpg",150,150,true],"medium":["https:\/\/veritasinfo.org\/wp-content\/uploads\/2026\/02\/iraklikocollari-1024x631-1-300x185.jpg",300,185,true],"medium_large":["https:\/\/veritasinfo.org\/wp-content\/uploads\/2026\/02\/iraklikocollari-1024x631-1-768x473.jpg",640,394,true],"large":["https:\/\/veritasinfo.org\/wp-content\/uploads\/2026\/02\/iraklikocollari-1024x631-1.jpg",640,394,false],"1536x1536":["https:\/\/veritasinfo.org\/wp-content\/uploads\/2026\/02\/iraklikocollari-1024x631-1.jpg",1024,631,false],"2048x2048":["https:\/\/veritasinfo.org\/wp-content\/uploads\/2026\/02\/iraklikocollari-1024x631-1.jpg",1024,631,false],"kreeti-slider-full":["https:\/\/veritasinfo.org\/wp-content\/uploads\/2026\/02\/iraklikocollari-1024x631-1.jpg",1024,631,false],"kreeti-featured":["https:\/\/veritasinfo.org\/wp-content\/uploads\/2026\/02\/iraklikocollari-1024x631-1.jpg",1024,631,false],"kreeti-medium":["https:\/\/veritasinfo.org\/wp-content\/uploads\/2026\/02\/iraklikocollari-1024x631-1.jpg",720,444,false],"kreeti-medium-square":["https:\/\/veritasinfo.org\/wp-content\/uploads\/2026\/02\/iraklikocollari-1024x631-1.jpg",350,216,false]},"author_info":{"info":["US6"]},"category_info":"<a href=\"https:\/\/veritasinfo.org\/?cat=58\" rel=\"category\">Politik\u00eb<\/a>","tag_info":"Politik\u00eb","comment_count":"0","_links":{"self":[{"href":"https:\/\/veritasinfo.org\/index.php?rest_route=\/wp\/v2\/posts\/30486","targetHints":{"allow":["GET"]}}],"collection":[{"href":"https:\/\/veritasinfo.org\/index.php?rest_route=\/wp\/v2\/posts"}],"about":[{"href":"https:\/\/veritasinfo.org\/index.php?rest_route=\/wp\/v2\/types\/post"}],"author":[{"embeddable":true,"href":"https:\/\/veritasinfo.org\/index.php?rest_route=\/wp\/v2\/users\/7"}],"replies":[{"embeddable":true,"href":"https:\/\/veritasinfo.org\/index.php?rest_route=%2Fwp%2Fv2%2Fcomments&post=30486"}],"version-history":[{"count":1,"href":"https:\/\/veritasinfo.org\/index.php?rest_route=\/wp\/v2\/posts\/30486\/revisions"}],"predecessor-version":[{"id":30491,"href":"https:\/\/veritasinfo.org\/index.php?rest_route=\/wp\/v2\/posts\/30486\/revisions\/30491"}],"wp:featuredmedia":[{"embeddable":true,"href":"https:\/\/veritasinfo.org\/index.php?rest_route=\/wp\/v2\/media\/30490"}],"wp:attachment":[{"href":"https:\/\/veritasinfo.org\/index.php?rest_route=%2Fwp%2Fv2%2Fmedia&parent=30486"}],"wp:term":[{"taxonomy":"category","embeddable":true,"href":"https:\/\/veritasinfo.org\/index.php?rest_route=%2Fwp%2Fv2%2Fcategories&post=30486"},{"taxonomy":"post_tag","embeddable":true,"href":"https:\/\/veritasinfo.org\/index.php?rest_route=%2Fwp%2Fv2%2Ftags&post=30486"}],"curies":[{"name":"wp","href":"https:\/\/api.w.org\/{rel}","templated":true}]}}