{"id":30480,"date":"2026-02-04T07:55:23","date_gmt":"2026-02-04T06:55:23","guid":{"rendered":"https:\/\/veritasinfo.org\/?p=30480"},"modified":"2026-02-04T07:57:45","modified_gmt":"2026-02-04T06:57:45","slug":"osmani-sa-me-shume-gra-ne-tryeze-aq-me-shpejt-vjen-paqja","status":"publish","type":"post","link":"https:\/\/veritasinfo.org\/?p=30480","title":{"rendered":"Osmani: Sa m\u00eb shum\u00eb gra n\u00eb tryez\u00eb, aq m\u00eb shpejt vjen paqja"},"content":{"rendered":"<p>Prishtin\u00eb, 4 shkurt 2026 07:56<\/p>\n<p>Presidentja e Republik\u00ebs s\u00eb Kosov\u00ebs, Vjosa Osmani, deklaroi se p\u00ebrfshirja e grave n\u00eb proceset e paqes dhe vendimmarrjes politike sjell rezultate m\u00eb t\u00eb shpejta, m\u00eb gjith\u00ebp\u00ebrfshir\u00ebse dhe m\u00eb t\u00eb q\u00ebndrueshme.<\/p>\n<p>K\u00ebto deklarime, Osmani i b\u00ebri n\u00eb nj\u00eb intervist\u00eb p\u00ebr \u201cIndia Today\u201d, ku presidentja theksoi se grat\u00eb kan\u00eb nj\u00eb rol ky\u00e7 n\u00eb nd\u00ebrtimin e paqes dhe stabilitetit.<\/p>\n<p>Sipas Osmanit, grat\u00eb sjellin perspektiva t\u00eb reja dhe qasje m\u00eb bashk\u00ebpunuese n\u00eb zgjidhjen e konflikteve, shkruan IndeksOnline.<\/p>\n<p>\u201cSa m\u00eb shum\u00eb gra n\u00eb tryez\u00eb, aq m\u00eb shpejt vjen paqja dhe aq m\u00eb gjat\u00eb zgjat ajo\u201d u shpreh Osmani.<\/p>\n<p>Mes t\u00eb tjerash, Osmani foli edhe p\u00ebr p\u00ebrvoj\u00ebn e saj personale si udh\u00ebheq\u00ebse shtet\u00ebrore, duke n\u00ebnvizuar se sfidat p\u00ebr grat\u00eb n\u00eb politik\u00eb vazhdojn\u00eb t\u00eb jen\u00eb t\u00eb pranishme, por se p\u00ebrfaq\u00ebsimi i tyre \u00ebsht\u00eb thelb\u00ebsor p\u00ebr demokraci funksionale dhe institucione m\u00eb t\u00eb forta.<\/p>\n<p>Presidentja u shpreh se Kosova mbetet e p\u00ebrkushtuar ndaj barazis\u00eb gjinore dhe fuqizimit t\u00eb grave, si n\u00eb politik\u00ebn e brendshme ashtu edhe n\u00eb diplomacin\u00eb nd\u00ebrkomb\u00ebtare, duke e konsideruar k\u00ebt\u00eb si nj\u00eb element ky\u00e7 p\u00ebr paqe dhe zhvillim afatgjat\u00eb<\/p>\n","protected":false},"excerpt":{"rendered":"<p>Prishtin\u00eb, 4 shkurt 2026 07:56 Presidentja e Republik\u00ebs s\u00eb Kosov\u00ebs, Vjosa Osmani, deklaroi se p\u00ebrfshirja e grave n\u00eb proceset e paqes dhe vendimmarrjes politike sjell<\/p>\n","protected":false},"author":7,"featured_media":30481,"comment_status":"open","ping_status":"open","sticky":false,"template":"","format":"standard","meta":{"footnotes":""},"categories":[58],"tags":[],"class_list":["post-30480","post","type-post","status-publish","format-standard","has-post-thumbnail","hentry","category-politike-sq"],"yoast_head":"<!-- This site is optimized with the Yoast SEO plugin v25.3.1 - https:\/\/yoast.com\/wordpress\/plugins\/seo\/ -->\n<title>Osmani: Sa m\u00eb shum\u00eb gra n\u00eb tryez\u00eb, aq m\u00eb shpejt vjen paqja -<\/title>\n<meta name=\"robots\" content=\"index, follow, max-snippet:-1, max-image-preview:large, max-video-preview:-1\" \/>\n<link rel=\"canonical\" href=\"https:\/\/veritasinfo.org\/?p=30480\" \/>\n<meta property=\"og:locale\" content=\"en_US\" \/>\n<meta property=\"og:type\" content=\"article\" \/>\n<meta property=\"og:title\" content=\"Osmani: Sa m\u00eb shum\u00eb gra n\u00eb tryez\u00eb, aq m\u00eb shpejt vjen paqja -\" \/>\n<meta property=\"og:description\" content=\"Prishtin\u00eb, 4 shkurt 2026 07:56 Presidentja e Republik\u00ebs s\u00eb Kosov\u00ebs, Vjosa Osmani, deklaroi se p\u00ebrfshirja e grave n\u00eb proceset e paqes dhe vendimmarrjes politike sjell\" \/>\n<meta property=\"og:url\" content=\"https:\/\/veritasinfo.org\/?p=30480\" \/>\n<meta property=\"article:published_time\" content=\"2026-02-04T06:55:23+00:00\" \/>\n<meta property=\"article:modified_time\" content=\"2026-02-04T06:57:45+00:00\" \/>\n<meta property=\"og:image\" content=\"https:\/\/veritasinfo.org\/wp-content\/uploads\/2026\/02\/Screenshot_1.jpg\" \/>\n\t<meta property=\"og:image:width\" content=\"1452\" \/>\n\t<meta property=\"og:image:height\" content=\"894\" \/>\n\t<meta property=\"og:image:type\" content=\"image\/jpeg\" \/>\n<meta name=\"author\" content=\"US6\" \/>\n<meta name=\"twitter:card\" content=\"summary_large_image\" \/>\n<meta name=\"twitter:label1\" content=\"Written by\" \/>\n\t<meta name=\"twitter:data1\" content=\"US6\" \/>\n\t<meta name=\"twitter:label2\" content=\"Est. reading time\" \/>\n\t<meta name=\"twitter:data2\" content=\"1 minute\" \/>\n<script type=\"application\/ld+json\" class=\"yoast-schema-graph\">{\"@context\":\"https:\/\/schema.org\",\"@graph\":[{\"@type\":\"WebPage\",\"@id\":\"https:\/\/veritasinfo.org\/?p=30480\",\"url\":\"https:\/\/veritasinfo.org\/?p=30480\",\"name\":\"Osmani: Sa m\u00eb shum\u00eb gra n\u00eb tryez\u00eb, aq m\u00eb shpejt vjen paqja -\",\"isPartOf\":{\"@id\":\"https:\/\/veritasinfo.org\/#website\"},\"primaryImageOfPage\":{\"@id\":\"https:\/\/veritasinfo.org\/?p=30480#primaryimage\"},\"image\":{\"@id\":\"https:\/\/veritasinfo.org\/?p=30480#primaryimage\"},\"thumbnailUrl\":\"https:\/\/veritasinfo.org\/wp-content\/uploads\/2026\/02\/Screenshot_1.jpg\",\"datePublished\":\"2026-02-04T06:55:23+00:00\",\"dateModified\":\"2026-02-04T06:57:45+00:00\",\"author\":{\"@id\":\"https:\/\/veritasinfo.org\/#\/schema\/person\/fe199eede04c3937362892b7444747cc\"},\"breadcrumb\":{\"@id\":\"https:\/\/veritasinfo.org\/?p=30480#breadcrumb\"},\"inLanguage\":\"en-US\",\"potentialAction\":[{\"@type\":\"ReadAction\",\"target\":[\"https:\/\/veritasinfo.org\/?p=30480\"]}]},{\"@type\":\"ImageObject\",\"inLanguage\":\"en-US\",\"@id\":\"https:\/\/veritasinfo.org\/?p=30480#primaryimage\",\"url\":\"https:\/\/veritasinfo.org\/wp-content\/uploads\/2026\/02\/Screenshot_1.jpg\",\"contentUrl\":\"https:\/\/veritasinfo.org\/wp-content\/uploads\/2026\/02\/Screenshot_1.jpg\",\"width\":1452,\"height\":894},{\"@type\":\"BreadcrumbList\",\"@id\":\"https:\/\/veritasinfo.org\/?p=30480#breadcrumb\",\"itemListElement\":[{\"@type\":\"ListItem\",\"position\":1,\"name\":\"Home\",\"item\":\"https:\/\/veritasinfo.org\/\"},{\"@type\":\"ListItem\",\"position\":2,\"name\":\"Osmani: Sa m\u00eb shum\u00eb gra n\u00eb tryez\u00eb, aq m\u00eb shpejt vjen paqja\"}]},{\"@type\":\"WebSite\",\"@id\":\"https:\/\/veritasinfo.org\/#website\",\"url\":\"https:\/\/veritasinfo.org\/\",\"name\":\"\",\"description\":\"\",\"potentialAction\":[{\"@type\":\"SearchAction\",\"target\":{\"@type\":\"EntryPoint\",\"urlTemplate\":\"https:\/\/veritasinfo.org\/?s={search_term_string}\"},\"query-input\":{\"@type\":\"PropertyValueSpecification\",\"valueRequired\":true,\"valueName\":\"search_term_string\"}}],\"inLanguage\":\"en-US\"},{\"@type\":\"Person\",\"@id\":\"https:\/\/veritasinfo.org\/#\/schema\/person\/fe199eede04c3937362892b7444747cc\",\"name\":\"US6\",\"image\":{\"@type\":\"ImageObject\",\"inLanguage\":\"en-US\",\"@id\":\"https:\/\/veritasinfo.org\/#\/schema\/person\/image\/\",\"url\":\"https:\/\/secure.gravatar.com\/avatar\/cb16c3c31c9d23b9b8c705964598220b3014e42ff51eb540ff23cefa3ae8c15f?s=96&d=mm&r=g\",\"contentUrl\":\"https:\/\/secure.gravatar.com\/avatar\/cb16c3c31c9d23b9b8c705964598220b3014e42ff51eb540ff23cefa3ae8c15f?s=96&d=mm&r=g\",\"caption\":\"US6\"},\"url\":\"https:\/\/veritasinfo.org\/?author=7\"}]}<\/script>\n<!-- \/ Yoast SEO plugin. -->","yoast_head_json":{"title":"Osmani: Sa m\u00eb shum\u00eb gra n\u00eb tryez\u00eb, aq m\u00eb shpejt vjen paqja -","robots":{"index":"index","follow":"follow","max-snippet":"max-snippet:-1","max-image-preview":"max-image-preview:large","max-video-preview":"max-video-preview:-1"},"canonical":"https:\/\/veritasinfo.org\/?p=30480","og_locale":"en_US","og_type":"article","og_title":"Osmani: Sa m\u00eb shum\u00eb gra n\u00eb tryez\u00eb, aq m\u00eb shpejt vjen paqja -","og_description":"Prishtin\u00eb, 4 shkurt 2026 07:56 Presidentja e Republik\u00ebs s\u00eb Kosov\u00ebs, Vjosa Osmani, deklaroi se p\u00ebrfshirja e grave n\u00eb proceset e paqes dhe vendimmarrjes politike sjell","og_url":"https:\/\/veritasinfo.org\/?p=30480","article_published_time":"2026-02-04T06:55:23+00:00","article_modified_time":"2026-02-04T06:57:45+00:00","og_image":[{"width":1452,"height":894,"url":"https:\/\/veritasinfo.org\/wp-content\/uploads\/2026\/02\/Screenshot_1.jpg","type":"image\/jpeg"}],"author":"US6","twitter_card":"summary_large_image","twitter_misc":{"Written by":"US6","Est. reading time":"1 minute"},"schema":{"@context":"https:\/\/schema.org","@graph":[{"@type":"WebPage","@id":"https:\/\/veritasinfo.org\/?p=30480","url":"https:\/\/veritasinfo.org\/?p=30480","name":"Osmani: Sa m\u00eb shum\u00eb gra n\u00eb tryez\u00eb, aq m\u00eb shpejt vjen paqja -","isPartOf":{"@id":"https:\/\/veritasinfo.org\/#website"},"primaryImageOfPage":{"@id":"https:\/\/veritasinfo.org\/?p=30480#primaryimage"},"image":{"@id":"https:\/\/veritasinfo.org\/?p=30480#primaryimage"},"thumbnailUrl":"https:\/\/veritasinfo.org\/wp-content\/uploads\/2026\/02\/Screenshot_1.jpg","datePublished":"2026-02-04T06:55:23+00:00","dateModified":"2026-02-04T06:57:45+00:00","author":{"@id":"https:\/\/veritasinfo.org\/#\/schema\/person\/fe199eede04c3937362892b7444747cc"},"breadcrumb":{"@id":"https:\/\/veritasinfo.org\/?p=30480#breadcrumb"},"inLanguage":"en-US","potentialAction":[{"@type":"ReadAction","target":["https:\/\/veritasinfo.org\/?p=30480"]}]},{"@type":"ImageObject","inLanguage":"en-US","@id":"https:\/\/veritasinfo.org\/?p=30480#primaryimage","url":"https:\/\/veritasinfo.org\/wp-content\/uploads\/2026\/02\/Screenshot_1.jpg","contentUrl":"https:\/\/veritasinfo.org\/wp-content\/uploads\/2026\/02\/Screenshot_1.jpg","width":1452,"height":894},{"@type":"BreadcrumbList","@id":"https:\/\/veritasinfo.org\/?p=30480#breadcrumb","itemListElement":[{"@type":"ListItem","position":1,"name":"Home","item":"https:\/\/veritasinfo.org\/"},{"@type":"ListItem","position":2,"name":"Osmani: Sa m\u00eb shum\u00eb gra n\u00eb tryez\u00eb, aq m\u00eb shpejt vjen paqja"}]},{"@type":"WebSite","@id":"https:\/\/veritasinfo.org\/#website","url":"https:\/\/veritasinfo.org\/","name":"","description":"","potentialAction":[{"@type":"SearchAction","target":{"@type":"EntryPoint","urlTemplate":"https:\/\/veritasinfo.org\/?s={search_term_string}"},"query-input":{"@type":"PropertyValueSpecification","valueRequired":true,"valueName":"search_term_string"}}],"inLanguage":"en-US"},{"@type":"Person","@id":"https:\/\/veritasinfo.org\/#\/schema\/person\/fe199eede04c3937362892b7444747cc","name":"US6","image":{"@type":"ImageObject","inLanguage":"en-US","@id":"https:\/\/veritasinfo.org\/#\/schema\/person\/image\/","url":"https:\/\/secure.gravatar.com\/avatar\/cb16c3c31c9d23b9b8c705964598220b3014e42ff51eb540ff23cefa3ae8c15f?s=96&d=mm&r=g","contentUrl":"https:\/\/secure.gravatar.com\/avatar\/cb16c3c31c9d23b9b8c705964598220b3014e42ff51eb540ff23cefa3ae8c15f?s=96&d=mm&r=g","caption":"US6"},"url":"https:\/\/veritasinfo.org\/?author=7"}]}},"featured_image_urls":{"full":["https:\/\/veritasinfo.org\/wp-content\/uploads\/2026\/02\/Screenshot_1.jpg",1452,894,false],"thumbnail":["https:\/\/veritasinfo.org\/wp-content\/uploads\/2026\/02\/Screenshot_1-150x150.jpg",150,150,true],"medium":["https:\/\/veritasinfo.org\/wp-content\/uploads\/2026\/02\/Screenshot_1-300x185.jpg",300,185,true],"medium_large":["https:\/\/veritasinfo.org\/wp-content\/uploads\/2026\/02\/Screenshot_1-768x473.jpg",640,394,true],"large":["https:\/\/veritasinfo.org\/wp-content\/uploads\/2026\/02\/Screenshot_1-1024x630.jpg",640,394,true],"1536x1536":["https:\/\/veritasinfo.org\/wp-content\/uploads\/2026\/02\/Screenshot_1.jpg",1452,894,false],"2048x2048":["https:\/\/veritasinfo.org\/wp-content\/uploads\/2026\/02\/Screenshot_1.jpg",1452,894,false],"kreeti-slider-full":["https:\/\/veritasinfo.org\/wp-content\/uploads\/2026\/02\/Screenshot_1.jpg",1169,720,false],"kreeti-featured":["https:\/\/veritasinfo.org\/wp-content\/uploads\/2026\/02\/Screenshot_1.jpg",1024,630,false],"kreeti-medium":["https:\/\/veritasinfo.org\/wp-content\/uploads\/2026\/02\/Screenshot_1.jpg",720,443,false],"kreeti-medium-square":["https:\/\/veritasinfo.org\/wp-content\/uploads\/2026\/02\/Screenshot_1.jpg",350,215,false]},"author_info":{"info":["US6"]},"category_info":"<a href=\"https:\/\/veritasinfo.org\/?cat=58\" rel=\"category\">Politik\u00eb<\/a>","tag_info":"Politik\u00eb","comment_count":"0","_links":{"self":[{"href":"https:\/\/veritasinfo.org\/index.php?rest_route=\/wp\/v2\/posts\/30480","targetHints":{"allow":["GET"]}}],"collection":[{"href":"https:\/\/veritasinfo.org\/index.php?rest_route=\/wp\/v2\/posts"}],"about":[{"href":"https:\/\/veritasinfo.org\/index.php?rest_route=\/wp\/v2\/types\/post"}],"author":[{"embeddable":true,"href":"https:\/\/veritasinfo.org\/index.php?rest_route=\/wp\/v2\/users\/7"}],"replies":[{"embeddable":true,"href":"https:\/\/veritasinfo.org\/index.php?rest_route=%2Fwp%2Fv2%2Fcomments&post=30480"}],"version-history":[{"count":2,"href":"https:\/\/veritasinfo.org\/index.php?rest_route=\/wp\/v2\/posts\/30480\/revisions"}],"predecessor-version":[{"id":30485,"href":"https:\/\/veritasinfo.org\/index.php?rest_route=\/wp\/v2\/posts\/30480\/revisions\/30485"}],"wp:featuredmedia":[{"embeddable":true,"href":"https:\/\/veritasinfo.org\/index.php?rest_route=\/wp\/v2\/media\/30481"}],"wp:attachment":[{"href":"https:\/\/veritasinfo.org\/index.php?rest_route=%2Fwp%2Fv2%2Fmedia&parent=30480"}],"wp:term":[{"taxonomy":"category","embeddable":true,"href":"https:\/\/veritasinfo.org\/index.php?rest_route=%2Fwp%2Fv2%2Fcategories&post=30480"},{"taxonomy":"post_tag","embeddable":true,"href":"https:\/\/veritasinfo.org\/index.php?rest_route=%2Fwp%2Fv2%2Ftags&post=30480"}],"curies":[{"name":"wp","href":"https:\/\/api.w.org\/{rel}","templated":true}]}}