{"id":30459,"date":"2026-02-03T17:59:54","date_gmt":"2026-02-03T16:59:54","guid":{"rendered":"https:\/\/veritasinfo.org\/?p=30459"},"modified":"2026-02-03T17:59:54","modified_gmt":"2026-02-03T16:59:54","slug":"prishtina-ka-nisur-vleresimin-e-demeve-nga-vershimet-e-janarit","status":"publish","type":"post","link":"https:\/\/veritasinfo.org\/?p=30459","title":{"rendered":"Prishtina ka nisur vler\u00ebsimin e d\u00ebmeve nga v\u00ebrshimet e janarit"},"content":{"rendered":"<p>Prishtin\u00eb, 3 shkurt 2026 17:59<\/p>\n<p>Komuna e Prishtin\u00ebs ka filluar zyrtarisht vler\u00ebsimin e d\u00ebmeve t\u00eb shkaktuara nga v\u00ebrshimet e muajit janar, t\u00eb cilat u shkaktuan si pasoj\u00eb e reshjeve t\u00eb dendura t\u00eb shiut dhe rritjes s\u00eb niveleve t\u00eb uj\u00ebrave.<\/p>\n<p>Lajmi u b\u00eb i ditur pas nj\u00eb takimi koordinues nd\u00ebrmjet kryetarit t\u00eb Prishtin\u00ebs, P\u00ebrparim Rama, dhe Komisionit Qendror p\u00ebr Vler\u00ebsimin e D\u00ebmeve.<\/p>\n<p>Sipas njoftimit, p\u00ebrmbytjet kan\u00eb shkaktuar d\u00ebme t\u00eb konsiderueshme n\u00eb banesa, biznese, bujq\u00ebsi dhe infrastruktur\u00eb publike, duke prekur si zonat urbane ashtu edhe ato rurale t\u00eb kryeqytetit.<\/p>\n<p>Procesi i vler\u00ebsimit do t\u00eb zhvillohet n\u00eb p\u00ebrputhje me procedurat ligjore, me q\u00ebllim q\u00eb d\u00ebmet t\u00eb dokumentohen sakt\u00eb dhe qytetar\u00ebt e prekur t\u00eb p\u00ebrfitojn\u00eb mb\u00ebshtetjen e nevojshme.<\/p>\n<p>Nga Komuna e Prishtin\u00ebs \u00ebsht\u00eb b\u00ebr\u00eb e ditur se bashk\u00ebpunimi me institucionet qendrore do t\u00eb vazhdoj\u00eb, nd\u00ebrsa \u00ebsht\u00eb premtuar transparenc\u00eb dhe trajtim i barabart\u00eb p\u00ebr t\u00eb gjitha rastet, n\u00eb m\u00ebnyr\u00eb q\u00eb t\u00eb leht\u00ebsohet sa m\u00eb shpejt rim\u00ebk\u00ebmbja pas v\u00ebrshimeve t\u00eb janarit.<\/p>\n","protected":false},"excerpt":{"rendered":"<p>Prishtin\u00eb, 3 shkurt 2026 17:59 Komuna e Prishtin\u00ebs ka filluar zyrtarisht vler\u00ebsimin e d\u00ebmeve t\u00eb shkaktuara nga v\u00ebrshimet e muajit janar, t\u00eb cilat u shkaktuan<\/p>\n","protected":false},"author":7,"featured_media":30460,"comment_status":"open","ping_status":"open","sticky":false,"template":"","format":"standard","meta":{"footnotes":""},"categories":[52],"tags":[],"class_list":["post-30459","post","type-post","status-publish","format-standard","has-post-thumbnail","hentry","category-komunat-sq"],"yoast_head":"<!-- This site is optimized with the Yoast SEO plugin v25.3.1 - https:\/\/yoast.com\/wordpress\/plugins\/seo\/ -->\n<title>Prishtina ka nisur vler\u00ebsimin e d\u00ebmeve nga v\u00ebrshimet e janarit -<\/title>\n<meta name=\"robots\" content=\"index, follow, max-snippet:-1, max-image-preview:large, max-video-preview:-1\" \/>\n<link rel=\"canonical\" href=\"https:\/\/veritasinfo.org\/?p=30459\" \/>\n<meta property=\"og:locale\" content=\"en_US\" \/>\n<meta property=\"og:type\" content=\"article\" \/>\n<meta property=\"og:title\" content=\"Prishtina ka nisur vler\u00ebsimin e d\u00ebmeve nga v\u00ebrshimet e janarit -\" \/>\n<meta property=\"og:description\" content=\"Prishtin\u00eb, 3 shkurt 2026 17:59 Komuna e Prishtin\u00ebs ka filluar zyrtarisht vler\u00ebsimin e d\u00ebmeve t\u00eb shkaktuara nga v\u00ebrshimet e muajit janar, t\u00eb cilat u shkaktuan\" \/>\n<meta property=\"og:url\" content=\"https:\/\/veritasinfo.org\/?p=30459\" \/>\n<meta property=\"article:published_time\" content=\"2026-02-03T16:59:54+00:00\" \/>\n<meta property=\"og:image\" content=\"https:\/\/veritasinfo.org\/wp-content\/uploads\/2026\/02\/vershime-prishtine-600x360-1.jpg\" \/>\n\t<meta property=\"og:image:width\" content=\"600\" \/>\n\t<meta property=\"og:image:height\" content=\"360\" \/>\n\t<meta property=\"og:image:type\" content=\"image\/jpeg\" \/>\n<meta name=\"author\" content=\"US6\" \/>\n<meta name=\"twitter:card\" content=\"summary_large_image\" \/>\n<meta name=\"twitter:label1\" content=\"Written by\" \/>\n\t<meta name=\"twitter:data1\" content=\"US6\" \/>\n\t<meta name=\"twitter:label2\" content=\"Est. reading time\" \/>\n\t<meta name=\"twitter:data2\" content=\"1 minute\" \/>\n<script type=\"application\/ld+json\" class=\"yoast-schema-graph\">{\"@context\":\"https:\/\/schema.org\",\"@graph\":[{\"@type\":\"WebPage\",\"@id\":\"https:\/\/veritasinfo.org\/?p=30459\",\"url\":\"https:\/\/veritasinfo.org\/?p=30459\",\"name\":\"Prishtina ka nisur vler\u00ebsimin e d\u00ebmeve nga v\u00ebrshimet e janarit -\",\"isPartOf\":{\"@id\":\"https:\/\/veritasinfo.org\/#website\"},\"primaryImageOfPage\":{\"@id\":\"https:\/\/veritasinfo.org\/?p=30459#primaryimage\"},\"image\":{\"@id\":\"https:\/\/veritasinfo.org\/?p=30459#primaryimage\"},\"thumbnailUrl\":\"https:\/\/veritasinfo.org\/wp-content\/uploads\/2026\/02\/vershime-prishtine-600x360-1.jpg\",\"datePublished\":\"2026-02-03T16:59:54+00:00\",\"author\":{\"@id\":\"https:\/\/veritasinfo.org\/#\/schema\/person\/fe199eede04c3937362892b7444747cc\"},\"breadcrumb\":{\"@id\":\"https:\/\/veritasinfo.org\/?p=30459#breadcrumb\"},\"inLanguage\":\"en-US\",\"potentialAction\":[{\"@type\":\"ReadAction\",\"target\":[\"https:\/\/veritasinfo.org\/?p=30459\"]}]},{\"@type\":\"ImageObject\",\"inLanguage\":\"en-US\",\"@id\":\"https:\/\/veritasinfo.org\/?p=30459#primaryimage\",\"url\":\"https:\/\/veritasinfo.org\/wp-content\/uploads\/2026\/02\/vershime-prishtine-600x360-1.jpg\",\"contentUrl\":\"https:\/\/veritasinfo.org\/wp-content\/uploads\/2026\/02\/vershime-prishtine-600x360-1.jpg\",\"width\":600,\"height\":360},{\"@type\":\"BreadcrumbList\",\"@id\":\"https:\/\/veritasinfo.org\/?p=30459#breadcrumb\",\"itemListElement\":[{\"@type\":\"ListItem\",\"position\":1,\"name\":\"Home\",\"item\":\"https:\/\/veritasinfo.org\/\"},{\"@type\":\"ListItem\",\"position\":2,\"name\":\"Prishtina ka nisur vler\u00ebsimin e d\u00ebmeve nga v\u00ebrshimet e janarit\"}]},{\"@type\":\"WebSite\",\"@id\":\"https:\/\/veritasinfo.org\/#website\",\"url\":\"https:\/\/veritasinfo.org\/\",\"name\":\"\",\"description\":\"\",\"potentialAction\":[{\"@type\":\"SearchAction\",\"target\":{\"@type\":\"EntryPoint\",\"urlTemplate\":\"https:\/\/veritasinfo.org\/?s={search_term_string}\"},\"query-input\":{\"@type\":\"PropertyValueSpecification\",\"valueRequired\":true,\"valueName\":\"search_term_string\"}}],\"inLanguage\":\"en-US\"},{\"@type\":\"Person\",\"@id\":\"https:\/\/veritasinfo.org\/#\/schema\/person\/fe199eede04c3937362892b7444747cc\",\"name\":\"US6\",\"image\":{\"@type\":\"ImageObject\",\"inLanguage\":\"en-US\",\"@id\":\"https:\/\/veritasinfo.org\/#\/schema\/person\/image\/\",\"url\":\"https:\/\/secure.gravatar.com\/avatar\/cb16c3c31c9d23b9b8c705964598220b3014e42ff51eb540ff23cefa3ae8c15f?s=96&d=mm&r=g\",\"contentUrl\":\"https:\/\/secure.gravatar.com\/avatar\/cb16c3c31c9d23b9b8c705964598220b3014e42ff51eb540ff23cefa3ae8c15f?s=96&d=mm&r=g\",\"caption\":\"US6\"},\"url\":\"https:\/\/veritasinfo.org\/?author=7\"}]}<\/script>\n<!-- \/ Yoast SEO plugin. -->","yoast_head_json":{"title":"Prishtina ka nisur vler\u00ebsimin e d\u00ebmeve nga v\u00ebrshimet e janarit -","robots":{"index":"index","follow":"follow","max-snippet":"max-snippet:-1","max-image-preview":"max-image-preview:large","max-video-preview":"max-video-preview:-1"},"canonical":"https:\/\/veritasinfo.org\/?p=30459","og_locale":"en_US","og_type":"article","og_title":"Prishtina ka nisur vler\u00ebsimin e d\u00ebmeve nga v\u00ebrshimet e janarit -","og_description":"Prishtin\u00eb, 3 shkurt 2026 17:59 Komuna e Prishtin\u00ebs ka filluar zyrtarisht vler\u00ebsimin e d\u00ebmeve t\u00eb shkaktuara nga v\u00ebrshimet e muajit janar, t\u00eb cilat u shkaktuan","og_url":"https:\/\/veritasinfo.org\/?p=30459","article_published_time":"2026-02-03T16:59:54+00:00","og_image":[{"width":600,"height":360,"url":"https:\/\/veritasinfo.org\/wp-content\/uploads\/2026\/02\/vershime-prishtine-600x360-1.jpg","type":"image\/jpeg"}],"author":"US6","twitter_card":"summary_large_image","twitter_misc":{"Written by":"US6","Est. reading time":"1 minute"},"schema":{"@context":"https:\/\/schema.org","@graph":[{"@type":"WebPage","@id":"https:\/\/veritasinfo.org\/?p=30459","url":"https:\/\/veritasinfo.org\/?p=30459","name":"Prishtina ka nisur vler\u00ebsimin e d\u00ebmeve nga v\u00ebrshimet e janarit -","isPartOf":{"@id":"https:\/\/veritasinfo.org\/#website"},"primaryImageOfPage":{"@id":"https:\/\/veritasinfo.org\/?p=30459#primaryimage"},"image":{"@id":"https:\/\/veritasinfo.org\/?p=30459#primaryimage"},"thumbnailUrl":"https:\/\/veritasinfo.org\/wp-content\/uploads\/2026\/02\/vershime-prishtine-600x360-1.jpg","datePublished":"2026-02-03T16:59:54+00:00","author":{"@id":"https:\/\/veritasinfo.org\/#\/schema\/person\/fe199eede04c3937362892b7444747cc"},"breadcrumb":{"@id":"https:\/\/veritasinfo.org\/?p=30459#breadcrumb"},"inLanguage":"en-US","potentialAction":[{"@type":"ReadAction","target":["https:\/\/veritasinfo.org\/?p=30459"]}]},{"@type":"ImageObject","inLanguage":"en-US","@id":"https:\/\/veritasinfo.org\/?p=30459#primaryimage","url":"https:\/\/veritasinfo.org\/wp-content\/uploads\/2026\/02\/vershime-prishtine-600x360-1.jpg","contentUrl":"https:\/\/veritasinfo.org\/wp-content\/uploads\/2026\/02\/vershime-prishtine-600x360-1.jpg","width":600,"height":360},{"@type":"BreadcrumbList","@id":"https:\/\/veritasinfo.org\/?p=30459#breadcrumb","itemListElement":[{"@type":"ListItem","position":1,"name":"Home","item":"https:\/\/veritasinfo.org\/"},{"@type":"ListItem","position":2,"name":"Prishtina ka nisur vler\u00ebsimin e d\u00ebmeve nga v\u00ebrshimet e janarit"}]},{"@type":"WebSite","@id":"https:\/\/veritasinfo.org\/#website","url":"https:\/\/veritasinfo.org\/","name":"","description":"","potentialAction":[{"@type":"SearchAction","target":{"@type":"EntryPoint","urlTemplate":"https:\/\/veritasinfo.org\/?s={search_term_string}"},"query-input":{"@type":"PropertyValueSpecification","valueRequired":true,"valueName":"search_term_string"}}],"inLanguage":"en-US"},{"@type":"Person","@id":"https:\/\/veritasinfo.org\/#\/schema\/person\/fe199eede04c3937362892b7444747cc","name":"US6","image":{"@type":"ImageObject","inLanguage":"en-US","@id":"https:\/\/veritasinfo.org\/#\/schema\/person\/image\/","url":"https:\/\/secure.gravatar.com\/avatar\/cb16c3c31c9d23b9b8c705964598220b3014e42ff51eb540ff23cefa3ae8c15f?s=96&d=mm&r=g","contentUrl":"https:\/\/secure.gravatar.com\/avatar\/cb16c3c31c9d23b9b8c705964598220b3014e42ff51eb540ff23cefa3ae8c15f?s=96&d=mm&r=g","caption":"US6"},"url":"https:\/\/veritasinfo.org\/?author=7"}]}},"featured_image_urls":{"full":["https:\/\/veritasinfo.org\/wp-content\/uploads\/2026\/02\/vershime-prishtine-600x360-1.jpg",600,360,false],"thumbnail":["https:\/\/veritasinfo.org\/wp-content\/uploads\/2026\/02\/vershime-prishtine-600x360-1-150x150.jpg",150,150,true],"medium":["https:\/\/veritasinfo.org\/wp-content\/uploads\/2026\/02\/vershime-prishtine-600x360-1-300x180.jpg",300,180,true],"medium_large":["https:\/\/veritasinfo.org\/wp-content\/uploads\/2026\/02\/vershime-prishtine-600x360-1.jpg",600,360,false],"large":["https:\/\/veritasinfo.org\/wp-content\/uploads\/2026\/02\/vershime-prishtine-600x360-1.jpg",600,360,false],"1536x1536":["https:\/\/veritasinfo.org\/wp-content\/uploads\/2026\/02\/vershime-prishtine-600x360-1.jpg",600,360,false],"2048x2048":["https:\/\/veritasinfo.org\/wp-content\/uploads\/2026\/02\/vershime-prishtine-600x360-1.jpg",600,360,false],"kreeti-slider-full":["https:\/\/veritasinfo.org\/wp-content\/uploads\/2026\/02\/vershime-prishtine-600x360-1.jpg",600,360,false],"kreeti-featured":["https:\/\/veritasinfo.org\/wp-content\/uploads\/2026\/02\/vershime-prishtine-600x360-1.jpg",600,360,false],"kreeti-medium":["https:\/\/veritasinfo.org\/wp-content\/uploads\/2026\/02\/vershime-prishtine-600x360-1.jpg",600,360,false],"kreeti-medium-square":["https:\/\/veritasinfo.org\/wp-content\/uploads\/2026\/02\/vershime-prishtine-600x360-1.jpg",350,210,false]},"author_info":{"info":["US6"]},"category_info":"<a href=\"https:\/\/veritasinfo.org\/?cat=52\" rel=\"category\">Komunat<\/a>","tag_info":"Komunat","comment_count":"0","_links":{"self":[{"href":"https:\/\/veritasinfo.org\/index.php?rest_route=\/wp\/v2\/posts\/30459","targetHints":{"allow":["GET"]}}],"collection":[{"href":"https:\/\/veritasinfo.org\/index.php?rest_route=\/wp\/v2\/posts"}],"about":[{"href":"https:\/\/veritasinfo.org\/index.php?rest_route=\/wp\/v2\/types\/post"}],"author":[{"embeddable":true,"href":"https:\/\/veritasinfo.org\/index.php?rest_route=\/wp\/v2\/users\/7"}],"replies":[{"embeddable":true,"href":"https:\/\/veritasinfo.org\/index.php?rest_route=%2Fwp%2Fv2%2Fcomments&post=30459"}],"version-history":[{"count":1,"href":"https:\/\/veritasinfo.org\/index.php?rest_route=\/wp\/v2\/posts\/30459\/revisions"}],"predecessor-version":[{"id":30461,"href":"https:\/\/veritasinfo.org\/index.php?rest_route=\/wp\/v2\/posts\/30459\/revisions\/30461"}],"wp:featuredmedia":[{"embeddable":true,"href":"https:\/\/veritasinfo.org\/index.php?rest_route=\/wp\/v2\/media\/30460"}],"wp:attachment":[{"href":"https:\/\/veritasinfo.org\/index.php?rest_route=%2Fwp%2Fv2%2Fmedia&parent=30459"}],"wp:term":[{"taxonomy":"category","embeddable":true,"href":"https:\/\/veritasinfo.org\/index.php?rest_route=%2Fwp%2Fv2%2Fcategories&post=30459"},{"taxonomy":"post_tag","embeddable":true,"href":"https:\/\/veritasinfo.org\/index.php?rest_route=%2Fwp%2Fv2%2Ftags&post=30459"}],"curies":[{"name":"wp","href":"https:\/\/api.w.org\/{rel}","templated":true}]}}