{"id":30436,"date":"2026-02-03T15:35:17","date_gmt":"2026-02-03T14:35:17","guid":{"rendered":"https:\/\/veritasinfo.org\/?p=30436"},"modified":"2026-02-03T15:35:17","modified_gmt":"2026-02-03T14:35:17","slug":"durmishi-njofton-mbeshtetje-shteterore-per-transportin-publik-ne-komunat-e-veriut","status":"publish","type":"post","link":"https:\/\/veritasinfo.org\/?p=30436","title":{"rendered":"Durmishi njofton mb\u00ebshtetje shtet\u00ebrore p\u00ebr transportin publik n\u00eb komunat e veriut"},"content":{"rendered":"<p>Priahtin\u00eb 03 shkurt 2026 15:32<\/p>\n<p>Ministri n\u00eb detyr\u00eb i Infrastruktur\u00ebs dhe Transportit, Hysen Durmishi, ka b\u00ebr\u00eb t\u00eb ditur se \u00ebsht\u00eb hapur thirrja p\u00ebr operator\u00ebt ekonomik\u00eb t\u00eb transportit publik p\u00ebr operim n\u00eb linjat q\u00eb vler\u00ebsohen si ekonomikisht joprofitabile.Ministri n\u00eb detyr\u00eb i Infrastruktur\u00ebs dhe Transportit, Hysen Durmishi, ka b\u00ebr\u00eb t\u00eb ditur se \u00ebsht\u00eb hapur thirrja p\u00ebr operator\u00ebt ekonomik\u00eb t\u00eb transportit publik p\u00ebr operim n\u00eb linjat q\u00eb vler\u00ebsohen si ekonomikisht joprofitabile.<\/p>\n","protected":false},"excerpt":{"rendered":"<p>Priahtin\u00eb 03 shkurt 2026 15:32 Ministri n\u00eb detyr\u00eb i Infrastruktur\u00ebs dhe Transportit, Hysen Durmishi, ka b\u00ebr\u00eb t\u00eb ditur se \u00ebsht\u00eb hapur thirrja p\u00ebr operator\u00ebt ekonomik\u00eb<\/p>\n","protected":false},"author":6,"featured_media":30437,"comment_status":"open","ping_status":"open","sticky":false,"template":"","format":"standard","meta":{"footnotes":""},"categories":[60],"tags":[],"class_list":["post-30436","post","type-post","status-publish","format-standard","has-post-thumbnail","hentry","category-shoqerore-sq"],"yoast_head":"<!-- This site is optimized with the Yoast SEO plugin v25.3.1 - https:\/\/yoast.com\/wordpress\/plugins\/seo\/ -->\n<title>Durmishi njofton mb\u00ebshtetje shtet\u00ebrore p\u00ebr transportin publik n\u00eb komunat e veriut -<\/title>\n<meta name=\"robots\" content=\"index, follow, max-snippet:-1, max-image-preview:large, max-video-preview:-1\" \/>\n<link rel=\"canonical\" href=\"https:\/\/veritasinfo.org\/?p=30436\" \/>\n<meta property=\"og:locale\" content=\"en_US\" \/>\n<meta property=\"og:type\" content=\"article\" \/>\n<meta property=\"og:title\" content=\"Durmishi njofton mb\u00ebshtetje shtet\u00ebrore p\u00ebr transportin publik n\u00eb komunat e veriut -\" \/>\n<meta property=\"og:description\" content=\"Priahtin\u00eb 03 shkurt 2026 15:32 Ministri n\u00eb detyr\u00eb i Infrastruktur\u00ebs dhe Transportit, Hysen Durmishi, ka b\u00ebr\u00eb t\u00eb ditur se \u00ebsht\u00eb hapur thirrja p\u00ebr operator\u00ebt ekonomik\u00eb\" \/>\n<meta property=\"og:url\" content=\"https:\/\/veritasinfo.org\/?p=30436\" \/>\n<meta property=\"article:published_time\" content=\"2026-02-03T14:35:17+00:00\" \/>\n<meta property=\"og:image\" content=\"https:\/\/veritasinfo.org\/wp-content\/uploads\/2026\/02\/IMG_0810.jpeg\" \/>\n\t<meta property=\"og:image:width\" content=\"1247\" \/>\n\t<meta property=\"og:image:height\" content=\"837\" \/>\n\t<meta property=\"og:image:type\" content=\"image\/jpeg\" \/>\n<meta name=\"author\" content=\"US5\" \/>\n<meta name=\"twitter:card\" content=\"summary_large_image\" \/>\n<meta name=\"twitter:label1\" content=\"Written by\" \/>\n\t<meta name=\"twitter:data1\" content=\"US5\" \/>\n\t<meta name=\"twitter:label2\" content=\"Est. reading time\" \/>\n\t<meta name=\"twitter:data2\" content=\"1 minute\" \/>\n<script type=\"application\/ld+json\" class=\"yoast-schema-graph\">{\"@context\":\"https:\/\/schema.org\",\"@graph\":[{\"@type\":\"WebPage\",\"@id\":\"https:\/\/veritasinfo.org\/?p=30436\",\"url\":\"https:\/\/veritasinfo.org\/?p=30436\",\"name\":\"Durmishi njofton mb\u00ebshtetje shtet\u00ebrore p\u00ebr transportin publik n\u00eb komunat e veriut -\",\"isPartOf\":{\"@id\":\"https:\/\/veritasinfo.org\/#website\"},\"primaryImageOfPage\":{\"@id\":\"https:\/\/veritasinfo.org\/?p=30436#primaryimage\"},\"image\":{\"@id\":\"https:\/\/veritasinfo.org\/?p=30436#primaryimage\"},\"thumbnailUrl\":\"https:\/\/veritasinfo.org\/wp-content\/uploads\/2026\/02\/IMG_0810.jpeg\",\"datePublished\":\"2026-02-03T14:35:17+00:00\",\"author\":{\"@id\":\"https:\/\/veritasinfo.org\/#\/schema\/person\/bc442336e35414d04494ab8fb45db4c6\"},\"breadcrumb\":{\"@id\":\"https:\/\/veritasinfo.org\/?p=30436#breadcrumb\"},\"inLanguage\":\"en-US\",\"potentialAction\":[{\"@type\":\"ReadAction\",\"target\":[\"https:\/\/veritasinfo.org\/?p=30436\"]}]},{\"@type\":\"ImageObject\",\"inLanguage\":\"en-US\",\"@id\":\"https:\/\/veritasinfo.org\/?p=30436#primaryimage\",\"url\":\"https:\/\/veritasinfo.org\/wp-content\/uploads\/2026\/02\/IMG_0810.jpeg\",\"contentUrl\":\"https:\/\/veritasinfo.org\/wp-content\/uploads\/2026\/02\/IMG_0810.jpeg\",\"width\":1247,\"height\":837,\"caption\":\"Screenshot\"},{\"@type\":\"BreadcrumbList\",\"@id\":\"https:\/\/veritasinfo.org\/?p=30436#breadcrumb\",\"itemListElement\":[{\"@type\":\"ListItem\",\"position\":1,\"name\":\"Home\",\"item\":\"https:\/\/veritasinfo.org\/\"},{\"@type\":\"ListItem\",\"position\":2,\"name\":\"Durmishi njofton mb\u00ebshtetje shtet\u00ebrore p\u00ebr transportin publik n\u00eb komunat e veriut\"}]},{\"@type\":\"WebSite\",\"@id\":\"https:\/\/veritasinfo.org\/#website\",\"url\":\"https:\/\/veritasinfo.org\/\",\"name\":\"\",\"description\":\"\",\"potentialAction\":[{\"@type\":\"SearchAction\",\"target\":{\"@type\":\"EntryPoint\",\"urlTemplate\":\"https:\/\/veritasinfo.org\/?s={search_term_string}\"},\"query-input\":{\"@type\":\"PropertyValueSpecification\",\"valueRequired\":true,\"valueName\":\"search_term_string\"}}],\"inLanguage\":\"en-US\"},{\"@type\":\"Person\",\"@id\":\"https:\/\/veritasinfo.org\/#\/schema\/person\/bc442336e35414d04494ab8fb45db4c6\",\"name\":\"US5\",\"image\":{\"@type\":\"ImageObject\",\"inLanguage\":\"en-US\",\"@id\":\"https:\/\/veritasinfo.org\/#\/schema\/person\/image\/\",\"url\":\"https:\/\/secure.gravatar.com\/avatar\/16a61e7272a0c5d001121ebb9e60e925d5816e4ac1e443ed3e640d9a6ae55d0c?s=96&d=mm&r=g\",\"contentUrl\":\"https:\/\/secure.gravatar.com\/avatar\/16a61e7272a0c5d001121ebb9e60e925d5816e4ac1e443ed3e640d9a6ae55d0c?s=96&d=mm&r=g\",\"caption\":\"US5\"},\"url\":\"https:\/\/veritasinfo.org\/?author=6\"}]}<\/script>\n<!-- \/ Yoast SEO plugin. -->","yoast_head_json":{"title":"Durmishi njofton mb\u00ebshtetje shtet\u00ebrore p\u00ebr transportin publik n\u00eb komunat e veriut -","robots":{"index":"index","follow":"follow","max-snippet":"max-snippet:-1","max-image-preview":"max-image-preview:large","max-video-preview":"max-video-preview:-1"},"canonical":"https:\/\/veritasinfo.org\/?p=30436","og_locale":"en_US","og_type":"article","og_title":"Durmishi njofton mb\u00ebshtetje shtet\u00ebrore p\u00ebr transportin publik n\u00eb komunat e veriut -","og_description":"Priahtin\u00eb 03 shkurt 2026 15:32 Ministri n\u00eb detyr\u00eb i Infrastruktur\u00ebs dhe Transportit, Hysen Durmishi, ka b\u00ebr\u00eb t\u00eb ditur se \u00ebsht\u00eb hapur thirrja p\u00ebr operator\u00ebt ekonomik\u00eb","og_url":"https:\/\/veritasinfo.org\/?p=30436","article_published_time":"2026-02-03T14:35:17+00:00","og_image":[{"width":1247,"height":837,"url":"https:\/\/veritasinfo.org\/wp-content\/uploads\/2026\/02\/IMG_0810.jpeg","type":"image\/jpeg"}],"author":"US5","twitter_card":"summary_large_image","twitter_misc":{"Written by":"US5","Est. reading time":"1 minute"},"schema":{"@context":"https:\/\/schema.org","@graph":[{"@type":"WebPage","@id":"https:\/\/veritasinfo.org\/?p=30436","url":"https:\/\/veritasinfo.org\/?p=30436","name":"Durmishi njofton mb\u00ebshtetje shtet\u00ebrore p\u00ebr transportin publik n\u00eb komunat e veriut -","isPartOf":{"@id":"https:\/\/veritasinfo.org\/#website"},"primaryImageOfPage":{"@id":"https:\/\/veritasinfo.org\/?p=30436#primaryimage"},"image":{"@id":"https:\/\/veritasinfo.org\/?p=30436#primaryimage"},"thumbnailUrl":"https:\/\/veritasinfo.org\/wp-content\/uploads\/2026\/02\/IMG_0810.jpeg","datePublished":"2026-02-03T14:35:17+00:00","author":{"@id":"https:\/\/veritasinfo.org\/#\/schema\/person\/bc442336e35414d04494ab8fb45db4c6"},"breadcrumb":{"@id":"https:\/\/veritasinfo.org\/?p=30436#breadcrumb"},"inLanguage":"en-US","potentialAction":[{"@type":"ReadAction","target":["https:\/\/veritasinfo.org\/?p=30436"]}]},{"@type":"ImageObject","inLanguage":"en-US","@id":"https:\/\/veritasinfo.org\/?p=30436#primaryimage","url":"https:\/\/veritasinfo.org\/wp-content\/uploads\/2026\/02\/IMG_0810.jpeg","contentUrl":"https:\/\/veritasinfo.org\/wp-content\/uploads\/2026\/02\/IMG_0810.jpeg","width":1247,"height":837,"caption":"Screenshot"},{"@type":"BreadcrumbList","@id":"https:\/\/veritasinfo.org\/?p=30436#breadcrumb","itemListElement":[{"@type":"ListItem","position":1,"name":"Home","item":"https:\/\/veritasinfo.org\/"},{"@type":"ListItem","position":2,"name":"Durmishi njofton mb\u00ebshtetje shtet\u00ebrore p\u00ebr transportin publik n\u00eb komunat e veriut"}]},{"@type":"WebSite","@id":"https:\/\/veritasinfo.org\/#website","url":"https:\/\/veritasinfo.org\/","name":"","description":"","potentialAction":[{"@type":"SearchAction","target":{"@type":"EntryPoint","urlTemplate":"https:\/\/veritasinfo.org\/?s={search_term_string}"},"query-input":{"@type":"PropertyValueSpecification","valueRequired":true,"valueName":"search_term_string"}}],"inLanguage":"en-US"},{"@type":"Person","@id":"https:\/\/veritasinfo.org\/#\/schema\/person\/bc442336e35414d04494ab8fb45db4c6","name":"US5","image":{"@type":"ImageObject","inLanguage":"en-US","@id":"https:\/\/veritasinfo.org\/#\/schema\/person\/image\/","url":"https:\/\/secure.gravatar.com\/avatar\/16a61e7272a0c5d001121ebb9e60e925d5816e4ac1e443ed3e640d9a6ae55d0c?s=96&d=mm&r=g","contentUrl":"https:\/\/secure.gravatar.com\/avatar\/16a61e7272a0c5d001121ebb9e60e925d5816e4ac1e443ed3e640d9a6ae55d0c?s=96&d=mm&r=g","caption":"US5"},"url":"https:\/\/veritasinfo.org\/?author=6"}]}},"featured_image_urls":{"full":["https:\/\/veritasinfo.org\/wp-content\/uploads\/2026\/02\/IMG_0810.jpeg",1247,837,false],"thumbnail":["https:\/\/veritasinfo.org\/wp-content\/uploads\/2026\/02\/IMG_0810-150x150.jpeg",150,150,true],"medium":["https:\/\/veritasinfo.org\/wp-content\/uploads\/2026\/02\/IMG_0810-300x201.jpeg",300,201,true],"medium_large":["https:\/\/veritasinfo.org\/wp-content\/uploads\/2026\/02\/IMG_0810-768x515.jpeg",640,429,true],"large":["https:\/\/veritasinfo.org\/wp-content\/uploads\/2026\/02\/IMG_0810-1024x687.jpeg",640,429,true],"1536x1536":["https:\/\/veritasinfo.org\/wp-content\/uploads\/2026\/02\/IMG_0810.jpeg",1247,837,false],"2048x2048":["https:\/\/veritasinfo.org\/wp-content\/uploads\/2026\/02\/IMG_0810.jpeg",1247,837,false],"kreeti-slider-full":["https:\/\/veritasinfo.org\/wp-content\/uploads\/2026\/02\/IMG_0810.jpeg",1073,720,false],"kreeti-featured":["https:\/\/veritasinfo.org\/wp-content\/uploads\/2026\/02\/IMG_0810.jpeg",1024,687,false],"kreeti-medium":["https:\/\/veritasinfo.org\/wp-content\/uploads\/2026\/02\/IMG_0810.jpeg",720,483,false],"kreeti-medium-square":["https:\/\/veritasinfo.org\/wp-content\/uploads\/2026\/02\/IMG_0810.jpeg",350,235,false]},"author_info":{"info":["US5"]},"category_info":"<a href=\"https:\/\/veritasinfo.org\/?cat=60\" rel=\"category\">Shoq\u00ebrore<\/a>","tag_info":"Shoq\u00ebrore","comment_count":"0","_links":{"self":[{"href":"https:\/\/veritasinfo.org\/index.php?rest_route=\/wp\/v2\/posts\/30436","targetHints":{"allow":["GET"]}}],"collection":[{"href":"https:\/\/veritasinfo.org\/index.php?rest_route=\/wp\/v2\/posts"}],"about":[{"href":"https:\/\/veritasinfo.org\/index.php?rest_route=\/wp\/v2\/types\/post"}],"author":[{"embeddable":true,"href":"https:\/\/veritasinfo.org\/index.php?rest_route=\/wp\/v2\/users\/6"}],"replies":[{"embeddable":true,"href":"https:\/\/veritasinfo.org\/index.php?rest_route=%2Fwp%2Fv2%2Fcomments&post=30436"}],"version-history":[{"count":1,"href":"https:\/\/veritasinfo.org\/index.php?rest_route=\/wp\/v2\/posts\/30436\/revisions"}],"predecessor-version":[{"id":30438,"href":"https:\/\/veritasinfo.org\/index.php?rest_route=\/wp\/v2\/posts\/30436\/revisions\/30438"}],"wp:featuredmedia":[{"embeddable":true,"href":"https:\/\/veritasinfo.org\/index.php?rest_route=\/wp\/v2\/media\/30437"}],"wp:attachment":[{"href":"https:\/\/veritasinfo.org\/index.php?rest_route=%2Fwp%2Fv2%2Fmedia&parent=30436"}],"wp:term":[{"taxonomy":"category","embeddable":true,"href":"https:\/\/veritasinfo.org\/index.php?rest_route=%2Fwp%2Fv2%2Fcategories&post=30436"},{"taxonomy":"post_tag","embeddable":true,"href":"https:\/\/veritasinfo.org\/index.php?rest_route=%2Fwp%2Fv2%2Ftags&post=30436"}],"curies":[{"name":"wp","href":"https:\/\/api.w.org\/{rel}","templated":true}]}}