{"id":3041,"date":"2025-07-09T07:54:47","date_gmt":"2025-07-09T05:54:47","guid":{"rendered":"https:\/\/veritasinfo.org\/?p=3041"},"modified":"2025-07-09T07:54:47","modified_gmt":"2025-07-09T05:54:47","slug":"moti-sot-me-diell-dhe-vranesira-te-shperndara","status":"publish","type":"post","link":"https:\/\/veritasinfo.org\/?p=3041","title":{"rendered":"Moti sot me diell dhe vran\u00ebsira t\u00eb shp\u00ebrndara"},"content":{"rendered":"<div class=\"post-date\">Prishtin\u00eb,\u00a0 9 Korrik 2025<\/div>\n<div class=\"post-content-wrapper\">\n<div class=\"post-content\">\n<p><strong>Instituti Hidrometeorologjik i Kosov\u00ebs, njofton se sot mban mot me diell dhe vran\u00ebsira t\u00eb shp\u00ebrndara.<\/strong><\/p>\n<p>&#8220;Vran\u00ebsirat gjat\u00eb dit\u00ebs do t\u00eb intensifikohen\u00a0 duke b\u00ebr\u00eb q\u00eb n\u00eb fusha barike t\u00eb kemi ndryshime t\u00eb m\u00ebdha. Kjo situat\u00eb meteorologjike do t\u00eb krijoj kushte q\u00eb mbi vendin ton\u00eb t\u00eb bie shi i percjellur me bresh\u00ebr dhe shkarkime rrufesh.<\/p>\n<p>Temperaturat minimale do t\u00eb l\u00ebvizin nd\u00ebrmjet 11 deri \u00a016 grad\u00eb Celsius, nd\u00ebrsa maksimalet e dit\u00ebs parashihen t\u00eb l\u00ebvizin nd\u00ebrmjet 21-24 grad\u00eb Celsius.<br \/>\nDo t\u00eb fryj\u00eb er\u00eb \u00a0e leht\u00eb dhe lokalisht e fort\u00eb n\u00eb form\u00eb stuhie nga drejtimi i verilindjes dhe i veriperendimit&#8221;, njofton IHMK.<\/p>\n<\/div>\n<\/div>\n","protected":false},"excerpt":{"rendered":"<p>Prishtin\u00eb,\u00a0 9 Korrik 2025 Instituti Hidrometeorologjik i Kosov\u00ebs, njofton se sot mban mot me diell dhe vran\u00ebsira t\u00eb shp\u00ebrndara. &#8220;Vran\u00ebsirat gjat\u00eb dit\u00ebs do t\u00eb intensifikohen\u00a0<\/p>\n","protected":false},"author":1,"featured_media":3047,"comment_status":"open","ping_status":"open","sticky":false,"template":"","format":"standard","meta":{"footnotes":""},"categories":[60],"tags":[],"class_list":["post-3041","post","type-post","status-publish","format-standard","has-post-thumbnail","hentry","category-shoqerore-sq"],"yoast_head":"<!-- This site is optimized with the Yoast SEO plugin v25.3.1 - https:\/\/yoast.com\/wordpress\/plugins\/seo\/ -->\n<title>Moti sot me diell dhe vran\u00ebsira t\u00eb shp\u00ebrndara -<\/title>\n<meta name=\"robots\" content=\"index, follow, max-snippet:-1, max-image-preview:large, max-video-preview:-1\" \/>\n<link rel=\"canonical\" href=\"https:\/\/veritasinfo.org\/?p=3041\" \/>\n<meta property=\"og:locale\" content=\"en_US\" \/>\n<meta property=\"og:type\" content=\"article\" \/>\n<meta property=\"og:title\" content=\"Moti sot me diell dhe vran\u00ebsira t\u00eb shp\u00ebrndara -\" \/>\n<meta property=\"og:description\" content=\"Prishtin\u00eb,\u00a0 9 Korrik 2025 Instituti Hidrometeorologjik i Kosov\u00ebs, njofton se sot mban mot me diell dhe vran\u00ebsira t\u00eb shp\u00ebrndara. &#8220;Vran\u00ebsirat gjat\u00eb dit\u00ebs do t\u00eb intensifikohen\u00a0\" \/>\n<meta property=\"og:url\" content=\"https:\/\/veritasinfo.org\/?p=3041\" \/>\n<meta property=\"article:published_time\" content=\"2025-07-09T05:54:47+00:00\" \/>\n<meta property=\"og:image\" content=\"https:\/\/veritasinfo.org\/wp-content\/uploads\/2025\/07\/IMG_0904.jpeg\" \/>\n\t<meta property=\"og:image:width\" content=\"900\" \/>\n\t<meta property=\"og:image:height\" content=\"506\" \/>\n\t<meta property=\"og:image:type\" content=\"image\/jpeg\" \/>\n<meta name=\"author\" content=\"admin\" \/>\n<meta name=\"twitter:card\" content=\"summary_large_image\" \/>\n<meta name=\"twitter:label1\" content=\"Written by\" \/>\n\t<meta name=\"twitter:data1\" content=\"admin\" \/>\n\t<meta name=\"twitter:label2\" content=\"Est. reading time\" \/>\n\t<meta name=\"twitter:data2\" content=\"1 minute\" \/>\n<script type=\"application\/ld+json\" class=\"yoast-schema-graph\">{\"@context\":\"https:\/\/schema.org\",\"@graph\":[{\"@type\":\"WebPage\",\"@id\":\"https:\/\/veritasinfo.org\/?p=3041\",\"url\":\"https:\/\/veritasinfo.org\/?p=3041\",\"name\":\"Moti sot me diell dhe vran\u00ebsira t\u00eb shp\u00ebrndara -\",\"isPartOf\":{\"@id\":\"https:\/\/veritasinfo.org\/#website\"},\"primaryImageOfPage\":{\"@id\":\"https:\/\/veritasinfo.org\/?p=3041#primaryimage\"},\"image\":{\"@id\":\"https:\/\/veritasinfo.org\/?p=3041#primaryimage\"},\"thumbnailUrl\":\"https:\/\/veritasinfo.org\/wp-content\/uploads\/2025\/07\/IMG_0904.jpeg\",\"datePublished\":\"2025-07-09T05:54:47+00:00\",\"author\":{\"@id\":\"https:\/\/veritasinfo.org\/#\/schema\/person\/7701f8c088bece422266b100a712374f\"},\"breadcrumb\":{\"@id\":\"https:\/\/veritasinfo.org\/?p=3041#breadcrumb\"},\"inLanguage\":\"en-US\",\"potentialAction\":[{\"@type\":\"ReadAction\",\"target\":[\"https:\/\/veritasinfo.org\/?p=3041\"]}]},{\"@type\":\"ImageObject\",\"inLanguage\":\"en-US\",\"@id\":\"https:\/\/veritasinfo.org\/?p=3041#primaryimage\",\"url\":\"https:\/\/veritasinfo.org\/wp-content\/uploads\/2025\/07\/IMG_0904.jpeg\",\"contentUrl\":\"https:\/\/veritasinfo.org\/wp-content\/uploads\/2025\/07\/IMG_0904.jpeg\",\"width\":900,\"height\":506},{\"@type\":\"BreadcrumbList\",\"@id\":\"https:\/\/veritasinfo.org\/?p=3041#breadcrumb\",\"itemListElement\":[{\"@type\":\"ListItem\",\"position\":1,\"name\":\"Home\",\"item\":\"https:\/\/veritasinfo.org\/\"},{\"@type\":\"ListItem\",\"position\":2,\"name\":\"Moti sot me diell dhe vran\u00ebsira t\u00eb shp\u00ebrndara\"}]},{\"@type\":\"WebSite\",\"@id\":\"https:\/\/veritasinfo.org\/#website\",\"url\":\"https:\/\/veritasinfo.org\/\",\"name\":\"\",\"description\":\"\",\"potentialAction\":[{\"@type\":\"SearchAction\",\"target\":{\"@type\":\"EntryPoint\",\"urlTemplate\":\"https:\/\/veritasinfo.org\/?s={search_term_string}\"},\"query-input\":{\"@type\":\"PropertyValueSpecification\",\"valueRequired\":true,\"valueName\":\"search_term_string\"}}],\"inLanguage\":\"en-US\"},{\"@type\":\"Person\",\"@id\":\"https:\/\/veritasinfo.org\/#\/schema\/person\/7701f8c088bece422266b100a712374f\",\"name\":\"admin\",\"image\":{\"@type\":\"ImageObject\",\"inLanguage\":\"en-US\",\"@id\":\"https:\/\/veritasinfo.org\/#\/schema\/person\/image\/\",\"url\":\"https:\/\/secure.gravatar.com\/avatar\/ea53aa3bf6c9a12d5fde8ce4deff43fef3885ae33cf60184161a50d6987cfd2f?s=96&d=mm&r=g\",\"contentUrl\":\"https:\/\/secure.gravatar.com\/avatar\/ea53aa3bf6c9a12d5fde8ce4deff43fef3885ae33cf60184161a50d6987cfd2f?s=96&d=mm&r=g\",\"caption\":\"admin\"},\"sameAs\":[\"https:\/\/veritasinfo.org\"],\"url\":\"https:\/\/veritasinfo.org\/?author=1\"}]}<\/script>\n<!-- \/ Yoast SEO plugin. -->","yoast_head_json":{"title":"Moti sot me diell dhe vran\u00ebsira t\u00eb shp\u00ebrndara -","robots":{"index":"index","follow":"follow","max-snippet":"max-snippet:-1","max-image-preview":"max-image-preview:large","max-video-preview":"max-video-preview:-1"},"canonical":"https:\/\/veritasinfo.org\/?p=3041","og_locale":"en_US","og_type":"article","og_title":"Moti sot me diell dhe vran\u00ebsira t\u00eb shp\u00ebrndara -","og_description":"Prishtin\u00eb,\u00a0 9 Korrik 2025 Instituti Hidrometeorologjik i Kosov\u00ebs, njofton se sot mban mot me diell dhe vran\u00ebsira t\u00eb shp\u00ebrndara. &#8220;Vran\u00ebsirat gjat\u00eb dit\u00ebs do t\u00eb intensifikohen\u00a0","og_url":"https:\/\/veritasinfo.org\/?p=3041","article_published_time":"2025-07-09T05:54:47+00:00","og_image":[{"width":900,"height":506,"url":"https:\/\/veritasinfo.org\/wp-content\/uploads\/2025\/07\/IMG_0904.jpeg","type":"image\/jpeg"}],"author":"admin","twitter_card":"summary_large_image","twitter_misc":{"Written by":"admin","Est. reading time":"1 minute"},"schema":{"@context":"https:\/\/schema.org","@graph":[{"@type":"WebPage","@id":"https:\/\/veritasinfo.org\/?p=3041","url":"https:\/\/veritasinfo.org\/?p=3041","name":"Moti sot me diell dhe vran\u00ebsira t\u00eb shp\u00ebrndara -","isPartOf":{"@id":"https:\/\/veritasinfo.org\/#website"},"primaryImageOfPage":{"@id":"https:\/\/veritasinfo.org\/?p=3041#primaryimage"},"image":{"@id":"https:\/\/veritasinfo.org\/?p=3041#primaryimage"},"thumbnailUrl":"https:\/\/veritasinfo.org\/wp-content\/uploads\/2025\/07\/IMG_0904.jpeg","datePublished":"2025-07-09T05:54:47+00:00","author":{"@id":"https:\/\/veritasinfo.org\/#\/schema\/person\/7701f8c088bece422266b100a712374f"},"breadcrumb":{"@id":"https:\/\/veritasinfo.org\/?p=3041#breadcrumb"},"inLanguage":"en-US","potentialAction":[{"@type":"ReadAction","target":["https:\/\/veritasinfo.org\/?p=3041"]}]},{"@type":"ImageObject","inLanguage":"en-US","@id":"https:\/\/veritasinfo.org\/?p=3041#primaryimage","url":"https:\/\/veritasinfo.org\/wp-content\/uploads\/2025\/07\/IMG_0904.jpeg","contentUrl":"https:\/\/veritasinfo.org\/wp-content\/uploads\/2025\/07\/IMG_0904.jpeg","width":900,"height":506},{"@type":"BreadcrumbList","@id":"https:\/\/veritasinfo.org\/?p=3041#breadcrumb","itemListElement":[{"@type":"ListItem","position":1,"name":"Home","item":"https:\/\/veritasinfo.org\/"},{"@type":"ListItem","position":2,"name":"Moti sot me diell dhe vran\u00ebsira t\u00eb shp\u00ebrndara"}]},{"@type":"WebSite","@id":"https:\/\/veritasinfo.org\/#website","url":"https:\/\/veritasinfo.org\/","name":"","description":"","potentialAction":[{"@type":"SearchAction","target":{"@type":"EntryPoint","urlTemplate":"https:\/\/veritasinfo.org\/?s={search_term_string}"},"query-input":{"@type":"PropertyValueSpecification","valueRequired":true,"valueName":"search_term_string"}}],"inLanguage":"en-US"},{"@type":"Person","@id":"https:\/\/veritasinfo.org\/#\/schema\/person\/7701f8c088bece422266b100a712374f","name":"admin","image":{"@type":"ImageObject","inLanguage":"en-US","@id":"https:\/\/veritasinfo.org\/#\/schema\/person\/image\/","url":"https:\/\/secure.gravatar.com\/avatar\/ea53aa3bf6c9a12d5fde8ce4deff43fef3885ae33cf60184161a50d6987cfd2f?s=96&d=mm&r=g","contentUrl":"https:\/\/secure.gravatar.com\/avatar\/ea53aa3bf6c9a12d5fde8ce4deff43fef3885ae33cf60184161a50d6987cfd2f?s=96&d=mm&r=g","caption":"admin"},"sameAs":["https:\/\/veritasinfo.org"],"url":"https:\/\/veritasinfo.org\/?author=1"}]}},"featured_image_urls":{"full":["https:\/\/veritasinfo.org\/wp-content\/uploads\/2025\/07\/IMG_0904.jpeg",900,506,false],"thumbnail":["https:\/\/veritasinfo.org\/wp-content\/uploads\/2025\/07\/IMG_0904-150x150.jpeg",150,150,true],"medium":["https:\/\/veritasinfo.org\/wp-content\/uploads\/2025\/07\/IMG_0904-300x169.jpeg",300,169,true],"medium_large":["https:\/\/veritasinfo.org\/wp-content\/uploads\/2025\/07\/IMG_0904-768x432.jpeg",640,360,true],"large":["https:\/\/veritasinfo.org\/wp-content\/uploads\/2025\/07\/IMG_0904.jpeg",640,360,false],"1536x1536":["https:\/\/veritasinfo.org\/wp-content\/uploads\/2025\/07\/IMG_0904.jpeg",900,506,false],"2048x2048":["https:\/\/veritasinfo.org\/wp-content\/uploads\/2025\/07\/IMG_0904.jpeg",900,506,false],"kreeti-slider-full":["https:\/\/veritasinfo.org\/wp-content\/uploads\/2025\/07\/IMG_0904.jpeg",900,506,false],"kreeti-featured":["https:\/\/veritasinfo.org\/wp-content\/uploads\/2025\/07\/IMG_0904.jpeg",900,506,false],"kreeti-medium":["https:\/\/veritasinfo.org\/wp-content\/uploads\/2025\/07\/IMG_0904.jpeg",720,405,false],"kreeti-medium-square":["https:\/\/veritasinfo.org\/wp-content\/uploads\/2025\/07\/IMG_0904.jpeg",350,197,false]},"author_info":{"info":["admin"]},"category_info":"<a href=\"https:\/\/veritasinfo.org\/?cat=60\" rel=\"category\">Shoq\u00ebrore<\/a>","tag_info":"Shoq\u00ebrore","comment_count":"0","_links":{"self":[{"href":"https:\/\/veritasinfo.org\/index.php?rest_route=\/wp\/v2\/posts\/3041","targetHints":{"allow":["GET"]}}],"collection":[{"href":"https:\/\/veritasinfo.org\/index.php?rest_route=\/wp\/v2\/posts"}],"about":[{"href":"https:\/\/veritasinfo.org\/index.php?rest_route=\/wp\/v2\/types\/post"}],"author":[{"embeddable":true,"href":"https:\/\/veritasinfo.org\/index.php?rest_route=\/wp\/v2\/users\/1"}],"replies":[{"embeddable":true,"href":"https:\/\/veritasinfo.org\/index.php?rest_route=%2Fwp%2Fv2%2Fcomments&post=3041"}],"version-history":[{"count":1,"href":"https:\/\/veritasinfo.org\/index.php?rest_route=\/wp\/v2\/posts\/3041\/revisions"}],"predecessor-version":[{"id":3048,"href":"https:\/\/veritasinfo.org\/index.php?rest_route=\/wp\/v2\/posts\/3041\/revisions\/3048"}],"wp:featuredmedia":[{"embeddable":true,"href":"https:\/\/veritasinfo.org\/index.php?rest_route=\/wp\/v2\/media\/3047"}],"wp:attachment":[{"href":"https:\/\/veritasinfo.org\/index.php?rest_route=%2Fwp%2Fv2%2Fmedia&parent=3041"}],"wp:term":[{"taxonomy":"category","embeddable":true,"href":"https:\/\/veritasinfo.org\/index.php?rest_route=%2Fwp%2Fv2%2Fcategories&post=3041"},{"taxonomy":"post_tag","embeddable":true,"href":"https:\/\/veritasinfo.org\/index.php?rest_route=%2Fwp%2Fv2%2Ftags&post=3041"}],"curies":[{"name":"wp","href":"https:\/\/api.w.org\/{rel}","templated":true}]}}