{"id":30406,"date":"2026-02-03T14:02:57","date_gmt":"2026-02-03T13:02:57","guid":{"rendered":"https:\/\/veritasinfo.org\/?p=30406"},"modified":"2026-02-03T14:02:57","modified_gmt":"2026-02-03T13:02:57","slug":"takim-trepalesh-kosove-shqiperi-kroaci-per-mbrojtjen","status":"publish","type":"post","link":"https:\/\/veritasinfo.org\/?p=30406","title":{"rendered":"Takim trepal\u00ebsh Kosov\u00eb, Shqip\u00ebri, Kroaci p\u00ebr mbrojtjen"},"content":{"rendered":"<p>Prishtin\u00eb, 3 shkurt 2026 14:02<\/p>\n<p>N\u00eb kuad\u00ebr t\u00eb zbatimit t\u00eb Deklarat\u00ebs s\u00eb p\u00ebrbashk\u00ebt trepal\u00ebshe t\u00eb n\u00ebnshkruar n\u00eb vitin 2025, sot \u00ebsht\u00eb mbajtur takimi trepal\u00ebsh Kosov\u00eb\u2013Shqip\u00ebri\u2013Kroaci n\u00eb nivelin e drejtor\u00ebve t\u00eb Politikave t\u00eb Mbrojtjes dhe Armatimeve.<\/p>\n<p>Sipas njoftimit t\u00eb Ministris\u00eb s\u00eb Mbrojtjes ky aktivitet p\u00ebrb\u00ebn nj\u00eb nga veprimet n\u00eb kuad\u00ebr t\u00eb zbatimit t\u00eb fushave t\u00eb bashk\u00ebpunimit t\u00eb dakorduara nd\u00ebrmjet pal\u00ebve.<\/p>\n<p>Delegacioni i Kosov\u00ebs u udh\u00ebhoq nga drejtori i Politikave t\u00eb Mbrojtjes, Faruk Geci, dhe gjat\u00eb takimit u shk\u00ebmbyen mendime mbi mund\u00ebsit\u00eb p\u00ebr avancimin e bashk\u00ebpunimit n\u00eb fush\u00ebn e aft\u00ebsive mbrojt\u00ebse, nd\u00ebrveprimin nd\u00ebrmjet industrive mbrojt\u00ebse t\u00eb vendeve n\u00ebnshkruese, si dhe hapat p\u00ebr zbatimin e m\u00ebtejsh\u00ebm t\u00eb Deklarat\u00ebs.<\/p>\n<p>\u201cDeklarata p\u00ebrcakton kat\u00ebr fusha kryesore t\u00eb bashk\u00ebpunimit t\u00eb m\u00ebtejm\u00eb trepal\u00ebsh, t\u00eb cilat p\u00ebrfshijn\u00eb promovimin e bashk\u00ebpunimit n\u00eb fush\u00ebn e aft\u00ebsive mbrojt\u00ebse dhe industris\u00eb mbrojt\u00ebse, rritjen e nd\u00ebrveprueshm\u00ebris\u00eb p\u00ebrmes arsimit, trajnimit dhe ushtrimeve t\u00eb p\u00ebrbashk\u00ebta, adresimin e k\u00ebrc\u00ebnimeve hibride dhe forcimin e q\u00ebndrueshm\u00ebris\u00eb, si dhe ofrimin e mb\u00ebshtetjes s\u00eb vazhdueshme dhe t\u00eb plot\u00eb p\u00ebr integrimin euroatlantik\u201d, thuhet n\u00eb njoftimin e ministris\u00eb.<\/p>\n<p>Tutje theksohet se deklarata e p\u00ebrbashk\u00ebt trepal\u00ebshe po ashtu konfirmoi angazhimin p\u00ebr forcimin e m\u00ebtejm\u00eb t\u00eb bashk\u00ebpunimit trepal\u00ebsh n\u00eb fush\u00ebn e siguris\u00eb dhe mbrojtjes nd\u00ebrmjet Kroacis\u00eb, Shqip\u00ebris\u00eb dhe Kosov\u00ebs, me synim rritjen e siguris\u00eb dhe stabilitetit n\u00eb Evrop\u00ebn Juglindore.<\/p>\n<p>\u201cN\u00eb k\u00ebt\u00eb kuad\u00ebr, u theksua r\u00ebnd\u00ebsia e p\u00ebrpjekjeve t\u00eb koordinuara p\u00ebr adresimin e sfidave t\u00eb reja t\u00eb siguris\u00eb, k\u00ebrc\u00ebnimeve hibride dhe rreziqeve t\u00eb tjera q\u00eb mund t\u00eb cenojn\u00eb stabilitetin rajonal dhe at\u00eb nd\u00ebrkomb\u00ebtar\u201d, thuhet tutje n\u00eb njoftim<\/p>\n","protected":false},"excerpt":{"rendered":"<p>Prishtin\u00eb, 3 shkurt 2026 14:02 N\u00eb kuad\u00ebr t\u00eb zbatimit t\u00eb Deklarat\u00ebs s\u00eb p\u00ebrbashk\u00ebt trepal\u00ebshe t\u00eb n\u00ebnshkruar n\u00eb vitin 2025, sot \u00ebsht\u00eb mbajtur takimi trepal\u00ebsh Kosov\u00eb\u2013Shqip\u00ebri\u2013Kroaci<\/p>\n","protected":false},"author":7,"featured_media":30407,"comment_status":"open","ping_status":"open","sticky":false,"template":"","format":"standard","meta":{"footnotes":""},"categories":[58],"tags":[],"class_list":["post-30406","post","type-post","status-publish","format-standard","has-post-thumbnail","hentry","category-politike-sq"],"yoast_head":"<!-- This site is optimized with the Yoast SEO plugin v25.3.1 - https:\/\/yoast.com\/wordpress\/plugins\/seo\/ -->\n<title>Takim trepal\u00ebsh Kosov\u00eb, Shqip\u00ebri, Kroaci p\u00ebr mbrojtjen -<\/title>\n<meta name=\"robots\" content=\"index, follow, max-snippet:-1, max-image-preview:large, max-video-preview:-1\" \/>\n<link rel=\"canonical\" href=\"https:\/\/veritasinfo.org\/?p=30406\" \/>\n<meta property=\"og:locale\" content=\"en_US\" \/>\n<meta property=\"og:type\" content=\"article\" \/>\n<meta property=\"og:title\" content=\"Takim trepal\u00ebsh Kosov\u00eb, Shqip\u00ebri, Kroaci p\u00ebr mbrojtjen -\" \/>\n<meta property=\"og:description\" content=\"Prishtin\u00eb, 3 shkurt 2026 14:02 N\u00eb kuad\u00ebr t\u00eb zbatimit t\u00eb Deklarat\u00ebs s\u00eb p\u00ebrbashk\u00ebt trepal\u00ebshe t\u00eb n\u00ebnshkruar n\u00eb vitin 2025, sot \u00ebsht\u00eb mbajtur takimi trepal\u00ebsh Kosov\u00eb\u2013Shqip\u00ebri\u2013Kroaci\" \/>\n<meta property=\"og:url\" content=\"https:\/\/veritasinfo.org\/?p=30406\" \/>\n<meta property=\"article:published_time\" content=\"2026-02-03T13:02:57+00:00\" \/>\n<meta property=\"og:image\" content=\"https:\/\/veritasinfo.org\/wp-content\/uploads\/2026\/02\/716091-6CiSy3bK0X.jpg\" \/>\n\t<meta property=\"og:image:width\" content=\"780\" \/>\n\t<meta property=\"og:image:height\" content=\"500\" \/>\n\t<meta property=\"og:image:type\" content=\"image\/jpeg\" \/>\n<meta name=\"author\" content=\"US6\" \/>\n<meta name=\"twitter:card\" content=\"summary_large_image\" \/>\n<meta name=\"twitter:label1\" content=\"Written by\" \/>\n\t<meta name=\"twitter:data1\" content=\"US6\" \/>\n\t<meta name=\"twitter:label2\" content=\"Est. reading time\" \/>\n\t<meta name=\"twitter:data2\" content=\"2 minutes\" \/>\n<script type=\"application\/ld+json\" class=\"yoast-schema-graph\">{\"@context\":\"https:\/\/schema.org\",\"@graph\":[{\"@type\":\"WebPage\",\"@id\":\"https:\/\/veritasinfo.org\/?p=30406\",\"url\":\"https:\/\/veritasinfo.org\/?p=30406\",\"name\":\"Takim trepal\u00ebsh Kosov\u00eb, Shqip\u00ebri, Kroaci p\u00ebr mbrojtjen -\",\"isPartOf\":{\"@id\":\"https:\/\/veritasinfo.org\/#website\"},\"primaryImageOfPage\":{\"@id\":\"https:\/\/veritasinfo.org\/?p=30406#primaryimage\"},\"image\":{\"@id\":\"https:\/\/veritasinfo.org\/?p=30406#primaryimage\"},\"thumbnailUrl\":\"https:\/\/veritasinfo.org\/wp-content\/uploads\/2026\/02\/716091-6CiSy3bK0X.jpg\",\"datePublished\":\"2026-02-03T13:02:57+00:00\",\"author\":{\"@id\":\"https:\/\/veritasinfo.org\/#\/schema\/person\/fe199eede04c3937362892b7444747cc\"},\"breadcrumb\":{\"@id\":\"https:\/\/veritasinfo.org\/?p=30406#breadcrumb\"},\"inLanguage\":\"en-US\",\"potentialAction\":[{\"@type\":\"ReadAction\",\"target\":[\"https:\/\/veritasinfo.org\/?p=30406\"]}]},{\"@type\":\"ImageObject\",\"inLanguage\":\"en-US\",\"@id\":\"https:\/\/veritasinfo.org\/?p=30406#primaryimage\",\"url\":\"https:\/\/veritasinfo.org\/wp-content\/uploads\/2026\/02\/716091-6CiSy3bK0X.jpg\",\"contentUrl\":\"https:\/\/veritasinfo.org\/wp-content\/uploads\/2026\/02\/716091-6CiSy3bK0X.jpg\",\"width\":780,\"height\":500},{\"@type\":\"BreadcrumbList\",\"@id\":\"https:\/\/veritasinfo.org\/?p=30406#breadcrumb\",\"itemListElement\":[{\"@type\":\"ListItem\",\"position\":1,\"name\":\"Home\",\"item\":\"https:\/\/veritasinfo.org\/\"},{\"@type\":\"ListItem\",\"position\":2,\"name\":\"Takim trepal\u00ebsh Kosov\u00eb, Shqip\u00ebri, Kroaci p\u00ebr mbrojtjen\"}]},{\"@type\":\"WebSite\",\"@id\":\"https:\/\/veritasinfo.org\/#website\",\"url\":\"https:\/\/veritasinfo.org\/\",\"name\":\"\",\"description\":\"\",\"potentialAction\":[{\"@type\":\"SearchAction\",\"target\":{\"@type\":\"EntryPoint\",\"urlTemplate\":\"https:\/\/veritasinfo.org\/?s={search_term_string}\"},\"query-input\":{\"@type\":\"PropertyValueSpecification\",\"valueRequired\":true,\"valueName\":\"search_term_string\"}}],\"inLanguage\":\"en-US\"},{\"@type\":\"Person\",\"@id\":\"https:\/\/veritasinfo.org\/#\/schema\/person\/fe199eede04c3937362892b7444747cc\",\"name\":\"US6\",\"image\":{\"@type\":\"ImageObject\",\"inLanguage\":\"en-US\",\"@id\":\"https:\/\/veritasinfo.org\/#\/schema\/person\/image\/\",\"url\":\"https:\/\/secure.gravatar.com\/avatar\/cb16c3c31c9d23b9b8c705964598220b3014e42ff51eb540ff23cefa3ae8c15f?s=96&d=mm&r=g\",\"contentUrl\":\"https:\/\/secure.gravatar.com\/avatar\/cb16c3c31c9d23b9b8c705964598220b3014e42ff51eb540ff23cefa3ae8c15f?s=96&d=mm&r=g\",\"caption\":\"US6\"},\"url\":\"https:\/\/veritasinfo.org\/?author=7\"}]}<\/script>\n<!-- \/ Yoast SEO plugin. -->","yoast_head_json":{"title":"Takim trepal\u00ebsh Kosov\u00eb, Shqip\u00ebri, Kroaci p\u00ebr mbrojtjen -","robots":{"index":"index","follow":"follow","max-snippet":"max-snippet:-1","max-image-preview":"max-image-preview:large","max-video-preview":"max-video-preview:-1"},"canonical":"https:\/\/veritasinfo.org\/?p=30406","og_locale":"en_US","og_type":"article","og_title":"Takim trepal\u00ebsh Kosov\u00eb, Shqip\u00ebri, Kroaci p\u00ebr mbrojtjen -","og_description":"Prishtin\u00eb, 3 shkurt 2026 14:02 N\u00eb kuad\u00ebr t\u00eb zbatimit t\u00eb Deklarat\u00ebs s\u00eb p\u00ebrbashk\u00ebt trepal\u00ebshe t\u00eb n\u00ebnshkruar n\u00eb vitin 2025, sot \u00ebsht\u00eb mbajtur takimi trepal\u00ebsh Kosov\u00eb\u2013Shqip\u00ebri\u2013Kroaci","og_url":"https:\/\/veritasinfo.org\/?p=30406","article_published_time":"2026-02-03T13:02:57+00:00","og_image":[{"width":780,"height":500,"url":"https:\/\/veritasinfo.org\/wp-content\/uploads\/2026\/02\/716091-6CiSy3bK0X.jpg","type":"image\/jpeg"}],"author":"US6","twitter_card":"summary_large_image","twitter_misc":{"Written by":"US6","Est. reading time":"2 minutes"},"schema":{"@context":"https:\/\/schema.org","@graph":[{"@type":"WebPage","@id":"https:\/\/veritasinfo.org\/?p=30406","url":"https:\/\/veritasinfo.org\/?p=30406","name":"Takim trepal\u00ebsh Kosov\u00eb, Shqip\u00ebri, Kroaci p\u00ebr mbrojtjen -","isPartOf":{"@id":"https:\/\/veritasinfo.org\/#website"},"primaryImageOfPage":{"@id":"https:\/\/veritasinfo.org\/?p=30406#primaryimage"},"image":{"@id":"https:\/\/veritasinfo.org\/?p=30406#primaryimage"},"thumbnailUrl":"https:\/\/veritasinfo.org\/wp-content\/uploads\/2026\/02\/716091-6CiSy3bK0X.jpg","datePublished":"2026-02-03T13:02:57+00:00","author":{"@id":"https:\/\/veritasinfo.org\/#\/schema\/person\/fe199eede04c3937362892b7444747cc"},"breadcrumb":{"@id":"https:\/\/veritasinfo.org\/?p=30406#breadcrumb"},"inLanguage":"en-US","potentialAction":[{"@type":"ReadAction","target":["https:\/\/veritasinfo.org\/?p=30406"]}]},{"@type":"ImageObject","inLanguage":"en-US","@id":"https:\/\/veritasinfo.org\/?p=30406#primaryimage","url":"https:\/\/veritasinfo.org\/wp-content\/uploads\/2026\/02\/716091-6CiSy3bK0X.jpg","contentUrl":"https:\/\/veritasinfo.org\/wp-content\/uploads\/2026\/02\/716091-6CiSy3bK0X.jpg","width":780,"height":500},{"@type":"BreadcrumbList","@id":"https:\/\/veritasinfo.org\/?p=30406#breadcrumb","itemListElement":[{"@type":"ListItem","position":1,"name":"Home","item":"https:\/\/veritasinfo.org\/"},{"@type":"ListItem","position":2,"name":"Takim trepal\u00ebsh Kosov\u00eb, Shqip\u00ebri, Kroaci p\u00ebr mbrojtjen"}]},{"@type":"WebSite","@id":"https:\/\/veritasinfo.org\/#website","url":"https:\/\/veritasinfo.org\/","name":"","description":"","potentialAction":[{"@type":"SearchAction","target":{"@type":"EntryPoint","urlTemplate":"https:\/\/veritasinfo.org\/?s={search_term_string}"},"query-input":{"@type":"PropertyValueSpecification","valueRequired":true,"valueName":"search_term_string"}}],"inLanguage":"en-US"},{"@type":"Person","@id":"https:\/\/veritasinfo.org\/#\/schema\/person\/fe199eede04c3937362892b7444747cc","name":"US6","image":{"@type":"ImageObject","inLanguage":"en-US","@id":"https:\/\/veritasinfo.org\/#\/schema\/person\/image\/","url":"https:\/\/secure.gravatar.com\/avatar\/cb16c3c31c9d23b9b8c705964598220b3014e42ff51eb540ff23cefa3ae8c15f?s=96&d=mm&r=g","contentUrl":"https:\/\/secure.gravatar.com\/avatar\/cb16c3c31c9d23b9b8c705964598220b3014e42ff51eb540ff23cefa3ae8c15f?s=96&d=mm&r=g","caption":"US6"},"url":"https:\/\/veritasinfo.org\/?author=7"}]}},"featured_image_urls":{"full":["https:\/\/veritasinfo.org\/wp-content\/uploads\/2026\/02\/716091-6CiSy3bK0X.jpg",780,500,false],"thumbnail":["https:\/\/veritasinfo.org\/wp-content\/uploads\/2026\/02\/716091-6CiSy3bK0X-150x150.jpg",150,150,true],"medium":["https:\/\/veritasinfo.org\/wp-content\/uploads\/2026\/02\/716091-6CiSy3bK0X-300x192.jpg",300,192,true],"medium_large":["https:\/\/veritasinfo.org\/wp-content\/uploads\/2026\/02\/716091-6CiSy3bK0X-768x492.jpg",640,410,true],"large":["https:\/\/veritasinfo.org\/wp-content\/uploads\/2026\/02\/716091-6CiSy3bK0X.jpg",640,410,false],"1536x1536":["https:\/\/veritasinfo.org\/wp-content\/uploads\/2026\/02\/716091-6CiSy3bK0X.jpg",780,500,false],"2048x2048":["https:\/\/veritasinfo.org\/wp-content\/uploads\/2026\/02\/716091-6CiSy3bK0X.jpg",780,500,false],"kreeti-slider-full":["https:\/\/veritasinfo.org\/wp-content\/uploads\/2026\/02\/716091-6CiSy3bK0X.jpg",780,500,false],"kreeti-featured":["https:\/\/veritasinfo.org\/wp-content\/uploads\/2026\/02\/716091-6CiSy3bK0X.jpg",780,500,false],"kreeti-medium":["https:\/\/veritasinfo.org\/wp-content\/uploads\/2026\/02\/716091-6CiSy3bK0X.jpg",720,462,false],"kreeti-medium-square":["https:\/\/veritasinfo.org\/wp-content\/uploads\/2026\/02\/716091-6CiSy3bK0X.jpg",350,224,false]},"author_info":{"info":["US6"]},"category_info":"<a href=\"https:\/\/veritasinfo.org\/?cat=58\" rel=\"category\">Politik\u00eb<\/a>","tag_info":"Politik\u00eb","comment_count":"0","_links":{"self":[{"href":"https:\/\/veritasinfo.org\/index.php?rest_route=\/wp\/v2\/posts\/30406","targetHints":{"allow":["GET"]}}],"collection":[{"href":"https:\/\/veritasinfo.org\/index.php?rest_route=\/wp\/v2\/posts"}],"about":[{"href":"https:\/\/veritasinfo.org\/index.php?rest_route=\/wp\/v2\/types\/post"}],"author":[{"embeddable":true,"href":"https:\/\/veritasinfo.org\/index.php?rest_route=\/wp\/v2\/users\/7"}],"replies":[{"embeddable":true,"href":"https:\/\/veritasinfo.org\/index.php?rest_route=%2Fwp%2Fv2%2Fcomments&post=30406"}],"version-history":[{"count":1,"href":"https:\/\/veritasinfo.org\/index.php?rest_route=\/wp\/v2\/posts\/30406\/revisions"}],"predecessor-version":[{"id":30408,"href":"https:\/\/veritasinfo.org\/index.php?rest_route=\/wp\/v2\/posts\/30406\/revisions\/30408"}],"wp:featuredmedia":[{"embeddable":true,"href":"https:\/\/veritasinfo.org\/index.php?rest_route=\/wp\/v2\/media\/30407"}],"wp:attachment":[{"href":"https:\/\/veritasinfo.org\/index.php?rest_route=%2Fwp%2Fv2%2Fmedia&parent=30406"}],"wp:term":[{"taxonomy":"category","embeddable":true,"href":"https:\/\/veritasinfo.org\/index.php?rest_route=%2Fwp%2Fv2%2Fcategories&post=30406"},{"taxonomy":"post_tag","embeddable":true,"href":"https:\/\/veritasinfo.org\/index.php?rest_route=%2Fwp%2Fv2%2Ftags&post=30406"}],"curies":[{"name":"wp","href":"https:\/\/api.w.org\/{rel}","templated":true}]}}