{"id":30375,"date":"2026-02-03T11:51:35","date_gmt":"2026-02-03T10:51:35","guid":{"rendered":"https:\/\/veritasinfo.org\/?p=30375"},"modified":"2026-02-03T11:51:35","modified_gmt":"2026-02-03T10:51:35","slug":"komuna-e-kamenices-nxit-tranzicionin-drejt-energjise-se-paster","status":"publish","type":"post","link":"https:\/\/veritasinfo.org\/?p=30375","title":{"rendered":"Komuna e Kamenic\u00ebs nxit tranzicionin drejt energjis\u00eb s\u00eb past\u00ebr\u00a0"},"content":{"rendered":"<p>Kamenic\u00eb, 3 shkurt 2026 11:50<\/p>\n<p>Komuna e Kamenic\u00ebs po shnd\u00ebrrohet n\u00eb nj\u00eb pik\u00eb strategjike p\u00ebr zhvillimin e energjis\u00eb s\u00eb rinovueshme n\u00eb Kosov\u00eb, me potencial t\u00eb konsideruesh\u00ebm p\u00ebr shfryt\u00ebzimin e burimeve natyrore si dielli dhe era. N\u00eb nj\u00eb takim t\u00eb fundit me p\u00ebrfaq\u00ebsues t\u00eb Grupit t\u00eb Bank\u00ebs Bot\u00ebrore, u riafirmua angazhimi i institucioneve lokale p\u00ebr t\u00eb krijuar mjedisin e duhur p\u00ebr investime n\u00eb projekte t\u00eb gjelb\u00ebrta dhe p\u00ebr t\u00eb avancuar tranzicionin energjetik.<\/p>\n<p>N\u00eb takim mor\u00ebn pjes\u00eb drejtues t\u00eb Komun\u00ebs s\u00eb Kamenic\u00ebs \u2013 p\u00ebrfshir\u00eb Drejtorin e Urbanizmit, Uran Berisha, Drejtorin e Zhvillimit Ekonomik, Edon D\u00ebrmaku, si dhe zyrtar\u00eb t\u00eb tjer\u00eb t\u00eb sektorit, t\u00eb cil\u00ebt prit\u00ebn p\u00ebrfaq\u00ebsuesit e Bank\u00ebs Bot\u00ebrore, Kerstin Schopohl dhe Alban Imeri. Q\u00ebllimi kryesor ishte diskutimi i rolit aktiv t\u00eb komun\u00ebs n\u00eb procedurat e l\u00ebshimit t\u00eb lejeve, ndarjen e tok\u00ebs komunale dhe krijimin e kushteve t\u00eb favorshme p\u00ebr zhvillimin e projekteve t\u00eb energjis\u00eb s\u00eb rip\u00ebrt\u00ebritshme.<\/p>\n<p>Kapacitetet dhe potenciali i komun\u00ebs u prezantuan n\u00eb detaje nga drejtori i urbanizmit, i cili theksoi se Komuna e Kamenic\u00ebs ka hap\u00ebsira dhe resurse t\u00eb p\u00ebrshtatshme p\u00ebr vendosjen e impianteve diellore dhe turbina eolike. Planet Zhvillimore Komunale ofrojn\u00eb nj\u00eb baz\u00eb t\u00eb qart\u00eb p\u00ebr orientimin e investimeve t\u00eb gjelb\u00ebrta, si dhe p\u00ebr incentivimin e investitor\u00ebve q\u00eb d\u00ebshirojn\u00eb t\u00eb kontribuojn\u00eb n\u00eb sektorin e energjis\u00eb s\u00eb past\u00ebr.<\/p>\n<p>Nga ana tjet\u00ebr, drejtori i zhvillimit ekonomik theksoi se ka interes serioz nga investitor\u00eb potencial\u00eb, sidomos p\u00ebr projekte solare, duke treguar q\u00eb komuniteti dhe sektor\u00ebt privat\u00eb jan\u00eb gati t\u00eb angazhohen n\u00eb realizimin e projekteve energjetike n\u00eb p\u00ebrputhje me planet zhvillimore.<\/p>\n<p>P\u00ebrfaq\u00ebsuesja e Bank\u00ebs Bot\u00ebrore, Kerstin Schopohl, b\u00ebri t\u00eb ditur se ofrimi i parcelave komunale dhe hap\u00ebsirave t\u00eb tjera p\u00ebr investitor\u00ebt privat\u00eb \u00ebsht\u00eb nj\u00eb hap ky\u00e7 p\u00ebr fuqizimin e sektorit t\u00eb energjis\u00eb s\u00eb rinovueshme n\u00eb Kamenic\u00eb. Ajo n\u00ebnvizoi r\u00ebnd\u00ebsin\u00eb e krijimit t\u00eb mund\u00ebsive p\u00ebr investime edhe jasht\u00eb zonave tashm\u00eb t\u00eb identifikuara n\u00eb planet komunale, n\u00eb m\u00ebnyr\u00eb q\u00eb p\u00ebrfitimet t\u00eb shtrihen tek m\u00eb shum\u00eb qytetar\u00eb dhe aktor\u00eb ekonomik\u00eb.<\/p>\n<p>N\u00eb p\u00ebrfundim t\u00eb takimit, pal\u00ebt u dakorduan p\u00ebr vazhdimin e bashk\u00ebpunimit dhe koordinimit t\u00eb m\u00ebtejsh\u00ebm, me synimin q\u00eb Komuna e Kamenic\u00ebs t\u00eb b\u00ebhet nj\u00eb shembull i zhvillimit t\u00eb energjis\u00eb s\u00eb past\u00ebr n\u00eb nivel lokal dhe t\u00eb kontribuoj\u00eb n\u00eb objektivat m\u00eb t\u00eb gjera t\u00eb Kosov\u00ebs p\u00ebr q\u00ebllimet e tranzicionit energjetik dhe pavar\u00ebsis\u00eb energjetike.<\/p>\n<p>Potenciali i rajonit p\u00ebr energji t\u00eb rinovueshme \u00ebsht\u00eb i njohur edhe m\u00eb gjer\u00eb: zona e Kamenic\u00ebs s\u00eb tashm\u00eb \u00ebsht\u00eb vendi i ferm\u00ebs s\u00eb er\u00ebs Kitk\u00eb, nj\u00eb prej projekteve t\u00eb para t\u00eb k\u00ebtij lloji n\u00eb vend, q\u00eb tregon mund\u00ebsit\u00eb reale p\u00ebr kapacitet shtes\u00eb n\u00eb burimet e past\u00ebr t\u00eb energjis\u00eb p\u00ebrmes er\u00ebs dhe diellit.<\/p>\n","protected":false},"excerpt":{"rendered":"<p>Kamenic\u00eb, 3 shkurt 2026 11:50 Komuna e Kamenic\u00ebs po shnd\u00ebrrohet n\u00eb nj\u00eb pik\u00eb strategjike p\u00ebr zhvillimin e energjis\u00eb s\u00eb rinovueshme n\u00eb Kosov\u00eb, me potencial t\u00eb<\/p>\n","protected":false},"author":7,"featured_media":30377,"comment_status":"open","ping_status":"open","sticky":false,"template":"","format":"standard","meta":{"footnotes":""},"categories":[52],"tags":[],"class_list":["post-30375","post","type-post","status-publish","format-standard","has-post-thumbnail","hentry","category-komunat-sq"],"yoast_head":"<!-- This site is optimized with the Yoast SEO plugin v25.3.1 - https:\/\/yoast.com\/wordpress\/plugins\/seo\/ -->\n<title>Komuna e Kamenic\u00ebs nxit tranzicionin drejt energjis\u00eb s\u00eb past\u00ebr\u00a0 -<\/title>\n<meta name=\"robots\" content=\"index, follow, max-snippet:-1, max-image-preview:large, max-video-preview:-1\" \/>\n<link rel=\"canonical\" href=\"https:\/\/veritasinfo.org\/?p=30375\" \/>\n<meta property=\"og:locale\" content=\"en_US\" \/>\n<meta property=\"og:type\" content=\"article\" \/>\n<meta property=\"og:title\" content=\"Komuna e Kamenic\u00ebs nxit tranzicionin drejt energjis\u00eb s\u00eb past\u00ebr\u00a0 -\" \/>\n<meta property=\"og:description\" content=\"Kamenic\u00eb, 3 shkurt 2026 11:50 Komuna e Kamenic\u00ebs po shnd\u00ebrrohet n\u00eb nj\u00eb pik\u00eb strategjike p\u00ebr zhvillimin e energjis\u00eb s\u00eb rinovueshme n\u00eb Kosov\u00eb, me potencial t\u00eb\" \/>\n<meta property=\"og:url\" content=\"https:\/\/veritasinfo.org\/?p=30375\" \/>\n<meta property=\"article:published_time\" content=\"2026-02-03T10:51:35+00:00\" \/>\n<meta property=\"og:image\" content=\"https:\/\/veritasinfo.org\/wp-content\/uploads\/2026\/02\/image-4.webp\" \/>\n\t<meta property=\"og:image:width\" content=\"1245\" \/>\n\t<meta property=\"og:image:height\" content=\"700\" \/>\n\t<meta property=\"og:image:type\" content=\"image\/webp\" \/>\n<meta name=\"author\" content=\"US6\" \/>\n<meta name=\"twitter:card\" content=\"summary_large_image\" \/>\n<meta name=\"twitter:label1\" content=\"Written by\" \/>\n\t<meta name=\"twitter:data1\" content=\"US6\" \/>\n\t<meta name=\"twitter:label2\" content=\"Est. reading time\" \/>\n\t<meta name=\"twitter:data2\" content=\"3 minutes\" \/>\n<script type=\"application\/ld+json\" class=\"yoast-schema-graph\">{\"@context\":\"https:\/\/schema.org\",\"@graph\":[{\"@type\":\"WebPage\",\"@id\":\"https:\/\/veritasinfo.org\/?p=30375\",\"url\":\"https:\/\/veritasinfo.org\/?p=30375\",\"name\":\"Komuna e Kamenic\u00ebs nxit tranzicionin drejt energjis\u00eb s\u00eb past\u00ebr\u00a0 -\",\"isPartOf\":{\"@id\":\"https:\/\/veritasinfo.org\/#website\"},\"primaryImageOfPage\":{\"@id\":\"https:\/\/veritasinfo.org\/?p=30375#primaryimage\"},\"image\":{\"@id\":\"https:\/\/veritasinfo.org\/?p=30375#primaryimage\"},\"thumbnailUrl\":\"https:\/\/veritasinfo.org\/wp-content\/uploads\/2026\/02\/image-4.webp\",\"datePublished\":\"2026-02-03T10:51:35+00:00\",\"author\":{\"@id\":\"https:\/\/veritasinfo.org\/#\/schema\/person\/fe199eede04c3937362892b7444747cc\"},\"breadcrumb\":{\"@id\":\"https:\/\/veritasinfo.org\/?p=30375#breadcrumb\"},\"inLanguage\":\"en-US\",\"potentialAction\":[{\"@type\":\"ReadAction\",\"target\":[\"https:\/\/veritasinfo.org\/?p=30375\"]}]},{\"@type\":\"ImageObject\",\"inLanguage\":\"en-US\",\"@id\":\"https:\/\/veritasinfo.org\/?p=30375#primaryimage\",\"url\":\"https:\/\/veritasinfo.org\/wp-content\/uploads\/2026\/02\/image-4.webp\",\"contentUrl\":\"https:\/\/veritasinfo.org\/wp-content\/uploads\/2026\/02\/image-4.webp\",\"width\":1245,\"height\":700},{\"@type\":\"BreadcrumbList\",\"@id\":\"https:\/\/veritasinfo.org\/?p=30375#breadcrumb\",\"itemListElement\":[{\"@type\":\"ListItem\",\"position\":1,\"name\":\"Home\",\"item\":\"https:\/\/veritasinfo.org\/\"},{\"@type\":\"ListItem\",\"position\":2,\"name\":\"Komuna e Kamenic\u00ebs nxit tranzicionin drejt energjis\u00eb s\u00eb past\u00ebr\u00a0\"}]},{\"@type\":\"WebSite\",\"@id\":\"https:\/\/veritasinfo.org\/#website\",\"url\":\"https:\/\/veritasinfo.org\/\",\"name\":\"\",\"description\":\"\",\"potentialAction\":[{\"@type\":\"SearchAction\",\"target\":{\"@type\":\"EntryPoint\",\"urlTemplate\":\"https:\/\/veritasinfo.org\/?s={search_term_string}\"},\"query-input\":{\"@type\":\"PropertyValueSpecification\",\"valueRequired\":true,\"valueName\":\"search_term_string\"}}],\"inLanguage\":\"en-US\"},{\"@type\":\"Person\",\"@id\":\"https:\/\/veritasinfo.org\/#\/schema\/person\/fe199eede04c3937362892b7444747cc\",\"name\":\"US6\",\"image\":{\"@type\":\"ImageObject\",\"inLanguage\":\"en-US\",\"@id\":\"https:\/\/veritasinfo.org\/#\/schema\/person\/image\/\",\"url\":\"https:\/\/secure.gravatar.com\/avatar\/cb16c3c31c9d23b9b8c705964598220b3014e42ff51eb540ff23cefa3ae8c15f?s=96&d=mm&r=g\",\"contentUrl\":\"https:\/\/secure.gravatar.com\/avatar\/cb16c3c31c9d23b9b8c705964598220b3014e42ff51eb540ff23cefa3ae8c15f?s=96&d=mm&r=g\",\"caption\":\"US6\"},\"url\":\"https:\/\/veritasinfo.org\/?author=7\"}]}<\/script>\n<!-- \/ Yoast SEO plugin. -->","yoast_head_json":{"title":"Komuna e Kamenic\u00ebs nxit tranzicionin drejt energjis\u00eb s\u00eb past\u00ebr\u00a0 -","robots":{"index":"index","follow":"follow","max-snippet":"max-snippet:-1","max-image-preview":"max-image-preview:large","max-video-preview":"max-video-preview:-1"},"canonical":"https:\/\/veritasinfo.org\/?p=30375","og_locale":"en_US","og_type":"article","og_title":"Komuna e Kamenic\u00ebs nxit tranzicionin drejt energjis\u00eb s\u00eb past\u00ebr\u00a0 -","og_description":"Kamenic\u00eb, 3 shkurt 2026 11:50 Komuna e Kamenic\u00ebs po shnd\u00ebrrohet n\u00eb nj\u00eb pik\u00eb strategjike p\u00ebr zhvillimin e energjis\u00eb s\u00eb rinovueshme n\u00eb Kosov\u00eb, me potencial t\u00eb","og_url":"https:\/\/veritasinfo.org\/?p=30375","article_published_time":"2026-02-03T10:51:35+00:00","og_image":[{"width":1245,"height":700,"url":"https:\/\/veritasinfo.org\/wp-content\/uploads\/2026\/02\/image-4.webp","type":"image\/webp"}],"author":"US6","twitter_card":"summary_large_image","twitter_misc":{"Written by":"US6","Est. reading time":"3 minutes"},"schema":{"@context":"https:\/\/schema.org","@graph":[{"@type":"WebPage","@id":"https:\/\/veritasinfo.org\/?p=30375","url":"https:\/\/veritasinfo.org\/?p=30375","name":"Komuna e Kamenic\u00ebs nxit tranzicionin drejt energjis\u00eb s\u00eb past\u00ebr\u00a0 -","isPartOf":{"@id":"https:\/\/veritasinfo.org\/#website"},"primaryImageOfPage":{"@id":"https:\/\/veritasinfo.org\/?p=30375#primaryimage"},"image":{"@id":"https:\/\/veritasinfo.org\/?p=30375#primaryimage"},"thumbnailUrl":"https:\/\/veritasinfo.org\/wp-content\/uploads\/2026\/02\/image-4.webp","datePublished":"2026-02-03T10:51:35+00:00","author":{"@id":"https:\/\/veritasinfo.org\/#\/schema\/person\/fe199eede04c3937362892b7444747cc"},"breadcrumb":{"@id":"https:\/\/veritasinfo.org\/?p=30375#breadcrumb"},"inLanguage":"en-US","potentialAction":[{"@type":"ReadAction","target":["https:\/\/veritasinfo.org\/?p=30375"]}]},{"@type":"ImageObject","inLanguage":"en-US","@id":"https:\/\/veritasinfo.org\/?p=30375#primaryimage","url":"https:\/\/veritasinfo.org\/wp-content\/uploads\/2026\/02\/image-4.webp","contentUrl":"https:\/\/veritasinfo.org\/wp-content\/uploads\/2026\/02\/image-4.webp","width":1245,"height":700},{"@type":"BreadcrumbList","@id":"https:\/\/veritasinfo.org\/?p=30375#breadcrumb","itemListElement":[{"@type":"ListItem","position":1,"name":"Home","item":"https:\/\/veritasinfo.org\/"},{"@type":"ListItem","position":2,"name":"Komuna e Kamenic\u00ebs nxit tranzicionin drejt energjis\u00eb s\u00eb past\u00ebr\u00a0"}]},{"@type":"WebSite","@id":"https:\/\/veritasinfo.org\/#website","url":"https:\/\/veritasinfo.org\/","name":"","description":"","potentialAction":[{"@type":"SearchAction","target":{"@type":"EntryPoint","urlTemplate":"https:\/\/veritasinfo.org\/?s={search_term_string}"},"query-input":{"@type":"PropertyValueSpecification","valueRequired":true,"valueName":"search_term_string"}}],"inLanguage":"en-US"},{"@type":"Person","@id":"https:\/\/veritasinfo.org\/#\/schema\/person\/fe199eede04c3937362892b7444747cc","name":"US6","image":{"@type":"ImageObject","inLanguage":"en-US","@id":"https:\/\/veritasinfo.org\/#\/schema\/person\/image\/","url":"https:\/\/secure.gravatar.com\/avatar\/cb16c3c31c9d23b9b8c705964598220b3014e42ff51eb540ff23cefa3ae8c15f?s=96&d=mm&r=g","contentUrl":"https:\/\/secure.gravatar.com\/avatar\/cb16c3c31c9d23b9b8c705964598220b3014e42ff51eb540ff23cefa3ae8c15f?s=96&d=mm&r=g","caption":"US6"},"url":"https:\/\/veritasinfo.org\/?author=7"}]}},"featured_image_urls":{"full":["https:\/\/veritasinfo.org\/wp-content\/uploads\/2026\/02\/image-4.webp",1245,700,false],"thumbnail":["https:\/\/veritasinfo.org\/wp-content\/uploads\/2026\/02\/image-4-150x150.webp",150,150,true],"medium":["https:\/\/veritasinfo.org\/wp-content\/uploads\/2026\/02\/image-4-300x169.webp",300,169,true],"medium_large":["https:\/\/veritasinfo.org\/wp-content\/uploads\/2026\/02\/image-4-768x432.webp",640,360,true],"large":["https:\/\/veritasinfo.org\/wp-content\/uploads\/2026\/02\/image-4-1024x576.webp",640,360,true],"1536x1536":["https:\/\/veritasinfo.org\/wp-content\/uploads\/2026\/02\/image-4.webp",1245,700,false],"2048x2048":["https:\/\/veritasinfo.org\/wp-content\/uploads\/2026\/02\/image-4.webp",1245,700,false],"kreeti-slider-full":["https:\/\/veritasinfo.org\/wp-content\/uploads\/2026\/02\/image-4.webp",1245,700,false],"kreeti-featured":["https:\/\/veritasinfo.org\/wp-content\/uploads\/2026\/02\/image-4.webp",1024,576,false],"kreeti-medium":["https:\/\/veritasinfo.org\/wp-content\/uploads\/2026\/02\/image-4.webp",720,405,false],"kreeti-medium-square":["https:\/\/veritasinfo.org\/wp-content\/uploads\/2026\/02\/image-4.webp",350,197,false]},"author_info":{"info":["US6"]},"category_info":"<a href=\"https:\/\/veritasinfo.org\/?cat=52\" rel=\"category\">Komunat<\/a>","tag_info":"Komunat","comment_count":"0","_links":{"self":[{"href":"https:\/\/veritasinfo.org\/index.php?rest_route=\/wp\/v2\/posts\/30375","targetHints":{"allow":["GET"]}}],"collection":[{"href":"https:\/\/veritasinfo.org\/index.php?rest_route=\/wp\/v2\/posts"}],"about":[{"href":"https:\/\/veritasinfo.org\/index.php?rest_route=\/wp\/v2\/types\/post"}],"author":[{"embeddable":true,"href":"https:\/\/veritasinfo.org\/index.php?rest_route=\/wp\/v2\/users\/7"}],"replies":[{"embeddable":true,"href":"https:\/\/veritasinfo.org\/index.php?rest_route=%2Fwp%2Fv2%2Fcomments&post=30375"}],"version-history":[{"count":1,"href":"https:\/\/veritasinfo.org\/index.php?rest_route=\/wp\/v2\/posts\/30375\/revisions"}],"predecessor-version":[{"id":30378,"href":"https:\/\/veritasinfo.org\/index.php?rest_route=\/wp\/v2\/posts\/30375\/revisions\/30378"}],"wp:featuredmedia":[{"embeddable":true,"href":"https:\/\/veritasinfo.org\/index.php?rest_route=\/wp\/v2\/media\/30377"}],"wp:attachment":[{"href":"https:\/\/veritasinfo.org\/index.php?rest_route=%2Fwp%2Fv2%2Fmedia&parent=30375"}],"wp:term":[{"taxonomy":"category","embeddable":true,"href":"https:\/\/veritasinfo.org\/index.php?rest_route=%2Fwp%2Fv2%2Fcategories&post=30375"},{"taxonomy":"post_tag","embeddable":true,"href":"https:\/\/veritasinfo.org\/index.php?rest_route=%2Fwp%2Fv2%2Ftags&post=30375"}],"curies":[{"name":"wp","href":"https:\/\/api.w.org\/{rel}","templated":true}]}}