{"id":30374,"date":"2026-02-03T11:51:55","date_gmt":"2026-02-03T10:51:55","guid":{"rendered":"https:\/\/veritasinfo.org\/?p=30374"},"modified":"2026-02-03T11:51:55","modified_gmt":"2026-02-03T10:51:55","slug":"osmani-kujton-masakren-e-mitrovices-krim-i-hapur-kunder-njerezimit","status":"publish","type":"post","link":"https:\/\/veritasinfo.org\/?p=30374","title":{"rendered":"Osmani kujton masakr\u00ebn e Mitrovic\u00ebs: Krim i hapur kund\u00ebr njer\u00ebzimit"},"content":{"rendered":"<p>Prishtin\u00eb 03 Shkurt 2026 11:50<\/p>\n<p>Presidentja e vendit, Vjosa Osmani, ka p\u00ebrkujtuar Masakr\u00ebn e 3\u20134 shkurtit 2000 n\u00eb Mitrovic\u00eb duke th\u00ebn\u00eb se ishte krim i hapur kund\u00ebr njer\u00ebzimit.<\/p>\n<p>\u201cN\u00eb p\u00ebrvjetorin e Masakr\u00ebs s\u00eb 3\u20134 shkurtit 2000 n\u00eb Mitrovic\u00eb, kujtojm\u00eb me dhimbje dhe respekt t\u00eb thell\u00eb nj\u00eb nga plag\u00ebt m\u00eb t\u00eb r\u00ebnda t\u00eb pasluft\u00ebs. N\u00eb ato dit\u00eb t\u00eb err\u00ebta, bandat kriminale serbe vran\u00eb 10 civil\u00eb t\u00eb pafajsh\u00ebm, plagos\u00ebn 25 t\u00eb tjer\u00eb dhe d\u00ebbuan me dhun\u00eb 1 564 familje me gjithsej 11 364 an\u00ebtar\u00eb nga sht\u00ebpit\u00eb e tyre\u201d, ka kujtuar Osmani.<\/p>\n<p>Osmani m\u00eb tej ka th\u00ebn\u00eb se Mitrovica ka q\u00ebndruar e pathyeshme p\u00ebrball\u00eb k\u00ebsaj masakre.<\/p>\n<p>\u201cKy ishte nj\u00eb krim i hapur kund\u00ebr njer\u00ebzimit, nj\u00eb p\u00ebrpjekje brutale p\u00ebr ta thyer shpirtin e nj\u00eb qyteti dhe p\u00ebr ta zhdukur pranin\u00eb e shqiptar\u00ebve n\u00eb pjes\u00ebn veriore t\u00eb k\u00ebtij qyteti. Mitrovica q\u00ebndroi dhe nuk u thye, ndaj ky krim nuk do t\u00eb harrohet kurr\u00eb dhe drejt\u00ebsia do t\u00eb mbetet k\u00ebrkes\u00eb e pandalshme\u201d, vazhdon ajo.<\/p>\n","protected":false},"excerpt":{"rendered":"<p>Prishtin\u00eb 03 Shkurt 2026 11:50 Presidentja e vendit, Vjosa Osmani, ka p\u00ebrkujtuar Masakr\u00ebn e 3\u20134 shkurtit 2000 n\u00eb Mitrovic\u00eb duke th\u00ebn\u00eb se ishte krim i<\/p>\n","protected":false},"author":6,"featured_media":30379,"comment_status":"open","ping_status":"open","sticky":false,"template":"","format":"standard","meta":{"footnotes":""},"categories":[60],"tags":[],"class_list":["post-30374","post","type-post","status-publish","format-standard","has-post-thumbnail","hentry","category-shoqerore-sq"],"yoast_head":"<!-- This site is optimized with the Yoast SEO plugin v25.3.1 - https:\/\/yoast.com\/wordpress\/plugins\/seo\/ -->\n<title>Osmani kujton masakr\u00ebn e Mitrovic\u00ebs: Krim i hapur kund\u00ebr njer\u00ebzimit -<\/title>\n<meta name=\"robots\" content=\"index, follow, max-snippet:-1, max-image-preview:large, max-video-preview:-1\" \/>\n<link rel=\"canonical\" href=\"https:\/\/veritasinfo.org\/?p=30374\" \/>\n<meta property=\"og:locale\" content=\"en_US\" \/>\n<meta property=\"og:type\" content=\"article\" \/>\n<meta property=\"og:title\" content=\"Osmani kujton masakr\u00ebn e Mitrovic\u00ebs: Krim i hapur kund\u00ebr njer\u00ebzimit -\" \/>\n<meta property=\"og:description\" content=\"Prishtin\u00eb 03 Shkurt 2026 11:50 Presidentja e vendit, Vjosa Osmani, ka p\u00ebrkujtuar Masakr\u00ebn e 3\u20134 shkurtit 2000 n\u00eb Mitrovic\u00eb duke th\u00ebn\u00eb se ishte krim i\" \/>\n<meta property=\"og:url\" content=\"https:\/\/veritasinfo.org\/?p=30374\" \/>\n<meta property=\"article:published_time\" content=\"2026-02-03T10:51:55+00:00\" \/>\n<meta property=\"og:image\" content=\"https:\/\/veritasinfo.org\/wp-content\/uploads\/2026\/02\/716068-sKMKMpFTvB.jpg\" \/>\n\t<meta property=\"og:image:width\" content=\"780\" \/>\n\t<meta property=\"og:image:height\" content=\"500\" \/>\n\t<meta property=\"og:image:type\" content=\"image\/jpeg\" \/>\n<meta name=\"author\" content=\"US5\" \/>\n<meta name=\"twitter:card\" content=\"summary_large_image\" \/>\n<meta name=\"twitter:label1\" content=\"Written by\" \/>\n\t<meta name=\"twitter:data1\" content=\"US5\" \/>\n<script type=\"application\/ld+json\" class=\"yoast-schema-graph\">{\"@context\":\"https:\/\/schema.org\",\"@graph\":[{\"@type\":\"WebPage\",\"@id\":\"https:\/\/veritasinfo.org\/?p=30374\",\"url\":\"https:\/\/veritasinfo.org\/?p=30374\",\"name\":\"Osmani kujton masakr\u00ebn e Mitrovic\u00ebs: Krim i hapur kund\u00ebr njer\u00ebzimit -\",\"isPartOf\":{\"@id\":\"https:\/\/veritasinfo.org\/#website\"},\"primaryImageOfPage\":{\"@id\":\"https:\/\/veritasinfo.org\/?p=30374#primaryimage\"},\"image\":{\"@id\":\"https:\/\/veritasinfo.org\/?p=30374#primaryimage\"},\"thumbnailUrl\":\"https:\/\/veritasinfo.org\/wp-content\/uploads\/2026\/02\/716068-sKMKMpFTvB.jpg\",\"datePublished\":\"2026-02-03T10:51:55+00:00\",\"author\":{\"@id\":\"https:\/\/veritasinfo.org\/#\/schema\/person\/bc442336e35414d04494ab8fb45db4c6\"},\"breadcrumb\":{\"@id\":\"https:\/\/veritasinfo.org\/?p=30374#breadcrumb\"},\"inLanguage\":\"en-US\",\"potentialAction\":[{\"@type\":\"ReadAction\",\"target\":[\"https:\/\/veritasinfo.org\/?p=30374\"]}]},{\"@type\":\"ImageObject\",\"inLanguage\":\"en-US\",\"@id\":\"https:\/\/veritasinfo.org\/?p=30374#primaryimage\",\"url\":\"https:\/\/veritasinfo.org\/wp-content\/uploads\/2026\/02\/716068-sKMKMpFTvB.jpg\",\"contentUrl\":\"https:\/\/veritasinfo.org\/wp-content\/uploads\/2026\/02\/716068-sKMKMpFTvB.jpg\",\"width\":780,\"height\":500},{\"@type\":\"BreadcrumbList\",\"@id\":\"https:\/\/veritasinfo.org\/?p=30374#breadcrumb\",\"itemListElement\":[{\"@type\":\"ListItem\",\"position\":1,\"name\":\"Home\",\"item\":\"https:\/\/veritasinfo.org\/\"},{\"@type\":\"ListItem\",\"position\":2,\"name\":\"Osmani kujton masakr\u00ebn e Mitrovic\u00ebs: Krim i hapur kund\u00ebr njer\u00ebzimit\"}]},{\"@type\":\"WebSite\",\"@id\":\"https:\/\/veritasinfo.org\/#website\",\"url\":\"https:\/\/veritasinfo.org\/\",\"name\":\"\",\"description\":\"\",\"potentialAction\":[{\"@type\":\"SearchAction\",\"target\":{\"@type\":\"EntryPoint\",\"urlTemplate\":\"https:\/\/veritasinfo.org\/?s={search_term_string}\"},\"query-input\":{\"@type\":\"PropertyValueSpecification\",\"valueRequired\":true,\"valueName\":\"search_term_string\"}}],\"inLanguage\":\"en-US\"},{\"@type\":\"Person\",\"@id\":\"https:\/\/veritasinfo.org\/#\/schema\/person\/bc442336e35414d04494ab8fb45db4c6\",\"name\":\"US5\",\"image\":{\"@type\":\"ImageObject\",\"inLanguage\":\"en-US\",\"@id\":\"https:\/\/veritasinfo.org\/#\/schema\/person\/image\/\",\"url\":\"https:\/\/secure.gravatar.com\/avatar\/16a61e7272a0c5d001121ebb9e60e925d5816e4ac1e443ed3e640d9a6ae55d0c?s=96&d=mm&r=g\",\"contentUrl\":\"https:\/\/secure.gravatar.com\/avatar\/16a61e7272a0c5d001121ebb9e60e925d5816e4ac1e443ed3e640d9a6ae55d0c?s=96&d=mm&r=g\",\"caption\":\"US5\"},\"url\":\"https:\/\/veritasinfo.org\/?author=6\"}]}<\/script>\n<!-- \/ Yoast SEO plugin. -->","yoast_head_json":{"title":"Osmani kujton masakr\u00ebn e Mitrovic\u00ebs: Krim i hapur kund\u00ebr njer\u00ebzimit -","robots":{"index":"index","follow":"follow","max-snippet":"max-snippet:-1","max-image-preview":"max-image-preview:large","max-video-preview":"max-video-preview:-1"},"canonical":"https:\/\/veritasinfo.org\/?p=30374","og_locale":"en_US","og_type":"article","og_title":"Osmani kujton masakr\u00ebn e Mitrovic\u00ebs: Krim i hapur kund\u00ebr njer\u00ebzimit -","og_description":"Prishtin\u00eb 03 Shkurt 2026 11:50 Presidentja e vendit, Vjosa Osmani, ka p\u00ebrkujtuar Masakr\u00ebn e 3\u20134 shkurtit 2000 n\u00eb Mitrovic\u00eb duke th\u00ebn\u00eb se ishte krim i","og_url":"https:\/\/veritasinfo.org\/?p=30374","article_published_time":"2026-02-03T10:51:55+00:00","og_image":[{"width":780,"height":500,"url":"https:\/\/veritasinfo.org\/wp-content\/uploads\/2026\/02\/716068-sKMKMpFTvB.jpg","type":"image\/jpeg"}],"author":"US5","twitter_card":"summary_large_image","twitter_misc":{"Written by":"US5"},"schema":{"@context":"https:\/\/schema.org","@graph":[{"@type":"WebPage","@id":"https:\/\/veritasinfo.org\/?p=30374","url":"https:\/\/veritasinfo.org\/?p=30374","name":"Osmani kujton masakr\u00ebn e Mitrovic\u00ebs: Krim i hapur kund\u00ebr njer\u00ebzimit -","isPartOf":{"@id":"https:\/\/veritasinfo.org\/#website"},"primaryImageOfPage":{"@id":"https:\/\/veritasinfo.org\/?p=30374#primaryimage"},"image":{"@id":"https:\/\/veritasinfo.org\/?p=30374#primaryimage"},"thumbnailUrl":"https:\/\/veritasinfo.org\/wp-content\/uploads\/2026\/02\/716068-sKMKMpFTvB.jpg","datePublished":"2026-02-03T10:51:55+00:00","author":{"@id":"https:\/\/veritasinfo.org\/#\/schema\/person\/bc442336e35414d04494ab8fb45db4c6"},"breadcrumb":{"@id":"https:\/\/veritasinfo.org\/?p=30374#breadcrumb"},"inLanguage":"en-US","potentialAction":[{"@type":"ReadAction","target":["https:\/\/veritasinfo.org\/?p=30374"]}]},{"@type":"ImageObject","inLanguage":"en-US","@id":"https:\/\/veritasinfo.org\/?p=30374#primaryimage","url":"https:\/\/veritasinfo.org\/wp-content\/uploads\/2026\/02\/716068-sKMKMpFTvB.jpg","contentUrl":"https:\/\/veritasinfo.org\/wp-content\/uploads\/2026\/02\/716068-sKMKMpFTvB.jpg","width":780,"height":500},{"@type":"BreadcrumbList","@id":"https:\/\/veritasinfo.org\/?p=30374#breadcrumb","itemListElement":[{"@type":"ListItem","position":1,"name":"Home","item":"https:\/\/veritasinfo.org\/"},{"@type":"ListItem","position":2,"name":"Osmani kujton masakr\u00ebn e Mitrovic\u00ebs: Krim i hapur kund\u00ebr njer\u00ebzimit"}]},{"@type":"WebSite","@id":"https:\/\/veritasinfo.org\/#website","url":"https:\/\/veritasinfo.org\/","name":"","description":"","potentialAction":[{"@type":"SearchAction","target":{"@type":"EntryPoint","urlTemplate":"https:\/\/veritasinfo.org\/?s={search_term_string}"},"query-input":{"@type":"PropertyValueSpecification","valueRequired":true,"valueName":"search_term_string"}}],"inLanguage":"en-US"},{"@type":"Person","@id":"https:\/\/veritasinfo.org\/#\/schema\/person\/bc442336e35414d04494ab8fb45db4c6","name":"US5","image":{"@type":"ImageObject","inLanguage":"en-US","@id":"https:\/\/veritasinfo.org\/#\/schema\/person\/image\/","url":"https:\/\/secure.gravatar.com\/avatar\/16a61e7272a0c5d001121ebb9e60e925d5816e4ac1e443ed3e640d9a6ae55d0c?s=96&d=mm&r=g","contentUrl":"https:\/\/secure.gravatar.com\/avatar\/16a61e7272a0c5d001121ebb9e60e925d5816e4ac1e443ed3e640d9a6ae55d0c?s=96&d=mm&r=g","caption":"US5"},"url":"https:\/\/veritasinfo.org\/?author=6"}]}},"featured_image_urls":{"full":["https:\/\/veritasinfo.org\/wp-content\/uploads\/2026\/02\/716068-sKMKMpFTvB.jpg",780,500,false],"thumbnail":["https:\/\/veritasinfo.org\/wp-content\/uploads\/2026\/02\/716068-sKMKMpFTvB-150x150.jpg",150,150,true],"medium":["https:\/\/veritasinfo.org\/wp-content\/uploads\/2026\/02\/716068-sKMKMpFTvB-300x192.jpg",300,192,true],"medium_large":["https:\/\/veritasinfo.org\/wp-content\/uploads\/2026\/02\/716068-sKMKMpFTvB-768x492.jpg",640,410,true],"large":["https:\/\/veritasinfo.org\/wp-content\/uploads\/2026\/02\/716068-sKMKMpFTvB.jpg",640,410,false],"1536x1536":["https:\/\/veritasinfo.org\/wp-content\/uploads\/2026\/02\/716068-sKMKMpFTvB.jpg",780,500,false],"2048x2048":["https:\/\/veritasinfo.org\/wp-content\/uploads\/2026\/02\/716068-sKMKMpFTvB.jpg",780,500,false],"kreeti-slider-full":["https:\/\/veritasinfo.org\/wp-content\/uploads\/2026\/02\/716068-sKMKMpFTvB.jpg",780,500,false],"kreeti-featured":["https:\/\/veritasinfo.org\/wp-content\/uploads\/2026\/02\/716068-sKMKMpFTvB.jpg",780,500,false],"kreeti-medium":["https:\/\/veritasinfo.org\/wp-content\/uploads\/2026\/02\/716068-sKMKMpFTvB.jpg",720,462,false],"kreeti-medium-square":["https:\/\/veritasinfo.org\/wp-content\/uploads\/2026\/02\/716068-sKMKMpFTvB.jpg",350,224,false]},"author_info":{"info":["US5"]},"category_info":"<a href=\"https:\/\/veritasinfo.org\/?cat=60\" rel=\"category\">Shoq\u00ebrore<\/a>","tag_info":"Shoq\u00ebrore","comment_count":"0","_links":{"self":[{"href":"https:\/\/veritasinfo.org\/index.php?rest_route=\/wp\/v2\/posts\/30374","targetHints":{"allow":["GET"]}}],"collection":[{"href":"https:\/\/veritasinfo.org\/index.php?rest_route=\/wp\/v2\/posts"}],"about":[{"href":"https:\/\/veritasinfo.org\/index.php?rest_route=\/wp\/v2\/types\/post"}],"author":[{"embeddable":true,"href":"https:\/\/veritasinfo.org\/index.php?rest_route=\/wp\/v2\/users\/6"}],"replies":[{"embeddable":true,"href":"https:\/\/veritasinfo.org\/index.php?rest_route=%2Fwp%2Fv2%2Fcomments&post=30374"}],"version-history":[{"count":1,"href":"https:\/\/veritasinfo.org\/index.php?rest_route=\/wp\/v2\/posts\/30374\/revisions"}],"predecessor-version":[{"id":30380,"href":"https:\/\/veritasinfo.org\/index.php?rest_route=\/wp\/v2\/posts\/30374\/revisions\/30380"}],"wp:featuredmedia":[{"embeddable":true,"href":"https:\/\/veritasinfo.org\/index.php?rest_route=\/wp\/v2\/media\/30379"}],"wp:attachment":[{"href":"https:\/\/veritasinfo.org\/index.php?rest_route=%2Fwp%2Fv2%2Fmedia&parent=30374"}],"wp:term":[{"taxonomy":"category","embeddable":true,"href":"https:\/\/veritasinfo.org\/index.php?rest_route=%2Fwp%2Fv2%2Fcategories&post=30374"},{"taxonomy":"post_tag","embeddable":true,"href":"https:\/\/veritasinfo.org\/index.php?rest_route=%2Fwp%2Fv2%2Ftags&post=30374"}],"curies":[{"name":"wp","href":"https:\/\/api.w.org\/{rel}","templated":true}]}}