{"id":30344,"date":"2026-02-03T09:19:56","date_gmt":"2026-02-03T08:19:56","guid":{"rendered":"https:\/\/veritasinfo.org\/?p=30344"},"modified":"2026-02-03T09:19:56","modified_gmt":"2026-02-03T08:19:56","slug":"pokusali-su-da-opljackaju-zlataru-u-kacaniku-sud-je-odredio-pritvor","status":"publish","type":"post","link":"https:\/\/veritasinfo.org\/?p=30344&lang=sr","title":{"rendered":"Poku\u0161ali su da oplja\u010dkaju zlataru u Ka\u010daniku, sud je odredio pritvor"},"content":{"rendered":"<p>Pri\u0161tina, 3. februar 09:17<\/p>\n<p>Osnovni sud u Uro\u0161evu \u2013 Odeljenje u Ka\u010daniku, odobrio je zahtev Osnovnog tu\u017eila\u0161tva u Uro\u0161evu za odre\u0111ivanje mere pritvora protiv \u0161est okrivljenih, zbog osnovane sumnje da su po\u010dinili krivi\u010dno delo \u201ete\u0161ka kra\u0111a\u201c, u saizvr\u0161ila\u0161tvu i poku\u0161aju.<\/p>\n<p>Prema sudskoj odluci, okrivljenima L.M., B.H. i S.F., dr\u017eavljanima Republike Kosovo, kao i D.T. i M.M., dr\u017eavljanima Republike Srbije, odre\u0111ena je mera pritvora od jednog meseca.<\/p>\n<p>Nakon odr\u017eanog ro\u010di\u0161ta i pregleda spisa predmeta, sudija za prethodni postupak Op\u0161teg odeljenja \u2013 Krivi\u010dnog odeljenja, Zajrete Muhad\u017eeri, ocenila je da postoji osnovana sumnja da su okrivljeni 1. februara 2026. godine, oko 01:45, u Ka\u010daniku, poku\u0161ali da izvr\u0161e plja\u010dku u prodavnici nakita.<br \/>\nPrema presudi, okrivljeni su, sa ciljem protivpravnog prisvajanja, upotrebom sile i provale, poku\u0161ali da prodru u prodavnicu nakita. Sumnja se da je okrivljeni B.H. kontinuirano komunicirao telefonom sa okrivljenim M.M., dok je grupa bila pripremljena raznim alatima, uklju\u010dujuc\u0301i metalne \u0161ipke, pajsere, klju\u010deve, odvija\u010de, o\u0161tre alate i rukavice.<\/p>\n<p>Pro\u010ditajte tako\u0111e<br \/>\nPrema navodima suda, okrivljeni M.M. i D.T. su polomili gvozdene re\u0161etke na prozoru kako bi u\u0161li u prodavnicu, dok su ostala trojica okrivljenih stajala u vozilu VW Caddy, posmatrajuc\u0301i situaciju. Osumnji\u010deni su uhvac\u0301eni na delu od strane Kosovske policije i poku\u0161ali su da pobegnu.<br \/>\nSud je ocenio da je zahtev tu\u017eila\u0161tva osnovan i, u skladu sa odredbama Krivi\u010dnog zakona Republike Kosovo, odredio je meru pritvora u trajanju od jednog meseca. Stranke su obave\u0161tene da \u017ealba na ovu presudu ne odla\u017ee njeno izvr\u0161enje.<\/p>\n","protected":false},"excerpt":{"rendered":"<p>Pri\u0161tina, 3. februar 09:17 Osnovni sud u Uro\u0161evu \u2013 Odeljenje u Ka\u010daniku, odobrio je zahtev Osnovnog tu\u017eila\u0161tva u Uro\u0161evu za odre\u0111ivanje mere pritvora protiv \u0161est<\/p>\n","protected":false},"author":6,"featured_media":30342,"comment_status":"open","ping_status":"open","sticky":false,"template":"","format":"standard","meta":{"footnotes":""},"categories":[30],"tags":[],"class_list":["post-30344","post","type-post","status-publish","format-standard","has-post-thumbnail","hentry","category-drustvo"],"yoast_head":"<!-- This site is optimized with the Yoast SEO plugin v25.3.1 - https:\/\/yoast.com\/wordpress\/plugins\/seo\/ -->\n<title>Poku\u0161ali su da oplja\u010dkaju zlataru u Ka\u010daniku, sud je odredio pritvor -<\/title>\n<meta name=\"robots\" content=\"index, follow, max-snippet:-1, max-image-preview:large, max-video-preview:-1\" \/>\n<link rel=\"canonical\" href=\"https:\/\/veritasinfo.org\/?p=30344&lang=sr\" \/>\n<meta property=\"og:locale\" content=\"en_US\" \/>\n<meta property=\"og:type\" content=\"article\" \/>\n<meta property=\"og:title\" content=\"Poku\u0161ali su da oplja\u010dkaju zlataru u Ka\u010daniku, sud je odredio pritvor -\" \/>\n<meta property=\"og:description\" content=\"Pri\u0161tina, 3. februar 09:17 Osnovni sud u Uro\u0161evu \u2013 Odeljenje u Ka\u010daniku, odobrio je zahtev Osnovnog tu\u017eila\u0161tva u Uro\u0161evu za odre\u0111ivanje mere pritvora protiv \u0161est\" \/>\n<meta property=\"og:url\" content=\"https:\/\/veritasinfo.org\/?p=30344&amp;lang=sr\" \/>\n<meta property=\"article:published_time\" content=\"2026-02-03T08:19:56+00:00\" \/>\n<meta property=\"og:image\" content=\"https:\/\/veritasinfo.org\/wp-content\/uploads\/2026\/02\/700796_Pamje-Fera-010226.webp\" \/>\n\t<meta property=\"og:image:width\" content=\"900\" \/>\n\t<meta property=\"og:image:height\" content=\"600\" \/>\n\t<meta property=\"og:image:type\" content=\"image\/webp\" \/>\n<meta name=\"author\" content=\"US5\" \/>\n<meta name=\"twitter:card\" content=\"summary_large_image\" \/>\n<meta name=\"twitter:label1\" content=\"Written by\" \/>\n\t<meta name=\"twitter:data1\" content=\"US5\" \/>\n<script type=\"application\/ld+json\" class=\"yoast-schema-graph\">{\"@context\":\"https:\/\/schema.org\",\"@graph\":[{\"@type\":\"WebPage\",\"@id\":\"https:\/\/veritasinfo.org\/?p=30344&lang=sr\",\"url\":\"https:\/\/veritasinfo.org\/?p=30344&lang=sr\",\"name\":\"Poku\u0161ali su da oplja\u010dkaju zlataru u Ka\u010daniku, sud je odredio pritvor -\",\"isPartOf\":{\"@id\":\"https:\/\/veritasinfo.org\/#website\"},\"primaryImageOfPage\":{\"@id\":\"https:\/\/veritasinfo.org\/?p=30344&lang=sr#primaryimage\"},\"image\":{\"@id\":\"https:\/\/veritasinfo.org\/?p=30344&lang=sr#primaryimage\"},\"thumbnailUrl\":\"https:\/\/veritasinfo.org\/wp-content\/uploads\/2026\/02\/700796_Pamje-Fera-010226.webp\",\"datePublished\":\"2026-02-03T08:19:56+00:00\",\"author\":{\"@id\":\"https:\/\/veritasinfo.org\/#\/schema\/person\/bc442336e35414d04494ab8fb45db4c6\"},\"breadcrumb\":{\"@id\":\"https:\/\/veritasinfo.org\/?p=30344&lang=sr#breadcrumb\"},\"inLanguage\":\"en-US\",\"potentialAction\":[{\"@type\":\"ReadAction\",\"target\":[\"https:\/\/veritasinfo.org\/?p=30344&lang=sr\"]}]},{\"@type\":\"ImageObject\",\"inLanguage\":\"en-US\",\"@id\":\"https:\/\/veritasinfo.org\/?p=30344&lang=sr#primaryimage\",\"url\":\"https:\/\/veritasinfo.org\/wp-content\/uploads\/2026\/02\/700796_Pamje-Fera-010226.webp\",\"contentUrl\":\"https:\/\/veritasinfo.org\/wp-content\/uploads\/2026\/02\/700796_Pamje-Fera-010226.webp\",\"width\":900,\"height\":600},{\"@type\":\"BreadcrumbList\",\"@id\":\"https:\/\/veritasinfo.org\/?p=30344&lang=sr#breadcrumb\",\"itemListElement\":[{\"@type\":\"ListItem\",\"position\":1,\"name\":\"Home\",\"item\":\"https:\/\/veritasinfo.org\/\"},{\"@type\":\"ListItem\",\"position\":2,\"name\":\"Poku\u0161ali su da oplja\u010dkaju zlataru u Ka\u010daniku, sud je odredio pritvor\"}]},{\"@type\":\"WebSite\",\"@id\":\"https:\/\/veritasinfo.org\/#website\",\"url\":\"https:\/\/veritasinfo.org\/\",\"name\":\"\",\"description\":\"\",\"potentialAction\":[{\"@type\":\"SearchAction\",\"target\":{\"@type\":\"EntryPoint\",\"urlTemplate\":\"https:\/\/veritasinfo.org\/?s={search_term_string}\"},\"query-input\":{\"@type\":\"PropertyValueSpecification\",\"valueRequired\":true,\"valueName\":\"search_term_string\"}}],\"inLanguage\":\"en-US\"},{\"@type\":\"Person\",\"@id\":\"https:\/\/veritasinfo.org\/#\/schema\/person\/bc442336e35414d04494ab8fb45db4c6\",\"name\":\"US5\",\"image\":{\"@type\":\"ImageObject\",\"inLanguage\":\"en-US\",\"@id\":\"https:\/\/veritasinfo.org\/#\/schema\/person\/image\/\",\"url\":\"https:\/\/secure.gravatar.com\/avatar\/16a61e7272a0c5d001121ebb9e60e925d5816e4ac1e443ed3e640d9a6ae55d0c?s=96&d=mm&r=g\",\"contentUrl\":\"https:\/\/secure.gravatar.com\/avatar\/16a61e7272a0c5d001121ebb9e60e925d5816e4ac1e443ed3e640d9a6ae55d0c?s=96&d=mm&r=g\",\"caption\":\"US5\"},\"url\":\"https:\/\/veritasinfo.org\/?author=6\"}]}<\/script>\n<!-- \/ Yoast SEO plugin. -->","yoast_head_json":{"title":"Poku\u0161ali su da oplja\u010dkaju zlataru u Ka\u010daniku, sud je odredio pritvor -","robots":{"index":"index","follow":"follow","max-snippet":"max-snippet:-1","max-image-preview":"max-image-preview:large","max-video-preview":"max-video-preview:-1"},"canonical":"https:\/\/veritasinfo.org\/?p=30344&lang=sr","og_locale":"en_US","og_type":"article","og_title":"Poku\u0161ali su da oplja\u010dkaju zlataru u Ka\u010daniku, sud je odredio pritvor -","og_description":"Pri\u0161tina, 3. februar 09:17 Osnovni sud u Uro\u0161evu \u2013 Odeljenje u Ka\u010daniku, odobrio je zahtev Osnovnog tu\u017eila\u0161tva u Uro\u0161evu za odre\u0111ivanje mere pritvora protiv \u0161est","og_url":"https:\/\/veritasinfo.org\/?p=30344&lang=sr","article_published_time":"2026-02-03T08:19:56+00:00","og_image":[{"width":900,"height":600,"url":"https:\/\/veritasinfo.org\/wp-content\/uploads\/2026\/02\/700796_Pamje-Fera-010226.webp","type":"image\/webp"}],"author":"US5","twitter_card":"summary_large_image","twitter_misc":{"Written by":"US5"},"schema":{"@context":"https:\/\/schema.org","@graph":[{"@type":"WebPage","@id":"https:\/\/veritasinfo.org\/?p=30344&lang=sr","url":"https:\/\/veritasinfo.org\/?p=30344&lang=sr","name":"Poku\u0161ali su da oplja\u010dkaju zlataru u Ka\u010daniku, sud je odredio pritvor -","isPartOf":{"@id":"https:\/\/veritasinfo.org\/#website"},"primaryImageOfPage":{"@id":"https:\/\/veritasinfo.org\/?p=30344&lang=sr#primaryimage"},"image":{"@id":"https:\/\/veritasinfo.org\/?p=30344&lang=sr#primaryimage"},"thumbnailUrl":"https:\/\/veritasinfo.org\/wp-content\/uploads\/2026\/02\/700796_Pamje-Fera-010226.webp","datePublished":"2026-02-03T08:19:56+00:00","author":{"@id":"https:\/\/veritasinfo.org\/#\/schema\/person\/bc442336e35414d04494ab8fb45db4c6"},"breadcrumb":{"@id":"https:\/\/veritasinfo.org\/?p=30344&lang=sr#breadcrumb"},"inLanguage":"en-US","potentialAction":[{"@type":"ReadAction","target":["https:\/\/veritasinfo.org\/?p=30344&lang=sr"]}]},{"@type":"ImageObject","inLanguage":"en-US","@id":"https:\/\/veritasinfo.org\/?p=30344&lang=sr#primaryimage","url":"https:\/\/veritasinfo.org\/wp-content\/uploads\/2026\/02\/700796_Pamje-Fera-010226.webp","contentUrl":"https:\/\/veritasinfo.org\/wp-content\/uploads\/2026\/02\/700796_Pamje-Fera-010226.webp","width":900,"height":600},{"@type":"BreadcrumbList","@id":"https:\/\/veritasinfo.org\/?p=30344&lang=sr#breadcrumb","itemListElement":[{"@type":"ListItem","position":1,"name":"Home","item":"https:\/\/veritasinfo.org\/"},{"@type":"ListItem","position":2,"name":"Poku\u0161ali su da oplja\u010dkaju zlataru u Ka\u010daniku, sud je odredio pritvor"}]},{"@type":"WebSite","@id":"https:\/\/veritasinfo.org\/#website","url":"https:\/\/veritasinfo.org\/","name":"","description":"","potentialAction":[{"@type":"SearchAction","target":{"@type":"EntryPoint","urlTemplate":"https:\/\/veritasinfo.org\/?s={search_term_string}"},"query-input":{"@type":"PropertyValueSpecification","valueRequired":true,"valueName":"search_term_string"}}],"inLanguage":"en-US"},{"@type":"Person","@id":"https:\/\/veritasinfo.org\/#\/schema\/person\/bc442336e35414d04494ab8fb45db4c6","name":"US5","image":{"@type":"ImageObject","inLanguage":"en-US","@id":"https:\/\/veritasinfo.org\/#\/schema\/person\/image\/","url":"https:\/\/secure.gravatar.com\/avatar\/16a61e7272a0c5d001121ebb9e60e925d5816e4ac1e443ed3e640d9a6ae55d0c?s=96&d=mm&r=g","contentUrl":"https:\/\/secure.gravatar.com\/avatar\/16a61e7272a0c5d001121ebb9e60e925d5816e4ac1e443ed3e640d9a6ae55d0c?s=96&d=mm&r=g","caption":"US5"},"url":"https:\/\/veritasinfo.org\/?author=6"}]}},"featured_image_urls":{"full":["https:\/\/veritasinfo.org\/wp-content\/uploads\/2026\/02\/700796_Pamje-Fera-010226.webp",900,600,false],"thumbnail":["https:\/\/veritasinfo.org\/wp-content\/uploads\/2026\/02\/700796_Pamje-Fera-010226-150x150.webp",150,150,true],"medium":["https:\/\/veritasinfo.org\/wp-content\/uploads\/2026\/02\/700796_Pamje-Fera-010226-300x200.webp",300,200,true],"medium_large":["https:\/\/veritasinfo.org\/wp-content\/uploads\/2026\/02\/700796_Pamje-Fera-010226-768x512.webp",640,427,true],"large":["https:\/\/veritasinfo.org\/wp-content\/uploads\/2026\/02\/700796_Pamje-Fera-010226.webp",640,427,false],"1536x1536":["https:\/\/veritasinfo.org\/wp-content\/uploads\/2026\/02\/700796_Pamje-Fera-010226.webp",900,600,false],"2048x2048":["https:\/\/veritasinfo.org\/wp-content\/uploads\/2026\/02\/700796_Pamje-Fera-010226.webp",900,600,false],"kreeti-slider-full":["https:\/\/veritasinfo.org\/wp-content\/uploads\/2026\/02\/700796_Pamje-Fera-010226.webp",900,600,false],"kreeti-featured":["https:\/\/veritasinfo.org\/wp-content\/uploads\/2026\/02\/700796_Pamje-Fera-010226.webp",900,600,false],"kreeti-medium":["https:\/\/veritasinfo.org\/wp-content\/uploads\/2026\/02\/700796_Pamje-Fera-010226.webp",720,480,false],"kreeti-medium-square":["https:\/\/veritasinfo.org\/wp-content\/uploads\/2026\/02\/700796_Pamje-Fera-010226.webp",350,233,false]},"author_info":{"info":["US5"]},"category_info":"<a href=\"https:\/\/veritasinfo.org\/?cat=30&#038;lang=sr\" rel=\"category\">Dru\u0161tvo<\/a>","tag_info":"Dru\u0161tvo","comment_count":"0","_links":{"self":[{"href":"https:\/\/veritasinfo.org\/index.php?rest_route=\/wp\/v2\/posts\/30344","targetHints":{"allow":["GET"]}}],"collection":[{"href":"https:\/\/veritasinfo.org\/index.php?rest_route=\/wp\/v2\/posts"}],"about":[{"href":"https:\/\/veritasinfo.org\/index.php?rest_route=\/wp\/v2\/types\/post"}],"author":[{"embeddable":true,"href":"https:\/\/veritasinfo.org\/index.php?rest_route=\/wp\/v2\/users\/6"}],"replies":[{"embeddable":true,"href":"https:\/\/veritasinfo.org\/index.php?rest_route=%2Fwp%2Fv2%2Fcomments&post=30344"}],"version-history":[{"count":1,"href":"https:\/\/veritasinfo.org\/index.php?rest_route=\/wp\/v2\/posts\/30344\/revisions"}],"predecessor-version":[{"id":30345,"href":"https:\/\/veritasinfo.org\/index.php?rest_route=\/wp\/v2\/posts\/30344\/revisions\/30345"}],"wp:featuredmedia":[{"embeddable":true,"href":"https:\/\/veritasinfo.org\/index.php?rest_route=\/wp\/v2\/media\/30342"}],"wp:attachment":[{"href":"https:\/\/veritasinfo.org\/index.php?rest_route=%2Fwp%2Fv2%2Fmedia&parent=30344"}],"wp:term":[{"taxonomy":"category","embeddable":true,"href":"https:\/\/veritasinfo.org\/index.php?rest_route=%2Fwp%2Fv2%2Fcategories&post=30344"},{"taxonomy":"post_tag","embeddable":true,"href":"https:\/\/veritasinfo.org\/index.php?rest_route=%2Fwp%2Fv2%2Ftags&post=30344"}],"curies":[{"name":"wp","href":"https:\/\/api.w.org\/{rel}","templated":true}]}}