{"id":30340,"date":"2026-02-03T09:18:53","date_gmt":"2026-02-03T08:18:53","guid":{"rendered":"https:\/\/veritasinfo.org\/?p=30340"},"modified":"2026-02-03T09:18:53","modified_gmt":"2026-02-03T08:18:53","slug":"tentuan-te-vjedhin-artarine-ne-kacanik-gjykata-cakton-paraburgim","status":"publish","type":"post","link":"https:\/\/veritasinfo.org\/?p=30340","title":{"rendered":"Tentuan t\u00eb vjedhin artarin\u00eb n\u00eb Ka\u00e7anik, gjykata cakton paraburgim"},"content":{"rendered":"<p>Prishtin\u00eb 3 Shkurt 09 :17<\/p>\n<p>Gjykata Themelore n\u00eb Ferizaj \u2013 Dega n\u00eb Ka\u00e7anik ka aprovuar k\u00ebrkes\u00ebn e Prokuroris\u00eb Themelore t\u00eb Ferizajt p\u00ebr caktimin e mas\u00ebs s\u00eb paraburgimit ndaj gjasht\u00eb t\u00eb pandehurve, p\u00ebr shkak t\u00eb dyshimit t\u00eb bazuar se kan\u00eb kryer vepr\u00ebn penale \u201cvjedhja e r\u00ebnd\u00eb\u201d, n\u00eb bashk\u00ebkryerje dhe n\u00eb tentativ\u00eb.<\/p>\n<p>Sipas aktvendimit t\u00eb gjykat\u00ebs, masa e paraburgimit prej nj\u00eb muaji \u00ebsht\u00eb caktuar ndaj t\u00eb pandehurve L.M., B.H. dhe S.F., shtetas t\u00eb Republik\u00ebs s\u00eb Kosov\u00ebs, si dhe ndaj D.T. dhe M.M., shtetas t\u00eb Republik\u00ebs s\u00eb Serbis\u00eb.<\/p>\n<p>Pas mbajtjes s\u00eb seanc\u00ebs d\u00ebgjimore dhe shqyrtimit t\u00eb shkresave t\u00eb l\u00ebnd\u00ebs, gjyqtarja e procedur\u00ebs paraprake e Departamentit t\u00eb P\u00ebrgjithsh\u00ebm \u2013 Divizioni Penal, Zajrete Muhaxheri, ka vler\u00ebsuar se ekziston dyshimi i bazuar se m\u00eb 1 shkurt 2026, rreth or\u00ebs 01:45, n\u00eb Ka\u00e7anik, t\u00eb pandehurit kan\u00eb tentuar t\u00eb kryejn\u00eb vjedhje n\u00eb nj\u00eb artari.<br \/>\nSipas aktvendimit, t\u00eb pandehurit, me q\u00ebllim t\u00eb p\u00ebrvet\u00ebsimit t\u00eb kund\u00ebrligjsh\u00ebm, duke p\u00ebrdorur forc\u00eb dhe duke thyer, kan\u00eb tentuar t\u00eb dep\u00ebrtojn\u00eb n\u00eb objektin e artaris\u00eb. Dyshohet se i pandehuri B.H. ka komunikuar vazhdimisht me telefon me t\u00eb pandehurin M.M., nd\u00ebrsa grupi ka qen\u00eb i p\u00ebrgatitur me mjete t\u00eb ndryshme, p\u00ebrfshir\u00eb shufra metalike, dana, \u00e7el\u00ebsa, ka\u00e7avida, mjet t\u00eb mpreht\u00eb dhe doreza.<\/p>\n<p>Lexo po ashtu<br \/>\nSipas gjykat\u00ebs, t\u00eb pandehurit M.M. dhe D.T. kan\u00eb thyer rrethojat e dritareve t\u00eb hekurta p\u00ebr t\u00eb dep\u00ebrtuar n\u00eb artari, nd\u00ebrsa tre t\u00eb pandehurit e tjer\u00eb kan\u00eb q\u00ebndruar n\u00eb nj\u00eb automjet tip VW Caddy, duke v\u00ebzhguar situat\u00ebn. T\u00eb dyshuarit jan\u00eb z\u00ebn\u00eb n\u00eb flagranc\u00eb nga Policia e Kosov\u00ebs dhe jan\u00eb p\u00ebrpjekur t\u00eb arratisen.<br \/>\nGjykata ka vler\u00ebsuar se k\u00ebrkesa e Prokuroris\u00eb \u00ebsht\u00eb e bazuar dhe, n\u00eb p\u00ebrputhje me dispozitat e Kodit t\u00eb Procedur\u00ebs Penale t\u00eb Republik\u00ebs s\u00eb Kosov\u00ebs, ka caktuar mas\u00ebn e paraburgimit n\u00eb koh\u00ebzgjatje prej nj\u00eb muaji. Pal\u00ebt jan\u00eb njoftuar se ankesa ndaj k\u00ebtij aktvendimi nuk e shtyn ekzekutimin e tij.<\/p>\n","protected":false},"excerpt":{"rendered":"<p>Prishtin\u00eb 3 Shkurt 09 :17 Gjykata Themelore n\u00eb Ferizaj \u2013 Dega n\u00eb Ka\u00e7anik ka aprovuar k\u00ebrkes\u00ebn e Prokuroris\u00eb Themelore t\u00eb Ferizajt p\u00ebr caktimin e mas\u00ebs<\/p>\n","protected":false},"author":6,"featured_media":30342,"comment_status":"open","ping_status":"open","sticky":false,"template":"","format":"standard","meta":{"footnotes":""},"categories":[60],"tags":[],"class_list":["post-30340","post","type-post","status-publish","format-standard","has-post-thumbnail","hentry","category-shoqerore-sq"],"yoast_head":"<!-- This site is optimized with the Yoast SEO plugin v25.3.1 - https:\/\/yoast.com\/wordpress\/plugins\/seo\/ -->\n<title>Tentuan t\u00eb vjedhin artarin\u00eb n\u00eb Ka\u00e7anik, gjykata cakton paraburgim -<\/title>\n<meta name=\"robots\" content=\"index, follow, max-snippet:-1, max-image-preview:large, max-video-preview:-1\" \/>\n<link rel=\"canonical\" href=\"https:\/\/veritasinfo.org\/?p=30340\" \/>\n<meta property=\"og:locale\" content=\"en_US\" \/>\n<meta property=\"og:type\" content=\"article\" \/>\n<meta property=\"og:title\" content=\"Tentuan t\u00eb vjedhin artarin\u00eb n\u00eb Ka\u00e7anik, gjykata cakton paraburgim -\" \/>\n<meta property=\"og:description\" content=\"Prishtin\u00eb 3 Shkurt 09 :17 Gjykata Themelore n\u00eb Ferizaj \u2013 Dega n\u00eb Ka\u00e7anik ka aprovuar k\u00ebrkes\u00ebn e Prokuroris\u00eb Themelore t\u00eb Ferizajt p\u00ebr caktimin e mas\u00ebs\" \/>\n<meta property=\"og:url\" content=\"https:\/\/veritasinfo.org\/?p=30340\" \/>\n<meta property=\"article:published_time\" content=\"2026-02-03T08:18:53+00:00\" \/>\n<meta property=\"og:image\" content=\"https:\/\/veritasinfo.org\/wp-content\/uploads\/2026\/02\/700796_Pamje-Fera-010226.webp\" \/>\n\t<meta property=\"og:image:width\" content=\"900\" \/>\n\t<meta property=\"og:image:height\" content=\"600\" \/>\n\t<meta property=\"og:image:type\" content=\"image\/webp\" \/>\n<meta name=\"author\" content=\"US5\" \/>\n<meta name=\"twitter:card\" content=\"summary_large_image\" \/>\n<meta name=\"twitter:label1\" content=\"Written by\" \/>\n\t<meta name=\"twitter:data1\" content=\"US5\" \/>\n<script type=\"application\/ld+json\" class=\"yoast-schema-graph\">{\"@context\":\"https:\/\/schema.org\",\"@graph\":[{\"@type\":\"WebPage\",\"@id\":\"https:\/\/veritasinfo.org\/?p=30340\",\"url\":\"https:\/\/veritasinfo.org\/?p=30340\",\"name\":\"Tentuan t\u00eb vjedhin artarin\u00eb n\u00eb Ka\u00e7anik, gjykata cakton paraburgim -\",\"isPartOf\":{\"@id\":\"https:\/\/veritasinfo.org\/#website\"},\"primaryImageOfPage\":{\"@id\":\"https:\/\/veritasinfo.org\/?p=30340#primaryimage\"},\"image\":{\"@id\":\"https:\/\/veritasinfo.org\/?p=30340#primaryimage\"},\"thumbnailUrl\":\"https:\/\/veritasinfo.org\/wp-content\/uploads\/2026\/02\/700796_Pamje-Fera-010226.webp\",\"datePublished\":\"2026-02-03T08:18:53+00:00\",\"author\":{\"@id\":\"https:\/\/veritasinfo.org\/#\/schema\/person\/bc442336e35414d04494ab8fb45db4c6\"},\"breadcrumb\":{\"@id\":\"https:\/\/veritasinfo.org\/?p=30340#breadcrumb\"},\"inLanguage\":\"en-US\",\"potentialAction\":[{\"@type\":\"ReadAction\",\"target\":[\"https:\/\/veritasinfo.org\/?p=30340\"]}]},{\"@type\":\"ImageObject\",\"inLanguage\":\"en-US\",\"@id\":\"https:\/\/veritasinfo.org\/?p=30340#primaryimage\",\"url\":\"https:\/\/veritasinfo.org\/wp-content\/uploads\/2026\/02\/700796_Pamje-Fera-010226.webp\",\"contentUrl\":\"https:\/\/veritasinfo.org\/wp-content\/uploads\/2026\/02\/700796_Pamje-Fera-010226.webp\",\"width\":900,\"height\":600},{\"@type\":\"BreadcrumbList\",\"@id\":\"https:\/\/veritasinfo.org\/?p=30340#breadcrumb\",\"itemListElement\":[{\"@type\":\"ListItem\",\"position\":1,\"name\":\"Home\",\"item\":\"https:\/\/veritasinfo.org\/\"},{\"@type\":\"ListItem\",\"position\":2,\"name\":\"Tentuan t\u00eb vjedhin artarin\u00eb n\u00eb Ka\u00e7anik, gjykata cakton paraburgim\"}]},{\"@type\":\"WebSite\",\"@id\":\"https:\/\/veritasinfo.org\/#website\",\"url\":\"https:\/\/veritasinfo.org\/\",\"name\":\"\",\"description\":\"\",\"potentialAction\":[{\"@type\":\"SearchAction\",\"target\":{\"@type\":\"EntryPoint\",\"urlTemplate\":\"https:\/\/veritasinfo.org\/?s={search_term_string}\"},\"query-input\":{\"@type\":\"PropertyValueSpecification\",\"valueRequired\":true,\"valueName\":\"search_term_string\"}}],\"inLanguage\":\"en-US\"},{\"@type\":\"Person\",\"@id\":\"https:\/\/veritasinfo.org\/#\/schema\/person\/bc442336e35414d04494ab8fb45db4c6\",\"name\":\"US5\",\"image\":{\"@type\":\"ImageObject\",\"inLanguage\":\"en-US\",\"@id\":\"https:\/\/veritasinfo.org\/#\/schema\/person\/image\/\",\"url\":\"https:\/\/secure.gravatar.com\/avatar\/16a61e7272a0c5d001121ebb9e60e925d5816e4ac1e443ed3e640d9a6ae55d0c?s=96&d=mm&r=g\",\"contentUrl\":\"https:\/\/secure.gravatar.com\/avatar\/16a61e7272a0c5d001121ebb9e60e925d5816e4ac1e443ed3e640d9a6ae55d0c?s=96&d=mm&r=g\",\"caption\":\"US5\"},\"url\":\"https:\/\/veritasinfo.org\/?author=6\"}]}<\/script>\n<!-- \/ Yoast SEO plugin. -->","yoast_head_json":{"title":"Tentuan t\u00eb vjedhin artarin\u00eb n\u00eb Ka\u00e7anik, gjykata cakton paraburgim -","robots":{"index":"index","follow":"follow","max-snippet":"max-snippet:-1","max-image-preview":"max-image-preview:large","max-video-preview":"max-video-preview:-1"},"canonical":"https:\/\/veritasinfo.org\/?p=30340","og_locale":"en_US","og_type":"article","og_title":"Tentuan t\u00eb vjedhin artarin\u00eb n\u00eb Ka\u00e7anik, gjykata cakton paraburgim -","og_description":"Prishtin\u00eb 3 Shkurt 09 :17 Gjykata Themelore n\u00eb Ferizaj \u2013 Dega n\u00eb Ka\u00e7anik ka aprovuar k\u00ebrkes\u00ebn e Prokuroris\u00eb Themelore t\u00eb Ferizajt p\u00ebr caktimin e mas\u00ebs","og_url":"https:\/\/veritasinfo.org\/?p=30340","article_published_time":"2026-02-03T08:18:53+00:00","og_image":[{"width":900,"height":600,"url":"https:\/\/veritasinfo.org\/wp-content\/uploads\/2026\/02\/700796_Pamje-Fera-010226.webp","type":"image\/webp"}],"author":"US5","twitter_card":"summary_large_image","twitter_misc":{"Written by":"US5"},"schema":{"@context":"https:\/\/schema.org","@graph":[{"@type":"WebPage","@id":"https:\/\/veritasinfo.org\/?p=30340","url":"https:\/\/veritasinfo.org\/?p=30340","name":"Tentuan t\u00eb vjedhin artarin\u00eb n\u00eb Ka\u00e7anik, gjykata cakton paraburgim -","isPartOf":{"@id":"https:\/\/veritasinfo.org\/#website"},"primaryImageOfPage":{"@id":"https:\/\/veritasinfo.org\/?p=30340#primaryimage"},"image":{"@id":"https:\/\/veritasinfo.org\/?p=30340#primaryimage"},"thumbnailUrl":"https:\/\/veritasinfo.org\/wp-content\/uploads\/2026\/02\/700796_Pamje-Fera-010226.webp","datePublished":"2026-02-03T08:18:53+00:00","author":{"@id":"https:\/\/veritasinfo.org\/#\/schema\/person\/bc442336e35414d04494ab8fb45db4c6"},"breadcrumb":{"@id":"https:\/\/veritasinfo.org\/?p=30340#breadcrumb"},"inLanguage":"en-US","potentialAction":[{"@type":"ReadAction","target":["https:\/\/veritasinfo.org\/?p=30340"]}]},{"@type":"ImageObject","inLanguage":"en-US","@id":"https:\/\/veritasinfo.org\/?p=30340#primaryimage","url":"https:\/\/veritasinfo.org\/wp-content\/uploads\/2026\/02\/700796_Pamje-Fera-010226.webp","contentUrl":"https:\/\/veritasinfo.org\/wp-content\/uploads\/2026\/02\/700796_Pamje-Fera-010226.webp","width":900,"height":600},{"@type":"BreadcrumbList","@id":"https:\/\/veritasinfo.org\/?p=30340#breadcrumb","itemListElement":[{"@type":"ListItem","position":1,"name":"Home","item":"https:\/\/veritasinfo.org\/"},{"@type":"ListItem","position":2,"name":"Tentuan t\u00eb vjedhin artarin\u00eb n\u00eb Ka\u00e7anik, gjykata cakton paraburgim"}]},{"@type":"WebSite","@id":"https:\/\/veritasinfo.org\/#website","url":"https:\/\/veritasinfo.org\/","name":"","description":"","potentialAction":[{"@type":"SearchAction","target":{"@type":"EntryPoint","urlTemplate":"https:\/\/veritasinfo.org\/?s={search_term_string}"},"query-input":{"@type":"PropertyValueSpecification","valueRequired":true,"valueName":"search_term_string"}}],"inLanguage":"en-US"},{"@type":"Person","@id":"https:\/\/veritasinfo.org\/#\/schema\/person\/bc442336e35414d04494ab8fb45db4c6","name":"US5","image":{"@type":"ImageObject","inLanguage":"en-US","@id":"https:\/\/veritasinfo.org\/#\/schema\/person\/image\/","url":"https:\/\/secure.gravatar.com\/avatar\/16a61e7272a0c5d001121ebb9e60e925d5816e4ac1e443ed3e640d9a6ae55d0c?s=96&d=mm&r=g","contentUrl":"https:\/\/secure.gravatar.com\/avatar\/16a61e7272a0c5d001121ebb9e60e925d5816e4ac1e443ed3e640d9a6ae55d0c?s=96&d=mm&r=g","caption":"US5"},"url":"https:\/\/veritasinfo.org\/?author=6"}]}},"featured_image_urls":{"full":["https:\/\/veritasinfo.org\/wp-content\/uploads\/2026\/02\/700796_Pamje-Fera-010226.webp",900,600,false],"thumbnail":["https:\/\/veritasinfo.org\/wp-content\/uploads\/2026\/02\/700796_Pamje-Fera-010226-150x150.webp",150,150,true],"medium":["https:\/\/veritasinfo.org\/wp-content\/uploads\/2026\/02\/700796_Pamje-Fera-010226-300x200.webp",300,200,true],"medium_large":["https:\/\/veritasinfo.org\/wp-content\/uploads\/2026\/02\/700796_Pamje-Fera-010226-768x512.webp",640,427,true],"large":["https:\/\/veritasinfo.org\/wp-content\/uploads\/2026\/02\/700796_Pamje-Fera-010226.webp",640,427,false],"1536x1536":["https:\/\/veritasinfo.org\/wp-content\/uploads\/2026\/02\/700796_Pamje-Fera-010226.webp",900,600,false],"2048x2048":["https:\/\/veritasinfo.org\/wp-content\/uploads\/2026\/02\/700796_Pamje-Fera-010226.webp",900,600,false],"kreeti-slider-full":["https:\/\/veritasinfo.org\/wp-content\/uploads\/2026\/02\/700796_Pamje-Fera-010226.webp",900,600,false],"kreeti-featured":["https:\/\/veritasinfo.org\/wp-content\/uploads\/2026\/02\/700796_Pamje-Fera-010226.webp",900,600,false],"kreeti-medium":["https:\/\/veritasinfo.org\/wp-content\/uploads\/2026\/02\/700796_Pamje-Fera-010226.webp",720,480,false],"kreeti-medium-square":["https:\/\/veritasinfo.org\/wp-content\/uploads\/2026\/02\/700796_Pamje-Fera-010226.webp",350,233,false]},"author_info":{"info":["US5"]},"category_info":"<a href=\"https:\/\/veritasinfo.org\/?cat=60\" rel=\"category\">Shoq\u00ebrore<\/a>","tag_info":"Shoq\u00ebrore","comment_count":"0","_links":{"self":[{"href":"https:\/\/veritasinfo.org\/index.php?rest_route=\/wp\/v2\/posts\/30340","targetHints":{"allow":["GET"]}}],"collection":[{"href":"https:\/\/veritasinfo.org\/index.php?rest_route=\/wp\/v2\/posts"}],"about":[{"href":"https:\/\/veritasinfo.org\/index.php?rest_route=\/wp\/v2\/types\/post"}],"author":[{"embeddable":true,"href":"https:\/\/veritasinfo.org\/index.php?rest_route=\/wp\/v2\/users\/6"}],"replies":[{"embeddable":true,"href":"https:\/\/veritasinfo.org\/index.php?rest_route=%2Fwp%2Fv2%2Fcomments&post=30340"}],"version-history":[{"count":1,"href":"https:\/\/veritasinfo.org\/index.php?rest_route=\/wp\/v2\/posts\/30340\/revisions"}],"predecessor-version":[{"id":30343,"href":"https:\/\/veritasinfo.org\/index.php?rest_route=\/wp\/v2\/posts\/30340\/revisions\/30343"}],"wp:featuredmedia":[{"embeddable":true,"href":"https:\/\/veritasinfo.org\/index.php?rest_route=\/wp\/v2\/media\/30342"}],"wp:attachment":[{"href":"https:\/\/veritasinfo.org\/index.php?rest_route=%2Fwp%2Fv2%2Fmedia&parent=30340"}],"wp:term":[{"taxonomy":"category","embeddable":true,"href":"https:\/\/veritasinfo.org\/index.php?rest_route=%2Fwp%2Fv2%2Fcategories&post=30340"},{"taxonomy":"post_tag","embeddable":true,"href":"https:\/\/veritasinfo.org\/index.php?rest_route=%2Fwp%2Fv2%2Ftags&post=30340"}],"curies":[{"name":"wp","href":"https:\/\/api.w.org\/{rel}","templated":true}]}}