{"id":30322,"date":"2026-02-03T08:43:01","date_gmt":"2026-02-03T07:43:01","guid":{"rendered":"https:\/\/veritasinfo.org\/?p=30322"},"modified":"2026-02-03T08:43:01","modified_gmt":"2026-02-03T07:43:01","slug":"nente-vjet-nga-vdekja-e-dritero-agollit-2","status":"publish","type":"post","link":"https:\/\/veritasinfo.org\/?p=30322","title":{"rendered":"N\u00ebnt\u00eb vjet nga vdekja e Drit\u00ebro Agollit"},"content":{"rendered":"<p>Prishtin\u00eb, 3 shkurt 2026 08:40<\/p>\n<p>Shkrimtari, poeti dhe politikani shqiptar Drit\u00ebro Agolli ka nd\u00ebrruar jet\u00eb m\u00eb 3 shkurt 2017, n\u00eb mosh\u00ebn 85-vje\u00e7are.<\/p>\n<p>Ai vuante prej koh\u00ebsh nga nj\u00eb s\u00ebmundje n\u00eb mushk\u00ebri, nd\u00ebrsa nuk e kishte ndar\u00eb asnj\u00ebher\u00eb cigaren nga dora.<\/p>\n<p>Veprat e autorit t\u00eb madh shqiptar, q\u00eb u lind me 13 tetor 1931 n\u00eb Menkulas t\u00eb Devollit, u p\u00ebrkthyen n\u00eb shum\u00eb gjuh\u00eb t\u00eb huaja.<\/p>\n<p>I paharruesh\u00ebm \u00ebsht\u00eb romani humoristik \u201cShk\u00eblqimi dhe r\u00ebnia e shokut Zylo\u201d, q\u00eb flet p\u00ebr burokratin servil Zylo Kamberi, i cili fal\u00eb Agollit u shnd\u00ebrrua n\u00eb subjekt filmash dhe k\u00ebng\u00ebsh.<\/p>\n<p>Vepra e tij e fundit ishte \u201cPrit edhe pak\u201d, poezi, botuar m\u00eb 2016, kushtuar bashk\u00ebshortes Sadijes.<\/p>\n<p>P\u00ebrve\u00e7 krijimtaris\u00eb artistike, Agolli u mor edhe me politik\u00eb, duke qen\u00eb nj\u00eb nga themeluesit dhe m\u00eb pas deputet i Partis\u00eb Socialiste.<\/p>\n","protected":false},"excerpt":{"rendered":"<p>Prishtin\u00eb, 3 shkurt 2026 08:40 Shkrimtari, poeti dhe politikani shqiptar Drit\u00ebro Agolli ka nd\u00ebrruar jet\u00eb m\u00eb 3 shkurt 2017, n\u00eb mosh\u00ebn 85-vje\u00e7are. Ai vuante prej<\/p>\n","protected":false},"author":7,"featured_media":30332,"comment_status":"open","ping_status":"open","sticky":false,"template":"","format":"standard","meta":{"footnotes":""},"categories":[54],"tags":[],"class_list":["post-30322","post","type-post","status-publish","format-standard","has-post-thumbnail","hentry","category-kulture-sq"],"yoast_head":"<!-- This site is optimized with the Yoast SEO plugin v25.3.1 - https:\/\/yoast.com\/wordpress\/plugins\/seo\/ -->\n<title>N\u00ebnt\u00eb vjet nga vdekja e Drit\u00ebro Agollit -<\/title>\n<meta name=\"robots\" content=\"index, follow, max-snippet:-1, max-image-preview:large, max-video-preview:-1\" \/>\n<link rel=\"canonical\" href=\"https:\/\/veritasinfo.org\/?p=30322\" \/>\n<meta property=\"og:locale\" content=\"en_US\" \/>\n<meta property=\"og:type\" content=\"article\" \/>\n<meta property=\"og:title\" content=\"N\u00ebnt\u00eb vjet nga vdekja e Drit\u00ebro Agollit -\" \/>\n<meta property=\"og:description\" content=\"Prishtin\u00eb, 3 shkurt 2026 08:40 Shkrimtari, poeti dhe politikani shqiptar Drit\u00ebro Agolli ka nd\u00ebrruar jet\u00eb m\u00eb 3 shkurt 2017, n\u00eb mosh\u00ebn 85-vje\u00e7are. Ai vuante prej\" \/>\n<meta property=\"og:url\" content=\"https:\/\/veritasinfo.org\/?p=30322\" \/>\n<meta property=\"article:published_time\" content=\"2026-02-03T07:43:01+00:00\" \/>\n<meta property=\"og:image\" content=\"https:\/\/veritasinfo.org\/wp-content\/uploads\/2026\/02\/700821_DriteroAgolli-1.webp\" \/>\n\t<meta property=\"og:image:width\" content=\"894\" \/>\n\t<meta property=\"og:image:height\" content=\"600\" \/>\n\t<meta property=\"og:image:type\" content=\"image\/webp\" \/>\n<meta name=\"author\" content=\"US6\" \/>\n<meta name=\"twitter:card\" content=\"summary_large_image\" \/>\n<meta name=\"twitter:label1\" content=\"Written by\" \/>\n\t<meta name=\"twitter:data1\" content=\"US6\" \/>\n\t<meta name=\"twitter:label2\" content=\"Est. reading time\" \/>\n\t<meta name=\"twitter:data2\" content=\"1 minute\" \/>\n<script type=\"application\/ld+json\" class=\"yoast-schema-graph\">{\"@context\":\"https:\/\/schema.org\",\"@graph\":[{\"@type\":\"WebPage\",\"@id\":\"https:\/\/veritasinfo.org\/?p=30322\",\"url\":\"https:\/\/veritasinfo.org\/?p=30322\",\"name\":\"N\u00ebnt\u00eb vjet nga vdekja e Drit\u00ebro Agollit -\",\"isPartOf\":{\"@id\":\"https:\/\/veritasinfo.org\/#website\"},\"primaryImageOfPage\":{\"@id\":\"https:\/\/veritasinfo.org\/?p=30322#primaryimage\"},\"image\":{\"@id\":\"https:\/\/veritasinfo.org\/?p=30322#primaryimage\"},\"thumbnailUrl\":\"https:\/\/veritasinfo.org\/wp-content\/uploads\/2026\/02\/700821_DriteroAgolli-1.webp\",\"datePublished\":\"2026-02-03T07:43:01+00:00\",\"author\":{\"@id\":\"https:\/\/veritasinfo.org\/#\/schema\/person\/fe199eede04c3937362892b7444747cc\"},\"breadcrumb\":{\"@id\":\"https:\/\/veritasinfo.org\/?p=30322#breadcrumb\"},\"inLanguage\":\"en-US\",\"potentialAction\":[{\"@type\":\"ReadAction\",\"target\":[\"https:\/\/veritasinfo.org\/?p=30322\"]}]},{\"@type\":\"ImageObject\",\"inLanguage\":\"en-US\",\"@id\":\"https:\/\/veritasinfo.org\/?p=30322#primaryimage\",\"url\":\"https:\/\/veritasinfo.org\/wp-content\/uploads\/2026\/02\/700821_DriteroAgolli-1.webp\",\"contentUrl\":\"https:\/\/veritasinfo.org\/wp-content\/uploads\/2026\/02\/700821_DriteroAgolli-1.webp\",\"width\":894,\"height\":600},{\"@type\":\"BreadcrumbList\",\"@id\":\"https:\/\/veritasinfo.org\/?p=30322#breadcrumb\",\"itemListElement\":[{\"@type\":\"ListItem\",\"position\":1,\"name\":\"Home\",\"item\":\"https:\/\/veritasinfo.org\/\"},{\"@type\":\"ListItem\",\"position\":2,\"name\":\"N\u00ebnt\u00eb vjet nga vdekja e Drit\u00ebro Agollit\"}]},{\"@type\":\"WebSite\",\"@id\":\"https:\/\/veritasinfo.org\/#website\",\"url\":\"https:\/\/veritasinfo.org\/\",\"name\":\"\",\"description\":\"\",\"potentialAction\":[{\"@type\":\"SearchAction\",\"target\":{\"@type\":\"EntryPoint\",\"urlTemplate\":\"https:\/\/veritasinfo.org\/?s={search_term_string}\"},\"query-input\":{\"@type\":\"PropertyValueSpecification\",\"valueRequired\":true,\"valueName\":\"search_term_string\"}}],\"inLanguage\":\"en-US\"},{\"@type\":\"Person\",\"@id\":\"https:\/\/veritasinfo.org\/#\/schema\/person\/fe199eede04c3937362892b7444747cc\",\"name\":\"US6\",\"image\":{\"@type\":\"ImageObject\",\"inLanguage\":\"en-US\",\"@id\":\"https:\/\/veritasinfo.org\/#\/schema\/person\/image\/\",\"url\":\"https:\/\/secure.gravatar.com\/avatar\/cb16c3c31c9d23b9b8c705964598220b3014e42ff51eb540ff23cefa3ae8c15f?s=96&d=mm&r=g\",\"contentUrl\":\"https:\/\/secure.gravatar.com\/avatar\/cb16c3c31c9d23b9b8c705964598220b3014e42ff51eb540ff23cefa3ae8c15f?s=96&d=mm&r=g\",\"caption\":\"US6\"},\"url\":\"https:\/\/veritasinfo.org\/?author=7\"}]}<\/script>\n<!-- \/ Yoast SEO plugin. -->","yoast_head_json":{"title":"N\u00ebnt\u00eb vjet nga vdekja e Drit\u00ebro Agollit -","robots":{"index":"index","follow":"follow","max-snippet":"max-snippet:-1","max-image-preview":"max-image-preview:large","max-video-preview":"max-video-preview:-1"},"canonical":"https:\/\/veritasinfo.org\/?p=30322","og_locale":"en_US","og_type":"article","og_title":"N\u00ebnt\u00eb vjet nga vdekja e Drit\u00ebro Agollit -","og_description":"Prishtin\u00eb, 3 shkurt 2026 08:40 Shkrimtari, poeti dhe politikani shqiptar Drit\u00ebro Agolli ka nd\u00ebrruar jet\u00eb m\u00eb 3 shkurt 2017, n\u00eb mosh\u00ebn 85-vje\u00e7are. Ai vuante prej","og_url":"https:\/\/veritasinfo.org\/?p=30322","article_published_time":"2026-02-03T07:43:01+00:00","og_image":[{"width":894,"height":600,"url":"https:\/\/veritasinfo.org\/wp-content\/uploads\/2026\/02\/700821_DriteroAgolli-1.webp","type":"image\/webp"}],"author":"US6","twitter_card":"summary_large_image","twitter_misc":{"Written by":"US6","Est. reading time":"1 minute"},"schema":{"@context":"https:\/\/schema.org","@graph":[{"@type":"WebPage","@id":"https:\/\/veritasinfo.org\/?p=30322","url":"https:\/\/veritasinfo.org\/?p=30322","name":"N\u00ebnt\u00eb vjet nga vdekja e Drit\u00ebro Agollit -","isPartOf":{"@id":"https:\/\/veritasinfo.org\/#website"},"primaryImageOfPage":{"@id":"https:\/\/veritasinfo.org\/?p=30322#primaryimage"},"image":{"@id":"https:\/\/veritasinfo.org\/?p=30322#primaryimage"},"thumbnailUrl":"https:\/\/veritasinfo.org\/wp-content\/uploads\/2026\/02\/700821_DriteroAgolli-1.webp","datePublished":"2026-02-03T07:43:01+00:00","author":{"@id":"https:\/\/veritasinfo.org\/#\/schema\/person\/fe199eede04c3937362892b7444747cc"},"breadcrumb":{"@id":"https:\/\/veritasinfo.org\/?p=30322#breadcrumb"},"inLanguage":"en-US","potentialAction":[{"@type":"ReadAction","target":["https:\/\/veritasinfo.org\/?p=30322"]}]},{"@type":"ImageObject","inLanguage":"en-US","@id":"https:\/\/veritasinfo.org\/?p=30322#primaryimage","url":"https:\/\/veritasinfo.org\/wp-content\/uploads\/2026\/02\/700821_DriteroAgolli-1.webp","contentUrl":"https:\/\/veritasinfo.org\/wp-content\/uploads\/2026\/02\/700821_DriteroAgolli-1.webp","width":894,"height":600},{"@type":"BreadcrumbList","@id":"https:\/\/veritasinfo.org\/?p=30322#breadcrumb","itemListElement":[{"@type":"ListItem","position":1,"name":"Home","item":"https:\/\/veritasinfo.org\/"},{"@type":"ListItem","position":2,"name":"N\u00ebnt\u00eb vjet nga vdekja e Drit\u00ebro Agollit"}]},{"@type":"WebSite","@id":"https:\/\/veritasinfo.org\/#website","url":"https:\/\/veritasinfo.org\/","name":"","description":"","potentialAction":[{"@type":"SearchAction","target":{"@type":"EntryPoint","urlTemplate":"https:\/\/veritasinfo.org\/?s={search_term_string}"},"query-input":{"@type":"PropertyValueSpecification","valueRequired":true,"valueName":"search_term_string"}}],"inLanguage":"en-US"},{"@type":"Person","@id":"https:\/\/veritasinfo.org\/#\/schema\/person\/fe199eede04c3937362892b7444747cc","name":"US6","image":{"@type":"ImageObject","inLanguage":"en-US","@id":"https:\/\/veritasinfo.org\/#\/schema\/person\/image\/","url":"https:\/\/secure.gravatar.com\/avatar\/cb16c3c31c9d23b9b8c705964598220b3014e42ff51eb540ff23cefa3ae8c15f?s=96&d=mm&r=g","contentUrl":"https:\/\/secure.gravatar.com\/avatar\/cb16c3c31c9d23b9b8c705964598220b3014e42ff51eb540ff23cefa3ae8c15f?s=96&d=mm&r=g","caption":"US6"},"url":"https:\/\/veritasinfo.org\/?author=7"}]}},"featured_image_urls":{"full":["https:\/\/veritasinfo.org\/wp-content\/uploads\/2026\/02\/700821_DriteroAgolli-1.webp",894,600,false],"thumbnail":["https:\/\/veritasinfo.org\/wp-content\/uploads\/2026\/02\/700821_DriteroAgolli-1-150x150.webp",150,150,true],"medium":["https:\/\/veritasinfo.org\/wp-content\/uploads\/2026\/02\/700821_DriteroAgolli-1-300x201.webp",300,201,true],"medium_large":["https:\/\/veritasinfo.org\/wp-content\/uploads\/2026\/02\/700821_DriteroAgolli-1-768x515.webp",640,429,true],"large":["https:\/\/veritasinfo.org\/wp-content\/uploads\/2026\/02\/700821_DriteroAgolli-1.webp",640,430,false],"1536x1536":["https:\/\/veritasinfo.org\/wp-content\/uploads\/2026\/02\/700821_DriteroAgolli-1.webp",894,600,false],"2048x2048":["https:\/\/veritasinfo.org\/wp-content\/uploads\/2026\/02\/700821_DriteroAgolli-1.webp",894,600,false],"kreeti-slider-full":["https:\/\/veritasinfo.org\/wp-content\/uploads\/2026\/02\/700821_DriteroAgolli-1.webp",894,600,false],"kreeti-featured":["https:\/\/veritasinfo.org\/wp-content\/uploads\/2026\/02\/700821_DriteroAgolli-1.webp",894,600,false],"kreeti-medium":["https:\/\/veritasinfo.org\/wp-content\/uploads\/2026\/02\/700821_DriteroAgolli-1.webp",720,483,false],"kreeti-medium-square":["https:\/\/veritasinfo.org\/wp-content\/uploads\/2026\/02\/700821_DriteroAgolli-1.webp",350,235,false]},"author_info":{"info":["US6"]},"category_info":"<a href=\"https:\/\/veritasinfo.org\/?cat=54\" rel=\"category\">Kultur\u00eb<\/a>","tag_info":"Kultur\u00eb","comment_count":"0","_links":{"self":[{"href":"https:\/\/veritasinfo.org\/index.php?rest_route=\/wp\/v2\/posts\/30322","targetHints":{"allow":["GET"]}}],"collection":[{"href":"https:\/\/veritasinfo.org\/index.php?rest_route=\/wp\/v2\/posts"}],"about":[{"href":"https:\/\/veritasinfo.org\/index.php?rest_route=\/wp\/v2\/types\/post"}],"author":[{"embeddable":true,"href":"https:\/\/veritasinfo.org\/index.php?rest_route=\/wp\/v2\/users\/7"}],"replies":[{"embeddable":true,"href":"https:\/\/veritasinfo.org\/index.php?rest_route=%2Fwp%2Fv2%2Fcomments&post=30322"}],"version-history":[{"count":1,"href":"https:\/\/veritasinfo.org\/index.php?rest_route=\/wp\/v2\/posts\/30322\/revisions"}],"predecessor-version":[{"id":30333,"href":"https:\/\/veritasinfo.org\/index.php?rest_route=\/wp\/v2\/posts\/30322\/revisions\/30333"}],"wp:featuredmedia":[{"embeddable":true,"href":"https:\/\/veritasinfo.org\/index.php?rest_route=\/wp\/v2\/media\/30332"}],"wp:attachment":[{"href":"https:\/\/veritasinfo.org\/index.php?rest_route=%2Fwp%2Fv2%2Fmedia&parent=30322"}],"wp:term":[{"taxonomy":"category","embeddable":true,"href":"https:\/\/veritasinfo.org\/index.php?rest_route=%2Fwp%2Fv2%2Fcategories&post=30322"},{"taxonomy":"post_tag","embeddable":true,"href":"https:\/\/veritasinfo.org\/index.php?rest_route=%2Fwp%2Fv2%2Ftags&post=30322"}],"curies":[{"name":"wp","href":"https:\/\/api.w.org\/{rel}","templated":true}]}}