{"id":30321,"date":"2026-02-03T08:37:01","date_gmt":"2026-02-03T07:37:01","guid":{"rendered":"https:\/\/veritasinfo.org\/?p=30321"},"modified":"2026-02-03T08:37:01","modified_gmt":"2026-02-03T07:37:01","slug":"deshmitari-i-sarajeva-safari-vuciq-dhe-sheshel-organizonin-turiste-snajpere-ne-sarajeve","status":"publish","type":"post","link":"https:\/\/veritasinfo.org\/?p=30321","title":{"rendered":"D\u00ebshmitari i \u201cSarajeva Safari\u201d: Vu\u00e7iq dhe Sheshel organizonin turist\u00eb snajper\u00eb n\u00eb Sarajev\u00eb"},"content":{"rendered":"<p>Prishtin\u00eb 3 Shkurt 08:36<\/p>\n<p>Gazetari hulumtues kroat Domagoj Margetiq ka arritur t\u00eb siguroj\u00eb nj\u00eb intervist\u00eb me Aleksandar Li\u00e7anin, i cili pohon se ka qen\u00eb d\u00ebshmitar i drejtp\u00ebrdrejt\u00eb i vrasjeve t\u00eb civil\u00ebve n\u00eb Sarajev\u00eb gjat\u00eb luft\u00ebs n\u00eb Bosnje e Hercegovin\u00eb, n\u00eb at\u00eb q\u00eb sot njihet si \u201cSarajeva Safari\u201d.<\/p>\n<p>Li\u00e7anin deklaron se ka par\u00eb nga af\u00ebr veprimet e forcave serbe gjat\u00eb luft\u00ebs, duke p\u00ebrmendur konkretisht emra si Sllavoj Aleksiq, Vojisllav Sheshel dhe Aleksandar Vu\u00e7iq. Sipas tij, krimet e kryera n\u00eb Sarajev\u00eb p\u00ebrfshinin vrasjen e civil\u00ebve t\u00eb pafajsh\u00ebm, mes tyre f\u00ebmij\u00eb, gra dhe t\u00eb moshuar.<\/p>\n<p>\u201cE di se kan\u00eb sjell\u00eb njer\u00ebz edhe nga shtete t\u00eb tjera q\u00eb vepronin n\u00eb t\u00eb nj\u00ebjt\u00ebn m\u00ebnyr\u00eb \u2013 pra vrasjen e f\u00ebmij\u00ebve t\u00eb pafajsh\u00ebm, civil\u00ebve, grave dhe t\u00eb moshuarve n\u00ebp\u00ebr Sarajev\u00eb\u201d, ka deklaruar Li\u00e7anin, duke shtuar se nuk e duron dot faktin q\u00eb sot shpesh krijohet p\u00ebrshtypja se \u201ct\u00eb gjith\u00eb jemi nj\u00ebsoj\u201d.<\/p>\n<p>Gjat\u00eb intervist\u00ebs, gazetari kroat e ka pyetur d\u00ebshmitarin edhe p\u00ebr akuzat se presidenti aktual i Serbis\u00eb, Aleksandar Vu\u00e7iq, nuk ka qen\u00eb vet\u00ebm i p\u00ebrfshir\u00eb n\u00eb organizime, por se ka sht\u00ebn\u00eb personalisht me snajper nga zona e varrezave hebraike n\u00eb Sarajev\u00eb.<\/p>\n<p>\u201cAshtu \u00ebsht\u00eb. Ekzistojn\u00eb edhe disa fotografi ku ata shihen duke bartur n\u00eb shpin\u00eb pushk\u00eb snajper. Rr\u00ebfimi se ishte ombrell\u00eb \u00ebsht\u00eb trillim\u201d, ka pohuar Li\u00e7anin.<\/p>\n<p>Ai ka shtuar se ka qen\u00eb d\u00ebshmitar i drejtp\u00ebrdrejt\u00eb i organizimit t\u00eb ashtuquajturve \u201cturist\u00eb snajper\u00eb\u201d, t\u00eb cil\u00ebt, sipas tij, organizoheshin nga Vu\u00e7iqi dhe Shesheli dhe d\u00ebrgoheshin n\u00eb varrezat hebraike p\u00ebr t\u00eb sht\u00ebn\u00eb mbi qytetin.<\/p>\n<p>\u201cNjer\u00ebzit vinin nga vende t\u00eb ndryshme p\u00ebr ta b\u00ebr\u00eb k\u00ebt\u00eb p\u00ebr para, sepse askush nuk \u00ebsht\u00eb i \u00e7mendur t\u00eb vij\u00eb dhe ta b\u00ebj\u00eb falas\u201d, ka deklaruar ai.<\/p>\n<p>Duke folur p\u00ebr mohimet e vazhdueshme t\u00eb Aleksandar Vu\u00e7iqit lidhur me p\u00ebrfshirjen n\u00eb k\u00ebto krime, Li\u00e7anin \u00ebsht\u00eb pyetur se pse, sipas tij, shum\u00eb njer\u00ebz hezitojn\u00eb t\u00eb flasin publikisht p\u00ebr at\u00eb q\u00eb ka ndodhur gjat\u00eb luft\u00ebs.<\/p>\n<p>\u201cNjer\u00ebzit frik\u00ebsohen p\u00ebr veten dhe p\u00ebr familjet e tyre. Por un\u00eb jam i p\u00ebrkushtuar t\u00eb them t\u00eb v\u00ebrtet\u00ebn dhe dua q\u00eb e v\u00ebrteta t\u00eb m\u00ebsohet nga t\u00eb gjith\u00eb. Q\u00eb t\u2019i vihet pika atij Safarit t\u00eb mallkuar t\u00eb Sarajev\u00ebs dhe t\u00eb dihet se kush \u00e7far\u00eb ka b\u00ebr\u00eb dhe kush ka sht\u00ebn\u00eb mbi civil\u00ebt n\u00eb Grbavic\u00eb\u201d, ka deklaruar ai.<\/p>\n<p>N\u00eb fund, d\u00ebshmitari ka shtuar se gjat\u00eb asaj kohe lokalet zbrazeshin q\u00eb Aleksiq, Sheshel dhe Vu\u00e7iq t\u00eb mund t\u00eb q\u00ebndronin lirsh\u00ebm, nd\u00ebrsa snajper\u00ebt vepronin pa pengesa.<\/p>\n","protected":false},"excerpt":{"rendered":"<p>Prishtin\u00eb 3 Shkurt 08:36 Gazetari hulumtues kroat Domagoj Margetiq ka arritur t\u00eb siguroj\u00eb nj\u00eb intervist\u00eb me Aleksandar Li\u00e7anin, i cili pohon se ka qen\u00eb d\u00ebshmitar<\/p>\n","protected":false},"author":6,"featured_media":30323,"comment_status":"open","ping_status":"open","sticky":false,"template":"","format":"standard","meta":{"footnotes":""},"categories":[58],"tags":[],"class_list":["post-30321","post","type-post","status-publish","format-standard","has-post-thumbnail","hentry","category-politike-sq"],"yoast_head":"<!-- This site is optimized with the Yoast SEO plugin v25.3.1 - https:\/\/yoast.com\/wordpress\/plugins\/seo\/ -->\n<title>D\u00ebshmitari i \u201cSarajeva Safari\u201d: Vu\u00e7iq dhe Sheshel organizonin turist\u00eb snajper\u00eb n\u00eb Sarajev\u00eb -<\/title>\n<meta name=\"robots\" content=\"index, follow, max-snippet:-1, max-image-preview:large, max-video-preview:-1\" \/>\n<link rel=\"canonical\" href=\"https:\/\/veritasinfo.org\/?p=30321\" \/>\n<meta property=\"og:locale\" content=\"en_US\" \/>\n<meta property=\"og:type\" content=\"article\" \/>\n<meta property=\"og:title\" content=\"D\u00ebshmitari i \u201cSarajeva Safari\u201d: Vu\u00e7iq dhe Sheshel organizonin turist\u00eb snajper\u00eb n\u00eb Sarajev\u00eb -\" \/>\n<meta property=\"og:description\" content=\"Prishtin\u00eb 3 Shkurt 08:36 Gazetari hulumtues kroat Domagoj Margetiq ka arritur t\u00eb siguroj\u00eb nj\u00eb intervist\u00eb me Aleksandar Li\u00e7anin, i cili pohon se ka qen\u00eb d\u00ebshmitar\" \/>\n<meta property=\"og:url\" content=\"https:\/\/veritasinfo.org\/?p=30321\" \/>\n<meta property=\"article:published_time\" content=\"2026-02-03T07:37:01+00:00\" \/>\n<meta property=\"og:image\" content=\"https:\/\/veritasinfo.org\/wp-content\/uploads\/2026\/02\/image-35.jpg\" \/>\n\t<meta property=\"og:image:width\" content=\"600\" \/>\n\t<meta property=\"og:image:height\" content=\"341\" \/>\n\t<meta property=\"og:image:type\" content=\"image\/jpeg\" \/>\n<meta name=\"author\" content=\"US5\" \/>\n<meta name=\"twitter:card\" content=\"summary_large_image\" \/>\n<meta name=\"twitter:label1\" content=\"Written by\" \/>\n\t<meta name=\"twitter:data1\" content=\"US5\" \/>\n\t<meta name=\"twitter:label2\" content=\"Est. reading time\" \/>\n\t<meta name=\"twitter:data2\" content=\"1 minute\" \/>\n<script type=\"application\/ld+json\" class=\"yoast-schema-graph\">{\"@context\":\"https:\/\/schema.org\",\"@graph\":[{\"@type\":\"WebPage\",\"@id\":\"https:\/\/veritasinfo.org\/?p=30321\",\"url\":\"https:\/\/veritasinfo.org\/?p=30321\",\"name\":\"D\u00ebshmitari i \u201cSarajeva Safari\u201d: Vu\u00e7iq dhe Sheshel organizonin turist\u00eb snajper\u00eb n\u00eb Sarajev\u00eb -\",\"isPartOf\":{\"@id\":\"https:\/\/veritasinfo.org\/#website\"},\"primaryImageOfPage\":{\"@id\":\"https:\/\/veritasinfo.org\/?p=30321#primaryimage\"},\"image\":{\"@id\":\"https:\/\/veritasinfo.org\/?p=30321#primaryimage\"},\"thumbnailUrl\":\"https:\/\/veritasinfo.org\/wp-content\/uploads\/2026\/02\/image-35.jpg\",\"datePublished\":\"2026-02-03T07:37:01+00:00\",\"author\":{\"@id\":\"https:\/\/veritasinfo.org\/#\/schema\/person\/bc442336e35414d04494ab8fb45db4c6\"},\"breadcrumb\":{\"@id\":\"https:\/\/veritasinfo.org\/?p=30321#breadcrumb\"},\"inLanguage\":\"en-US\",\"potentialAction\":[{\"@type\":\"ReadAction\",\"target\":[\"https:\/\/veritasinfo.org\/?p=30321\"]}]},{\"@type\":\"ImageObject\",\"inLanguage\":\"en-US\",\"@id\":\"https:\/\/veritasinfo.org\/?p=30321#primaryimage\",\"url\":\"https:\/\/veritasinfo.org\/wp-content\/uploads\/2026\/02\/image-35.jpg\",\"contentUrl\":\"https:\/\/veritasinfo.org\/wp-content\/uploads\/2026\/02\/image-35.jpg\",\"width\":600,\"height\":341},{\"@type\":\"BreadcrumbList\",\"@id\":\"https:\/\/veritasinfo.org\/?p=30321#breadcrumb\",\"itemListElement\":[{\"@type\":\"ListItem\",\"position\":1,\"name\":\"Home\",\"item\":\"https:\/\/veritasinfo.org\/\"},{\"@type\":\"ListItem\",\"position\":2,\"name\":\"D\u00ebshmitari i \u201cSarajeva Safari\u201d: Vu\u00e7iq dhe Sheshel organizonin turist\u00eb snajper\u00eb n\u00eb Sarajev\u00eb\"}]},{\"@type\":\"WebSite\",\"@id\":\"https:\/\/veritasinfo.org\/#website\",\"url\":\"https:\/\/veritasinfo.org\/\",\"name\":\"\",\"description\":\"\",\"potentialAction\":[{\"@type\":\"SearchAction\",\"target\":{\"@type\":\"EntryPoint\",\"urlTemplate\":\"https:\/\/veritasinfo.org\/?s={search_term_string}\"},\"query-input\":{\"@type\":\"PropertyValueSpecification\",\"valueRequired\":true,\"valueName\":\"search_term_string\"}}],\"inLanguage\":\"en-US\"},{\"@type\":\"Person\",\"@id\":\"https:\/\/veritasinfo.org\/#\/schema\/person\/bc442336e35414d04494ab8fb45db4c6\",\"name\":\"US5\",\"image\":{\"@type\":\"ImageObject\",\"inLanguage\":\"en-US\",\"@id\":\"https:\/\/veritasinfo.org\/#\/schema\/person\/image\/\",\"url\":\"https:\/\/secure.gravatar.com\/avatar\/16a61e7272a0c5d001121ebb9e60e925d5816e4ac1e443ed3e640d9a6ae55d0c?s=96&d=mm&r=g\",\"contentUrl\":\"https:\/\/secure.gravatar.com\/avatar\/16a61e7272a0c5d001121ebb9e60e925d5816e4ac1e443ed3e640d9a6ae55d0c?s=96&d=mm&r=g\",\"caption\":\"US5\"},\"url\":\"https:\/\/veritasinfo.org\/?author=6\"}]}<\/script>\n<!-- \/ Yoast SEO plugin. -->","yoast_head_json":{"title":"D\u00ebshmitari i \u201cSarajeva Safari\u201d: Vu\u00e7iq dhe Sheshel organizonin turist\u00eb snajper\u00eb n\u00eb Sarajev\u00eb -","robots":{"index":"index","follow":"follow","max-snippet":"max-snippet:-1","max-image-preview":"max-image-preview:large","max-video-preview":"max-video-preview:-1"},"canonical":"https:\/\/veritasinfo.org\/?p=30321","og_locale":"en_US","og_type":"article","og_title":"D\u00ebshmitari i \u201cSarajeva Safari\u201d: Vu\u00e7iq dhe Sheshel organizonin turist\u00eb snajper\u00eb n\u00eb Sarajev\u00eb -","og_description":"Prishtin\u00eb 3 Shkurt 08:36 Gazetari hulumtues kroat Domagoj Margetiq ka arritur t\u00eb siguroj\u00eb nj\u00eb intervist\u00eb me Aleksandar Li\u00e7anin, i cili pohon se ka qen\u00eb d\u00ebshmitar","og_url":"https:\/\/veritasinfo.org\/?p=30321","article_published_time":"2026-02-03T07:37:01+00:00","og_image":[{"width":600,"height":341,"url":"https:\/\/veritasinfo.org\/wp-content\/uploads\/2026\/02\/image-35.jpg","type":"image\/jpeg"}],"author":"US5","twitter_card":"summary_large_image","twitter_misc":{"Written by":"US5","Est. reading time":"1 minute"},"schema":{"@context":"https:\/\/schema.org","@graph":[{"@type":"WebPage","@id":"https:\/\/veritasinfo.org\/?p=30321","url":"https:\/\/veritasinfo.org\/?p=30321","name":"D\u00ebshmitari i \u201cSarajeva Safari\u201d: Vu\u00e7iq dhe Sheshel organizonin turist\u00eb snajper\u00eb n\u00eb Sarajev\u00eb -","isPartOf":{"@id":"https:\/\/veritasinfo.org\/#website"},"primaryImageOfPage":{"@id":"https:\/\/veritasinfo.org\/?p=30321#primaryimage"},"image":{"@id":"https:\/\/veritasinfo.org\/?p=30321#primaryimage"},"thumbnailUrl":"https:\/\/veritasinfo.org\/wp-content\/uploads\/2026\/02\/image-35.jpg","datePublished":"2026-02-03T07:37:01+00:00","author":{"@id":"https:\/\/veritasinfo.org\/#\/schema\/person\/bc442336e35414d04494ab8fb45db4c6"},"breadcrumb":{"@id":"https:\/\/veritasinfo.org\/?p=30321#breadcrumb"},"inLanguage":"en-US","potentialAction":[{"@type":"ReadAction","target":["https:\/\/veritasinfo.org\/?p=30321"]}]},{"@type":"ImageObject","inLanguage":"en-US","@id":"https:\/\/veritasinfo.org\/?p=30321#primaryimage","url":"https:\/\/veritasinfo.org\/wp-content\/uploads\/2026\/02\/image-35.jpg","contentUrl":"https:\/\/veritasinfo.org\/wp-content\/uploads\/2026\/02\/image-35.jpg","width":600,"height":341},{"@type":"BreadcrumbList","@id":"https:\/\/veritasinfo.org\/?p=30321#breadcrumb","itemListElement":[{"@type":"ListItem","position":1,"name":"Home","item":"https:\/\/veritasinfo.org\/"},{"@type":"ListItem","position":2,"name":"D\u00ebshmitari i \u201cSarajeva Safari\u201d: Vu\u00e7iq dhe Sheshel organizonin turist\u00eb snajper\u00eb n\u00eb Sarajev\u00eb"}]},{"@type":"WebSite","@id":"https:\/\/veritasinfo.org\/#website","url":"https:\/\/veritasinfo.org\/","name":"","description":"","potentialAction":[{"@type":"SearchAction","target":{"@type":"EntryPoint","urlTemplate":"https:\/\/veritasinfo.org\/?s={search_term_string}"},"query-input":{"@type":"PropertyValueSpecification","valueRequired":true,"valueName":"search_term_string"}}],"inLanguage":"en-US"},{"@type":"Person","@id":"https:\/\/veritasinfo.org\/#\/schema\/person\/bc442336e35414d04494ab8fb45db4c6","name":"US5","image":{"@type":"ImageObject","inLanguage":"en-US","@id":"https:\/\/veritasinfo.org\/#\/schema\/person\/image\/","url":"https:\/\/secure.gravatar.com\/avatar\/16a61e7272a0c5d001121ebb9e60e925d5816e4ac1e443ed3e640d9a6ae55d0c?s=96&d=mm&r=g","contentUrl":"https:\/\/secure.gravatar.com\/avatar\/16a61e7272a0c5d001121ebb9e60e925d5816e4ac1e443ed3e640d9a6ae55d0c?s=96&d=mm&r=g","caption":"US5"},"url":"https:\/\/veritasinfo.org\/?author=6"}]}},"featured_image_urls":{"full":["https:\/\/veritasinfo.org\/wp-content\/uploads\/2026\/02\/image-35.jpg",600,341,false],"thumbnail":["https:\/\/veritasinfo.org\/wp-content\/uploads\/2026\/02\/image-35-150x150.jpg",150,150,true],"medium":["https:\/\/veritasinfo.org\/wp-content\/uploads\/2026\/02\/image-35-300x171.jpg",300,171,true],"medium_large":["https:\/\/veritasinfo.org\/wp-content\/uploads\/2026\/02\/image-35.jpg",600,341,false],"large":["https:\/\/veritasinfo.org\/wp-content\/uploads\/2026\/02\/image-35.jpg",600,341,false],"1536x1536":["https:\/\/veritasinfo.org\/wp-content\/uploads\/2026\/02\/image-35.jpg",600,341,false],"2048x2048":["https:\/\/veritasinfo.org\/wp-content\/uploads\/2026\/02\/image-35.jpg",600,341,false],"kreeti-slider-full":["https:\/\/veritasinfo.org\/wp-content\/uploads\/2026\/02\/image-35.jpg",600,341,false],"kreeti-featured":["https:\/\/veritasinfo.org\/wp-content\/uploads\/2026\/02\/image-35.jpg",600,341,false],"kreeti-medium":["https:\/\/veritasinfo.org\/wp-content\/uploads\/2026\/02\/image-35.jpg",600,341,false],"kreeti-medium-square":["https:\/\/veritasinfo.org\/wp-content\/uploads\/2026\/02\/image-35.jpg",350,199,false]},"author_info":{"info":["US5"]},"category_info":"<a href=\"https:\/\/veritasinfo.org\/?cat=58\" rel=\"category\">Politik\u00eb<\/a>","tag_info":"Politik\u00eb","comment_count":"0","_links":{"self":[{"href":"https:\/\/veritasinfo.org\/index.php?rest_route=\/wp\/v2\/posts\/30321","targetHints":{"allow":["GET"]}}],"collection":[{"href":"https:\/\/veritasinfo.org\/index.php?rest_route=\/wp\/v2\/posts"}],"about":[{"href":"https:\/\/veritasinfo.org\/index.php?rest_route=\/wp\/v2\/types\/post"}],"author":[{"embeddable":true,"href":"https:\/\/veritasinfo.org\/index.php?rest_route=\/wp\/v2\/users\/6"}],"replies":[{"embeddable":true,"href":"https:\/\/veritasinfo.org\/index.php?rest_route=%2Fwp%2Fv2%2Fcomments&post=30321"}],"version-history":[{"count":1,"href":"https:\/\/veritasinfo.org\/index.php?rest_route=\/wp\/v2\/posts\/30321\/revisions"}],"predecessor-version":[{"id":30324,"href":"https:\/\/veritasinfo.org\/index.php?rest_route=\/wp\/v2\/posts\/30321\/revisions\/30324"}],"wp:featuredmedia":[{"embeddable":true,"href":"https:\/\/veritasinfo.org\/index.php?rest_route=\/wp\/v2\/media\/30323"}],"wp:attachment":[{"href":"https:\/\/veritasinfo.org\/index.php?rest_route=%2Fwp%2Fv2%2Fmedia&parent=30321"}],"wp:term":[{"taxonomy":"category","embeddable":true,"href":"https:\/\/veritasinfo.org\/index.php?rest_route=%2Fwp%2Fv2%2Fcategories&post=30321"},{"taxonomy":"post_tag","embeddable":true,"href":"https:\/\/veritasinfo.org\/index.php?rest_route=%2Fwp%2Fv2%2Ftags&post=30321"}],"curies":[{"name":"wp","href":"https:\/\/api.w.org\/{rel}","templated":true}]}}